{"id":1005,"date":"2024-04-19T06:49:54","date_gmt":"2024-04-19T06:49:54","guid":{"rendered":"https:\/\/stourm.news\/?p=1005"},"modified":"2024-04-19T06:56:07","modified_gmt":"2024-04-19T06:56:07","slug":"quimper-diffusion-dun-film-pro-immigration","status":"publish","type":"post","link":"https:\/\/stourm.news\/?p=1005","title":{"rendered":"Quimper : diffusion d&rsquo;un film pro-immigration"},"content":{"rendered":"<p style=\"text-align: justify;\">L\u2019association Gros Plan, Zoom Bretagne et le cin\u00e9ma Katorza ont le plaisir de pr\u00e9senter en avant-premi\u00e8re le documentaire \u00ab Un pays de papier \u00bb de Marion Bo\u00e9, lundi 22 avril, \u00e0 20 h 15 au cin\u00e9ma Katorza. La r\u00e9alisatrice sera pr\u00e9sente \u00e0 l\u2019issue de la projection pour r\u00e9pondre aux questions du public. Dans son nouveau film \u00ab Un pays de papier \u00bb, la r\u00e9alisatrice quimp\u00e9roise Marion Bo\u00e9 suit M\u00e9lanie, une avocate qui accueille dans son cabinet <strong>des mineurs non accompagn\u00e9s<\/strong> et tente de les aider dans la jungle de la justice fran\u00e7aise. \u00c0 travers son m\u00e9tier, elle cherche \u00e0 r\u00e9parer les injustices que subissent ces jeunes <strong>migrants<\/strong> d\u00e9j\u00e0 traumatis\u00e9s par un long exil.<\/p>\n<p>Source : <a href=\"https:\/\/www.letelegramme.fr\/finistere\/quimper-29000\/a-quimper-un-pays-de-papier-en-avant-premiere-au-katorza-lundi-22-avril-6567833.php\">Le T\u00e9l\u00e9gramme<\/a><\/p>\n","protected":false},"excerpt":{"rendered":"<p>L\u2019association Gros Plan, Zoom Bretagne et le cin\u00e9ma Katorza ont le plaisir de pr\u00e9senter en avant-premi\u00e8re le documentaire \u00ab Un pays de papier \u00bb de Marion Bo\u00e9, lundi 22 avril, \u00e0 20 h 15 au cin\u00e9ma Katorza. La r\u00e9alisatrice sera pr\u00e9sente \u00e0 l\u2019issue de la projection pour r\u00e9pondre aux questions du public. Dans son nouveau [&hellip;]<\/p>\n","protected":false},"author":1,"featured_media":1006,"comment_status":"open","ping_status":"open","sticky":false,"template":"","format":"standard","meta":{"sb_editor_width":"","footnotes":""},"categories":[38,33,62],"tags":[],"class_list":["post-1005","post","type-post","status-publish","format-standard","has-post-thumbnail","hentry","category-finistere","category-immigration","category-revue-de-presse"],"relative_dates":{"created":"2 ans ago","modified":"2 ans ago"},"yoast_head":"<!-- This site is optimized with the Yoast SEO plugin v26.3 - https:\/\/yoast.com\/wordpress\/plugins\/seo\/ -->\n<title>Quimper : diffusion d&#039;un film pro-immigration - STOURM<\/title>\n<meta name=\"robots\" content=\"index, follow, max-snippet:-1, max-image-preview:large, max-video-preview:-1\" \/>\n<link rel=\"canonical\" href=\"https:\/\/stourm.news\/?p=1005\" \/>\n<meta property=\"og:locale\" content=\"fr_FR\" \/>\n<meta property=\"og:type\" content=\"article\" \/>\n<meta property=\"og:title\" content=\"Quimper : diffusion d&#039;un film pro-immigration - STOURM\" \/>\n<meta property=\"og:description\" content=\"L\u2019association Gros Plan, Zoom Bretagne et le cin\u00e9ma Katorza ont le plaisir de pr\u00e9senter en avant-premi\u00e8re le documentaire \u00ab Un pays de papier \u00bb de Marion Bo\u00e9, lundi 22 avril, \u00e0 20 h 15 au cin\u00e9ma Katorza. La r\u00e9alisatrice sera pr\u00e9sente \u00e0 l\u2019issue de la projection pour r\u00e9pondre aux questions du public. Dans son nouveau [&hellip;]\" \/>\n<meta property=\"og:url\" content=\"https:\/\/stourm.news\/?p=1005\" \/>\n<meta property=\"og:site_name\" content=\"STOURM\" \/>\n<meta property=\"article:publisher\" content=\"https:\/\/www.facebook.com\/stourmnews\/\" \/>\n<meta property=\"article:published_time\" content=\"2024-04-19T06:49:54+00:00\" \/>\n<meta property=\"article:modified_time\" content=\"2024-04-19T06:56:07+00:00\" \/>\n<meta property=\"og:image\" content=\"https:\/\/stourm.news\/wp-content\/uploads\/2024\/04\/66212a6ffb30dc04bc78ca63.jpg\" \/>\n\t<meta property=\"og:image:width\" content=\"960\" \/>\n\t<meta property=\"og:image:height\" content=\"600\" \/>\n\t<meta property=\"og:image:type\" content=\"image\/jpeg\" \/>\n<meta name=\"author\" content=\"La r\u00e9daction\" \/>\n<meta name=\"twitter:card\" content=\"summary_large_image\" \/>\n<meta name=\"twitter:label1\" content=\"\u00c9crit par\" \/>\n\t<meta name=\"twitter:data1\" content=\"La r\u00e9daction\" \/>\n\t<meta name=\"twitter:label2\" content=\"Dur\u00e9e de lecture estim\u00e9e\" \/>\n\t<meta name=\"twitter:data2\" content=\"1 minute\" \/>\n<script type=\"application\/ld+json\" class=\"yoast-schema-graph\">{\"@context\":\"https:\/\/schema.org\",\"@graph\":[{\"@type\":\"Article\",\"@id\":\"https:\/\/stourm.news\/?p=1005#article\",\"isPartOf\":{\"@id\":\"https:\/\/stourm.news\/?p=1005\"},\"author\":{\"name\":\"La r\u00e9daction\",\"@id\":\"https:\/\/stourm.news\/#\/schema\/person\/c3e1dc65988632e190969234ef046cf9\"},\"headline\":\"Quimper : diffusion d&rsquo;un film pro-immigration\",\"datePublished\":\"2024-04-19T06:49:54+00:00\",\"dateModified\":\"2024-04-19T06:56:07+00:00\",\"mainEntityOfPage\":{\"@id\":\"https:\/\/stourm.news\/?p=1005\"},\"wordCount\":131,\"commentCount\":0,\"publisher\":{\"@id\":\"https:\/\/stourm.news\/#organization\"},\"image\":{\"@id\":\"https:\/\/stourm.news\/?p=1005#primaryimage\"},\"thumbnailUrl\":\"https:\/\/stourm.news\/wp-content\/uploads\/2024\/04\/66212a6ffb30dc04bc78ca63.jpg\",\"articleSection\":[\"Finist\u00e8re\",\"Immigration\",\"Revue de presse\"],\"inLanguage\":\"fr-FR\",\"potentialAction\":[{\"@type\":\"CommentAction\",\"name\":\"Comment\",\"target\":[\"https:\/\/stourm.news\/?p=1005#respond\"]}]},{\"@type\":\"WebPage\",\"@id\":\"https:\/\/stourm.news\/?p=1005\",\"url\":\"https:\/\/stourm.news\/?p=1005\",\"name\":\"Quimper : diffusion d'un film pro-immigration - STOURM\",\"isPartOf\":{\"@id\":\"https:\/\/stourm.news\/#website\"},\"primaryImageOfPage\":{\"@id\":\"https:\/\/stourm.news\/?p=1005#primaryimage\"},\"image\":{\"@id\":\"https:\/\/stourm.news\/?p=1005#primaryimage\"},\"thumbnailUrl\":\"https:\/\/stourm.news\/wp-content\/uploads\/2024\/04\/66212a6ffb30dc04bc78ca63.jpg\",\"datePublished\":\"2024-04-19T06:49:54+00:00\",\"dateModified\":\"2024-04-19T06:56:07+00:00\",\"breadcrumb\":{\"@id\":\"https:\/\/stourm.news\/?p=1005#breadcrumb\"},\"inLanguage\":\"fr-FR\",\"potentialAction\":[{\"@type\":\"ReadAction\",\"target\":[\"https:\/\/stourm.news\/?p=1005\"]}]},{\"@type\":\"ImageObject\",\"inLanguage\":\"fr-FR\",\"@id\":\"https:\/\/stourm.news\/?p=1005#primaryimage\",\"url\":\"https:\/\/stourm.news\/wp-content\/uploads\/2024\/04\/66212a6ffb30dc04bc78ca63.jpg\",\"contentUrl\":\"https:\/\/stourm.news\/wp-content\/uploads\/2024\/04\/66212a6ffb30dc04bc78ca63.jpg\",\"width\":960,\"height\":600,\"caption\":\"Sylvie Plunian, Marion Bo\u00e9 et Audrey Euzen ont pu pr\u00e9senter le film devant une salle presque comble. Un moment d'\u00e9change important a suivi, concernant la situation d\u00e9peinte dans le documentaire.\"},{\"@type\":\"BreadcrumbList\",\"@id\":\"https:\/\/stourm.news\/?p=1005#breadcrumb\",\"itemListElement\":[{\"@type\":\"ListItem\",\"position\":1,\"name\":\"Accueil\",\"item\":\"https:\/\/stourm.news\/\"},{\"@type\":\"ListItem\",\"position\":2,\"name\":\"Quimper : diffusion d&rsquo;un film pro-immigration\"}]},{\"@type\":\"WebSite\",\"@id\":\"https:\/\/stourm.news\/#website\",\"url\":\"https:\/\/stourm.news\/\",\"name\":\"Stourm\",\"description\":\"Kazetenn Strollad Broadel Breizh\",\"publisher\":{\"@id\":\"https:\/\/stourm.news\/#organization\"},\"potentialAction\":[{\"@type\":\"SearchAction\",\"target\":{\"@type\":\"EntryPoint\",\"urlTemplate\":\"https:\/\/stourm.news\/?s={search_term_string}\"},\"query-input\":{\"@type\":\"PropertyValueSpecification\",\"valueRequired\":true,\"valueName\":\"search_term_string\"}}],\"inLanguage\":\"fr-FR\"},{\"@type\":\"Organization\",\"@id\":\"https:\/\/stourm.news\/#organization\",\"name\":\"Stourm\",\"url\":\"https:\/\/stourm.news\/\",\"logo\":{\"@type\":\"ImageObject\",\"inLanguage\":\"fr-FR\",\"@id\":\"https:\/\/stourm.news\/#\/schema\/logo\/image\/\",\"url\":\"https:\/\/stourm.news\/wp-content\/uploads\/2025\/11\/cropped-Capture-decran-2025-11-28-a-15.19.07.png\",\"contentUrl\":\"https:\/\/stourm.news\/wp-content\/uploads\/2025\/11\/cropped-Capture-decran-2025-11-28-a-15.19.07.png\",\"width\":1855,\"height\":383,\"caption\":\"Stourm\"},\"image\":{\"@id\":\"https:\/\/stourm.news\/#\/schema\/logo\/image\/\"},\"sameAs\":[\"https:\/\/www.facebook.com\/stourmnews\/\"]},{\"@type\":\"Person\",\"@id\":\"https:\/\/stourm.news\/#\/schema\/person\/c3e1dc65988632e190969234ef046cf9\",\"name\":\"La r\u00e9daction\",\"image\":{\"@type\":\"ImageObject\",\"inLanguage\":\"fr-FR\",\"@id\":\"https:\/\/stourm.news\/#\/schema\/person\/image\/\",\"url\":\"https:\/\/secure.gravatar.com\/avatar\/7463443f194b6b5fb706b074ca0ef59a0cfcfd720cb47764b0ec5a952ce422b3?s=96&d=mm&r=g\",\"contentUrl\":\"https:\/\/secure.gravatar.com\/avatar\/7463443f194b6b5fb706b074ca0ef59a0cfcfd720cb47764b0ec5a952ce422b3?s=96&d=mm&r=g\",\"caption\":\"La r\u00e9daction\"},\"sameAs\":[\"https:\/\/stourm.news\"],\"url\":\"https:\/\/stourm.news\/?author=1\"}]}<\/script>\n<!-- \/ Yoast SEO plugin. -->","yoast_head_json":{"title":"Quimper : diffusion d'un film pro-immigration - STOURM","robots":{"index":"index","follow":"follow","max-snippet":"max-snippet:-1","max-image-preview":"max-image-preview:large","max-video-preview":"max-video-preview:-1"},"canonical":"https:\/\/stourm.news\/?p=1005","og_locale":"fr_FR","og_type":"article","og_title":"Quimper : diffusion d'un film pro-immigration - STOURM","og_description":"L\u2019association Gros Plan, Zoom Bretagne et le cin\u00e9ma Katorza ont le plaisir de pr\u00e9senter en avant-premi\u00e8re le documentaire \u00ab Un pays de papier \u00bb de Marion Bo\u00e9, lundi 22 avril, \u00e0 20 h 15 au cin\u00e9ma Katorza. La r\u00e9alisatrice sera pr\u00e9sente \u00e0 l\u2019issue de la projection pour r\u00e9pondre aux questions du public. Dans son nouveau [&hellip;]","og_url":"https:\/\/stourm.news\/?p=1005","og_site_name":"STOURM","article_publisher":"https:\/\/www.facebook.com\/stourmnews\/","article_published_time":"2024-04-19T06:49:54+00:00","article_modified_time":"2024-04-19T06:56:07+00:00","og_image":[{"width":960,"height":600,"url":"https:\/\/stourm.news\/wp-content\/uploads\/2024\/04\/66212a6ffb30dc04bc78ca63.jpg","type":"image\/jpeg"}],"author":"La r\u00e9daction","twitter_card":"summary_large_image","twitter_misc":{"\u00c9crit par":"La r\u00e9daction","Dur\u00e9e de lecture estim\u00e9e":"1 minute"},"schema":{"@context":"https:\/\/schema.org","@graph":[{"@type":"Article","@id":"https:\/\/stourm.news\/?p=1005#article","isPartOf":{"@id":"https:\/\/stourm.news\/?p=1005"},"author":{"name":"La r\u00e9daction","@id":"https:\/\/stourm.news\/#\/schema\/person\/c3e1dc65988632e190969234ef046cf9"},"headline":"Quimper : diffusion d&rsquo;un film pro-immigration","datePublished":"2024-04-19T06:49:54+00:00","dateModified":"2024-04-19T06:56:07+00:00","mainEntityOfPage":{"@id":"https:\/\/stourm.news\/?p=1005"},"wordCount":131,"commentCount":0,"publisher":{"@id":"https:\/\/stourm.news\/#organization"},"image":{"@id":"https:\/\/stourm.news\/?p=1005#primaryimage"},"thumbnailUrl":"https:\/\/stourm.news\/wp-content\/uploads\/2024\/04\/66212a6ffb30dc04bc78ca63.jpg","articleSection":["Finist\u00e8re","Immigration","Revue de presse"],"inLanguage":"fr-FR","potentialAction":[{"@type":"CommentAction","name":"Comment","target":["https:\/\/stourm.news\/?p=1005#respond"]}]},{"@type":"WebPage","@id":"https:\/\/stourm.news\/?p=1005","url":"https:\/\/stourm.news\/?p=1005","name":"Quimper : diffusion d'un film pro-immigration - STOURM","isPartOf":{"@id":"https:\/\/stourm.news\/#website"},"primaryImageOfPage":{"@id":"https:\/\/stourm.news\/?p=1005#primaryimage"},"image":{"@id":"https:\/\/stourm.news\/?p=1005#primaryimage"},"thumbnailUrl":"https:\/\/stourm.news\/wp-content\/uploads\/2024\/04\/66212a6ffb30dc04bc78ca63.jpg","datePublished":"2024-04-19T06:49:54+00:00","dateModified":"2024-04-19T06:56:07+00:00","breadcrumb":{"@id":"https:\/\/stourm.news\/?p=1005#breadcrumb"},"inLanguage":"fr-FR","potentialAction":[{"@type":"ReadAction","target":["https:\/\/stourm.news\/?p=1005"]}]},{"@type":"ImageObject","inLanguage":"fr-FR","@id":"https:\/\/stourm.news\/?p=1005#primaryimage","url":"https:\/\/stourm.news\/wp-content\/uploads\/2024\/04\/66212a6ffb30dc04bc78ca63.jpg","contentUrl":"https:\/\/stourm.news\/wp-content\/uploads\/2024\/04\/66212a6ffb30dc04bc78ca63.jpg","width":960,"height":600,"caption":"Sylvie Plunian, Marion Bo\u00e9 et Audrey Euzen ont pu pr\u00e9senter le film devant une salle presque comble. Un moment d'\u00e9change important a suivi, concernant la situation d\u00e9peinte dans le documentaire."},{"@type":"BreadcrumbList","@id":"https:\/\/stourm.news\/?p=1005#breadcrumb","itemListElement":[{"@type":"ListItem","position":1,"name":"Accueil","item":"https:\/\/stourm.news\/"},{"@type":"ListItem","position":2,"name":"Quimper : diffusion d&rsquo;un film pro-immigration"}]},{"@type":"WebSite","@id":"https:\/\/stourm.news\/#website","url":"https:\/\/stourm.news\/","name":"Stourm","description":"Kazetenn Strollad Broadel Breizh","publisher":{"@id":"https:\/\/stourm.news\/#organization"},"potentialAction":[{"@type":"SearchAction","target":{"@type":"EntryPoint","urlTemplate":"https:\/\/stourm.news\/?s={search_term_string}"},"query-input":{"@type":"PropertyValueSpecification","valueRequired":true,"valueName":"search_term_string"}}],"inLanguage":"fr-FR"},{"@type":"Organization","@id":"https:\/\/stourm.news\/#organization","name":"Stourm","url":"https:\/\/stourm.news\/","logo":{"@type":"ImageObject","inLanguage":"fr-FR","@id":"https:\/\/stourm.news\/#\/schema\/logo\/image\/","url":"https:\/\/stourm.news\/wp-content\/uploads\/2025\/11\/cropped-Capture-decran-2025-11-28-a-15.19.07.png","contentUrl":"https:\/\/stourm.news\/wp-content\/uploads\/2025\/11\/cropped-Capture-decran-2025-11-28-a-15.19.07.png","width":1855,"height":383,"caption":"Stourm"},"image":{"@id":"https:\/\/stourm.news\/#\/schema\/logo\/image\/"},"sameAs":["https:\/\/www.facebook.com\/stourmnews\/"]},{"@type":"Person","@id":"https:\/\/stourm.news\/#\/schema\/person\/c3e1dc65988632e190969234ef046cf9","name":"La r\u00e9daction","image":{"@type":"ImageObject","inLanguage":"fr-FR","@id":"https:\/\/stourm.news\/#\/schema\/person\/image\/","url":"https:\/\/secure.gravatar.com\/avatar\/7463443f194b6b5fb706b074ca0ef59a0cfcfd720cb47764b0ec5a952ce422b3?s=96&d=mm&r=g","contentUrl":"https:\/\/secure.gravatar.com\/avatar\/7463443f194b6b5fb706b074ca0ef59a0cfcfd720cb47764b0ec5a952ce422b3?s=96&d=mm&r=g","caption":"La r\u00e9daction"},"sameAs":["https:\/\/stourm.news"],"url":"https:\/\/stourm.news\/?author=1"}]}},"_links":{"self":[{"href":"https:\/\/stourm.news\/index.php?rest_route=\/wp\/v2\/posts\/1005","targetHints":{"allow":["GET"]}}],"collection":[{"href":"https:\/\/stourm.news\/index.php?rest_route=\/wp\/v2\/posts"}],"about":[{"href":"https:\/\/stourm.news\/index.php?rest_route=\/wp\/v2\/types\/post"}],"author":[{"embeddable":true,"href":"https:\/\/stourm.news\/index.php?rest_route=\/wp\/v2\/users\/1"}],"replies":[{"embeddable":true,"href":"https:\/\/stourm.news\/index.php?rest_route=%2Fwp%2Fv2%2Fcomments&post=1005"}],"version-history":[{"count":1,"href":"https:\/\/stourm.news\/index.php?rest_route=\/wp\/v2\/posts\/1005\/revisions"}],"predecessor-version":[{"id":1007,"href":"https:\/\/stourm.news\/index.php?rest_route=\/wp\/v2\/posts\/1005\/revisions\/1007"}],"wp:featuredmedia":[{"embeddable":true,"href":"https:\/\/stourm.news\/index.php?rest_route=\/wp\/v2\/media\/1006"}],"wp:attachment":[{"href":"https:\/\/stourm.news\/index.php?rest_route=%2Fwp%2Fv2%2Fmedia&parent=1005"}],"wp:term":[{"taxonomy":"category","embeddable":true,"href":"https:\/\/stourm.news\/index.php?rest_route=%2Fwp%2Fv2%2Fcategories&post=1005"},{"taxonomy":"post_tag","embeddable":true,"href":"https:\/\/stourm.news\/index.php?rest_route=%2Fwp%2Fv2%2Ftags&post=1005"}],"curies":[{"name":"wp","href":"https:\/\/api.w.org\/{rel}","templated":true}]}}