{"id":1008,"date":"2024-04-19T06:53:18","date_gmt":"2024-04-19T06:53:18","guid":{"rendered":"https:\/\/stourm.news\/?p=1008"},"modified":"2024-04-19T06:55:57","modified_gmt":"2024-04-19T06:55:57","slug":"brest-le-secours-catholique-alerte-sur-le-sort-reserve-aux-migrants","status":"publish","type":"post","link":"https:\/\/stourm.news\/?p=1008","title":{"rendered":"Brest : le Secours Catholique alerte sur le sort r\u00e9serv\u00e9 aux migrants"},"content":{"rendered":"<p style=\"text-align: justify;\">Le Secours Catholique de Brest-Centre monte au cr\u00e9neau et tire la sonnette d\u2018alarme sur le sort r\u00e9serv\u00e9 aux exil\u00e9s. Dans une lettre ouverte adress\u00e9e au directeur de l\u2019OFII (Office fran\u00e7ais de l\u2019immigration et de l\u2019int\u00e9gration), qui a pour mission \u00ab d\u2019int\u00e9grer <strong>les migrants<\/strong> durant les cinq premi\u00e8res ann\u00e9es de leur s\u00e9jour en France \u00bb, l\u2019\u00e9quipe en charge de ces populations pr\u00e9caires alerte sur \u00ab l\u2019instabilit\u00e9 du syst\u00e8me de d\u00e9placement et de r\u00e9partition des exil\u00e9s \u00bb.<\/p>\n<p style=\"text-align: justify;\">Source : <a href=\"https:\/\/www.letelegramme.fr\/finistere\/brest-29200\/a-brest-le-secours-catholique-alerte-sur-le-sort-reserve-aux-exiles-6567572.php\">Le T\u00e9l\u00e9gramme<\/a><\/p>\n","protected":false},"excerpt":{"rendered":"<p>Le Secours Catholique de Brest-Centre monte au cr\u00e9neau et tire la sonnette d\u2018alarme sur le sort r\u00e9serv\u00e9 aux exil\u00e9s. Dans une lettre ouverte adress\u00e9e au directeur de l\u2019OFII (Office fran\u00e7ais de l\u2019immigration et de l\u2019int\u00e9gration), qui a pour mission \u00ab d\u2019int\u00e9grer les migrants durant les cinq premi\u00e8res ann\u00e9es de leur s\u00e9jour en France \u00bb, l\u2019\u00e9quipe [&hellip;]<\/p>\n","protected":false},"author":1,"featured_media":1009,"comment_status":"open","ping_status":"open","sticky":false,"template":"","format":"standard","meta":{"sb_editor_width":"","footnotes":""},"categories":[38,33,62],"tags":[],"class_list":["post-1008","post","type-post","status-publish","format-standard","has-post-thumbnail","hentry","category-finistere","category-immigration","category-revue-de-presse"],"relative_dates":{"created":"2 ans ago","modified":"2 ans ago"},"yoast_head":"<!-- This site is optimized with the Yoast SEO plugin v26.3 - https:\/\/yoast.com\/wordpress\/plugins\/seo\/ -->\n<title>Brest : le Secours Catholique alerte sur le sort r\u00e9serv\u00e9 aux migrants - STOURM<\/title>\n<meta name=\"robots\" content=\"index, follow, max-snippet:-1, max-image-preview:large, max-video-preview:-1\" \/>\n<link rel=\"canonical\" href=\"https:\/\/stourm.news\/?p=1008\" \/>\n<meta property=\"og:locale\" content=\"fr_FR\" \/>\n<meta property=\"og:type\" content=\"article\" \/>\n<meta property=\"og:title\" content=\"Brest : le Secours Catholique alerte sur le sort r\u00e9serv\u00e9 aux migrants - STOURM\" \/>\n<meta property=\"og:description\" content=\"Le Secours Catholique de Brest-Centre monte au cr\u00e9neau et tire la sonnette d\u2018alarme sur le sort r\u00e9serv\u00e9 aux exil\u00e9s. Dans une lettre ouverte adress\u00e9e au directeur de l\u2019OFII (Office fran\u00e7ais de l\u2019immigration et de l\u2019int\u00e9gration), qui a pour mission \u00ab d\u2019int\u00e9grer les migrants durant les cinq premi\u00e8res ann\u00e9es de leur s\u00e9jour en France \u00bb, l\u2019\u00e9quipe [&hellip;]\" \/>\n<meta property=\"og:url\" content=\"https:\/\/stourm.news\/?p=1008\" \/>\n<meta property=\"og:site_name\" content=\"STOURM\" \/>\n<meta property=\"article:publisher\" content=\"https:\/\/www.facebook.com\/stourmnews\/\" \/>\n<meta property=\"article:published_time\" content=\"2024-04-19T06:53:18+00:00\" \/>\n<meta property=\"article:modified_time\" content=\"2024-04-19T06:55:57+00:00\" \/>\n<meta property=\"og:image\" content=\"https:\/\/stourm.news\/wp-content\/uploads\/2024\/04\/6620ed5e92379e49872ee189.jpg\" \/>\n\t<meta property=\"og:image:width\" content=\"960\" \/>\n\t<meta property=\"og:image:height\" content=\"600\" \/>\n\t<meta property=\"og:image:type\" content=\"image\/jpeg\" \/>\n<meta name=\"author\" content=\"La r\u00e9daction\" \/>\n<meta name=\"twitter:card\" content=\"summary_large_image\" \/>\n<meta name=\"twitter:label1\" content=\"\u00c9crit par\" \/>\n\t<meta name=\"twitter:data1\" content=\"La r\u00e9daction\" \/>\n<script type=\"application\/ld+json\" class=\"yoast-schema-graph\">{\"@context\":\"https:\/\/schema.org\",\"@graph\":[{\"@type\":\"Article\",\"@id\":\"https:\/\/stourm.news\/?p=1008#article\",\"isPartOf\":{\"@id\":\"https:\/\/stourm.news\/?p=1008\"},\"author\":{\"name\":\"La r\u00e9daction\",\"@id\":\"https:\/\/stourm.news\/#\/schema\/person\/c3e1dc65988632e190969234ef046cf9\"},\"headline\":\"Brest : le Secours Catholique alerte sur le sort r\u00e9serv\u00e9 aux migrants\",\"datePublished\":\"2024-04-19T06:53:18+00:00\",\"dateModified\":\"2024-04-19T06:55:57+00:00\",\"mainEntityOfPage\":{\"@id\":\"https:\/\/stourm.news\/?p=1008\"},\"wordCount\":110,\"commentCount\":0,\"publisher\":{\"@id\":\"https:\/\/stourm.news\/#organization\"},\"image\":{\"@id\":\"https:\/\/stourm.news\/?p=1008#primaryimage\"},\"thumbnailUrl\":\"https:\/\/stourm.news\/wp-content\/uploads\/2024\/04\/6620ed5e92379e49872ee189.jpg\",\"articleSection\":[\"Finist\u00e8re\",\"Immigration\",\"Revue de presse\"],\"inLanguage\":\"fr-FR\",\"potentialAction\":[{\"@type\":\"CommentAction\",\"name\":\"Comment\",\"target\":[\"https:\/\/stourm.news\/?p=1008#respond\"]}]},{\"@type\":\"WebPage\",\"@id\":\"https:\/\/stourm.news\/?p=1008\",\"url\":\"https:\/\/stourm.news\/?p=1008\",\"name\":\"Brest : le Secours Catholique alerte sur le sort r\u00e9serv\u00e9 aux migrants - STOURM\",\"isPartOf\":{\"@id\":\"https:\/\/stourm.news\/#website\"},\"primaryImageOfPage\":{\"@id\":\"https:\/\/stourm.news\/?p=1008#primaryimage\"},\"image\":{\"@id\":\"https:\/\/stourm.news\/?p=1008#primaryimage\"},\"thumbnailUrl\":\"https:\/\/stourm.news\/wp-content\/uploads\/2024\/04\/6620ed5e92379e49872ee189.jpg\",\"datePublished\":\"2024-04-19T06:53:18+00:00\",\"dateModified\":\"2024-04-19T06:55:57+00:00\",\"breadcrumb\":{\"@id\":\"https:\/\/stourm.news\/?p=1008#breadcrumb\"},\"inLanguage\":\"fr-FR\",\"potentialAction\":[{\"@type\":\"ReadAction\",\"target\":[\"https:\/\/stourm.news\/?p=1008\"]}]},{\"@type\":\"ImageObject\",\"inLanguage\":\"fr-FR\",\"@id\":\"https:\/\/stourm.news\/?p=1008#primaryimage\",\"url\":\"https:\/\/stourm.news\/wp-content\/uploads\/2024\/04\/6620ed5e92379e49872ee189.jpg\",\"contentUrl\":\"https:\/\/stourm.news\/wp-content\/uploads\/2024\/04\/6620ed5e92379e49872ee189.jpg\",\"width\":960,\"height\":600,\"caption\":\"epa10960533 Protesters and migrants stand next to a part of banner reading 'without paper' during a demonstration against a proposed new immigration law, in front of the Senate in Paris, France, 06 November 2023. The French Senate is expected to start debating the new immigration law promoted by Emmanuel Macron's government on 06 November, before sending to the National Assembly in December. EPA-EFE\/Mohammed Badra\"},{\"@type\":\"BreadcrumbList\",\"@id\":\"https:\/\/stourm.news\/?p=1008#breadcrumb\",\"itemListElement\":[{\"@type\":\"ListItem\",\"position\":1,\"name\":\"Accueil\",\"item\":\"https:\/\/stourm.news\/\"},{\"@type\":\"ListItem\",\"position\":2,\"name\":\"Brest : le Secours Catholique alerte sur le sort r\u00e9serv\u00e9 aux migrants\"}]},{\"@type\":\"WebSite\",\"@id\":\"https:\/\/stourm.news\/#website\",\"url\":\"https:\/\/stourm.news\/\",\"name\":\"Stourm\",\"description\":\"Kazetenn Strollad Broadel Breizh\",\"publisher\":{\"@id\":\"https:\/\/stourm.news\/#organization\"},\"potentialAction\":[{\"@type\":\"SearchAction\",\"target\":{\"@type\":\"EntryPoint\",\"urlTemplate\":\"https:\/\/stourm.news\/?s={search_term_string}\"},\"query-input\":{\"@type\":\"PropertyValueSpecification\",\"valueRequired\":true,\"valueName\":\"search_term_string\"}}],\"inLanguage\":\"fr-FR\"},{\"@type\":\"Organization\",\"@id\":\"https:\/\/stourm.news\/#organization\",\"name\":\"Stourm\",\"url\":\"https:\/\/stourm.news\/\",\"logo\":{\"@type\":\"ImageObject\",\"inLanguage\":\"fr-FR\",\"@id\":\"https:\/\/stourm.news\/#\/schema\/logo\/image\/\",\"url\":\"https:\/\/stourm.news\/wp-content\/uploads\/2025\/11\/cropped-Capture-decran-2025-11-28-a-15.19.07.png\",\"contentUrl\":\"https:\/\/stourm.news\/wp-content\/uploads\/2025\/11\/cropped-Capture-decran-2025-11-28-a-15.19.07.png\",\"width\":1855,\"height\":383,\"caption\":\"Stourm\"},\"image\":{\"@id\":\"https:\/\/stourm.news\/#\/schema\/logo\/image\/\"},\"sameAs\":[\"https:\/\/www.facebook.com\/stourmnews\/\"]},{\"@type\":\"Person\",\"@id\":\"https:\/\/stourm.news\/#\/schema\/person\/c3e1dc65988632e190969234ef046cf9\",\"name\":\"La r\u00e9daction\",\"image\":{\"@type\":\"ImageObject\",\"inLanguage\":\"fr-FR\",\"@id\":\"https:\/\/stourm.news\/#\/schema\/person\/image\/\",\"url\":\"https:\/\/secure.gravatar.com\/avatar\/7463443f194b6b5fb706b074ca0ef59a0cfcfd720cb47764b0ec5a952ce422b3?s=96&d=mm&r=g\",\"contentUrl\":\"https:\/\/secure.gravatar.com\/avatar\/7463443f194b6b5fb706b074ca0ef59a0cfcfd720cb47764b0ec5a952ce422b3?s=96&d=mm&r=g\",\"caption\":\"La r\u00e9daction\"},\"sameAs\":[\"https:\/\/stourm.news\"],\"url\":\"https:\/\/stourm.news\/?author=1\"}]}<\/script>\n<!-- \/ Yoast SEO plugin. -->","yoast_head_json":{"title":"Brest : le Secours Catholique alerte sur le sort r\u00e9serv\u00e9 aux migrants - STOURM","robots":{"index":"index","follow":"follow","max-snippet":"max-snippet:-1","max-image-preview":"max-image-preview:large","max-video-preview":"max-video-preview:-1"},"canonical":"https:\/\/stourm.news\/?p=1008","og_locale":"fr_FR","og_type":"article","og_title":"Brest : le Secours Catholique alerte sur le sort r\u00e9serv\u00e9 aux migrants - STOURM","og_description":"Le Secours Catholique de Brest-Centre monte au cr\u00e9neau et tire la sonnette d\u2018alarme sur le sort r\u00e9serv\u00e9 aux exil\u00e9s. Dans une lettre ouverte adress\u00e9e au directeur de l\u2019OFII (Office fran\u00e7ais de l\u2019immigration et de l\u2019int\u00e9gration), qui a pour mission \u00ab d\u2019int\u00e9grer les migrants durant les cinq premi\u00e8res ann\u00e9es de leur s\u00e9jour en France \u00bb, l\u2019\u00e9quipe [&hellip;]","og_url":"https:\/\/stourm.news\/?p=1008","og_site_name":"STOURM","article_publisher":"https:\/\/www.facebook.com\/stourmnews\/","article_published_time":"2024-04-19T06:53:18+00:00","article_modified_time":"2024-04-19T06:55:57+00:00","og_image":[{"width":960,"height":600,"url":"https:\/\/stourm.news\/wp-content\/uploads\/2024\/04\/6620ed5e92379e49872ee189.jpg","type":"image\/jpeg"}],"author":"La r\u00e9daction","twitter_card":"summary_large_image","twitter_misc":{"\u00c9crit par":"La r\u00e9daction"},"schema":{"@context":"https:\/\/schema.org","@graph":[{"@type":"Article","@id":"https:\/\/stourm.news\/?p=1008#article","isPartOf":{"@id":"https:\/\/stourm.news\/?p=1008"},"author":{"name":"La r\u00e9daction","@id":"https:\/\/stourm.news\/#\/schema\/person\/c3e1dc65988632e190969234ef046cf9"},"headline":"Brest : le Secours Catholique alerte sur le sort r\u00e9serv\u00e9 aux migrants","datePublished":"2024-04-19T06:53:18+00:00","dateModified":"2024-04-19T06:55:57+00:00","mainEntityOfPage":{"@id":"https:\/\/stourm.news\/?p=1008"},"wordCount":110,"commentCount":0,"publisher":{"@id":"https:\/\/stourm.news\/#organization"},"image":{"@id":"https:\/\/stourm.news\/?p=1008#primaryimage"},"thumbnailUrl":"https:\/\/stourm.news\/wp-content\/uploads\/2024\/04\/6620ed5e92379e49872ee189.jpg","articleSection":["Finist\u00e8re","Immigration","Revue de presse"],"inLanguage":"fr-FR","potentialAction":[{"@type":"CommentAction","name":"Comment","target":["https:\/\/stourm.news\/?p=1008#respond"]}]},{"@type":"WebPage","@id":"https:\/\/stourm.news\/?p=1008","url":"https:\/\/stourm.news\/?p=1008","name":"Brest : le Secours Catholique alerte sur le sort r\u00e9serv\u00e9 aux migrants - STOURM","isPartOf":{"@id":"https:\/\/stourm.news\/#website"},"primaryImageOfPage":{"@id":"https:\/\/stourm.news\/?p=1008#primaryimage"},"image":{"@id":"https:\/\/stourm.news\/?p=1008#primaryimage"},"thumbnailUrl":"https:\/\/stourm.news\/wp-content\/uploads\/2024\/04\/6620ed5e92379e49872ee189.jpg","datePublished":"2024-04-19T06:53:18+00:00","dateModified":"2024-04-19T06:55:57+00:00","breadcrumb":{"@id":"https:\/\/stourm.news\/?p=1008#breadcrumb"},"inLanguage":"fr-FR","potentialAction":[{"@type":"ReadAction","target":["https:\/\/stourm.news\/?p=1008"]}]},{"@type":"ImageObject","inLanguage":"fr-FR","@id":"https:\/\/stourm.news\/?p=1008#primaryimage","url":"https:\/\/stourm.news\/wp-content\/uploads\/2024\/04\/6620ed5e92379e49872ee189.jpg","contentUrl":"https:\/\/stourm.news\/wp-content\/uploads\/2024\/04\/6620ed5e92379e49872ee189.jpg","width":960,"height":600,"caption":"epa10960533 Protesters and migrants stand next to a part of banner reading 'without paper' during a demonstration against a proposed new immigration law, in front of the Senate in Paris, France, 06 November 2023. The French Senate is expected to start debating the new immigration law promoted by Emmanuel Macron's government on 06 November, before sending to the National Assembly in December. EPA-EFE\/Mohammed Badra"},{"@type":"BreadcrumbList","@id":"https:\/\/stourm.news\/?p=1008#breadcrumb","itemListElement":[{"@type":"ListItem","position":1,"name":"Accueil","item":"https:\/\/stourm.news\/"},{"@type":"ListItem","position":2,"name":"Brest : le Secours Catholique alerte sur le sort r\u00e9serv\u00e9 aux migrants"}]},{"@type":"WebSite","@id":"https:\/\/stourm.news\/#website","url":"https:\/\/stourm.news\/","name":"Stourm","description":"Kazetenn Strollad Broadel Breizh","publisher":{"@id":"https:\/\/stourm.news\/#organization"},"potentialAction":[{"@type":"SearchAction","target":{"@type":"EntryPoint","urlTemplate":"https:\/\/stourm.news\/?s={search_term_string}"},"query-input":{"@type":"PropertyValueSpecification","valueRequired":true,"valueName":"search_term_string"}}],"inLanguage":"fr-FR"},{"@type":"Organization","@id":"https:\/\/stourm.news\/#organization","name":"Stourm","url":"https:\/\/stourm.news\/","logo":{"@type":"ImageObject","inLanguage":"fr-FR","@id":"https:\/\/stourm.news\/#\/schema\/logo\/image\/","url":"https:\/\/stourm.news\/wp-content\/uploads\/2025\/11\/cropped-Capture-decran-2025-11-28-a-15.19.07.png","contentUrl":"https:\/\/stourm.news\/wp-content\/uploads\/2025\/11\/cropped-Capture-decran-2025-11-28-a-15.19.07.png","width":1855,"height":383,"caption":"Stourm"},"image":{"@id":"https:\/\/stourm.news\/#\/schema\/logo\/image\/"},"sameAs":["https:\/\/www.facebook.com\/stourmnews\/"]},{"@type":"Person","@id":"https:\/\/stourm.news\/#\/schema\/person\/c3e1dc65988632e190969234ef046cf9","name":"La r\u00e9daction","image":{"@type":"ImageObject","inLanguage":"fr-FR","@id":"https:\/\/stourm.news\/#\/schema\/person\/image\/","url":"https:\/\/secure.gravatar.com\/avatar\/7463443f194b6b5fb706b074ca0ef59a0cfcfd720cb47764b0ec5a952ce422b3?s=96&d=mm&r=g","contentUrl":"https:\/\/secure.gravatar.com\/avatar\/7463443f194b6b5fb706b074ca0ef59a0cfcfd720cb47764b0ec5a952ce422b3?s=96&d=mm&r=g","caption":"La r\u00e9daction"},"sameAs":["https:\/\/stourm.news"],"url":"https:\/\/stourm.news\/?author=1"}]}},"_links":{"self":[{"href":"https:\/\/stourm.news\/index.php?rest_route=\/wp\/v2\/posts\/1008","targetHints":{"allow":["GET"]}}],"collection":[{"href":"https:\/\/stourm.news\/index.php?rest_route=\/wp\/v2\/posts"}],"about":[{"href":"https:\/\/stourm.news\/index.php?rest_route=\/wp\/v2\/types\/post"}],"author":[{"embeddable":true,"href":"https:\/\/stourm.news\/index.php?rest_route=\/wp\/v2\/users\/1"}],"replies":[{"embeddable":true,"href":"https:\/\/stourm.news\/index.php?rest_route=%2Fwp%2Fv2%2Fcomments&post=1008"}],"version-history":[{"count":1,"href":"https:\/\/stourm.news\/index.php?rest_route=\/wp\/v2\/posts\/1008\/revisions"}],"predecessor-version":[{"id":1010,"href":"https:\/\/stourm.news\/index.php?rest_route=\/wp\/v2\/posts\/1008\/revisions\/1010"}],"wp:featuredmedia":[{"embeddable":true,"href":"https:\/\/stourm.news\/index.php?rest_route=\/wp\/v2\/media\/1009"}],"wp:attachment":[{"href":"https:\/\/stourm.news\/index.php?rest_route=%2Fwp%2Fv2%2Fmedia&parent=1008"}],"wp:term":[{"taxonomy":"category","embeddable":true,"href":"https:\/\/stourm.news\/index.php?rest_route=%2Fwp%2Fv2%2Fcategories&post=1008"},{"taxonomy":"post_tag","embeddable":true,"href":"https:\/\/stourm.news\/index.php?rest_route=%2Fwp%2Fv2%2Ftags&post=1008"}],"curies":[{"name":"wp","href":"https:\/\/api.w.org\/{rel}","templated":true}]}}