{"id":1015,"date":"2024-04-19T07:10:32","date_gmt":"2024-04-19T07:10:32","guid":{"rendered":"https:\/\/stourm.news\/?p=1015"},"modified":"2024-04-19T07:23:22","modified_gmt":"2024-04-19T07:23:22","slug":"deux-hommes-interpelles-a-brest-apres-lagression-dagents-de-la-brigade-de-tranquillite-urbaine","status":"publish","type":"post","link":"https:\/\/stourm.news\/?p=1015","title":{"rendered":"Deux hommes interpell\u00e9s \u00e0 Brest apr\u00e8s l\u2019agression d\u2019agents de la brigade de tranquillit\u00e9 urbaine"},"content":{"rendered":"<p style=\"text-align: justify;\">Vers 18 h, mercredi 17 avril 2024, deux jeunes hommes sont affair\u00e9s \u00e0 fumer une cigarette artisanale, perch\u00e9s en haut des embl\u00e9matiques escaliers de la place de Strasbourg. Des agents de la brigade de tranquillit\u00e9 urbaine (BTU) viennent alors \u00e0 leur rencontre pour proc\u00e9der \u00e0 un contr\u00f4le. Mais celui-ci <strong>s\u2019envenime<\/strong> et le plus jeune des deux individus, \u00e2g\u00e9 de 18 ans, donne alors <strong>des coups de pied<\/strong> \u00e0 l\u2019un des agents de la BTU.<\/p>\n<p style=\"text-align: justify;\">Deux coll\u00e8gues arrivent rapidement en renfort, mais l\u2019autre jeune homme de 23 ans intervient alors \u00e0 son tour pour venir en aide \u00e0 son ami. Au cours de l\u2019altercation, l\u2019un des agents est touch\u00e9 \u00e0 l\u2019\u00e9paule, victime d\u2019une luxation, et conduit \u00e0 l\u2019h\u00f4pital.<\/p>\n<p style=\"text-align: justify;\">Rapidement sur les lieux, la Police nationale interpelle les deux personnes, aussit\u00f4t plac\u00e9es en garde \u00e0 vue, sur qui sont \u00e9galement trouv\u00e9es <strong>quatre barrettes de cannabis<\/strong> au total. Les agents de la brigade de tranquillit\u00e9, entendus, ont d\u00e9pos\u00e9 plainte. Les deux agresseurs, <strong>d\u00e9j\u00e0 connus des services de police<\/strong>, doivent \u00eatre d\u00e9f\u00e9r\u00e9s devant le parquet de Brest ce vendredi 19 avril au matin en vue d\u2019une comparution imm\u00e9diate pour outrage, violences sur personnes charg\u00e9es d\u2019une mission de service public ainsi que d\u00e9tention de stup\u00e9fiants.<\/p>\n<p>Source : <a href=\"https:\/\/www.letelegramme.fr\/finistere\/brest-29200\/deux-hommes-interpelles-a-brest-apres-lagression-dagents-de-la-brigade-de-tranquillite-urbaine-6567935.php\">Le T\u00e9l\u00e9gramme<\/a><\/p>\n","protected":false},"excerpt":{"rendered":"<p>Vers 18 h, mercredi 17 avril 2024, deux jeunes hommes sont affair\u00e9s \u00e0 fumer une cigarette artisanale, perch\u00e9s en haut des embl\u00e9matiques escaliers de la place de Strasbourg. Des agents de la brigade de tranquillit\u00e9 urbaine (BTU) viennent alors \u00e0 leur rencontre pour proc\u00e9der \u00e0 un contr\u00f4le. Mais celui-ci s\u2019envenime et le plus jeune des [&hellip;]<\/p>\n","protected":false},"author":1,"featured_media":1016,"comment_status":"open","ping_status":"open","sticky":false,"template":"","format":"standard","meta":{"sb_editor_width":"","footnotes":""},"categories":[31,38,62],"tags":[],"class_list":["post-1015","post","type-post","status-publish","format-standard","has-post-thumbnail","hentry","category-agression","category-finistere","category-revue-de-presse"],"relative_dates":{"created":"2 ans ago","modified":"2 ans ago"},"yoast_head":"<!-- This site is optimized with the Yoast SEO plugin v26.3 - https:\/\/yoast.com\/wordpress\/plugins\/seo\/ -->\n<title>Deux hommes interpell\u00e9s \u00e0 Brest apr\u00e8s l\u2019agression d\u2019agents de la brigade de tranquillit\u00e9 urbaine - STOURM<\/title>\n<meta name=\"robots\" content=\"index, follow, max-snippet:-1, max-image-preview:large, max-video-preview:-1\" \/>\n<link rel=\"canonical\" href=\"https:\/\/stourm.news\/?p=1015\" \/>\n<meta property=\"og:locale\" content=\"fr_FR\" \/>\n<meta property=\"og:type\" content=\"article\" \/>\n<meta property=\"og:title\" content=\"Deux hommes interpell\u00e9s \u00e0 Brest apr\u00e8s l\u2019agression d\u2019agents de la brigade de tranquillit\u00e9 urbaine - STOURM\" \/>\n<meta property=\"og:description\" content=\"Vers 18 h, mercredi 17 avril 2024, deux jeunes hommes sont affair\u00e9s \u00e0 fumer une cigarette artisanale, perch\u00e9s en haut des embl\u00e9matiques escaliers de la place de Strasbourg. Des agents de la brigade de tranquillit\u00e9 urbaine (BTU) viennent alors \u00e0 leur rencontre pour proc\u00e9der \u00e0 un contr\u00f4le. Mais celui-ci s\u2019envenime et le plus jeune des [&hellip;]\" \/>\n<meta property=\"og:url\" content=\"https:\/\/stourm.news\/?p=1015\" \/>\n<meta property=\"og:site_name\" content=\"STOURM\" \/>\n<meta property=\"article:publisher\" content=\"https:\/\/www.facebook.com\/stourmnews\/\" \/>\n<meta property=\"article:published_time\" content=\"2024-04-19T07:10:32+00:00\" \/>\n<meta property=\"article:modified_time\" content=\"2024-04-19T07:23:22+00:00\" \/>\n<meta property=\"og:image\" content=\"https:\/\/stourm.news\/wp-content\/uploads\/2024\/04\/662141f8b1d9003fea78a2f7.jpg\" \/>\n\t<meta property=\"og:image:width\" content=\"960\" \/>\n\t<meta property=\"og:image:height\" content=\"600\" \/>\n\t<meta property=\"og:image:type\" content=\"image\/jpeg\" \/>\n<meta name=\"author\" content=\"La r\u00e9daction\" \/>\n<meta name=\"twitter:card\" content=\"summary_large_image\" \/>\n<meta name=\"twitter:label1\" content=\"\u00c9crit par\" \/>\n\t<meta name=\"twitter:data1\" content=\"La r\u00e9daction\" \/>\n\t<meta name=\"twitter:label2\" content=\"Dur\u00e9e de lecture estim\u00e9e\" \/>\n\t<meta name=\"twitter:data2\" content=\"1 minute\" \/>\n<script type=\"application\/ld+json\" class=\"yoast-schema-graph\">{\"@context\":\"https:\/\/schema.org\",\"@graph\":[{\"@type\":\"Article\",\"@id\":\"https:\/\/stourm.news\/?p=1015#article\",\"isPartOf\":{\"@id\":\"https:\/\/stourm.news\/?p=1015\"},\"author\":{\"name\":\"La r\u00e9daction\",\"@id\":\"https:\/\/stourm.news\/#\/schema\/person\/c3e1dc65988632e190969234ef046cf9\"},\"headline\":\"Deux hommes interpell\u00e9s \u00e0 Brest apr\u00e8s l\u2019agression d\u2019agents de la brigade de tranquillit\u00e9 urbaine\",\"datePublished\":\"2024-04-19T07:10:32+00:00\",\"dateModified\":\"2024-04-19T07:23:22+00:00\",\"mainEntityOfPage\":{\"@id\":\"https:\/\/stourm.news\/?p=1015\"},\"wordCount\":236,\"commentCount\":0,\"publisher\":{\"@id\":\"https:\/\/stourm.news\/#organization\"},\"image\":{\"@id\":\"https:\/\/stourm.news\/?p=1015#primaryimage\"},\"thumbnailUrl\":\"https:\/\/stourm.news\/wp-content\/uploads\/2024\/04\/662141f8b1d9003fea78a2f7.jpg\",\"articleSection\":[\"Agression\",\"Finist\u00e8re\",\"Revue de presse\"],\"inLanguage\":\"fr-FR\",\"potentialAction\":[{\"@type\":\"CommentAction\",\"name\":\"Comment\",\"target\":[\"https:\/\/stourm.news\/?p=1015#respond\"]}]},{\"@type\":\"WebPage\",\"@id\":\"https:\/\/stourm.news\/?p=1015\",\"url\":\"https:\/\/stourm.news\/?p=1015\",\"name\":\"Deux hommes interpell\u00e9s \u00e0 Brest apr\u00e8s l\u2019agression d\u2019agents de la brigade de tranquillit\u00e9 urbaine - STOURM\",\"isPartOf\":{\"@id\":\"https:\/\/stourm.news\/#website\"},\"primaryImageOfPage\":{\"@id\":\"https:\/\/stourm.news\/?p=1015#primaryimage\"},\"image\":{\"@id\":\"https:\/\/stourm.news\/?p=1015#primaryimage\"},\"thumbnailUrl\":\"https:\/\/stourm.news\/wp-content\/uploads\/2024\/04\/662141f8b1d9003fea78a2f7.jpg\",\"datePublished\":\"2024-04-19T07:10:32+00:00\",\"dateModified\":\"2024-04-19T07:23:22+00:00\",\"breadcrumb\":{\"@id\":\"https:\/\/stourm.news\/?p=1015#breadcrumb\"},\"inLanguage\":\"fr-FR\",\"potentialAction\":[{\"@type\":\"ReadAction\",\"target\":[\"https:\/\/stourm.news\/?p=1015\"]}]},{\"@type\":\"ImageObject\",\"inLanguage\":\"fr-FR\",\"@id\":\"https:\/\/stourm.news\/?p=1015#primaryimage\",\"url\":\"https:\/\/stourm.news\/wp-content\/uploads\/2024\/04\/662141f8b1d9003fea78a2f7.jpg\",\"contentUrl\":\"https:\/\/stourm.news\/wp-content\/uploads\/2024\/04\/662141f8b1d9003fea78a2f7.jpg\",\"width\":960,\"height\":600},{\"@type\":\"BreadcrumbList\",\"@id\":\"https:\/\/stourm.news\/?p=1015#breadcrumb\",\"itemListElement\":[{\"@type\":\"ListItem\",\"position\":1,\"name\":\"Accueil\",\"item\":\"https:\/\/stourm.news\/\"},{\"@type\":\"ListItem\",\"position\":2,\"name\":\"Deux hommes interpell\u00e9s \u00e0 Brest apr\u00e8s l\u2019agression d\u2019agents de la brigade de tranquillit\u00e9 urbaine\"}]},{\"@type\":\"WebSite\",\"@id\":\"https:\/\/stourm.news\/#website\",\"url\":\"https:\/\/stourm.news\/\",\"name\":\"Stourm\",\"description\":\"Kazetenn Strollad Broadel Breizh\",\"publisher\":{\"@id\":\"https:\/\/stourm.news\/#organization\"},\"potentialAction\":[{\"@type\":\"SearchAction\",\"target\":{\"@type\":\"EntryPoint\",\"urlTemplate\":\"https:\/\/stourm.news\/?s={search_term_string}\"},\"query-input\":{\"@type\":\"PropertyValueSpecification\",\"valueRequired\":true,\"valueName\":\"search_term_string\"}}],\"inLanguage\":\"fr-FR\"},{\"@type\":\"Organization\",\"@id\":\"https:\/\/stourm.news\/#organization\",\"name\":\"Stourm\",\"url\":\"https:\/\/stourm.news\/\",\"logo\":{\"@type\":\"ImageObject\",\"inLanguage\":\"fr-FR\",\"@id\":\"https:\/\/stourm.news\/#\/schema\/logo\/image\/\",\"url\":\"https:\/\/stourm.news\/wp-content\/uploads\/2025\/11\/cropped-Capture-decran-2025-11-28-a-15.19.07.png\",\"contentUrl\":\"https:\/\/stourm.news\/wp-content\/uploads\/2025\/11\/cropped-Capture-decran-2025-11-28-a-15.19.07.png\",\"width\":1855,\"height\":383,\"caption\":\"Stourm\"},\"image\":{\"@id\":\"https:\/\/stourm.news\/#\/schema\/logo\/image\/\"},\"sameAs\":[\"https:\/\/www.facebook.com\/stourmnews\/\"]},{\"@type\":\"Person\",\"@id\":\"https:\/\/stourm.news\/#\/schema\/person\/c3e1dc65988632e190969234ef046cf9\",\"name\":\"La r\u00e9daction\",\"image\":{\"@type\":\"ImageObject\",\"inLanguage\":\"fr-FR\",\"@id\":\"https:\/\/stourm.news\/#\/schema\/person\/image\/\",\"url\":\"https:\/\/secure.gravatar.com\/avatar\/7463443f194b6b5fb706b074ca0ef59a0cfcfd720cb47764b0ec5a952ce422b3?s=96&d=mm&r=g\",\"contentUrl\":\"https:\/\/secure.gravatar.com\/avatar\/7463443f194b6b5fb706b074ca0ef59a0cfcfd720cb47764b0ec5a952ce422b3?s=96&d=mm&r=g\",\"caption\":\"La r\u00e9daction\"},\"sameAs\":[\"https:\/\/stourm.news\"],\"url\":\"https:\/\/stourm.news\/?author=1\"}]}<\/script>\n<!-- \/ Yoast SEO plugin. -->","yoast_head_json":{"title":"Deux hommes interpell\u00e9s \u00e0 Brest apr\u00e8s l\u2019agression d\u2019agents de la brigade de tranquillit\u00e9 urbaine - STOURM","robots":{"index":"index","follow":"follow","max-snippet":"max-snippet:-1","max-image-preview":"max-image-preview:large","max-video-preview":"max-video-preview:-1"},"canonical":"https:\/\/stourm.news\/?p=1015","og_locale":"fr_FR","og_type":"article","og_title":"Deux hommes interpell\u00e9s \u00e0 Brest apr\u00e8s l\u2019agression d\u2019agents de la brigade de tranquillit\u00e9 urbaine - STOURM","og_description":"Vers 18 h, mercredi 17 avril 2024, deux jeunes hommes sont affair\u00e9s \u00e0 fumer une cigarette artisanale, perch\u00e9s en haut des embl\u00e9matiques escaliers de la place de Strasbourg. Des agents de la brigade de tranquillit\u00e9 urbaine (BTU) viennent alors \u00e0 leur rencontre pour proc\u00e9der \u00e0 un contr\u00f4le. Mais celui-ci s\u2019envenime et le plus jeune des [&hellip;]","og_url":"https:\/\/stourm.news\/?p=1015","og_site_name":"STOURM","article_publisher":"https:\/\/www.facebook.com\/stourmnews\/","article_published_time":"2024-04-19T07:10:32+00:00","article_modified_time":"2024-04-19T07:23:22+00:00","og_image":[{"width":960,"height":600,"url":"https:\/\/stourm.news\/wp-content\/uploads\/2024\/04\/662141f8b1d9003fea78a2f7.jpg","type":"image\/jpeg"}],"author":"La r\u00e9daction","twitter_card":"summary_large_image","twitter_misc":{"\u00c9crit par":"La r\u00e9daction","Dur\u00e9e de lecture estim\u00e9e":"1 minute"},"schema":{"@context":"https:\/\/schema.org","@graph":[{"@type":"Article","@id":"https:\/\/stourm.news\/?p=1015#article","isPartOf":{"@id":"https:\/\/stourm.news\/?p=1015"},"author":{"name":"La r\u00e9daction","@id":"https:\/\/stourm.news\/#\/schema\/person\/c3e1dc65988632e190969234ef046cf9"},"headline":"Deux hommes interpell\u00e9s \u00e0 Brest apr\u00e8s l\u2019agression d\u2019agents de la brigade de tranquillit\u00e9 urbaine","datePublished":"2024-04-19T07:10:32+00:00","dateModified":"2024-04-19T07:23:22+00:00","mainEntityOfPage":{"@id":"https:\/\/stourm.news\/?p=1015"},"wordCount":236,"commentCount":0,"publisher":{"@id":"https:\/\/stourm.news\/#organization"},"image":{"@id":"https:\/\/stourm.news\/?p=1015#primaryimage"},"thumbnailUrl":"https:\/\/stourm.news\/wp-content\/uploads\/2024\/04\/662141f8b1d9003fea78a2f7.jpg","articleSection":["Agression","Finist\u00e8re","Revue de presse"],"inLanguage":"fr-FR","potentialAction":[{"@type":"CommentAction","name":"Comment","target":["https:\/\/stourm.news\/?p=1015#respond"]}]},{"@type":"WebPage","@id":"https:\/\/stourm.news\/?p=1015","url":"https:\/\/stourm.news\/?p=1015","name":"Deux hommes interpell\u00e9s \u00e0 Brest apr\u00e8s l\u2019agression d\u2019agents de la brigade de tranquillit\u00e9 urbaine - STOURM","isPartOf":{"@id":"https:\/\/stourm.news\/#website"},"primaryImageOfPage":{"@id":"https:\/\/stourm.news\/?p=1015#primaryimage"},"image":{"@id":"https:\/\/stourm.news\/?p=1015#primaryimage"},"thumbnailUrl":"https:\/\/stourm.news\/wp-content\/uploads\/2024\/04\/662141f8b1d9003fea78a2f7.jpg","datePublished":"2024-04-19T07:10:32+00:00","dateModified":"2024-04-19T07:23:22+00:00","breadcrumb":{"@id":"https:\/\/stourm.news\/?p=1015#breadcrumb"},"inLanguage":"fr-FR","potentialAction":[{"@type":"ReadAction","target":["https:\/\/stourm.news\/?p=1015"]}]},{"@type":"ImageObject","inLanguage":"fr-FR","@id":"https:\/\/stourm.news\/?p=1015#primaryimage","url":"https:\/\/stourm.news\/wp-content\/uploads\/2024\/04\/662141f8b1d9003fea78a2f7.jpg","contentUrl":"https:\/\/stourm.news\/wp-content\/uploads\/2024\/04\/662141f8b1d9003fea78a2f7.jpg","width":960,"height":600},{"@type":"BreadcrumbList","@id":"https:\/\/stourm.news\/?p=1015#breadcrumb","itemListElement":[{"@type":"ListItem","position":1,"name":"Accueil","item":"https:\/\/stourm.news\/"},{"@type":"ListItem","position":2,"name":"Deux hommes interpell\u00e9s \u00e0 Brest apr\u00e8s l\u2019agression d\u2019agents de la brigade de tranquillit\u00e9 urbaine"}]},{"@type":"WebSite","@id":"https:\/\/stourm.news\/#website","url":"https:\/\/stourm.news\/","name":"Stourm","description":"Kazetenn Strollad Broadel Breizh","publisher":{"@id":"https:\/\/stourm.news\/#organization"},"potentialAction":[{"@type":"SearchAction","target":{"@type":"EntryPoint","urlTemplate":"https:\/\/stourm.news\/?s={search_term_string}"},"query-input":{"@type":"PropertyValueSpecification","valueRequired":true,"valueName":"search_term_string"}}],"inLanguage":"fr-FR"},{"@type":"Organization","@id":"https:\/\/stourm.news\/#organization","name":"Stourm","url":"https:\/\/stourm.news\/","logo":{"@type":"ImageObject","inLanguage":"fr-FR","@id":"https:\/\/stourm.news\/#\/schema\/logo\/image\/","url":"https:\/\/stourm.news\/wp-content\/uploads\/2025\/11\/cropped-Capture-decran-2025-11-28-a-15.19.07.png","contentUrl":"https:\/\/stourm.news\/wp-content\/uploads\/2025\/11\/cropped-Capture-decran-2025-11-28-a-15.19.07.png","width":1855,"height":383,"caption":"Stourm"},"image":{"@id":"https:\/\/stourm.news\/#\/schema\/logo\/image\/"},"sameAs":["https:\/\/www.facebook.com\/stourmnews\/"]},{"@type":"Person","@id":"https:\/\/stourm.news\/#\/schema\/person\/c3e1dc65988632e190969234ef046cf9","name":"La r\u00e9daction","image":{"@type":"ImageObject","inLanguage":"fr-FR","@id":"https:\/\/stourm.news\/#\/schema\/person\/image\/","url":"https:\/\/secure.gravatar.com\/avatar\/7463443f194b6b5fb706b074ca0ef59a0cfcfd720cb47764b0ec5a952ce422b3?s=96&d=mm&r=g","contentUrl":"https:\/\/secure.gravatar.com\/avatar\/7463443f194b6b5fb706b074ca0ef59a0cfcfd720cb47764b0ec5a952ce422b3?s=96&d=mm&r=g","caption":"La r\u00e9daction"},"sameAs":["https:\/\/stourm.news"],"url":"https:\/\/stourm.news\/?author=1"}]}},"_links":{"self":[{"href":"https:\/\/stourm.news\/index.php?rest_route=\/wp\/v2\/posts\/1015","targetHints":{"allow":["GET"]}}],"collection":[{"href":"https:\/\/stourm.news\/index.php?rest_route=\/wp\/v2\/posts"}],"about":[{"href":"https:\/\/stourm.news\/index.php?rest_route=\/wp\/v2\/types\/post"}],"author":[{"embeddable":true,"href":"https:\/\/stourm.news\/index.php?rest_route=\/wp\/v2\/users\/1"}],"replies":[{"embeddable":true,"href":"https:\/\/stourm.news\/index.php?rest_route=%2Fwp%2Fv2%2Fcomments&post=1015"}],"version-history":[{"count":2,"href":"https:\/\/stourm.news\/index.php?rest_route=\/wp\/v2\/posts\/1015\/revisions"}],"predecessor-version":[{"id":1018,"href":"https:\/\/stourm.news\/index.php?rest_route=\/wp\/v2\/posts\/1015\/revisions\/1018"}],"wp:featuredmedia":[{"embeddable":true,"href":"https:\/\/stourm.news\/index.php?rest_route=\/wp\/v2\/media\/1016"}],"wp:attachment":[{"href":"https:\/\/stourm.news\/index.php?rest_route=%2Fwp%2Fv2%2Fmedia&parent=1015"}],"wp:term":[{"taxonomy":"category","embeddable":true,"href":"https:\/\/stourm.news\/index.php?rest_route=%2Fwp%2Fv2%2Fcategories&post=1015"},{"taxonomy":"post_tag","embeddable":true,"href":"https:\/\/stourm.news\/index.php?rest_route=%2Fwp%2Fv2%2Ftags&post=1015"}],"curies":[{"name":"wp","href":"https:\/\/api.w.org\/{rel}","templated":true}]}}