{"id":1019,"date":"2024-04-19T07:27:47","date_gmt":"2024-04-19T07:27:47","guid":{"rendered":"https:\/\/stourm.news\/?p=1019"},"modified":"2024-04-19T07:27:47","modified_gmt":"2024-04-19T07:27:47","slug":"saint-brieuc-lextreme-gauche-organise-une-manifestation-contre-lextreme-droite-le-21-avril","status":"publish","type":"post","link":"https:\/\/stourm.news\/?p=1019","title":{"rendered":"Saint-Brieuc : l&rsquo;extr\u00eame-gauche organise une manifestation contre \u00ab\u00a0l\u2019extr\u00eame droite\u00a0\u00bb le 21 avril"},"content":{"rendered":"<p style=\"text-align: justify;\">Le Front commun antifasciste des C\u00f4tes-d\u2019Armor, cr\u00e9\u00e9 en d\u00e9cembre 2023, organise une manifestation r\u00e9gionale contre l\u2019extr\u00eame droite pour la justice sociale et la solidarit\u00e9. Elle partira du parc des Promenades, \u00e0 Saint-Brieuc (C\u00f4tes-d\u2019Armor), le dimanche 21 avril 2024.<\/p>\n<p style=\"text-align: justify;\">Abandon du projet d\u2019accueil de r\u00e9fugi\u00e9s \u00e0 Callac, tags antis\u00e9mites et n\u00e9onazis sur des locaux d\u2019organisations syndicales, de partis politiques, menaces envers des \u00e9lus, attaque lors du festival pour une Bretagne solidaire et de la Serre, lieu associatif \u00e0 Saint-Brieuc, agressions\u2026 Face \u00e0 la mont\u00e9e d\u2019actes violents perp\u00e9tr\u00e9s par des mouvements d\u2019extr\u00eame droite, un Front commun antifasciste a \u00e9t\u00e9 cr\u00e9\u00e9 en d\u00e9cembre \u00e0 l\u2019appel de collectifs, d\u2019associations et<strong> de la France insoumise<\/strong>.<\/p>\n<p>Source : <a href=\"https:\/\/www.ouest-france.fr\/bretagne\/saint-brieuc-22000\/cotes-darmor-a-saint-brieuc-ils-organisent-une-manifestation-contre-lextreme-droite-101253b2-fbd2-11ee-bd08-9ba0a6d2d69d\">Ouest-France<\/a><\/p>\n","protected":false},"excerpt":{"rendered":"<p>Le Front commun antifasciste des C\u00f4tes-d\u2019Armor, cr\u00e9\u00e9 en d\u00e9cembre 2023, organise une manifestation r\u00e9gionale contre l\u2019extr\u00eame droite pour la justice sociale et la solidarit\u00e9. Elle partira du parc des Promenades, \u00e0 Saint-Brieuc (C\u00f4tes-d\u2019Armor), le dimanche 21 avril 2024. Abandon du projet d\u2019accueil de r\u00e9fugi\u00e9s \u00e0 Callac, tags antis\u00e9mites et n\u00e9onazis sur des locaux d\u2019organisations syndicales, [&hellip;]<\/p>\n","protected":false},"author":1,"featured_media":1020,"comment_status":"open","ping_status":"open","sticky":false,"template":"","format":"standard","meta":{"sb_editor_width":"","footnotes":""},"categories":[39,36,62],"tags":[],"class_list":["post-1019","post","type-post","status-publish","format-standard","has-post-thumbnail","hentry","category-cotes-darmor","category-extreme-gauche","category-revue-de-presse"],"relative_dates":{"created":"2 ans ago","modified":"2 ans ago"},"yoast_head":"<!-- This site is optimized with the Yoast SEO plugin v26.3 - https:\/\/yoast.com\/wordpress\/plugins\/seo\/ -->\n<title>Saint-Brieuc : l&#039;extr\u00eame-gauche organise une manifestation contre &quot;l\u2019extr\u00eame droite&quot; le 21 avril - STOURM<\/title>\n<meta name=\"robots\" content=\"index, follow, max-snippet:-1, max-image-preview:large, max-video-preview:-1\" \/>\n<link rel=\"canonical\" href=\"https:\/\/stourm.news\/?p=1019\" \/>\n<meta property=\"og:locale\" content=\"fr_FR\" \/>\n<meta property=\"og:type\" content=\"article\" \/>\n<meta property=\"og:title\" content=\"Saint-Brieuc : l&#039;extr\u00eame-gauche organise une manifestation contre &quot;l\u2019extr\u00eame droite&quot; le 21 avril - STOURM\" \/>\n<meta property=\"og:description\" content=\"Le Front commun antifasciste des C\u00f4tes-d\u2019Armor, cr\u00e9\u00e9 en d\u00e9cembre 2023, organise une manifestation r\u00e9gionale contre l\u2019extr\u00eame droite pour la justice sociale et la solidarit\u00e9. Elle partira du parc des Promenades, \u00e0 Saint-Brieuc (C\u00f4tes-d\u2019Armor), le dimanche 21 avril 2024. Abandon du projet d\u2019accueil de r\u00e9fugi\u00e9s \u00e0 Callac, tags antis\u00e9mites et n\u00e9onazis sur des locaux d\u2019organisations syndicales, [&hellip;]\" \/>\n<meta property=\"og:url\" content=\"https:\/\/stourm.news\/?p=1019\" \/>\n<meta property=\"og:site_name\" content=\"STOURM\" \/>\n<meta property=\"article:publisher\" content=\"https:\/\/www.facebook.com\/stourmnews\/\" \/>\n<meta property=\"article:published_time\" content=\"2024-04-19T07:27:47+00:00\" \/>\n<meta property=\"og:image\" content=\"https:\/\/stourm.news\/wp-content\/uploads\/2024\/04\/Capture-decran-2003.png\" \/>\n\t<meta property=\"og:image:width\" content=\"771\" \/>\n\t<meta property=\"og:image:height\" content=\"493\" \/>\n\t<meta property=\"og:image:type\" content=\"image\/png\" \/>\n<meta name=\"author\" content=\"La r\u00e9daction\" \/>\n<meta name=\"twitter:card\" content=\"summary_large_image\" \/>\n<meta name=\"twitter:label1\" content=\"\u00c9crit par\" \/>\n\t<meta name=\"twitter:data1\" content=\"La r\u00e9daction\" \/>\n\t<meta name=\"twitter:label2\" content=\"Dur\u00e9e de lecture estim\u00e9e\" \/>\n\t<meta name=\"twitter:data2\" content=\"1 minute\" \/>\n<script type=\"application\/ld+json\" class=\"yoast-schema-graph\">{\"@context\":\"https:\/\/schema.org\",\"@graph\":[{\"@type\":\"Article\",\"@id\":\"https:\/\/stourm.news\/?p=1019#article\",\"isPartOf\":{\"@id\":\"https:\/\/stourm.news\/?p=1019\"},\"author\":{\"name\":\"La r\u00e9daction\",\"@id\":\"https:\/\/stourm.news\/#\/schema\/person\/c3e1dc65988632e190969234ef046cf9\"},\"headline\":\"Saint-Brieuc : l&rsquo;extr\u00eame-gauche organise une manifestation contre \u00ab\u00a0l\u2019extr\u00eame droite\u00a0\u00bb le 21 avril\",\"datePublished\":\"2024-04-19T07:27:47+00:00\",\"mainEntityOfPage\":{\"@id\":\"https:\/\/stourm.news\/?p=1019\"},\"wordCount\":141,\"commentCount\":0,\"publisher\":{\"@id\":\"https:\/\/stourm.news\/#organization\"},\"image\":{\"@id\":\"https:\/\/stourm.news\/?p=1019#primaryimage\"},\"thumbnailUrl\":\"https:\/\/stourm.news\/wp-content\/uploads\/2024\/04\/Capture-decran-2003.png\",\"articleSection\":[\"C\u00f4tes d'Armor\",\"Extr\u00eame-gauche\",\"Revue de presse\"],\"inLanguage\":\"fr-FR\",\"potentialAction\":[{\"@type\":\"CommentAction\",\"name\":\"Comment\",\"target\":[\"https:\/\/stourm.news\/?p=1019#respond\"]}]},{\"@type\":\"WebPage\",\"@id\":\"https:\/\/stourm.news\/?p=1019\",\"url\":\"https:\/\/stourm.news\/?p=1019\",\"name\":\"Saint-Brieuc : l'extr\u00eame-gauche organise une manifestation contre \\\"l\u2019extr\u00eame droite\\\" le 21 avril - STOURM\",\"isPartOf\":{\"@id\":\"https:\/\/stourm.news\/#website\"},\"primaryImageOfPage\":{\"@id\":\"https:\/\/stourm.news\/?p=1019#primaryimage\"},\"image\":{\"@id\":\"https:\/\/stourm.news\/?p=1019#primaryimage\"},\"thumbnailUrl\":\"https:\/\/stourm.news\/wp-content\/uploads\/2024\/04\/Capture-decran-2003.png\",\"datePublished\":\"2024-04-19T07:27:47+00:00\",\"breadcrumb\":{\"@id\":\"https:\/\/stourm.news\/?p=1019#breadcrumb\"},\"inLanguage\":\"fr-FR\",\"potentialAction\":[{\"@type\":\"ReadAction\",\"target\":[\"https:\/\/stourm.news\/?p=1019\"]}]},{\"@type\":\"ImageObject\",\"inLanguage\":\"fr-FR\",\"@id\":\"https:\/\/stourm.news\/?p=1019#primaryimage\",\"url\":\"https:\/\/stourm.news\/wp-content\/uploads\/2024\/04\/Capture-decran-2003.png\",\"contentUrl\":\"https:\/\/stourm.news\/wp-content\/uploads\/2024\/04\/Capture-decran-2003.png\",\"width\":771,\"height\":493},{\"@type\":\"BreadcrumbList\",\"@id\":\"https:\/\/stourm.news\/?p=1019#breadcrumb\",\"itemListElement\":[{\"@type\":\"ListItem\",\"position\":1,\"name\":\"Accueil\",\"item\":\"https:\/\/stourm.news\/\"},{\"@type\":\"ListItem\",\"position\":2,\"name\":\"Saint-Brieuc : l&rsquo;extr\u00eame-gauche organise une manifestation contre \u00ab\u00a0l\u2019extr\u00eame droite\u00a0\u00bb le 21 avril\"}]},{\"@type\":\"WebSite\",\"@id\":\"https:\/\/stourm.news\/#website\",\"url\":\"https:\/\/stourm.news\/\",\"name\":\"Stourm\",\"description\":\"Kazetenn Strollad Broadel Breizh\",\"publisher\":{\"@id\":\"https:\/\/stourm.news\/#organization\"},\"potentialAction\":[{\"@type\":\"SearchAction\",\"target\":{\"@type\":\"EntryPoint\",\"urlTemplate\":\"https:\/\/stourm.news\/?s={search_term_string}\"},\"query-input\":{\"@type\":\"PropertyValueSpecification\",\"valueRequired\":true,\"valueName\":\"search_term_string\"}}],\"inLanguage\":\"fr-FR\"},{\"@type\":\"Organization\",\"@id\":\"https:\/\/stourm.news\/#organization\",\"name\":\"Stourm\",\"url\":\"https:\/\/stourm.news\/\",\"logo\":{\"@type\":\"ImageObject\",\"inLanguage\":\"fr-FR\",\"@id\":\"https:\/\/stourm.news\/#\/schema\/logo\/image\/\",\"url\":\"https:\/\/stourm.news\/wp-content\/uploads\/2025\/11\/cropped-Capture-decran-2025-11-28-a-15.19.07.png\",\"contentUrl\":\"https:\/\/stourm.news\/wp-content\/uploads\/2025\/11\/cropped-Capture-decran-2025-11-28-a-15.19.07.png\",\"width\":1855,\"height\":383,\"caption\":\"Stourm\"},\"image\":{\"@id\":\"https:\/\/stourm.news\/#\/schema\/logo\/image\/\"},\"sameAs\":[\"https:\/\/www.facebook.com\/stourmnews\/\"]},{\"@type\":\"Person\",\"@id\":\"https:\/\/stourm.news\/#\/schema\/person\/c3e1dc65988632e190969234ef046cf9\",\"name\":\"La r\u00e9daction\",\"image\":{\"@type\":\"ImageObject\",\"inLanguage\":\"fr-FR\",\"@id\":\"https:\/\/stourm.news\/#\/schema\/person\/image\/\",\"url\":\"https:\/\/secure.gravatar.com\/avatar\/7463443f194b6b5fb706b074ca0ef59a0cfcfd720cb47764b0ec5a952ce422b3?s=96&d=mm&r=g\",\"contentUrl\":\"https:\/\/secure.gravatar.com\/avatar\/7463443f194b6b5fb706b074ca0ef59a0cfcfd720cb47764b0ec5a952ce422b3?s=96&d=mm&r=g\",\"caption\":\"La r\u00e9daction\"},\"sameAs\":[\"https:\/\/stourm.news\"],\"url\":\"https:\/\/stourm.news\/?author=1\"}]}<\/script>\n<!-- \/ Yoast SEO plugin. -->","yoast_head_json":{"title":"Saint-Brieuc : l'extr\u00eame-gauche organise une manifestation contre \"l\u2019extr\u00eame droite\" le 21 avril - STOURM","robots":{"index":"index","follow":"follow","max-snippet":"max-snippet:-1","max-image-preview":"max-image-preview:large","max-video-preview":"max-video-preview:-1"},"canonical":"https:\/\/stourm.news\/?p=1019","og_locale":"fr_FR","og_type":"article","og_title":"Saint-Brieuc : l'extr\u00eame-gauche organise une manifestation contre \"l\u2019extr\u00eame droite\" le 21 avril - STOURM","og_description":"Le Front commun antifasciste des C\u00f4tes-d\u2019Armor, cr\u00e9\u00e9 en d\u00e9cembre 2023, organise une manifestation r\u00e9gionale contre l\u2019extr\u00eame droite pour la justice sociale et la solidarit\u00e9. Elle partira du parc des Promenades, \u00e0 Saint-Brieuc (C\u00f4tes-d\u2019Armor), le dimanche 21 avril 2024. Abandon du projet d\u2019accueil de r\u00e9fugi\u00e9s \u00e0 Callac, tags antis\u00e9mites et n\u00e9onazis sur des locaux d\u2019organisations syndicales, [&hellip;]","og_url":"https:\/\/stourm.news\/?p=1019","og_site_name":"STOURM","article_publisher":"https:\/\/www.facebook.com\/stourmnews\/","article_published_time":"2024-04-19T07:27:47+00:00","og_image":[{"width":771,"height":493,"url":"https:\/\/stourm.news\/wp-content\/uploads\/2024\/04\/Capture-decran-2003.png","type":"image\/png"}],"author":"La r\u00e9daction","twitter_card":"summary_large_image","twitter_misc":{"\u00c9crit par":"La r\u00e9daction","Dur\u00e9e de lecture estim\u00e9e":"1 minute"},"schema":{"@context":"https:\/\/schema.org","@graph":[{"@type":"Article","@id":"https:\/\/stourm.news\/?p=1019#article","isPartOf":{"@id":"https:\/\/stourm.news\/?p=1019"},"author":{"name":"La r\u00e9daction","@id":"https:\/\/stourm.news\/#\/schema\/person\/c3e1dc65988632e190969234ef046cf9"},"headline":"Saint-Brieuc : l&rsquo;extr\u00eame-gauche organise une manifestation contre \u00ab\u00a0l\u2019extr\u00eame droite\u00a0\u00bb le 21 avril","datePublished":"2024-04-19T07:27:47+00:00","mainEntityOfPage":{"@id":"https:\/\/stourm.news\/?p=1019"},"wordCount":141,"commentCount":0,"publisher":{"@id":"https:\/\/stourm.news\/#organization"},"image":{"@id":"https:\/\/stourm.news\/?p=1019#primaryimage"},"thumbnailUrl":"https:\/\/stourm.news\/wp-content\/uploads\/2024\/04\/Capture-decran-2003.png","articleSection":["C\u00f4tes d'Armor","Extr\u00eame-gauche","Revue de presse"],"inLanguage":"fr-FR","potentialAction":[{"@type":"CommentAction","name":"Comment","target":["https:\/\/stourm.news\/?p=1019#respond"]}]},{"@type":"WebPage","@id":"https:\/\/stourm.news\/?p=1019","url":"https:\/\/stourm.news\/?p=1019","name":"Saint-Brieuc : l'extr\u00eame-gauche organise une manifestation contre \"l\u2019extr\u00eame droite\" le 21 avril - STOURM","isPartOf":{"@id":"https:\/\/stourm.news\/#website"},"primaryImageOfPage":{"@id":"https:\/\/stourm.news\/?p=1019#primaryimage"},"image":{"@id":"https:\/\/stourm.news\/?p=1019#primaryimage"},"thumbnailUrl":"https:\/\/stourm.news\/wp-content\/uploads\/2024\/04\/Capture-decran-2003.png","datePublished":"2024-04-19T07:27:47+00:00","breadcrumb":{"@id":"https:\/\/stourm.news\/?p=1019#breadcrumb"},"inLanguage":"fr-FR","potentialAction":[{"@type":"ReadAction","target":["https:\/\/stourm.news\/?p=1019"]}]},{"@type":"ImageObject","inLanguage":"fr-FR","@id":"https:\/\/stourm.news\/?p=1019#primaryimage","url":"https:\/\/stourm.news\/wp-content\/uploads\/2024\/04\/Capture-decran-2003.png","contentUrl":"https:\/\/stourm.news\/wp-content\/uploads\/2024\/04\/Capture-decran-2003.png","width":771,"height":493},{"@type":"BreadcrumbList","@id":"https:\/\/stourm.news\/?p=1019#breadcrumb","itemListElement":[{"@type":"ListItem","position":1,"name":"Accueil","item":"https:\/\/stourm.news\/"},{"@type":"ListItem","position":2,"name":"Saint-Brieuc : l&rsquo;extr\u00eame-gauche organise une manifestation contre \u00ab\u00a0l\u2019extr\u00eame droite\u00a0\u00bb le 21 avril"}]},{"@type":"WebSite","@id":"https:\/\/stourm.news\/#website","url":"https:\/\/stourm.news\/","name":"Stourm","description":"Kazetenn Strollad Broadel Breizh","publisher":{"@id":"https:\/\/stourm.news\/#organization"},"potentialAction":[{"@type":"SearchAction","target":{"@type":"EntryPoint","urlTemplate":"https:\/\/stourm.news\/?s={search_term_string}"},"query-input":{"@type":"PropertyValueSpecification","valueRequired":true,"valueName":"search_term_string"}}],"inLanguage":"fr-FR"},{"@type":"Organization","@id":"https:\/\/stourm.news\/#organization","name":"Stourm","url":"https:\/\/stourm.news\/","logo":{"@type":"ImageObject","inLanguage":"fr-FR","@id":"https:\/\/stourm.news\/#\/schema\/logo\/image\/","url":"https:\/\/stourm.news\/wp-content\/uploads\/2025\/11\/cropped-Capture-decran-2025-11-28-a-15.19.07.png","contentUrl":"https:\/\/stourm.news\/wp-content\/uploads\/2025\/11\/cropped-Capture-decran-2025-11-28-a-15.19.07.png","width":1855,"height":383,"caption":"Stourm"},"image":{"@id":"https:\/\/stourm.news\/#\/schema\/logo\/image\/"},"sameAs":["https:\/\/www.facebook.com\/stourmnews\/"]},{"@type":"Person","@id":"https:\/\/stourm.news\/#\/schema\/person\/c3e1dc65988632e190969234ef046cf9","name":"La r\u00e9daction","image":{"@type":"ImageObject","inLanguage":"fr-FR","@id":"https:\/\/stourm.news\/#\/schema\/person\/image\/","url":"https:\/\/secure.gravatar.com\/avatar\/7463443f194b6b5fb706b074ca0ef59a0cfcfd720cb47764b0ec5a952ce422b3?s=96&d=mm&r=g","contentUrl":"https:\/\/secure.gravatar.com\/avatar\/7463443f194b6b5fb706b074ca0ef59a0cfcfd720cb47764b0ec5a952ce422b3?s=96&d=mm&r=g","caption":"La r\u00e9daction"},"sameAs":["https:\/\/stourm.news"],"url":"https:\/\/stourm.news\/?author=1"}]}},"_links":{"self":[{"href":"https:\/\/stourm.news\/index.php?rest_route=\/wp\/v2\/posts\/1019","targetHints":{"allow":["GET"]}}],"collection":[{"href":"https:\/\/stourm.news\/index.php?rest_route=\/wp\/v2\/posts"}],"about":[{"href":"https:\/\/stourm.news\/index.php?rest_route=\/wp\/v2\/types\/post"}],"author":[{"embeddable":true,"href":"https:\/\/stourm.news\/index.php?rest_route=\/wp\/v2\/users\/1"}],"replies":[{"embeddable":true,"href":"https:\/\/stourm.news\/index.php?rest_route=%2Fwp%2Fv2%2Fcomments&post=1019"}],"version-history":[{"count":1,"href":"https:\/\/stourm.news\/index.php?rest_route=\/wp\/v2\/posts\/1019\/revisions"}],"predecessor-version":[{"id":1021,"href":"https:\/\/stourm.news\/index.php?rest_route=\/wp\/v2\/posts\/1019\/revisions\/1021"}],"wp:featuredmedia":[{"embeddable":true,"href":"https:\/\/stourm.news\/index.php?rest_route=\/wp\/v2\/media\/1020"}],"wp:attachment":[{"href":"https:\/\/stourm.news\/index.php?rest_route=%2Fwp%2Fv2%2Fmedia&parent=1019"}],"wp:term":[{"taxonomy":"category","embeddable":true,"href":"https:\/\/stourm.news\/index.php?rest_route=%2Fwp%2Fv2%2Fcategories&post=1019"},{"taxonomy":"post_tag","embeddable":true,"href":"https:\/\/stourm.news\/index.php?rest_route=%2Fwp%2Fv2%2Ftags&post=1019"}],"curies":[{"name":"wp","href":"https:\/\/api.w.org\/{rel}","templated":true}]}}