{"id":1022,"date":"2024-04-19T07:33:28","date_gmt":"2024-04-19T07:33:28","guid":{"rendered":"https:\/\/stourm.news\/?p=1022"},"modified":"2024-04-19T07:33:28","modified_gmt":"2024-04-19T07:33:28","slug":"18-avril-1675-la-revolution-bretonne-contre-lexploitation-francaise-eclate","status":"publish","type":"post","link":"https:\/\/stourm.news\/?p=1022","title":{"rendered":"18 avril 1675 : la r\u00e9volution bretonne contre l\u2019exploitation fran\u00e7aise \u00e9clate !"},"content":{"rendered":"<p style=\"text-align: justify;\">Il y a 349 ans, le 18 avril 1675, \u00e9clate \u00e0 Rennes une r\u00e9volte qui prend vite la dimension d\u2019une r\u00e9volution. Les violences de rue sont le r\u00e9sultat de la d\u00e9cision de Paris de s\u2019arroger le monopole de la lucrative vente du tabac afin de financer la guerre d\u2019agression fran\u00e7aise contre les Pays-Bas.<\/p>\n<p style=\"text-align: justify;\">Quoique annex\u00e9e ill\u00e9galement en 1532 \u00e0 la faveur d\u2019un coup d\u2019\u00e9tat orchestr\u00e9 \u00e0 Gwened (Vannes) par Fran\u00e7ois Ier, la Bretagne demeure consciente de sa nationalit\u00e9. Ses institutions nationales, les \u00c9tat et le parlement de Bretagne, en sont les garantes. Les imp\u00f4ts et taxes en particulier rel\u00e8vent de leur seule comp\u00e9tence, ce qui donne une dimension \u00e9minemment nationale au coup de force de Paris.<\/p>\n<p style=\"text-align: justify;\">Tr\u00e8s vite, la r\u00e9volte devient une r\u00e9volution lorsque les masses bretonnes s\u2019organisent un peu partout dans le pays pour d\u00e9fier la monarchie fran\u00e7aise. \u00a0Tous les repr\u00e9sentants de la classe compradore sont attaqu\u00e9s.<\/p>\n<p style=\"text-align: justify;\">Formul\u00e9es dans diff\u00e9rents textes, les revendications prennent une large dimension nationale et sociale, avec la d\u00e9nonciation des abus des serviteurs de la monarchie fran\u00e7aise et l\u2019exigence du respect des libert\u00e9s bretonnes.<\/p>\n<p style=\"text-align: justify;\"><img fetchpriority=\"high\" decoding=\"async\" class=\"size-medium aligncenter\" src=\"https:\/\/plomeur.com\/wp-content\/uploads\/2018\/08\/DM1-LA-CHAPELLE-DE-TRE%CC%81MINOU.jpeg\" width=\"1920\" height=\"1280\" \/><\/p>\n<p style=\"text-align: justify;\"><em>Le Code Breton, manifeste r\u00e9volutionnaire, est r\u00e9dig\u00e9 par les Bretons insurg\u00e9s \u00e0 Notre-Dame de Kerminou en juin 1675<\/em><\/p>\n<p style=\"text-align: justify;\">Le Pays Bigouden s\u2019illustre dans le soul\u00e8vement, organis\u00e9e en bloc insurg\u00e9, allant m\u00eame jusqu\u2019\u00e0 Douarnenez et Konk Kerne (Concarneau). \u00c0 Karaez (Carhaix), le chef breton Sebastian Ar Balp r\u00e9unit 30,000 r\u00e9volutionnaires et attaque le repr\u00e9sentant du roi de France avant d\u2019\u00eatre malheureusement assassin\u00e9 alors qu\u2019il pr\u00e9pare l\u2019extension de l\u2019insurrection contre l\u2019occupant fran\u00e7ais.<\/p>\n<p style=\"text-align: justify;\">Le r\u00e9gime semi-colonial qui contr\u00f4le la Bretagne d\u00e9cide de r\u00e9primer ce soul\u00e8vement r\u00e9volutionnaire par l\u2019envoi de la force arm\u00e9e.\u00a0Les Fran\u00e7ais, inquiets des efforts des patriotes bretons qui ont envoy\u00e9 une ambassade aupr\u00e8s des Hollandais pour les aider \u00e0 lib\u00e9rer la Bretagne de l\u2019oppression fran\u00e7aise, h\u00e9sitent sur la fa\u00e7on de r\u00e9primer le peuple breton.<\/p>\n<p style=\"text-align: justify;\">\u00c0 leur arriv\u00e9e, les troupes fran\u00e7aises multiplient les exactions, traquent les r\u00e9volutionnaires bretons et soumettent les villages \u00e0 la pointe du mouvement \u00e0 d\u2019humiliants ch\u00e2timents collectifs. La destruction des clochers est rest\u00e9e une des marques de la sauvagerie fran\u00e7aise.<\/p>\n<p style=\"text-align: justify;\"><img decoding=\"async\" class=\"size-medium aligncenter\" src=\"https:\/\/upload.wikimedia.org\/wikipedia\/commons\/4\/4b\/Iliz_Lanvourc%27h.JPG\" width=\"2869\" height=\"1776\" \/><\/p>\n<p style=\"text-align: justify;\">Les Fran\u00e7ais, assoiff\u00e9s de destruction, soumettent les Bretons \u00e0 la pleine r\u00e9pression, proc\u00e9dant \u00e0 des ex\u00e9cutions publiques, tandis que Colbert, ministre du tyran Louis XIV, exige et obtient des \u00c9tats de Bretagne le paiement d\u2019un tribut personnel en plus d\u2019une large augmentation des imp\u00f4ts pour financer les guerres d\u2019agression fran\u00e7aises. Les Bretons doivent \u00e9galement payer l\u2019entretien des troupes fran\u00e7aises qui les r\u00e9priment, 20,000 soudards au total, pour l\u2019essentiel compos\u00e9s de violeurs et d\u2019assassins venus de France.<\/p>\n<p style=\"text-align: justify;\">La r\u00e9volution des Bonnets Rouges demeure encore aujourd\u2019hui l\u2019exemple du caract\u00e8re indissociable du nationalisme et de la lutte sociale, du soul\u00e8vement d\u2019une nation contre l\u2019\u00e9tranger qui l\u2019opprime par la force et le racket. Sans conscience nationale, les Bretons insurg\u00e9s n\u2019auraient pas articul\u00e9 le soul\u00e8vement r\u00e9volutionnaire avec les droits de la Bretagne que l\u2019annexion fran\u00e7aise n\u2019avait pas pu abolir, droits nationaux auxquels les r\u00e9volutionnaires ajoutent ceux du peuple breton face \u00e0 la classe coloniale qui l\u2019exploite pour le compte de la monarchie fran\u00e7aise.<\/p>\n<p style=\"text-align: justify;\">Aujourd\u2019hui encore, cette dialectique reste intacte. La classe politique compradore, charg\u00e9e d\u2019administrer la Bretagne pour le compte de l\u2019\u00c9tat fran\u00e7ais, se dresse contre l\u2019\u00e9mancipation nationale et sociale du peuple breton, consciente du fait que le statu quo colonial assur\u00e9 par la bourgeoisie fran\u00e7aise garantit sa position. L\u00e0 aussi, c\u2019est bien la fin du pillage fiscal de la patrie par l\u2019occupant \u00e9tranger qui est au coeur du combat pour l\u2019ind\u00e9pendance de la Bretagne et de son peuple. La lutte pour la libert\u00e9 nationale de la Bretagne implique plus que jamais la fin de la lev\u00e9e de l\u2019imp\u00f4t en Bretagne par l\u2019\u00c9tat fran\u00e7ais, pr\u00e9rogative exclusive de la nation bretonne et de son \u00e9tat.<\/p>\n<p style=\"text-align: justify;\"><strong>Gloire \u00e0 nos \u00e9minents pr\u00e9d\u00e9cesseurs !<\/strong><\/p>\n<p style=\"text-align: justify;\"><strong>Bretagne libre, sociale et nationale !<\/strong><\/p>\n<p style=\"text-align: justify;\"><strong>Ewen Broc\u2019han<\/strong><\/p>\n","protected":false},"excerpt":{"rendered":"<p>Il y a 349 ans, le 18 avril 1675, \u00e9clate \u00e0 Rennes une r\u00e9volte qui prend vite la dimension d\u2019une r\u00e9volution. Les violences de rue sont le r\u00e9sultat de la d\u00e9cision de Paris de s\u2019arroger le monopole de la lucrative vente du tabac afin de financer la guerre d\u2019agression fran\u00e7aise contre les Pays-Bas. Quoique annex\u00e9e [&hellip;]<\/p>\n","protected":false},"author":1,"featured_media":1023,"comment_status":"open","ping_status":"open","sticky":false,"template":"","format":"standard","meta":{"sb_editor_width":"","footnotes":""},"categories":[58,50],"tags":[],"class_list":["post-1022","post","type-post","status-publish","format-standard","has-post-thumbnail","hentry","category-breizh","category-histoire-de-bretagne"],"relative_dates":{"created":"2 ans ago","modified":"2 ans ago"},"yoast_head":"<!-- This site is optimized with the Yoast SEO plugin v26.3 - https:\/\/yoast.com\/wordpress\/plugins\/seo\/ -->\n<title>18 avril 1675 : la r\u00e9volution bretonne contre l\u2019exploitation fran\u00e7aise \u00e9clate ! - STOURM<\/title>\n<meta name=\"robots\" content=\"index, follow, max-snippet:-1, max-image-preview:large, max-video-preview:-1\" \/>\n<link rel=\"canonical\" href=\"https:\/\/stourm.news\/?p=1022\" \/>\n<meta property=\"og:locale\" content=\"fr_FR\" \/>\n<meta property=\"og:type\" content=\"article\" \/>\n<meta property=\"og:title\" content=\"18 avril 1675 : la r\u00e9volution bretonne contre l\u2019exploitation fran\u00e7aise \u00e9clate ! - STOURM\" \/>\n<meta property=\"og:description\" content=\"Il y a 349 ans, le 18 avril 1675, \u00e9clate \u00e0 Rennes une r\u00e9volte qui prend vite la dimension d\u2019une r\u00e9volution. Les violences de rue sont le r\u00e9sultat de la d\u00e9cision de Paris de s\u2019arroger le monopole de la lucrative vente du tabac afin de financer la guerre d\u2019agression fran\u00e7aise contre les Pays-Bas. Quoique annex\u00e9e [&hellip;]\" \/>\n<meta property=\"og:url\" content=\"https:\/\/stourm.news\/?p=1022\" \/>\n<meta property=\"og:site_name\" content=\"STOURM\" \/>\n<meta property=\"article:publisher\" content=\"https:\/\/www.facebook.com\/stourmnews\/\" \/>\n<meta property=\"article:published_time\" content=\"2024-04-19T07:33:28+00:00\" \/>\n<meta property=\"og:image\" content=\"https:\/\/stourm.news\/wp-content\/uploads\/2024\/04\/GLb-tifacAA4wWW.jpg\" \/>\n\t<meta property=\"og:image:width\" content=\"680\" \/>\n\t<meta property=\"og:image:height\" content=\"647\" \/>\n\t<meta property=\"og:image:type\" content=\"image\/jpeg\" \/>\n<meta name=\"author\" content=\"La r\u00e9daction\" \/>\n<meta name=\"twitter:card\" content=\"summary_large_image\" \/>\n<meta name=\"twitter:label1\" content=\"\u00c9crit par\" \/>\n\t<meta name=\"twitter:data1\" content=\"La r\u00e9daction\" \/>\n\t<meta name=\"twitter:label2\" content=\"Dur\u00e9e de lecture estim\u00e9e\" \/>\n\t<meta name=\"twitter:data2\" content=\"4 minutes\" \/>\n<script type=\"application\/ld+json\" class=\"yoast-schema-graph\">{\"@context\":\"https:\/\/schema.org\",\"@graph\":[{\"@type\":\"Article\",\"@id\":\"https:\/\/stourm.news\/?p=1022#article\",\"isPartOf\":{\"@id\":\"https:\/\/stourm.news\/?p=1022\"},\"author\":{\"name\":\"La r\u00e9daction\",\"@id\":\"https:\/\/stourm.news\/#\/schema\/person\/c3e1dc65988632e190969234ef046cf9\"},\"headline\":\"18 avril 1675 : la r\u00e9volution bretonne contre l\u2019exploitation fran\u00e7aise \u00e9clate !\",\"datePublished\":\"2024-04-19T07:33:28+00:00\",\"mainEntityOfPage\":{\"@id\":\"https:\/\/stourm.news\/?p=1022\"},\"wordCount\":738,\"commentCount\":0,\"publisher\":{\"@id\":\"https:\/\/stourm.news\/#organization\"},\"image\":{\"@id\":\"https:\/\/stourm.news\/?p=1022#primaryimage\"},\"thumbnailUrl\":\"https:\/\/stourm.news\/wp-content\/uploads\/2024\/04\/GLb-tifacAA4wWW.jpg\",\"articleSection\":[\"Breizh\",\"Histoire de Bretagne\"],\"inLanguage\":\"fr-FR\",\"potentialAction\":[{\"@type\":\"CommentAction\",\"name\":\"Comment\",\"target\":[\"https:\/\/stourm.news\/?p=1022#respond\"]}]},{\"@type\":\"WebPage\",\"@id\":\"https:\/\/stourm.news\/?p=1022\",\"url\":\"https:\/\/stourm.news\/?p=1022\",\"name\":\"18 avril 1675 : la r\u00e9volution bretonne contre l\u2019exploitation fran\u00e7aise \u00e9clate ! - STOURM\",\"isPartOf\":{\"@id\":\"https:\/\/stourm.news\/#website\"},\"primaryImageOfPage\":{\"@id\":\"https:\/\/stourm.news\/?p=1022#primaryimage\"},\"image\":{\"@id\":\"https:\/\/stourm.news\/?p=1022#primaryimage\"},\"thumbnailUrl\":\"https:\/\/stourm.news\/wp-content\/uploads\/2024\/04\/GLb-tifacAA4wWW.jpg\",\"datePublished\":\"2024-04-19T07:33:28+00:00\",\"breadcrumb\":{\"@id\":\"https:\/\/stourm.news\/?p=1022#breadcrumb\"},\"inLanguage\":\"fr-FR\",\"potentialAction\":[{\"@type\":\"ReadAction\",\"target\":[\"https:\/\/stourm.news\/?p=1022\"]}]},{\"@type\":\"ImageObject\",\"inLanguage\":\"fr-FR\",\"@id\":\"https:\/\/stourm.news\/?p=1022#primaryimage\",\"url\":\"https:\/\/stourm.news\/wp-content\/uploads\/2024\/04\/GLb-tifacAA4wWW.jpg\",\"contentUrl\":\"https:\/\/stourm.news\/wp-content\/uploads\/2024\/04\/GLb-tifacAA4wWW.jpg\",\"width\":680,\"height\":647},{\"@type\":\"BreadcrumbList\",\"@id\":\"https:\/\/stourm.news\/?p=1022#breadcrumb\",\"itemListElement\":[{\"@type\":\"ListItem\",\"position\":1,\"name\":\"Accueil\",\"item\":\"https:\/\/stourm.news\/\"},{\"@type\":\"ListItem\",\"position\":2,\"name\":\"18 avril 1675 : la r\u00e9volution bretonne contre l\u2019exploitation fran\u00e7aise \u00e9clate !\"}]},{\"@type\":\"WebSite\",\"@id\":\"https:\/\/stourm.news\/#website\",\"url\":\"https:\/\/stourm.news\/\",\"name\":\"Stourm\",\"description\":\"Kazetenn Strollad Broadel Breizh\",\"publisher\":{\"@id\":\"https:\/\/stourm.news\/#organization\"},\"potentialAction\":[{\"@type\":\"SearchAction\",\"target\":{\"@type\":\"EntryPoint\",\"urlTemplate\":\"https:\/\/stourm.news\/?s={search_term_string}\"},\"query-input\":{\"@type\":\"PropertyValueSpecification\",\"valueRequired\":true,\"valueName\":\"search_term_string\"}}],\"inLanguage\":\"fr-FR\"},{\"@type\":\"Organization\",\"@id\":\"https:\/\/stourm.news\/#organization\",\"name\":\"Stourm\",\"url\":\"https:\/\/stourm.news\/\",\"logo\":{\"@type\":\"ImageObject\",\"inLanguage\":\"fr-FR\",\"@id\":\"https:\/\/stourm.news\/#\/schema\/logo\/image\/\",\"url\":\"https:\/\/stourm.news\/wp-content\/uploads\/2025\/11\/cropped-Capture-decran-2025-11-28-a-15.19.07.png\",\"contentUrl\":\"https:\/\/stourm.news\/wp-content\/uploads\/2025\/11\/cropped-Capture-decran-2025-11-28-a-15.19.07.png\",\"width\":1855,\"height\":383,\"caption\":\"Stourm\"},\"image\":{\"@id\":\"https:\/\/stourm.news\/#\/schema\/logo\/image\/\"},\"sameAs\":[\"https:\/\/www.facebook.com\/stourmnews\/\"]},{\"@type\":\"Person\",\"@id\":\"https:\/\/stourm.news\/#\/schema\/person\/c3e1dc65988632e190969234ef046cf9\",\"name\":\"La r\u00e9daction\",\"image\":{\"@type\":\"ImageObject\",\"inLanguage\":\"fr-FR\",\"@id\":\"https:\/\/stourm.news\/#\/schema\/person\/image\/\",\"url\":\"https:\/\/secure.gravatar.com\/avatar\/7463443f194b6b5fb706b074ca0ef59a0cfcfd720cb47764b0ec5a952ce422b3?s=96&d=mm&r=g\",\"contentUrl\":\"https:\/\/secure.gravatar.com\/avatar\/7463443f194b6b5fb706b074ca0ef59a0cfcfd720cb47764b0ec5a952ce422b3?s=96&d=mm&r=g\",\"caption\":\"La r\u00e9daction\"},\"sameAs\":[\"https:\/\/stourm.news\"],\"url\":\"https:\/\/stourm.news\/?author=1\"}]}<\/script>\n<!-- \/ Yoast SEO plugin. -->","yoast_head_json":{"title":"18 avril 1675 : la r\u00e9volution bretonne contre l\u2019exploitation fran\u00e7aise \u00e9clate ! - STOURM","robots":{"index":"index","follow":"follow","max-snippet":"max-snippet:-1","max-image-preview":"max-image-preview:large","max-video-preview":"max-video-preview:-1"},"canonical":"https:\/\/stourm.news\/?p=1022","og_locale":"fr_FR","og_type":"article","og_title":"18 avril 1675 : la r\u00e9volution bretonne contre l\u2019exploitation fran\u00e7aise \u00e9clate ! - STOURM","og_description":"Il y a 349 ans, le 18 avril 1675, \u00e9clate \u00e0 Rennes une r\u00e9volte qui prend vite la dimension d\u2019une r\u00e9volution. Les violences de rue sont le r\u00e9sultat de la d\u00e9cision de Paris de s\u2019arroger le monopole de la lucrative vente du tabac afin de financer la guerre d\u2019agression fran\u00e7aise contre les Pays-Bas. Quoique annex\u00e9e [&hellip;]","og_url":"https:\/\/stourm.news\/?p=1022","og_site_name":"STOURM","article_publisher":"https:\/\/www.facebook.com\/stourmnews\/","article_published_time":"2024-04-19T07:33:28+00:00","og_image":[{"width":680,"height":647,"url":"https:\/\/stourm.news\/wp-content\/uploads\/2024\/04\/GLb-tifacAA4wWW.jpg","type":"image\/jpeg"}],"author":"La r\u00e9daction","twitter_card":"summary_large_image","twitter_misc":{"\u00c9crit par":"La r\u00e9daction","Dur\u00e9e de lecture estim\u00e9e":"4 minutes"},"schema":{"@context":"https:\/\/schema.org","@graph":[{"@type":"Article","@id":"https:\/\/stourm.news\/?p=1022#article","isPartOf":{"@id":"https:\/\/stourm.news\/?p=1022"},"author":{"name":"La r\u00e9daction","@id":"https:\/\/stourm.news\/#\/schema\/person\/c3e1dc65988632e190969234ef046cf9"},"headline":"18 avril 1675 : la r\u00e9volution bretonne contre l\u2019exploitation fran\u00e7aise \u00e9clate !","datePublished":"2024-04-19T07:33:28+00:00","mainEntityOfPage":{"@id":"https:\/\/stourm.news\/?p=1022"},"wordCount":738,"commentCount":0,"publisher":{"@id":"https:\/\/stourm.news\/#organization"},"image":{"@id":"https:\/\/stourm.news\/?p=1022#primaryimage"},"thumbnailUrl":"https:\/\/stourm.news\/wp-content\/uploads\/2024\/04\/GLb-tifacAA4wWW.jpg","articleSection":["Breizh","Histoire de Bretagne"],"inLanguage":"fr-FR","potentialAction":[{"@type":"CommentAction","name":"Comment","target":["https:\/\/stourm.news\/?p=1022#respond"]}]},{"@type":"WebPage","@id":"https:\/\/stourm.news\/?p=1022","url":"https:\/\/stourm.news\/?p=1022","name":"18 avril 1675 : la r\u00e9volution bretonne contre l\u2019exploitation fran\u00e7aise \u00e9clate ! - STOURM","isPartOf":{"@id":"https:\/\/stourm.news\/#website"},"primaryImageOfPage":{"@id":"https:\/\/stourm.news\/?p=1022#primaryimage"},"image":{"@id":"https:\/\/stourm.news\/?p=1022#primaryimage"},"thumbnailUrl":"https:\/\/stourm.news\/wp-content\/uploads\/2024\/04\/GLb-tifacAA4wWW.jpg","datePublished":"2024-04-19T07:33:28+00:00","breadcrumb":{"@id":"https:\/\/stourm.news\/?p=1022#breadcrumb"},"inLanguage":"fr-FR","potentialAction":[{"@type":"ReadAction","target":["https:\/\/stourm.news\/?p=1022"]}]},{"@type":"ImageObject","inLanguage":"fr-FR","@id":"https:\/\/stourm.news\/?p=1022#primaryimage","url":"https:\/\/stourm.news\/wp-content\/uploads\/2024\/04\/GLb-tifacAA4wWW.jpg","contentUrl":"https:\/\/stourm.news\/wp-content\/uploads\/2024\/04\/GLb-tifacAA4wWW.jpg","width":680,"height":647},{"@type":"BreadcrumbList","@id":"https:\/\/stourm.news\/?p=1022#breadcrumb","itemListElement":[{"@type":"ListItem","position":1,"name":"Accueil","item":"https:\/\/stourm.news\/"},{"@type":"ListItem","position":2,"name":"18 avril 1675 : la r\u00e9volution bretonne contre l\u2019exploitation fran\u00e7aise \u00e9clate !"}]},{"@type":"WebSite","@id":"https:\/\/stourm.news\/#website","url":"https:\/\/stourm.news\/","name":"Stourm","description":"Kazetenn Strollad Broadel Breizh","publisher":{"@id":"https:\/\/stourm.news\/#organization"},"potentialAction":[{"@type":"SearchAction","target":{"@type":"EntryPoint","urlTemplate":"https:\/\/stourm.news\/?s={search_term_string}"},"query-input":{"@type":"PropertyValueSpecification","valueRequired":true,"valueName":"search_term_string"}}],"inLanguage":"fr-FR"},{"@type":"Organization","@id":"https:\/\/stourm.news\/#organization","name":"Stourm","url":"https:\/\/stourm.news\/","logo":{"@type":"ImageObject","inLanguage":"fr-FR","@id":"https:\/\/stourm.news\/#\/schema\/logo\/image\/","url":"https:\/\/stourm.news\/wp-content\/uploads\/2025\/11\/cropped-Capture-decran-2025-11-28-a-15.19.07.png","contentUrl":"https:\/\/stourm.news\/wp-content\/uploads\/2025\/11\/cropped-Capture-decran-2025-11-28-a-15.19.07.png","width":1855,"height":383,"caption":"Stourm"},"image":{"@id":"https:\/\/stourm.news\/#\/schema\/logo\/image\/"},"sameAs":["https:\/\/www.facebook.com\/stourmnews\/"]},{"@type":"Person","@id":"https:\/\/stourm.news\/#\/schema\/person\/c3e1dc65988632e190969234ef046cf9","name":"La r\u00e9daction","image":{"@type":"ImageObject","inLanguage":"fr-FR","@id":"https:\/\/stourm.news\/#\/schema\/person\/image\/","url":"https:\/\/secure.gravatar.com\/avatar\/7463443f194b6b5fb706b074ca0ef59a0cfcfd720cb47764b0ec5a952ce422b3?s=96&d=mm&r=g","contentUrl":"https:\/\/secure.gravatar.com\/avatar\/7463443f194b6b5fb706b074ca0ef59a0cfcfd720cb47764b0ec5a952ce422b3?s=96&d=mm&r=g","caption":"La r\u00e9daction"},"sameAs":["https:\/\/stourm.news"],"url":"https:\/\/stourm.news\/?author=1"}]}},"_links":{"self":[{"href":"https:\/\/stourm.news\/index.php?rest_route=\/wp\/v2\/posts\/1022","targetHints":{"allow":["GET"]}}],"collection":[{"href":"https:\/\/stourm.news\/index.php?rest_route=\/wp\/v2\/posts"}],"about":[{"href":"https:\/\/stourm.news\/index.php?rest_route=\/wp\/v2\/types\/post"}],"author":[{"embeddable":true,"href":"https:\/\/stourm.news\/index.php?rest_route=\/wp\/v2\/users\/1"}],"replies":[{"embeddable":true,"href":"https:\/\/stourm.news\/index.php?rest_route=%2Fwp%2Fv2%2Fcomments&post=1022"}],"version-history":[{"count":1,"href":"https:\/\/stourm.news\/index.php?rest_route=\/wp\/v2\/posts\/1022\/revisions"}],"predecessor-version":[{"id":1024,"href":"https:\/\/stourm.news\/index.php?rest_route=\/wp\/v2\/posts\/1022\/revisions\/1024"}],"wp:featuredmedia":[{"embeddable":true,"href":"https:\/\/stourm.news\/index.php?rest_route=\/wp\/v2\/media\/1023"}],"wp:attachment":[{"href":"https:\/\/stourm.news\/index.php?rest_route=%2Fwp%2Fv2%2Fmedia&parent=1022"}],"wp:term":[{"taxonomy":"category","embeddable":true,"href":"https:\/\/stourm.news\/index.php?rest_route=%2Fwp%2Fv2%2Fcategories&post=1022"},{"taxonomy":"post_tag","embeddable":true,"href":"https:\/\/stourm.news\/index.php?rest_route=%2Fwp%2Fv2%2Ftags&post=1022"}],"curies":[{"name":"wp","href":"https:\/\/api.w.org\/{rel}","templated":true}]}}