{"id":1025,"date":"2024-04-19T07:35:49","date_gmt":"2024-04-19T07:35:49","guid":{"rendered":"https:\/\/stourm.news\/?p=1025"},"modified":"2024-04-19T07:35:49","modified_gmt":"2024-04-19T07:35:49","slug":"sous-leur-egide","status":"publish","type":"post","link":"https:\/\/stourm.news\/?p=1025","title":{"rendered":"\u00ab\u00a0Sous leur \u00e9gide\u00a0\u00bb"},"content":{"rendered":"<p style=\"text-align: justify;\">C\u2019\u00e9tait vers le milieu du neuvi\u00e8me si\u00e8cle.\u00a0L\u2019\u00e9tat de la Bretagne n\u2019\u00e9tait pas sensiblement diff\u00e9rent de la situation actuelle. Il se r\u00e9sume en quelques mots : les Bretons\u00a0n\u2019\u00e9taient plus ma\u00eetres chez eux, la Bretagne, ayant perdu son ind\u00e9pendance et sa\u00a0nationalit\u00e9, \u00e9tait devenue tributaire de la\u00a0France. Le patriotisme, cependant, ne\u00a0s\u2019\u00e9tait pas \u00e9teint chez les enfants d\u2019Armor.<\/p>\n<p style=\"text-align: justify;\">L\u2019\u00e9ternel r\u00eave d\u2019ind\u00e9pendance dont les opprim\u00e9s bercent leur amertume hantait\u00a0douloureusement le cerveau de nos p\u00e8res.\u00a0Il trouva providentiellement deux hommes r\u00e9solus \u00e0 les faire triompher. Deux seulement\u00a0: un gentilhomme et un moine.\u00a0Le\u00a0moine s\u2019enfon\u00e7a dans la solitude de Redon\u00a0et construisit un mo\u00fbtier ou nuit et jour la\u00a0voix des justes s\u2019\u00e9levaient pour demander au\u00a0Ciel le salut de toute la Bretagne, ainsi que s\u2019exprime le cartulaire de l\u2019abbaye.<\/p>\n<p style=\"text-align: justify;\">Le\u00a0gentilhomme, lui, aiguisa sa bonne lame et donna du\u00a0Korn-boud \u00e0 travers les\u00a0plaines et les monts de Breizh l\u2019opprim\u00e9e.\u00a0Bient\u00f4t, le bruit de la r\u00e9volution parvint \u00e0\u00a0Charles le Chauve et celui-ci lan\u00e7a aussit\u00f4t\u00a0sur la Bretagne une arm\u00e9e\u00a0qui devait briser toute r\u00e9sistance. De son c\u00f4t\u00e9, le roi des Bretons rassembla ses troupes.\u00a0On vit autour de lui des adolescents\u00a0pleins d\u2019enthousiasme pour la d\u00e9fense du sol ancestral ; des hommes\u00a0qui voulaient leur foyer affranchi des exactions\u00a0du Franc ; d\u2019anciens compagnons d\u2019armes de Morvan-le-Martyr et de Guiomarc\u2019h l\u2019Intr\u00e9pide, de graves et beaux vieillards\u00a0\u00e0 qui de la revanche rendait un semblant de vigueur et de vie.<\/p>\n<p style=\"text-align: justify;\">La bataille eut lieu dans les mar\u00e9cages de Ballon et dura plusieurs jours.\u00a0C\u2019est dire\u00a0qu\u2019elle fut effroyable, d\u00e9sesp\u00e9r\u00e9e. \u00c0 la fin, les Francs durent avouer leur d\u00e9faite. Leur roi\u00a0chauve s\u2019\u00e9tait honteusement enfui, abandonnant son\u00a0arm\u00e9e \u00e0 la fureur des n\u00f4tres.<\/p>\n<p style=\"text-align: justify;\">Les Bretons \u00e9taient vainqueurs et la Bretagne reprenait sa place\u00a0au nombre des nations. C\u2019\u00e9tait aux\u00a0derniers jours de juin de l\u2019an\u00a0845, il y a 1179 ans.<\/p>\n<p style=\"text-align: justify;\">En notre temps malheureux, il est bon de retourner \u00e0 nos gloires d\u2019autrefois. Le souvenir des h\u00e9ros de\u00a0notre race nous soutient\u00a0dans la lutte et illumine de ses fulgurants reflets les phases de notre action. Nous nous sentons\u00a0plus forts \u00e0 leur myst\u00e9rieux contact et, quoi qu\u2019en disent les ingrats et les pusillanimes, la voie que nous suivons est droite et s\u00fbre, car ils l\u2019ont avant nous amoureusement sillonn\u00e9e, et nous ne faisons que la reprendre, sous leur \u00e9gide, dans l\u2019aur\u00e9ole protectrice de leur exemple.<\/p>\n<p style=\"text-align: right;\"><strong>Ronan de Kermene\u00a0<\/strong><\/p>\n","protected":false},"excerpt":{"rendered":"<p>C\u2019\u00e9tait vers le milieu du neuvi\u00e8me si\u00e8cle.\u00a0L\u2019\u00e9tat de la Bretagne n\u2019\u00e9tait pas sensiblement diff\u00e9rent de la situation actuelle. Il se r\u00e9sume en quelques mots : les Bretons\u00a0n\u2019\u00e9taient plus ma\u00eetres chez eux, la Bretagne, ayant perdu son ind\u00e9pendance et sa\u00a0nationalit\u00e9, \u00e9tait devenue tributaire de la\u00a0France. Le patriotisme, cependant, ne\u00a0s\u2019\u00e9tait pas \u00e9teint chez les enfants d\u2019Armor. L\u2019\u00e9ternel [&hellip;]<\/p>\n","protected":false},"author":1,"featured_media":1026,"comment_status":"open","ping_status":"open","sticky":false,"template":"","format":"standard","meta":{"sb_editor_width":"","footnotes":""},"categories":[58,50],"tags":[],"class_list":["post-1025","post","type-post","status-publish","format-standard","has-post-thumbnail","hentry","category-breizh","category-histoire-de-bretagne"],"relative_dates":{"created":"2 ans ago","modified":"2 ans ago"},"yoast_head":"<!-- This site is optimized with the Yoast SEO plugin v26.3 - https:\/\/yoast.com\/wordpress\/plugins\/seo\/ -->\n<title>&quot;Sous leur \u00e9gide&quot; - STOURM<\/title>\n<meta name=\"robots\" content=\"index, follow, max-snippet:-1, max-image-preview:large, max-video-preview:-1\" \/>\n<link rel=\"canonical\" href=\"https:\/\/stourm.news\/?p=1025\" \/>\n<meta property=\"og:locale\" content=\"fr_FR\" \/>\n<meta property=\"og:type\" content=\"article\" \/>\n<meta property=\"og:title\" content=\"&quot;Sous leur \u00e9gide&quot; - STOURM\" \/>\n<meta property=\"og:description\" content=\"C\u2019\u00e9tait vers le milieu du neuvi\u00e8me si\u00e8cle.\u00a0L\u2019\u00e9tat de la Bretagne n\u2019\u00e9tait pas sensiblement diff\u00e9rent de la situation actuelle. Il se r\u00e9sume en quelques mots : les Bretons\u00a0n\u2019\u00e9taient plus ma\u00eetres chez eux, la Bretagne, ayant perdu son ind\u00e9pendance et sa\u00a0nationalit\u00e9, \u00e9tait devenue tributaire de la\u00a0France. Le patriotisme, cependant, ne\u00a0s\u2019\u00e9tait pas \u00e9teint chez les enfants d\u2019Armor. L\u2019\u00e9ternel [&hellip;]\" \/>\n<meta property=\"og:url\" content=\"https:\/\/stourm.news\/?p=1025\" \/>\n<meta property=\"og:site_name\" content=\"STOURM\" \/>\n<meta property=\"article:publisher\" content=\"https:\/\/www.facebook.com\/stourmnews\/\" \/>\n<meta property=\"article:published_time\" content=\"2024-04-19T07:35:49+00:00\" \/>\n<meta property=\"og:image\" content=\"https:\/\/stourm.news\/wp-content\/uploads\/2024\/04\/GLYPnIubYAAmuDX.jpg\" \/>\n\t<meta property=\"og:image:width\" content=\"680\" \/>\n\t<meta property=\"og:image:height\" content=\"680\" \/>\n\t<meta property=\"og:image:type\" content=\"image\/jpeg\" \/>\n<meta name=\"author\" content=\"La r\u00e9daction\" \/>\n<meta name=\"twitter:card\" content=\"summary_large_image\" \/>\n<meta name=\"twitter:label1\" content=\"\u00c9crit par\" \/>\n\t<meta name=\"twitter:data1\" content=\"La r\u00e9daction\" \/>\n\t<meta name=\"twitter:label2\" content=\"Dur\u00e9e de lecture estim\u00e9e\" \/>\n\t<meta name=\"twitter:data2\" content=\"2 minutes\" \/>\n<script type=\"application\/ld+json\" class=\"yoast-schema-graph\">{\"@context\":\"https:\/\/schema.org\",\"@graph\":[{\"@type\":\"Article\",\"@id\":\"https:\/\/stourm.news\/?p=1025#article\",\"isPartOf\":{\"@id\":\"https:\/\/stourm.news\/?p=1025\"},\"author\":{\"name\":\"La r\u00e9daction\",\"@id\":\"https:\/\/stourm.news\/#\/schema\/person\/c3e1dc65988632e190969234ef046cf9\"},\"headline\":\"\u00ab\u00a0Sous leur \u00e9gide\u00a0\u00bb\",\"datePublished\":\"2024-04-19T07:35:49+00:00\",\"mainEntityOfPage\":{\"@id\":\"https:\/\/stourm.news\/?p=1025\"},\"wordCount\":452,\"commentCount\":0,\"publisher\":{\"@id\":\"https:\/\/stourm.news\/#organization\"},\"image\":{\"@id\":\"https:\/\/stourm.news\/?p=1025#primaryimage\"},\"thumbnailUrl\":\"https:\/\/stourm.news\/wp-content\/uploads\/2024\/04\/GLYPnIubYAAmuDX.jpg\",\"articleSection\":[\"Breizh\",\"Histoire de Bretagne\"],\"inLanguage\":\"fr-FR\",\"potentialAction\":[{\"@type\":\"CommentAction\",\"name\":\"Comment\",\"target\":[\"https:\/\/stourm.news\/?p=1025#respond\"]}]},{\"@type\":\"WebPage\",\"@id\":\"https:\/\/stourm.news\/?p=1025\",\"url\":\"https:\/\/stourm.news\/?p=1025\",\"name\":\"\\\"Sous leur \u00e9gide\\\" - STOURM\",\"isPartOf\":{\"@id\":\"https:\/\/stourm.news\/#website\"},\"primaryImageOfPage\":{\"@id\":\"https:\/\/stourm.news\/?p=1025#primaryimage\"},\"image\":{\"@id\":\"https:\/\/stourm.news\/?p=1025#primaryimage\"},\"thumbnailUrl\":\"https:\/\/stourm.news\/wp-content\/uploads\/2024\/04\/GLYPnIubYAAmuDX.jpg\",\"datePublished\":\"2024-04-19T07:35:49+00:00\",\"breadcrumb\":{\"@id\":\"https:\/\/stourm.news\/?p=1025#breadcrumb\"},\"inLanguage\":\"fr-FR\",\"potentialAction\":[{\"@type\":\"ReadAction\",\"target\":[\"https:\/\/stourm.news\/?p=1025\"]}]},{\"@type\":\"ImageObject\",\"inLanguage\":\"fr-FR\",\"@id\":\"https:\/\/stourm.news\/?p=1025#primaryimage\",\"url\":\"https:\/\/stourm.news\/wp-content\/uploads\/2024\/04\/GLYPnIubYAAmuDX.jpg\",\"contentUrl\":\"https:\/\/stourm.news\/wp-content\/uploads\/2024\/04\/GLYPnIubYAAmuDX.jpg\",\"width\":680,\"height\":680},{\"@type\":\"BreadcrumbList\",\"@id\":\"https:\/\/stourm.news\/?p=1025#breadcrumb\",\"itemListElement\":[{\"@type\":\"ListItem\",\"position\":1,\"name\":\"Accueil\",\"item\":\"https:\/\/stourm.news\/\"},{\"@type\":\"ListItem\",\"position\":2,\"name\":\"\u00ab\u00a0Sous leur \u00e9gide\u00a0\u00bb\"}]},{\"@type\":\"WebSite\",\"@id\":\"https:\/\/stourm.news\/#website\",\"url\":\"https:\/\/stourm.news\/\",\"name\":\"Stourm\",\"description\":\"Kazetenn Strollad Broadel Breizh\",\"publisher\":{\"@id\":\"https:\/\/stourm.news\/#organization\"},\"potentialAction\":[{\"@type\":\"SearchAction\",\"target\":{\"@type\":\"EntryPoint\",\"urlTemplate\":\"https:\/\/stourm.news\/?s={search_term_string}\"},\"query-input\":{\"@type\":\"PropertyValueSpecification\",\"valueRequired\":true,\"valueName\":\"search_term_string\"}}],\"inLanguage\":\"fr-FR\"},{\"@type\":\"Organization\",\"@id\":\"https:\/\/stourm.news\/#organization\",\"name\":\"Stourm\",\"url\":\"https:\/\/stourm.news\/\",\"logo\":{\"@type\":\"ImageObject\",\"inLanguage\":\"fr-FR\",\"@id\":\"https:\/\/stourm.news\/#\/schema\/logo\/image\/\",\"url\":\"https:\/\/stourm.news\/wp-content\/uploads\/2025\/11\/cropped-Capture-decran-2025-11-28-a-15.19.07.png\",\"contentUrl\":\"https:\/\/stourm.news\/wp-content\/uploads\/2025\/11\/cropped-Capture-decran-2025-11-28-a-15.19.07.png\",\"width\":1855,\"height\":383,\"caption\":\"Stourm\"},\"image\":{\"@id\":\"https:\/\/stourm.news\/#\/schema\/logo\/image\/\"},\"sameAs\":[\"https:\/\/www.facebook.com\/stourmnews\/\"]},{\"@type\":\"Person\",\"@id\":\"https:\/\/stourm.news\/#\/schema\/person\/c3e1dc65988632e190969234ef046cf9\",\"name\":\"La r\u00e9daction\",\"image\":{\"@type\":\"ImageObject\",\"inLanguage\":\"fr-FR\",\"@id\":\"https:\/\/stourm.news\/#\/schema\/person\/image\/\",\"url\":\"https:\/\/secure.gravatar.com\/avatar\/7463443f194b6b5fb706b074ca0ef59a0cfcfd720cb47764b0ec5a952ce422b3?s=96&d=mm&r=g\",\"contentUrl\":\"https:\/\/secure.gravatar.com\/avatar\/7463443f194b6b5fb706b074ca0ef59a0cfcfd720cb47764b0ec5a952ce422b3?s=96&d=mm&r=g\",\"caption\":\"La r\u00e9daction\"},\"sameAs\":[\"https:\/\/stourm.news\"],\"url\":\"https:\/\/stourm.news\/?author=1\"}]}<\/script>\n<!-- \/ Yoast SEO plugin. -->","yoast_head_json":{"title":"\"Sous leur \u00e9gide\" - STOURM","robots":{"index":"index","follow":"follow","max-snippet":"max-snippet:-1","max-image-preview":"max-image-preview:large","max-video-preview":"max-video-preview:-1"},"canonical":"https:\/\/stourm.news\/?p=1025","og_locale":"fr_FR","og_type":"article","og_title":"\"Sous leur \u00e9gide\" - STOURM","og_description":"C\u2019\u00e9tait vers le milieu du neuvi\u00e8me si\u00e8cle.\u00a0L\u2019\u00e9tat de la Bretagne n\u2019\u00e9tait pas sensiblement diff\u00e9rent de la situation actuelle. Il se r\u00e9sume en quelques mots : les Bretons\u00a0n\u2019\u00e9taient plus ma\u00eetres chez eux, la Bretagne, ayant perdu son ind\u00e9pendance et sa\u00a0nationalit\u00e9, \u00e9tait devenue tributaire de la\u00a0France. Le patriotisme, cependant, ne\u00a0s\u2019\u00e9tait pas \u00e9teint chez les enfants d\u2019Armor. L\u2019\u00e9ternel [&hellip;]","og_url":"https:\/\/stourm.news\/?p=1025","og_site_name":"STOURM","article_publisher":"https:\/\/www.facebook.com\/stourmnews\/","article_published_time":"2024-04-19T07:35:49+00:00","og_image":[{"width":680,"height":680,"url":"https:\/\/stourm.news\/wp-content\/uploads\/2024\/04\/GLYPnIubYAAmuDX.jpg","type":"image\/jpeg"}],"author":"La r\u00e9daction","twitter_card":"summary_large_image","twitter_misc":{"\u00c9crit par":"La r\u00e9daction","Dur\u00e9e de lecture estim\u00e9e":"2 minutes"},"schema":{"@context":"https:\/\/schema.org","@graph":[{"@type":"Article","@id":"https:\/\/stourm.news\/?p=1025#article","isPartOf":{"@id":"https:\/\/stourm.news\/?p=1025"},"author":{"name":"La r\u00e9daction","@id":"https:\/\/stourm.news\/#\/schema\/person\/c3e1dc65988632e190969234ef046cf9"},"headline":"\u00ab\u00a0Sous leur \u00e9gide\u00a0\u00bb","datePublished":"2024-04-19T07:35:49+00:00","mainEntityOfPage":{"@id":"https:\/\/stourm.news\/?p=1025"},"wordCount":452,"commentCount":0,"publisher":{"@id":"https:\/\/stourm.news\/#organization"},"image":{"@id":"https:\/\/stourm.news\/?p=1025#primaryimage"},"thumbnailUrl":"https:\/\/stourm.news\/wp-content\/uploads\/2024\/04\/GLYPnIubYAAmuDX.jpg","articleSection":["Breizh","Histoire de Bretagne"],"inLanguage":"fr-FR","potentialAction":[{"@type":"CommentAction","name":"Comment","target":["https:\/\/stourm.news\/?p=1025#respond"]}]},{"@type":"WebPage","@id":"https:\/\/stourm.news\/?p=1025","url":"https:\/\/stourm.news\/?p=1025","name":"\"Sous leur \u00e9gide\" - STOURM","isPartOf":{"@id":"https:\/\/stourm.news\/#website"},"primaryImageOfPage":{"@id":"https:\/\/stourm.news\/?p=1025#primaryimage"},"image":{"@id":"https:\/\/stourm.news\/?p=1025#primaryimage"},"thumbnailUrl":"https:\/\/stourm.news\/wp-content\/uploads\/2024\/04\/GLYPnIubYAAmuDX.jpg","datePublished":"2024-04-19T07:35:49+00:00","breadcrumb":{"@id":"https:\/\/stourm.news\/?p=1025#breadcrumb"},"inLanguage":"fr-FR","potentialAction":[{"@type":"ReadAction","target":["https:\/\/stourm.news\/?p=1025"]}]},{"@type":"ImageObject","inLanguage":"fr-FR","@id":"https:\/\/stourm.news\/?p=1025#primaryimage","url":"https:\/\/stourm.news\/wp-content\/uploads\/2024\/04\/GLYPnIubYAAmuDX.jpg","contentUrl":"https:\/\/stourm.news\/wp-content\/uploads\/2024\/04\/GLYPnIubYAAmuDX.jpg","width":680,"height":680},{"@type":"BreadcrumbList","@id":"https:\/\/stourm.news\/?p=1025#breadcrumb","itemListElement":[{"@type":"ListItem","position":1,"name":"Accueil","item":"https:\/\/stourm.news\/"},{"@type":"ListItem","position":2,"name":"\u00ab\u00a0Sous leur \u00e9gide\u00a0\u00bb"}]},{"@type":"WebSite","@id":"https:\/\/stourm.news\/#website","url":"https:\/\/stourm.news\/","name":"Stourm","description":"Kazetenn Strollad Broadel Breizh","publisher":{"@id":"https:\/\/stourm.news\/#organization"},"potentialAction":[{"@type":"SearchAction","target":{"@type":"EntryPoint","urlTemplate":"https:\/\/stourm.news\/?s={search_term_string}"},"query-input":{"@type":"PropertyValueSpecification","valueRequired":true,"valueName":"search_term_string"}}],"inLanguage":"fr-FR"},{"@type":"Organization","@id":"https:\/\/stourm.news\/#organization","name":"Stourm","url":"https:\/\/stourm.news\/","logo":{"@type":"ImageObject","inLanguage":"fr-FR","@id":"https:\/\/stourm.news\/#\/schema\/logo\/image\/","url":"https:\/\/stourm.news\/wp-content\/uploads\/2025\/11\/cropped-Capture-decran-2025-11-28-a-15.19.07.png","contentUrl":"https:\/\/stourm.news\/wp-content\/uploads\/2025\/11\/cropped-Capture-decran-2025-11-28-a-15.19.07.png","width":1855,"height":383,"caption":"Stourm"},"image":{"@id":"https:\/\/stourm.news\/#\/schema\/logo\/image\/"},"sameAs":["https:\/\/www.facebook.com\/stourmnews\/"]},{"@type":"Person","@id":"https:\/\/stourm.news\/#\/schema\/person\/c3e1dc65988632e190969234ef046cf9","name":"La r\u00e9daction","image":{"@type":"ImageObject","inLanguage":"fr-FR","@id":"https:\/\/stourm.news\/#\/schema\/person\/image\/","url":"https:\/\/secure.gravatar.com\/avatar\/7463443f194b6b5fb706b074ca0ef59a0cfcfd720cb47764b0ec5a952ce422b3?s=96&d=mm&r=g","contentUrl":"https:\/\/secure.gravatar.com\/avatar\/7463443f194b6b5fb706b074ca0ef59a0cfcfd720cb47764b0ec5a952ce422b3?s=96&d=mm&r=g","caption":"La r\u00e9daction"},"sameAs":["https:\/\/stourm.news"],"url":"https:\/\/stourm.news\/?author=1"}]}},"_links":{"self":[{"href":"https:\/\/stourm.news\/index.php?rest_route=\/wp\/v2\/posts\/1025","targetHints":{"allow":["GET"]}}],"collection":[{"href":"https:\/\/stourm.news\/index.php?rest_route=\/wp\/v2\/posts"}],"about":[{"href":"https:\/\/stourm.news\/index.php?rest_route=\/wp\/v2\/types\/post"}],"author":[{"embeddable":true,"href":"https:\/\/stourm.news\/index.php?rest_route=\/wp\/v2\/users\/1"}],"replies":[{"embeddable":true,"href":"https:\/\/stourm.news\/index.php?rest_route=%2Fwp%2Fv2%2Fcomments&post=1025"}],"version-history":[{"count":1,"href":"https:\/\/stourm.news\/index.php?rest_route=\/wp\/v2\/posts\/1025\/revisions"}],"predecessor-version":[{"id":1027,"href":"https:\/\/stourm.news\/index.php?rest_route=\/wp\/v2\/posts\/1025\/revisions\/1027"}],"wp:featuredmedia":[{"embeddable":true,"href":"https:\/\/stourm.news\/index.php?rest_route=\/wp\/v2\/media\/1026"}],"wp:attachment":[{"href":"https:\/\/stourm.news\/index.php?rest_route=%2Fwp%2Fv2%2Fmedia&parent=1025"}],"wp:term":[{"taxonomy":"category","embeddable":true,"href":"https:\/\/stourm.news\/index.php?rest_route=%2Fwp%2Fv2%2Fcategories&post=1025"},{"taxonomy":"post_tag","embeddable":true,"href":"https:\/\/stourm.news\/index.php?rest_route=%2Fwp%2Fv2%2Ftags&post=1025"}],"curies":[{"name":"wp","href":"https:\/\/api.w.org\/{rel}","templated":true}]}}