{"id":1028,"date":"2024-04-19T07:46:02","date_gmt":"2024-04-19T07:46:02","guid":{"rendered":"https:\/\/stourm.news\/?p=1028"},"modified":"2024-04-19T07:46:02","modified_gmt":"2024-04-19T07:46:02","slug":"la-langue-bretonne-va-t-elle-disparaitre-vivre-en-breton-au-21e-siecle-une-reponse-nationale","status":"publish","type":"post","link":"https:\/\/stourm.news\/?p=1028","title":{"rendered":"\u201cLa langue bretonne va-t-elle dispara\u00eetre ?\u201d : Vivre en breton au 21e si\u00e8cle, une r\u00e9ponse nationale !"},"content":{"rendered":"<p><strong>\u201cLa langue bretonne va-t-elle dispara\u00eetre?\u201d<\/strong>\u00a0s\u2019interrogeait le 11 avril le journal fran\u00e7ais\u00a0<strong><a href=\"http:\/\/garo.fr\/langue-francaise\/actu-des-mots\/la-langue-bretonne-va-t-elle-disparaitre-20240411\">Le Figaro<\/a><\/strong>\u00a0qui cite diverses personnes :<\/p>\n<blockquote><p>Avec 4000 \u00e9l\u00e8ves, le r\u00e9seau Diwan ambitionne de ne former que\u2026 100 locuteurs par an, selon une r\u00e9cente interview de son pr\u00e9sident Yann Uguen \u00e0 Ouest-France.\u00a0<strong>\u00abIl n\u2019y a pas de quoi \u00eatre optimiste\u00bb<\/strong>, se d\u00e9sole Rozenn Milin.\u00a0<strong>\u00abIl faudrait des mesures tr\u00e8s fortes pour inverser la tendance et je ne les vois pas poindre \u00e0 l\u2019horizon. Ce qui se fait aujourd\u2019hui, c\u2019est de la poudre aux yeux\u00bb<\/strong>.C\u2019est la soci\u00e9t\u00e9 civile qui est\u00a0<strong>\u00abdevenue indiff\u00e9rente au breton\u00bb<\/strong>\u00a0malgr\u00e9 un\u00a0<strong>\u00absoutien institutionnel tr\u00e8s fort\u00bb<\/strong>, estime Erwan Le Pipec, qui note que les formations d\u2019enseignants bilingues ont du mal \u00e0 recruter suffisamment de candidats.\u00a0<strong>\u00abC\u2019est paradoxal: c\u2019est une langue qu\u2019on affiche de plus en plus alors qu\u2019on l\u2019entend de moins en moins\u00bb<\/strong>, r\u00e9sume le chercheur en sociolinguistique, qui pr\u00e9voit qu\u2019il ne restera que de 50.000 \u00e0 60.000 locuteurs en 2040.<strong>\u00abLe breton ne va pas dispara\u00eetre car il y aura toujours un petit noyau de passionn\u00e9s\u00bb<\/strong>, estime-t-il. Mais\u00a0<strong>\u00abon est dans un \u00e9tat o\u00f9 \u00e7a n\u2019est ni une langue morte, ni une langue vivante\u00bb<\/strong>, ajoute-t-il.\u00a0<strong>\u00abCe n\u2019est pas une langue morte car elle est toujours parl\u00e9e. Mais ce n\u2019est pas tout \u00e0 fait une langue vivante non plus parce qu\u2019elle n\u2019est plus transmise de fa\u00e7on spontan\u00e9e aux enfants.\u00bb<\/strong>\u00a0Selon lui,\u00a0<strong>\u00abl\u2019avenir du breton, c\u2019est d\u2019\u00eatre une langue symbolique, une langue totem porteuse d\u2019identit\u00e9\u00bb<\/strong>.<\/p><\/blockquote>\n<p>Les consid\u00e9rations d\u2019Erwan Le Pipec sont r\u00e9v\u00e9latrices du prisme fran\u00e7ais qui pr\u00e9vaut jusque dans l\u2019analyse de la situation de la langue bretonne. Outre l\u2019affirmation selon laquelle il y aurait un soutien institutionnel fran\u00e7ais \u201ctr\u00e8s fort\u201d, \u00a0 une proposition absurde qui ne r\u00e9siste pas \u00e0 la comparaison du mod\u00e8le gallois, la \u201csoci\u00e9t\u00e9 civile\u201d n\u2019a, par d\u00e9finition, aucune volont\u00e9.<\/p>\n<p>Lorsque la r\u00e9volution fran\u00e7aise a \u00e9clat\u00e9, la nouvelle \u00e9lite r\u00e9volutionnaire hexagonale, port\u00e9e par une volont\u00e9 claire, s\u2019est employ\u00e9e imm\u00e9diatement \u00e0 d\u00e9truire la nation bretonne \u00e0 travers ses institutions s\u00e9culaires et sa langue pour lui imposer les siennes. \u00c0 l\u2019\u00e9poque, la \u201csoci\u00e9t\u00e9 civile\u201d bretonne n\u2019\u00e9tait certainement pas favorable \u00e0 la destruction du breton qu\u2019elle utilisait au quotidien, mais elle n\u2019a pas pour autant r\u00e9agi. La raison en est simple : elle ne disposait pas d\u2019une \u00e9lite sociale bretonnante, politiquement consciente et organis\u00e9e, qui soit en mesure de d\u00e9fendre une alternative. Ce sont les \u00e9lites r\u00e9volutionnaires qui font l\u2019histoire, pas les masses passives.<\/p>\n<p>Durant tout le 19e et le 20e si\u00e8cles, des Bretons se sont ardemment engag\u00e9s pour la langue bretonne, mais sans succ\u00e8s de masse. \u00c0 cette \u00e9poque, la langue fran\u00e7aise \u00e9tait d\u00e9j\u00e0 devenue le moyen pour les Bretons de se hisser socialement au sein de l\u2019imp\u00e9rialisme fran\u00e7ais en pleine expansion plan\u00e9taire. Au 21e si\u00e8cle, il ne peut y avoir de strat\u00e9gie de renaissance de la langue bretonne sans analyse des causes historiques de cette francisation, c\u2019est-\u00e0-dire sans critique radicale de l\u2019int\u00e9gration autoritaire de la Bretagne dans l\u2019\u00c9tat fran\u00e7ais par l\u2019imp\u00e9rialisme fran\u00e7ais. Or, formuler cette critique radicale implique d\u00e9j\u00e0 d\u2019entrer en rupture avec l\u2019\u00c9tat fran\u00e7ais et sa soci\u00e9t\u00e9.<\/p>\n<p><strong>Emsav Stadel Breizh\u00a0<a href=\"https:\/\/www.preder.net\/r\/bibli\/emsav\/esb7.pdf\">a correctement analys\u00e9<\/a><\/strong>\u00a0la raison pour laquelle ces militants, pourtant courageux, ont en grande partie, mais pas totalement, \u00e9chou\u00e9. En coupant la langue bretonne des conditions historiques objectives dans laquelle se trouvait le peuple breton, et en adoptant un apolitisme incons\u00e9quent, ils n\u2019ont pas inscrit leur lutte dans celle, plus large, de celle pour la restauration de l\u2019\u00c9tat breton dont d\u00e9pend la survie de la langue bretonne. Tant que la langue bretonne est pens\u00e9e comme \u201cr\u00e9gionale\u201d, c\u2019est-\u00e0-dire comme un simple particularisme isol\u00e9 au sein la soci\u00e9t\u00e9 fran\u00e7aise, elle ne peut pas concurrencer la langue fran\u00e7aise qui assure d\u00e9j\u00e0 la pleine int\u00e9gration sociale et \u00e9conomique des masses bretonnes.<\/p>\n<p>C\u2019est bien comme instrument d\u2019\u00e9mancipation nationale par la rupture avec l\u2019\u00c9tat fran\u00e7ais et sa soci\u00e9t\u00e9 que la langue bretonne trouve sa pertinence historique, ce qui implique automatiquement de l\u2019int\u00e9grer dans la volont\u00e9 plus large de restaurer l\u2019\u00c9tat breton.\u00a0L\u2019approche actuelle, si elle est louable dans ses efforts mat\u00e9riels pour transmettre la langue bretonne, est con\u00e7ue par des esprits individualistes et non-conscientis\u00e9s qui acceptent le principe de l\u2019insertion dans la soci\u00e9t\u00e9 fran\u00e7aise.<\/p>\n<p>Pourquoi cette \u201csoci\u00e9t\u00e9 civile\u201d fran\u00e7aise, \u00e0 laquelle ils appartiennent, porterait la rupture d\u2019avec l\u2019\u00c9tat qui la cr\u00e9e ? Les jeunes Bretons form\u00e9s dans les \u00e9coles bretonnantes restent immerg\u00e9s dans la soci\u00e9t\u00e9 fran\u00e7aise sit\u00f4t sortis de la classe, ce qui emp\u00eache le processus de cr\u00e9ation d\u2019une soci\u00e9t\u00e9 et d\u2019un \u00e9tat breton, donc d\u2019une r\u00e9elle \u00e9mancipation brittonique.<\/p>\n<p>\u00c0 ce jour, aucune initiative de reconqu\u00eate r\u00e9elle du territoire breton par l\u2019\u00c9tat breton n\u2019a \u00e9t\u00e9 entreprise, sauf une :\u00a0<strong>Kervrezhon<\/strong>.<\/p>\n<p><iframe title=\"Kervrezhon, Beva\u00f1 e brezhoneg noz ha deiz - 4 munud e Breizh - Brezhoweb\" width=\"500\" height=\"281\" src=\"https:\/\/www.youtube.com\/embed\/nZaqGVlqVrs?feature=oembed\" frameborder=\"0\" allow=\"accelerometer; autoplay; clipboard-write; encrypted-media; gyroscope; picture-in-picture; web-share\" referrerpolicy=\"strict-origin-when-cross-origin\" allowfullscreen><\/iframe><\/p>\n<p style=\"text-align: justify;\">C\u2019est \u00e0 la constitution d\u2019espaces autonomes, de v\u00e9ritables bastions d\u2019avant-garde, sur le mod\u00e8le de l\u2019action fondatrice de la Bretagne par les clans bretons, que l\u2019Emsav doit s\u2019atteler pour qu\u2019il soit possible, au quotidien, de revivre au sein d\u2019une soci\u00e9t\u00e9 bretonne. Cela ne peut se faire qu\u2019en reprenant de mani\u00e8re organis\u00e9e le contr\u00f4le de communes de Bretagne, en les repeuplant activement de bretonnants afin de <strong>concentrer<\/strong>\u00a0plut\u00f4t que de disperser les Bretons conscients et relev\u00e9s qui veulent vivre nationalement dans leur langue.<\/p>\n<p style=\"text-align: justify;\">\u00c0 cet \u00e9gard, gr\u00e2ce Eliezer Ben Yehuda, le mouvement sioniste a trouv\u00e9 l\u2019articulation entre renaissance de la langue h\u00e9bra\u00efque, nouvel \u00e9tat et nouvelle soci\u00e9t\u00e9. Ce qui a \u00e9t\u00e9 fait par l\u2019antique peuple juif peut l\u2019\u00eatre par l\u2019antique peuple breton. C\u2019est une question de volont\u00e9 nationale.<\/p>\n<p><iframe title=\"YouTube video player\" src=\"https:\/\/www.youtube.com\/embed\/9apbdbasDI8?si=iCRc6cKe7SSNGVdv\" width=\"560\" height=\"315\" frameborder=\"0\" allowfullscreen=\"allowfullscreen\" data-mce-fragment=\"1\"><\/iframe><\/p>\n","protected":false},"excerpt":{"rendered":"<p>\u201cLa langue bretonne va-t-elle dispara\u00eetre?\u201d\u00a0s\u2019interrogeait le 11 avril le journal fran\u00e7ais\u00a0Le Figaro\u00a0qui cite diverses personnes : Avec 4000 \u00e9l\u00e8ves, le r\u00e9seau Diwan ambitionne de ne former que\u2026 100 locuteurs par an, selon une r\u00e9cente interview de son pr\u00e9sident Yann Uguen \u00e0 Ouest-France.\u00a0\u00abIl n\u2019y a pas de quoi \u00eatre optimiste\u00bb, se d\u00e9sole Rozenn Milin.\u00a0\u00abIl faudrait des [&hellip;]<\/p>\n","protected":false},"author":1,"featured_media":1038,"comment_status":"open","ping_status":"open","sticky":false,"template":"","format":"standard","meta":{"sb_editor_width":"","footnotes":""},"categories":[63],"tags":[],"class_list":["post-1028","post","type-post","status-publish","format-standard","has-post-thumbnail","hentry","category-editorial"],"relative_dates":{"created":"2 ans ago","modified":"2 ans ago"},"yoast_head":"<!-- This site is optimized with the Yoast SEO plugin v26.3 - https:\/\/yoast.com\/wordpress\/plugins\/seo\/ -->\n<title>\u201cLa langue bretonne va-t-elle dispara\u00eetre ?\u201d : Vivre en breton au 21e si\u00e8cle, une r\u00e9ponse nationale ! - STOURM<\/title>\n<meta name=\"robots\" content=\"index, follow, max-snippet:-1, max-image-preview:large, max-video-preview:-1\" \/>\n<link rel=\"canonical\" href=\"https:\/\/stourm.news\/?p=1028\" \/>\n<meta property=\"og:locale\" content=\"fr_FR\" \/>\n<meta property=\"og:type\" content=\"article\" \/>\n<meta property=\"og:title\" content=\"\u201cLa langue bretonne va-t-elle dispara\u00eetre ?\u201d : Vivre en breton au 21e si\u00e8cle, une r\u00e9ponse nationale ! - STOURM\" \/>\n<meta property=\"og:description\" content=\"\u201cLa langue bretonne va-t-elle dispara\u00eetre?\u201d\u00a0s\u2019interrogeait le 11 avril le journal fran\u00e7ais\u00a0Le Figaro\u00a0qui cite diverses personnes : Avec 4000 \u00e9l\u00e8ves, le r\u00e9seau Diwan ambitionne de ne former que\u2026 100 locuteurs par an, selon une r\u00e9cente interview de son pr\u00e9sident Yann Uguen \u00e0 Ouest-France.\u00a0\u00abIl n\u2019y a pas de quoi \u00eatre optimiste\u00bb, se d\u00e9sole Rozenn Milin.\u00a0\u00abIl faudrait des [&hellip;]\" \/>\n<meta property=\"og:url\" content=\"https:\/\/stourm.news\/?p=1028\" \/>\n<meta property=\"og:site_name\" content=\"STOURM\" \/>\n<meta property=\"article:publisher\" content=\"https:\/\/www.facebook.com\/stourmnews\/\" \/>\n<meta property=\"article:published_time\" content=\"2024-04-19T07:46:02+00:00\" \/>\n<meta property=\"og:image\" content=\"https:\/\/stourm.news\/wp-content\/uploads\/2024\/04\/GK_KVdkbsAAxAJM.jpg\" \/>\n\t<meta property=\"og:image:width\" content=\"680\" \/>\n\t<meta property=\"og:image:height\" content=\"680\" \/>\n\t<meta property=\"og:image:type\" content=\"image\/jpeg\" \/>\n<meta name=\"author\" content=\"La r\u00e9daction\" \/>\n<meta name=\"twitter:card\" content=\"summary_large_image\" \/>\n<meta name=\"twitter:label1\" content=\"\u00c9crit par\" \/>\n\t<meta name=\"twitter:data1\" content=\"La r\u00e9daction\" \/>\n\t<meta name=\"twitter:label2\" content=\"Dur\u00e9e de lecture estim\u00e9e\" \/>\n\t<meta name=\"twitter:data2\" content=\"5 minutes\" \/>\n<script type=\"application\/ld+json\" class=\"yoast-schema-graph\">{\"@context\":\"https:\/\/schema.org\",\"@graph\":[{\"@type\":\"Article\",\"@id\":\"https:\/\/stourm.news\/?p=1028#article\",\"isPartOf\":{\"@id\":\"https:\/\/stourm.news\/?p=1028\"},\"author\":{\"name\":\"La r\u00e9daction\",\"@id\":\"https:\/\/stourm.news\/#\/schema\/person\/c3e1dc65988632e190969234ef046cf9\"},\"headline\":\"\u201cLa langue bretonne va-t-elle dispara\u00eetre ?\u201d : Vivre en breton au 21e si\u00e8cle, une r\u00e9ponse nationale !\",\"datePublished\":\"2024-04-19T07:46:02+00:00\",\"mainEntityOfPage\":{\"@id\":\"https:\/\/stourm.news\/?p=1028\"},\"wordCount\":1058,\"commentCount\":0,\"publisher\":{\"@id\":\"https:\/\/stourm.news\/#organization\"},\"image\":{\"@id\":\"https:\/\/stourm.news\/?p=1028#primaryimage\"},\"thumbnailUrl\":\"https:\/\/stourm.news\/wp-content\/uploads\/2024\/04\/GK_KVdkbsAAxAJM.jpg\",\"articleSection\":[\"Editorial\"],\"inLanguage\":\"fr-FR\",\"potentialAction\":[{\"@type\":\"CommentAction\",\"name\":\"Comment\",\"target\":[\"https:\/\/stourm.news\/?p=1028#respond\"]}]},{\"@type\":\"WebPage\",\"@id\":\"https:\/\/stourm.news\/?p=1028\",\"url\":\"https:\/\/stourm.news\/?p=1028\",\"name\":\"\u201cLa langue bretonne va-t-elle dispara\u00eetre ?\u201d : Vivre en breton au 21e si\u00e8cle, une r\u00e9ponse nationale ! - STOURM\",\"isPartOf\":{\"@id\":\"https:\/\/stourm.news\/#website\"},\"primaryImageOfPage\":{\"@id\":\"https:\/\/stourm.news\/?p=1028#primaryimage\"},\"image\":{\"@id\":\"https:\/\/stourm.news\/?p=1028#primaryimage\"},\"thumbnailUrl\":\"https:\/\/stourm.news\/wp-content\/uploads\/2024\/04\/GK_KVdkbsAAxAJM.jpg\",\"datePublished\":\"2024-04-19T07:46:02+00:00\",\"breadcrumb\":{\"@id\":\"https:\/\/stourm.news\/?p=1028#breadcrumb\"},\"inLanguage\":\"fr-FR\",\"potentialAction\":[{\"@type\":\"ReadAction\",\"target\":[\"https:\/\/stourm.news\/?p=1028\"]}]},{\"@type\":\"ImageObject\",\"inLanguage\":\"fr-FR\",\"@id\":\"https:\/\/stourm.news\/?p=1028#primaryimage\",\"url\":\"https:\/\/stourm.news\/wp-content\/uploads\/2024\/04\/GK_KVdkbsAAxAJM.jpg\",\"contentUrl\":\"https:\/\/stourm.news\/wp-content\/uploads\/2024\/04\/GK_KVdkbsAAxAJM.jpg\",\"width\":680,\"height\":680},{\"@type\":\"BreadcrumbList\",\"@id\":\"https:\/\/stourm.news\/?p=1028#breadcrumb\",\"itemListElement\":[{\"@type\":\"ListItem\",\"position\":1,\"name\":\"Accueil\",\"item\":\"https:\/\/stourm.news\/\"},{\"@type\":\"ListItem\",\"position\":2,\"name\":\"\u201cLa langue bretonne va-t-elle dispara\u00eetre ?\u201d : Vivre en breton au 21e si\u00e8cle, une r\u00e9ponse nationale !\"}]},{\"@type\":\"WebSite\",\"@id\":\"https:\/\/stourm.news\/#website\",\"url\":\"https:\/\/stourm.news\/\",\"name\":\"Stourm\",\"description\":\"Kazetenn Strollad Broadel Breizh\",\"publisher\":{\"@id\":\"https:\/\/stourm.news\/#organization\"},\"potentialAction\":[{\"@type\":\"SearchAction\",\"target\":{\"@type\":\"EntryPoint\",\"urlTemplate\":\"https:\/\/stourm.news\/?s={search_term_string}\"},\"query-input\":{\"@type\":\"PropertyValueSpecification\",\"valueRequired\":true,\"valueName\":\"search_term_string\"}}],\"inLanguage\":\"fr-FR\"},{\"@type\":\"Organization\",\"@id\":\"https:\/\/stourm.news\/#organization\",\"name\":\"Stourm\",\"url\":\"https:\/\/stourm.news\/\",\"logo\":{\"@type\":\"ImageObject\",\"inLanguage\":\"fr-FR\",\"@id\":\"https:\/\/stourm.news\/#\/schema\/logo\/image\/\",\"url\":\"https:\/\/stourm.news\/wp-content\/uploads\/2025\/11\/cropped-Capture-decran-2025-11-28-a-15.19.07.png\",\"contentUrl\":\"https:\/\/stourm.news\/wp-content\/uploads\/2025\/11\/cropped-Capture-decran-2025-11-28-a-15.19.07.png\",\"width\":1855,\"height\":383,\"caption\":\"Stourm\"},\"image\":{\"@id\":\"https:\/\/stourm.news\/#\/schema\/logo\/image\/\"},\"sameAs\":[\"https:\/\/www.facebook.com\/stourmnews\/\"]},{\"@type\":\"Person\",\"@id\":\"https:\/\/stourm.news\/#\/schema\/person\/c3e1dc65988632e190969234ef046cf9\",\"name\":\"La r\u00e9daction\",\"image\":{\"@type\":\"ImageObject\",\"inLanguage\":\"fr-FR\",\"@id\":\"https:\/\/stourm.news\/#\/schema\/person\/image\/\",\"url\":\"https:\/\/secure.gravatar.com\/avatar\/7463443f194b6b5fb706b074ca0ef59a0cfcfd720cb47764b0ec5a952ce422b3?s=96&d=mm&r=g\",\"contentUrl\":\"https:\/\/secure.gravatar.com\/avatar\/7463443f194b6b5fb706b074ca0ef59a0cfcfd720cb47764b0ec5a952ce422b3?s=96&d=mm&r=g\",\"caption\":\"La r\u00e9daction\"},\"sameAs\":[\"https:\/\/stourm.news\"],\"url\":\"https:\/\/stourm.news\/?author=1\"}]}<\/script>\n<!-- \/ Yoast SEO plugin. -->","yoast_head_json":{"title":"\u201cLa langue bretonne va-t-elle dispara\u00eetre ?\u201d : Vivre en breton au 21e si\u00e8cle, une r\u00e9ponse nationale ! - STOURM","robots":{"index":"index","follow":"follow","max-snippet":"max-snippet:-1","max-image-preview":"max-image-preview:large","max-video-preview":"max-video-preview:-1"},"canonical":"https:\/\/stourm.news\/?p=1028","og_locale":"fr_FR","og_type":"article","og_title":"\u201cLa langue bretonne va-t-elle dispara\u00eetre ?\u201d : Vivre en breton au 21e si\u00e8cle, une r\u00e9ponse nationale ! - STOURM","og_description":"\u201cLa langue bretonne va-t-elle dispara\u00eetre?\u201d\u00a0s\u2019interrogeait le 11 avril le journal fran\u00e7ais\u00a0Le Figaro\u00a0qui cite diverses personnes : Avec 4000 \u00e9l\u00e8ves, le r\u00e9seau Diwan ambitionne de ne former que\u2026 100 locuteurs par an, selon une r\u00e9cente interview de son pr\u00e9sident Yann Uguen \u00e0 Ouest-France.\u00a0\u00abIl n\u2019y a pas de quoi \u00eatre optimiste\u00bb, se d\u00e9sole Rozenn Milin.\u00a0\u00abIl faudrait des [&hellip;]","og_url":"https:\/\/stourm.news\/?p=1028","og_site_name":"STOURM","article_publisher":"https:\/\/www.facebook.com\/stourmnews\/","article_published_time":"2024-04-19T07:46:02+00:00","og_image":[{"width":680,"height":680,"url":"https:\/\/stourm.news\/wp-content\/uploads\/2024\/04\/GK_KVdkbsAAxAJM.jpg","type":"image\/jpeg"}],"author":"La r\u00e9daction","twitter_card":"summary_large_image","twitter_misc":{"\u00c9crit par":"La r\u00e9daction","Dur\u00e9e de lecture estim\u00e9e":"5 minutes"},"schema":{"@context":"https:\/\/schema.org","@graph":[{"@type":"Article","@id":"https:\/\/stourm.news\/?p=1028#article","isPartOf":{"@id":"https:\/\/stourm.news\/?p=1028"},"author":{"name":"La r\u00e9daction","@id":"https:\/\/stourm.news\/#\/schema\/person\/c3e1dc65988632e190969234ef046cf9"},"headline":"\u201cLa langue bretonne va-t-elle dispara\u00eetre ?\u201d : Vivre en breton au 21e si\u00e8cle, une r\u00e9ponse nationale !","datePublished":"2024-04-19T07:46:02+00:00","mainEntityOfPage":{"@id":"https:\/\/stourm.news\/?p=1028"},"wordCount":1058,"commentCount":0,"publisher":{"@id":"https:\/\/stourm.news\/#organization"},"image":{"@id":"https:\/\/stourm.news\/?p=1028#primaryimage"},"thumbnailUrl":"https:\/\/stourm.news\/wp-content\/uploads\/2024\/04\/GK_KVdkbsAAxAJM.jpg","articleSection":["Editorial"],"inLanguage":"fr-FR","potentialAction":[{"@type":"CommentAction","name":"Comment","target":["https:\/\/stourm.news\/?p=1028#respond"]}]},{"@type":"WebPage","@id":"https:\/\/stourm.news\/?p=1028","url":"https:\/\/stourm.news\/?p=1028","name":"\u201cLa langue bretonne va-t-elle dispara\u00eetre ?\u201d : Vivre en breton au 21e si\u00e8cle, une r\u00e9ponse nationale ! - STOURM","isPartOf":{"@id":"https:\/\/stourm.news\/#website"},"primaryImageOfPage":{"@id":"https:\/\/stourm.news\/?p=1028#primaryimage"},"image":{"@id":"https:\/\/stourm.news\/?p=1028#primaryimage"},"thumbnailUrl":"https:\/\/stourm.news\/wp-content\/uploads\/2024\/04\/GK_KVdkbsAAxAJM.jpg","datePublished":"2024-04-19T07:46:02+00:00","breadcrumb":{"@id":"https:\/\/stourm.news\/?p=1028#breadcrumb"},"inLanguage":"fr-FR","potentialAction":[{"@type":"ReadAction","target":["https:\/\/stourm.news\/?p=1028"]}]},{"@type":"ImageObject","inLanguage":"fr-FR","@id":"https:\/\/stourm.news\/?p=1028#primaryimage","url":"https:\/\/stourm.news\/wp-content\/uploads\/2024\/04\/GK_KVdkbsAAxAJM.jpg","contentUrl":"https:\/\/stourm.news\/wp-content\/uploads\/2024\/04\/GK_KVdkbsAAxAJM.jpg","width":680,"height":680},{"@type":"BreadcrumbList","@id":"https:\/\/stourm.news\/?p=1028#breadcrumb","itemListElement":[{"@type":"ListItem","position":1,"name":"Accueil","item":"https:\/\/stourm.news\/"},{"@type":"ListItem","position":2,"name":"\u201cLa langue bretonne va-t-elle dispara\u00eetre ?\u201d : Vivre en breton au 21e si\u00e8cle, une r\u00e9ponse nationale !"}]},{"@type":"WebSite","@id":"https:\/\/stourm.news\/#website","url":"https:\/\/stourm.news\/","name":"Stourm","description":"Kazetenn Strollad Broadel Breizh","publisher":{"@id":"https:\/\/stourm.news\/#organization"},"potentialAction":[{"@type":"SearchAction","target":{"@type":"EntryPoint","urlTemplate":"https:\/\/stourm.news\/?s={search_term_string}"},"query-input":{"@type":"PropertyValueSpecification","valueRequired":true,"valueName":"search_term_string"}}],"inLanguage":"fr-FR"},{"@type":"Organization","@id":"https:\/\/stourm.news\/#organization","name":"Stourm","url":"https:\/\/stourm.news\/","logo":{"@type":"ImageObject","inLanguage":"fr-FR","@id":"https:\/\/stourm.news\/#\/schema\/logo\/image\/","url":"https:\/\/stourm.news\/wp-content\/uploads\/2025\/11\/cropped-Capture-decran-2025-11-28-a-15.19.07.png","contentUrl":"https:\/\/stourm.news\/wp-content\/uploads\/2025\/11\/cropped-Capture-decran-2025-11-28-a-15.19.07.png","width":1855,"height":383,"caption":"Stourm"},"image":{"@id":"https:\/\/stourm.news\/#\/schema\/logo\/image\/"},"sameAs":["https:\/\/www.facebook.com\/stourmnews\/"]},{"@type":"Person","@id":"https:\/\/stourm.news\/#\/schema\/person\/c3e1dc65988632e190969234ef046cf9","name":"La r\u00e9daction","image":{"@type":"ImageObject","inLanguage":"fr-FR","@id":"https:\/\/stourm.news\/#\/schema\/person\/image\/","url":"https:\/\/secure.gravatar.com\/avatar\/7463443f194b6b5fb706b074ca0ef59a0cfcfd720cb47764b0ec5a952ce422b3?s=96&d=mm&r=g","contentUrl":"https:\/\/secure.gravatar.com\/avatar\/7463443f194b6b5fb706b074ca0ef59a0cfcfd720cb47764b0ec5a952ce422b3?s=96&d=mm&r=g","caption":"La r\u00e9daction"},"sameAs":["https:\/\/stourm.news"],"url":"https:\/\/stourm.news\/?author=1"}]}},"_links":{"self":[{"href":"https:\/\/stourm.news\/index.php?rest_route=\/wp\/v2\/posts\/1028","targetHints":{"allow":["GET"]}}],"collection":[{"href":"https:\/\/stourm.news\/index.php?rest_route=\/wp\/v2\/posts"}],"about":[{"href":"https:\/\/stourm.news\/index.php?rest_route=\/wp\/v2\/types\/post"}],"author":[{"embeddable":true,"href":"https:\/\/stourm.news\/index.php?rest_route=\/wp\/v2\/users\/1"}],"replies":[{"embeddable":true,"href":"https:\/\/stourm.news\/index.php?rest_route=%2Fwp%2Fv2%2Fcomments&post=1028"}],"version-history":[{"count":1,"href":"https:\/\/stourm.news\/index.php?rest_route=\/wp\/v2\/posts\/1028\/revisions"}],"predecessor-version":[{"id":1039,"href":"https:\/\/stourm.news\/index.php?rest_route=\/wp\/v2\/posts\/1028\/revisions\/1039"}],"wp:featuredmedia":[{"embeddable":true,"href":"https:\/\/stourm.news\/index.php?rest_route=\/wp\/v2\/media\/1038"}],"wp:attachment":[{"href":"https:\/\/stourm.news\/index.php?rest_route=%2Fwp%2Fv2%2Fmedia&parent=1028"}],"wp:term":[{"taxonomy":"category","embeddable":true,"href":"https:\/\/stourm.news\/index.php?rest_route=%2Fwp%2Fv2%2Fcategories&post=1028"},{"taxonomy":"post_tag","embeddable":true,"href":"https:\/\/stourm.news\/index.php?rest_route=%2Fwp%2Fv2%2Ftags&post=1028"}],"curies":[{"name":"wp","href":"https:\/\/api.w.org\/{rel}","templated":true}]}}