{"id":1046,"date":"2024-04-20T02:11:06","date_gmt":"2024-04-20T02:11:06","guid":{"rendered":"https:\/\/stourm.news\/?p=1046"},"modified":"2024-04-20T02:12:41","modified_gmt":"2024-04-20T02:12:41","slug":"le-pnb-salue-la-position-des-patriotes-allemands-de-lafd-a-propos-de-loccupation-illegale-de-mayotte-par-la-france","status":"publish","type":"post","link":"https:\/\/stourm.news\/?p=1046","title":{"rendered":"Le PNB salue la position des patriotes allemands de l\u2019AfD \u00e0 propos de l\u2019occupation ill\u00e9gale de Mayotte par la France"},"content":{"rendered":"<p style=\"text-align: justify;\">Dans un communiqu\u00e9, le Parti National Breton <strong><a href=\"https:\/\/partinationalbreton.com\/2024\/04\/20\/le-pnb-salue-la-position-des-patriotes-allemands-de-lafd-a-propos-de-loccupation-illegale-de-mayotte-par-la-france\/\">a r\u00e9agi<\/a><\/strong> \u00e0 la question parlementaire pos\u00e9e par les patriotes allemands de l&rsquo;AfD \u00e0 propos de l&rsquo;occupation ill\u00e9gale de l&rsquo;\u00eele de Mayotte par la France. Lors d&rsquo;une session du parlement allemand, le groupe de l&rsquo;AfD a demand\u00e9 au gouvernement allemand d&rsquo;exprimer la position de l&rsquo;Allemagne sur l&rsquo;occupation des Comores par la France, une occupation condamn\u00e9e \u00e0 de nombreuses reprises par l&rsquo;ONU.<\/p>\n<blockquote class=\"twitter-tweet\">\n<p dir=\"ltr\" lang=\"de\">Status der Inselgruppen Mayotte und Malwinen <a href=\"https:\/\/twitter.com\/hashtag\/Au%C3%9Fenpolitik?src=hash&amp;ref_src=twsrc%5Etfw\">#Au\u00dfenpolitik<\/a> <a href=\"https:\/\/twitter.com\/hashtag\/Anfrage?src=hash&amp;ref_src=twsrc%5Etfw\">#Anfrage<\/a> <a href=\"https:\/\/twitter.com\/hashtag\/Bundestag?src=hash&amp;ref_src=twsrc%5Etfw\">#Bundestag<\/a> Nach dem v\u00f6lkerrechtlichen Status der Inselgruppen Mayotte und Malwinen erkundigt sich die AfD-Fraktion in einer Kleinen Anfrage. <a href=\"https:\/\/t.co\/M8x0VINvjN\">https:\/\/t.co\/M8x0VINvjN<\/a><\/p>\n<p>\u2014 Heute im Bundestag (@hib_Nachrichten) <a href=\"https:\/\/twitter.com\/hib_Nachrichten\/status\/1780524117533274456?ref_src=twsrc%5Etfw\">April 17, 2024<\/a><\/p><\/blockquote>\n<p><script async src=\"https:\/\/platform.twitter.com\/widgets.js\" charset=\"utf-8\"><\/script><\/p>\n<p style=\"text-align: justify;\">Le Parti National Breton a ensuite souhait\u00e9 que \u00ab\u00a0l&rsquo;occupation de la Bretagne par la France en violation des trait\u00e9s n\u00e9cessite \u00e0 son tour une discussion similaire avec l\u2019Allemagne\u00a0\u00bb.<\/p>\n","protected":false},"excerpt":{"rendered":"<p>Dans un communiqu\u00e9, le Parti National Breton a r\u00e9agi \u00e0 la question parlementaire pos\u00e9e par les patriotes allemands de l&rsquo;AfD \u00e0 propos de l&rsquo;occupation ill\u00e9gale de l&rsquo;\u00eele de Mayotte par la France. Lors d&rsquo;une session du parlement allemand, le groupe de l&rsquo;AfD a demand\u00e9 au gouvernement allemand d&rsquo;exprimer la position de l&rsquo;Allemagne sur l&rsquo;occupation des [&hellip;]<\/p>\n","protected":false},"author":1,"featured_media":1047,"comment_status":"open","ping_status":"open","sticky":false,"template":"","format":"standard","meta":{"sb_editor_width":"","footnotes":""},"categories":[46,49],"tags":[],"class_list":["post-1046","post","type-post","status-publish","format-standard","has-post-thumbnail","hentry","category-independance","category-vie-du-parti"],"relative_dates":{"created":"2 ans ago","modified":"2 ans ago"},"yoast_head":"<!-- This site is optimized with the Yoast SEO plugin v26.3 - https:\/\/yoast.com\/wordpress\/plugins\/seo\/ -->\n<title>Le PNB salue la position des patriotes allemands de l\u2019AfD \u00e0 propos de l\u2019occupation ill\u00e9gale de Mayotte par la France - STOURM<\/title>\n<meta name=\"robots\" content=\"index, follow, max-snippet:-1, max-image-preview:large, max-video-preview:-1\" \/>\n<link rel=\"canonical\" href=\"https:\/\/stourm.news\/?p=1046\" \/>\n<meta property=\"og:locale\" content=\"fr_FR\" \/>\n<meta property=\"og:type\" content=\"article\" \/>\n<meta property=\"og:title\" content=\"Le PNB salue la position des patriotes allemands de l\u2019AfD \u00e0 propos de l\u2019occupation ill\u00e9gale de Mayotte par la France - STOURM\" \/>\n<meta property=\"og:description\" content=\"Dans un communiqu\u00e9, le Parti National Breton a r\u00e9agi \u00e0 la question parlementaire pos\u00e9e par les patriotes allemands de l&rsquo;AfD \u00e0 propos de l&rsquo;occupation ill\u00e9gale de l&rsquo;\u00eele de Mayotte par la France. Lors d&rsquo;une session du parlement allemand, le groupe de l&rsquo;AfD a demand\u00e9 au gouvernement allemand d&rsquo;exprimer la position de l&rsquo;Allemagne sur l&rsquo;occupation des [&hellip;]\" \/>\n<meta property=\"og:url\" content=\"https:\/\/stourm.news\/?p=1046\" \/>\n<meta property=\"og:site_name\" content=\"STOURM\" \/>\n<meta property=\"article:publisher\" content=\"https:\/\/www.facebook.com\/stourmnews\/\" \/>\n<meta property=\"article:published_time\" content=\"2024-04-20T02:11:06+00:00\" \/>\n<meta property=\"article:modified_time\" content=\"2024-04-20T02:12:41+00:00\" \/>\n<meta property=\"og:image\" content=\"https:\/\/stourm.news\/wp-content\/uploads\/2024\/04\/Germany-AfD.jpg\" \/>\n\t<meta property=\"og:image:width\" content=\"1700\" \/>\n\t<meta property=\"og:image:height\" content=\"1280\" \/>\n\t<meta property=\"og:image:type\" content=\"image\/jpeg\" \/>\n<meta name=\"author\" content=\"La r\u00e9daction\" \/>\n<meta name=\"twitter:card\" content=\"summary_large_image\" \/>\n<meta name=\"twitter:label1\" content=\"\u00c9crit par\" \/>\n\t<meta name=\"twitter:data1\" content=\"La r\u00e9daction\" \/>\n\t<meta name=\"twitter:label2\" content=\"Dur\u00e9e de lecture estim\u00e9e\" \/>\n\t<meta name=\"twitter:data2\" content=\"1 minute\" \/>\n<script type=\"application\/ld+json\" class=\"yoast-schema-graph\">{\"@context\":\"https:\/\/schema.org\",\"@graph\":[{\"@type\":\"Article\",\"@id\":\"https:\/\/stourm.news\/?p=1046#article\",\"isPartOf\":{\"@id\":\"https:\/\/stourm.news\/?p=1046\"},\"author\":{\"name\":\"La r\u00e9daction\",\"@id\":\"https:\/\/stourm.news\/#\/schema\/person\/c3e1dc65988632e190969234ef046cf9\"},\"headline\":\"Le PNB salue la position des patriotes allemands de l\u2019AfD \u00e0 propos de l\u2019occupation ill\u00e9gale de Mayotte par la France\",\"datePublished\":\"2024-04-20T02:11:06+00:00\",\"dateModified\":\"2024-04-20T02:12:41+00:00\",\"mainEntityOfPage\":{\"@id\":\"https:\/\/stourm.news\/?p=1046\"},\"wordCount\":171,\"commentCount\":0,\"publisher\":{\"@id\":\"https:\/\/stourm.news\/#organization\"},\"image\":{\"@id\":\"https:\/\/stourm.news\/?p=1046#primaryimage\"},\"thumbnailUrl\":\"https:\/\/stourm.news\/wp-content\/uploads\/2024\/04\/Germany-AfD.jpg\",\"articleSection\":[\"Ind\u00e9pendance\",\"Vie du Parti\"],\"inLanguage\":\"fr-FR\",\"potentialAction\":[{\"@type\":\"CommentAction\",\"name\":\"Comment\",\"target\":[\"https:\/\/stourm.news\/?p=1046#respond\"]}]},{\"@type\":\"WebPage\",\"@id\":\"https:\/\/stourm.news\/?p=1046\",\"url\":\"https:\/\/stourm.news\/?p=1046\",\"name\":\"Le PNB salue la position des patriotes allemands de l\u2019AfD \u00e0 propos de l\u2019occupation ill\u00e9gale de Mayotte par la France - STOURM\",\"isPartOf\":{\"@id\":\"https:\/\/stourm.news\/#website\"},\"primaryImageOfPage\":{\"@id\":\"https:\/\/stourm.news\/?p=1046#primaryimage\"},\"image\":{\"@id\":\"https:\/\/stourm.news\/?p=1046#primaryimage\"},\"thumbnailUrl\":\"https:\/\/stourm.news\/wp-content\/uploads\/2024\/04\/Germany-AfD.jpg\",\"datePublished\":\"2024-04-20T02:11:06+00:00\",\"dateModified\":\"2024-04-20T02:12:41+00:00\",\"breadcrumb\":{\"@id\":\"https:\/\/stourm.news\/?p=1046#breadcrumb\"},\"inLanguage\":\"fr-FR\",\"potentialAction\":[{\"@type\":\"ReadAction\",\"target\":[\"https:\/\/stourm.news\/?p=1046\"]}]},{\"@type\":\"ImageObject\",\"inLanguage\":\"fr-FR\",\"@id\":\"https:\/\/stourm.news\/?p=1046#primaryimage\",\"url\":\"https:\/\/stourm.news\/wp-content\/uploads\/2024\/04\/Germany-AfD.jpg\",\"contentUrl\":\"https:\/\/stourm.news\/wp-content\/uploads\/2024\/04\/Germany-AfD.jpg\",\"width\":1700,\"height\":1280},{\"@type\":\"BreadcrumbList\",\"@id\":\"https:\/\/stourm.news\/?p=1046#breadcrumb\",\"itemListElement\":[{\"@type\":\"ListItem\",\"position\":1,\"name\":\"Accueil\",\"item\":\"https:\/\/stourm.news\/\"},{\"@type\":\"ListItem\",\"position\":2,\"name\":\"Le PNB salue la position des patriotes allemands de l\u2019AfD \u00e0 propos de l\u2019occupation ill\u00e9gale de Mayotte par la France\"}]},{\"@type\":\"WebSite\",\"@id\":\"https:\/\/stourm.news\/#website\",\"url\":\"https:\/\/stourm.news\/\",\"name\":\"Stourm\",\"description\":\"Kazetenn Strollad Broadel Breizh\",\"publisher\":{\"@id\":\"https:\/\/stourm.news\/#organization\"},\"potentialAction\":[{\"@type\":\"SearchAction\",\"target\":{\"@type\":\"EntryPoint\",\"urlTemplate\":\"https:\/\/stourm.news\/?s={search_term_string}\"},\"query-input\":{\"@type\":\"PropertyValueSpecification\",\"valueRequired\":true,\"valueName\":\"search_term_string\"}}],\"inLanguage\":\"fr-FR\"},{\"@type\":\"Organization\",\"@id\":\"https:\/\/stourm.news\/#organization\",\"name\":\"Stourm\",\"url\":\"https:\/\/stourm.news\/\",\"logo\":{\"@type\":\"ImageObject\",\"inLanguage\":\"fr-FR\",\"@id\":\"https:\/\/stourm.news\/#\/schema\/logo\/image\/\",\"url\":\"https:\/\/stourm.news\/wp-content\/uploads\/2025\/11\/cropped-Capture-decran-2025-11-28-a-15.19.07.png\",\"contentUrl\":\"https:\/\/stourm.news\/wp-content\/uploads\/2025\/11\/cropped-Capture-decran-2025-11-28-a-15.19.07.png\",\"width\":1855,\"height\":383,\"caption\":\"Stourm\"},\"image\":{\"@id\":\"https:\/\/stourm.news\/#\/schema\/logo\/image\/\"},\"sameAs\":[\"https:\/\/www.facebook.com\/stourmnews\/\"]},{\"@type\":\"Person\",\"@id\":\"https:\/\/stourm.news\/#\/schema\/person\/c3e1dc65988632e190969234ef046cf9\",\"name\":\"La r\u00e9daction\",\"image\":{\"@type\":\"ImageObject\",\"inLanguage\":\"fr-FR\",\"@id\":\"https:\/\/stourm.news\/#\/schema\/person\/image\/\",\"url\":\"https:\/\/secure.gravatar.com\/avatar\/7463443f194b6b5fb706b074ca0ef59a0cfcfd720cb47764b0ec5a952ce422b3?s=96&d=mm&r=g\",\"contentUrl\":\"https:\/\/secure.gravatar.com\/avatar\/7463443f194b6b5fb706b074ca0ef59a0cfcfd720cb47764b0ec5a952ce422b3?s=96&d=mm&r=g\",\"caption\":\"La r\u00e9daction\"},\"sameAs\":[\"https:\/\/stourm.news\"],\"url\":\"https:\/\/stourm.news\/?author=1\"}]}<\/script>\n<!-- \/ Yoast SEO plugin. -->","yoast_head_json":{"title":"Le PNB salue la position des patriotes allemands de l\u2019AfD \u00e0 propos de l\u2019occupation ill\u00e9gale de Mayotte par la France - STOURM","robots":{"index":"index","follow":"follow","max-snippet":"max-snippet:-1","max-image-preview":"max-image-preview:large","max-video-preview":"max-video-preview:-1"},"canonical":"https:\/\/stourm.news\/?p=1046","og_locale":"fr_FR","og_type":"article","og_title":"Le PNB salue la position des patriotes allemands de l\u2019AfD \u00e0 propos de l\u2019occupation ill\u00e9gale de Mayotte par la France - STOURM","og_description":"Dans un communiqu\u00e9, le Parti National Breton a r\u00e9agi \u00e0 la question parlementaire pos\u00e9e par les patriotes allemands de l&rsquo;AfD \u00e0 propos de l&rsquo;occupation ill\u00e9gale de l&rsquo;\u00eele de Mayotte par la France. Lors d&rsquo;une session du parlement allemand, le groupe de l&rsquo;AfD a demand\u00e9 au gouvernement allemand d&rsquo;exprimer la position de l&rsquo;Allemagne sur l&rsquo;occupation des [&hellip;]","og_url":"https:\/\/stourm.news\/?p=1046","og_site_name":"STOURM","article_publisher":"https:\/\/www.facebook.com\/stourmnews\/","article_published_time":"2024-04-20T02:11:06+00:00","article_modified_time":"2024-04-20T02:12:41+00:00","og_image":[{"width":1700,"height":1280,"url":"https:\/\/stourm.news\/wp-content\/uploads\/2024\/04\/Germany-AfD.jpg","type":"image\/jpeg"}],"author":"La r\u00e9daction","twitter_card":"summary_large_image","twitter_misc":{"\u00c9crit par":"La r\u00e9daction","Dur\u00e9e de lecture estim\u00e9e":"1 minute"},"schema":{"@context":"https:\/\/schema.org","@graph":[{"@type":"Article","@id":"https:\/\/stourm.news\/?p=1046#article","isPartOf":{"@id":"https:\/\/stourm.news\/?p=1046"},"author":{"name":"La r\u00e9daction","@id":"https:\/\/stourm.news\/#\/schema\/person\/c3e1dc65988632e190969234ef046cf9"},"headline":"Le PNB salue la position des patriotes allemands de l\u2019AfD \u00e0 propos de l\u2019occupation ill\u00e9gale de Mayotte par la France","datePublished":"2024-04-20T02:11:06+00:00","dateModified":"2024-04-20T02:12:41+00:00","mainEntityOfPage":{"@id":"https:\/\/stourm.news\/?p=1046"},"wordCount":171,"commentCount":0,"publisher":{"@id":"https:\/\/stourm.news\/#organization"},"image":{"@id":"https:\/\/stourm.news\/?p=1046#primaryimage"},"thumbnailUrl":"https:\/\/stourm.news\/wp-content\/uploads\/2024\/04\/Germany-AfD.jpg","articleSection":["Ind\u00e9pendance","Vie du Parti"],"inLanguage":"fr-FR","potentialAction":[{"@type":"CommentAction","name":"Comment","target":["https:\/\/stourm.news\/?p=1046#respond"]}]},{"@type":"WebPage","@id":"https:\/\/stourm.news\/?p=1046","url":"https:\/\/stourm.news\/?p=1046","name":"Le PNB salue la position des patriotes allemands de l\u2019AfD \u00e0 propos de l\u2019occupation ill\u00e9gale de Mayotte par la France - STOURM","isPartOf":{"@id":"https:\/\/stourm.news\/#website"},"primaryImageOfPage":{"@id":"https:\/\/stourm.news\/?p=1046#primaryimage"},"image":{"@id":"https:\/\/stourm.news\/?p=1046#primaryimage"},"thumbnailUrl":"https:\/\/stourm.news\/wp-content\/uploads\/2024\/04\/Germany-AfD.jpg","datePublished":"2024-04-20T02:11:06+00:00","dateModified":"2024-04-20T02:12:41+00:00","breadcrumb":{"@id":"https:\/\/stourm.news\/?p=1046#breadcrumb"},"inLanguage":"fr-FR","potentialAction":[{"@type":"ReadAction","target":["https:\/\/stourm.news\/?p=1046"]}]},{"@type":"ImageObject","inLanguage":"fr-FR","@id":"https:\/\/stourm.news\/?p=1046#primaryimage","url":"https:\/\/stourm.news\/wp-content\/uploads\/2024\/04\/Germany-AfD.jpg","contentUrl":"https:\/\/stourm.news\/wp-content\/uploads\/2024\/04\/Germany-AfD.jpg","width":1700,"height":1280},{"@type":"BreadcrumbList","@id":"https:\/\/stourm.news\/?p=1046#breadcrumb","itemListElement":[{"@type":"ListItem","position":1,"name":"Accueil","item":"https:\/\/stourm.news\/"},{"@type":"ListItem","position":2,"name":"Le PNB salue la position des patriotes allemands de l\u2019AfD \u00e0 propos de l\u2019occupation ill\u00e9gale de Mayotte par la France"}]},{"@type":"WebSite","@id":"https:\/\/stourm.news\/#website","url":"https:\/\/stourm.news\/","name":"Stourm","description":"Kazetenn Strollad Broadel Breizh","publisher":{"@id":"https:\/\/stourm.news\/#organization"},"potentialAction":[{"@type":"SearchAction","target":{"@type":"EntryPoint","urlTemplate":"https:\/\/stourm.news\/?s={search_term_string}"},"query-input":{"@type":"PropertyValueSpecification","valueRequired":true,"valueName":"search_term_string"}}],"inLanguage":"fr-FR"},{"@type":"Organization","@id":"https:\/\/stourm.news\/#organization","name":"Stourm","url":"https:\/\/stourm.news\/","logo":{"@type":"ImageObject","inLanguage":"fr-FR","@id":"https:\/\/stourm.news\/#\/schema\/logo\/image\/","url":"https:\/\/stourm.news\/wp-content\/uploads\/2025\/11\/cropped-Capture-decran-2025-11-28-a-15.19.07.png","contentUrl":"https:\/\/stourm.news\/wp-content\/uploads\/2025\/11\/cropped-Capture-decran-2025-11-28-a-15.19.07.png","width":1855,"height":383,"caption":"Stourm"},"image":{"@id":"https:\/\/stourm.news\/#\/schema\/logo\/image\/"},"sameAs":["https:\/\/www.facebook.com\/stourmnews\/"]},{"@type":"Person","@id":"https:\/\/stourm.news\/#\/schema\/person\/c3e1dc65988632e190969234ef046cf9","name":"La r\u00e9daction","image":{"@type":"ImageObject","inLanguage":"fr-FR","@id":"https:\/\/stourm.news\/#\/schema\/person\/image\/","url":"https:\/\/secure.gravatar.com\/avatar\/7463443f194b6b5fb706b074ca0ef59a0cfcfd720cb47764b0ec5a952ce422b3?s=96&d=mm&r=g","contentUrl":"https:\/\/secure.gravatar.com\/avatar\/7463443f194b6b5fb706b074ca0ef59a0cfcfd720cb47764b0ec5a952ce422b3?s=96&d=mm&r=g","caption":"La r\u00e9daction"},"sameAs":["https:\/\/stourm.news"],"url":"https:\/\/stourm.news\/?author=1"}]}},"_links":{"self":[{"href":"https:\/\/stourm.news\/index.php?rest_route=\/wp\/v2\/posts\/1046","targetHints":{"allow":["GET"]}}],"collection":[{"href":"https:\/\/stourm.news\/index.php?rest_route=\/wp\/v2\/posts"}],"about":[{"href":"https:\/\/stourm.news\/index.php?rest_route=\/wp\/v2\/types\/post"}],"author":[{"embeddable":true,"href":"https:\/\/stourm.news\/index.php?rest_route=\/wp\/v2\/users\/1"}],"replies":[{"embeddable":true,"href":"https:\/\/stourm.news\/index.php?rest_route=%2Fwp%2Fv2%2Fcomments&post=1046"}],"version-history":[{"count":2,"href":"https:\/\/stourm.news\/index.php?rest_route=\/wp\/v2\/posts\/1046\/revisions"}],"predecessor-version":[{"id":1049,"href":"https:\/\/stourm.news\/index.php?rest_route=\/wp\/v2\/posts\/1046\/revisions\/1049"}],"wp:featuredmedia":[{"embeddable":true,"href":"https:\/\/stourm.news\/index.php?rest_route=\/wp\/v2\/media\/1047"}],"wp:attachment":[{"href":"https:\/\/stourm.news\/index.php?rest_route=%2Fwp%2Fv2%2Fmedia&parent=1046"}],"wp:term":[{"taxonomy":"category","embeddable":true,"href":"https:\/\/stourm.news\/index.php?rest_route=%2Fwp%2Fv2%2Fcategories&post=1046"},{"taxonomy":"post_tag","embeddable":true,"href":"https:\/\/stourm.news\/index.php?rest_route=%2Fwp%2Fv2%2Ftags&post=1046"}],"curies":[{"name":"wp","href":"https:\/\/api.w.org\/{rel}","templated":true}]}}