{"id":1050,"date":"2024-04-20T08:00:10","date_gmt":"2024-04-20T08:00:10","guid":{"rendered":"https:\/\/stourm.news\/?p=1050"},"modified":"2024-04-20T08:04:11","modified_gmt":"2024-04-20T08:04:11","slug":"lannion-6-mois-de-prison-pour-un-migrant-clandestin-marocain-suite-a-des-messages-malveillants","status":"publish","type":"post","link":"https:\/\/stourm.news\/?p=1050","title":{"rendered":"Lannion : 6 mois de prison pour un migrant clandestin marocain suite \u00e0 des messages malveillants"},"content":{"rendered":"<p style=\"text-align: justify;\">Vendredi 19 avril 2024, un homme, absent \u00e0 l\u2019audience, a \u00e9t\u00e9 jug\u00e9 au tribunal de Guingamp pour des faits d\u2019envoi de <strong>messages malveillants<\/strong>. Il a, entre le 22 mai et le 25 mai 2023, envoy\u00e9 une multitude de messages \u00e0 son ex-femme et \u00e0 l\u2019une de ses amies qui l\u2019h\u00e9bergeait \u00e0 son domicile. Cette derni\u00e8re l\u2019a mis dehors. Mais, ne sachant pas o\u00f9 aller,<strong> il l\u2019insulte et l\u2019outrage<\/strong> \u00e0 de multiples reprises.<strong> Incarc\u00e9r\u00e9 pour une autre affaire<\/strong>, cet homme,<strong> en situation irr\u00e9guli\u00e8re<\/strong>, fait l\u2019\u00e9tat d\u2019une obligation de quitter le territoire fran\u00e7ais (OQTF). Le 7 f\u00e9vrier 2024, il a \u00e9t\u00e9 reconduit <strong>au Maroc<\/strong> \u00e0 sa sortie de prison.<\/p>\n<p>Source : <a href=\"https:\/\/www.letelegramme.fr\/cotes-d-armor\/lannion-22300\/a-lannion-six-mois-de-prison-pour-des-messages-malveillants-6568553.php\">Le T\u00e9l\u00e9gramme<\/a><\/p>\n","protected":false},"excerpt":{"rendered":"<p>Vendredi 19 avril 2024, un homme, absent \u00e0 l\u2019audience, a \u00e9t\u00e9 jug\u00e9 au tribunal de Guingamp pour des faits d\u2019envoi de messages malveillants. Il a, entre le 22 mai et le 25 mai 2023, envoy\u00e9 une multitude de messages \u00e0 son ex-femme et \u00e0 l\u2019une de ses amies qui l\u2019h\u00e9bergeait \u00e0 son domicile. Cette derni\u00e8re [&hellip;]<\/p>\n","protected":false},"author":1,"featured_media":1052,"comment_status":"open","ping_status":"open","sticky":false,"template":"","format":"standard","meta":{"sb_editor_width":"","footnotes":""},"categories":[39,64,62],"tags":[],"class_list":["post-1050","post","type-post","status-publish","format-standard","has-post-thumbnail","hentry","category-cotes-darmor","category-harcelement","category-revue-de-presse"],"relative_dates":{"created":"2 ans ago","modified":"2 ans ago"},"yoast_head":"<!-- This site is optimized with the Yoast SEO plugin v26.3 - https:\/\/yoast.com\/wordpress\/plugins\/seo\/ -->\n<title>Lannion : 6 mois de prison pour un migrant clandestin marocain suite \u00e0 des messages malveillants - STOURM<\/title>\n<meta name=\"robots\" content=\"index, follow, max-snippet:-1, max-image-preview:large, max-video-preview:-1\" \/>\n<link rel=\"canonical\" href=\"https:\/\/stourm.news\/?p=1050\" \/>\n<meta property=\"og:locale\" content=\"fr_FR\" \/>\n<meta property=\"og:type\" content=\"article\" \/>\n<meta property=\"og:title\" content=\"Lannion : 6 mois de prison pour un migrant clandestin marocain suite \u00e0 des messages malveillants - STOURM\" \/>\n<meta property=\"og:description\" content=\"Vendredi 19 avril 2024, un homme, absent \u00e0 l\u2019audience, a \u00e9t\u00e9 jug\u00e9 au tribunal de Guingamp pour des faits d\u2019envoi de messages malveillants. Il a, entre le 22 mai et le 25 mai 2023, envoy\u00e9 une multitude de messages \u00e0 son ex-femme et \u00e0 l\u2019une de ses amies qui l\u2019h\u00e9bergeait \u00e0 son domicile. Cette derni\u00e8re [&hellip;]\" \/>\n<meta property=\"og:url\" content=\"https:\/\/stourm.news\/?p=1050\" \/>\n<meta property=\"og:site_name\" content=\"STOURM\" \/>\n<meta property=\"article:publisher\" content=\"https:\/\/www.facebook.com\/stourmnews\/\" \/>\n<meta property=\"article:published_time\" content=\"2024-04-20T08:00:10+00:00\" \/>\n<meta property=\"article:modified_time\" content=\"2024-04-20T08:04:11+00:00\" \/>\n<meta property=\"og:image\" content=\"https:\/\/stourm.news\/wp-content\/uploads\/2024\/04\/662286d8c70da019092c6cb5.jpg\" \/>\n\t<meta property=\"og:image:width\" content=\"960\" \/>\n\t<meta property=\"og:image:height\" content=\"600\" \/>\n\t<meta property=\"og:image:type\" content=\"image\/jpeg\" \/>\n<meta name=\"author\" content=\"La r\u00e9daction\" \/>\n<meta name=\"twitter:card\" content=\"summary_large_image\" \/>\n<meta name=\"twitter:label1\" content=\"\u00c9crit par\" \/>\n\t<meta name=\"twitter:data1\" content=\"La r\u00e9daction\" \/>\n\t<meta name=\"twitter:label2\" content=\"Dur\u00e9e de lecture estim\u00e9e\" \/>\n\t<meta name=\"twitter:data2\" content=\"1 minute\" \/>\n<script type=\"application\/ld+json\" class=\"yoast-schema-graph\">{\"@context\":\"https:\/\/schema.org\",\"@graph\":[{\"@type\":\"Article\",\"@id\":\"https:\/\/stourm.news\/?p=1050#article\",\"isPartOf\":{\"@id\":\"https:\/\/stourm.news\/?p=1050\"},\"author\":{\"name\":\"La r\u00e9daction\",\"@id\":\"https:\/\/stourm.news\/#\/schema\/person\/c3e1dc65988632e190969234ef046cf9\"},\"headline\":\"Lannion : 6 mois de prison pour un migrant clandestin marocain suite \u00e0 des messages malveillants\",\"datePublished\":\"2024-04-20T08:00:10+00:00\",\"dateModified\":\"2024-04-20T08:04:11+00:00\",\"mainEntityOfPage\":{\"@id\":\"https:\/\/stourm.news\/?p=1050\"},\"wordCount\":128,\"commentCount\":0,\"publisher\":{\"@id\":\"https:\/\/stourm.news\/#organization\"},\"image\":{\"@id\":\"https:\/\/stourm.news\/?p=1050#primaryimage\"},\"thumbnailUrl\":\"https:\/\/stourm.news\/wp-content\/uploads\/2024\/04\/662286d8c70da019092c6cb5.jpg\",\"articleSection\":[\"C\u00f4tes d'Armor\",\"Harc\u00e8lement\",\"Revue de presse\"],\"inLanguage\":\"fr-FR\",\"potentialAction\":[{\"@type\":\"CommentAction\",\"name\":\"Comment\",\"target\":[\"https:\/\/stourm.news\/?p=1050#respond\"]}]},{\"@type\":\"WebPage\",\"@id\":\"https:\/\/stourm.news\/?p=1050\",\"url\":\"https:\/\/stourm.news\/?p=1050\",\"name\":\"Lannion : 6 mois de prison pour un migrant clandestin marocain suite \u00e0 des messages malveillants - STOURM\",\"isPartOf\":{\"@id\":\"https:\/\/stourm.news\/#website\"},\"primaryImageOfPage\":{\"@id\":\"https:\/\/stourm.news\/?p=1050#primaryimage\"},\"image\":{\"@id\":\"https:\/\/stourm.news\/?p=1050#primaryimage\"},\"thumbnailUrl\":\"https:\/\/stourm.news\/wp-content\/uploads\/2024\/04\/662286d8c70da019092c6cb5.jpg\",\"datePublished\":\"2024-04-20T08:00:10+00:00\",\"dateModified\":\"2024-04-20T08:04:11+00:00\",\"breadcrumb\":{\"@id\":\"https:\/\/stourm.news\/?p=1050#breadcrumb\"},\"inLanguage\":\"fr-FR\",\"potentialAction\":[{\"@type\":\"ReadAction\",\"target\":[\"https:\/\/stourm.news\/?p=1050\"]}]},{\"@type\":\"ImageObject\",\"inLanguage\":\"fr-FR\",\"@id\":\"https:\/\/stourm.news\/?p=1050#primaryimage\",\"url\":\"https:\/\/stourm.news\/wp-content\/uploads\/2024\/04\/662286d8c70da019092c6cb5.jpg\",\"contentUrl\":\"https:\/\/stourm.news\/wp-content\/uploads\/2024\/04\/662286d8c70da019092c6cb5.jpg\",\"width\":960,\"height\":600,\"caption\":\"PHOTO FRANCOIS DESTOC \/ LE TELEGRAMME VANNES (56) justice tribunal , juge , magistrat\"},{\"@type\":\"BreadcrumbList\",\"@id\":\"https:\/\/stourm.news\/?p=1050#breadcrumb\",\"itemListElement\":[{\"@type\":\"ListItem\",\"position\":1,\"name\":\"Accueil\",\"item\":\"https:\/\/stourm.news\/\"},{\"@type\":\"ListItem\",\"position\":2,\"name\":\"Lannion : 6 mois de prison pour un migrant clandestin marocain suite \u00e0 des messages malveillants\"}]},{\"@type\":\"WebSite\",\"@id\":\"https:\/\/stourm.news\/#website\",\"url\":\"https:\/\/stourm.news\/\",\"name\":\"Stourm\",\"description\":\"Kazetenn Strollad Broadel Breizh\",\"publisher\":{\"@id\":\"https:\/\/stourm.news\/#organization\"},\"potentialAction\":[{\"@type\":\"SearchAction\",\"target\":{\"@type\":\"EntryPoint\",\"urlTemplate\":\"https:\/\/stourm.news\/?s={search_term_string}\"},\"query-input\":{\"@type\":\"PropertyValueSpecification\",\"valueRequired\":true,\"valueName\":\"search_term_string\"}}],\"inLanguage\":\"fr-FR\"},{\"@type\":\"Organization\",\"@id\":\"https:\/\/stourm.news\/#organization\",\"name\":\"Stourm\",\"url\":\"https:\/\/stourm.news\/\",\"logo\":{\"@type\":\"ImageObject\",\"inLanguage\":\"fr-FR\",\"@id\":\"https:\/\/stourm.news\/#\/schema\/logo\/image\/\",\"url\":\"https:\/\/stourm.news\/wp-content\/uploads\/2025\/11\/cropped-Capture-decran-2025-11-28-a-15.19.07.png\",\"contentUrl\":\"https:\/\/stourm.news\/wp-content\/uploads\/2025\/11\/cropped-Capture-decran-2025-11-28-a-15.19.07.png\",\"width\":1855,\"height\":383,\"caption\":\"Stourm\"},\"image\":{\"@id\":\"https:\/\/stourm.news\/#\/schema\/logo\/image\/\"},\"sameAs\":[\"https:\/\/www.facebook.com\/stourmnews\/\"]},{\"@type\":\"Person\",\"@id\":\"https:\/\/stourm.news\/#\/schema\/person\/c3e1dc65988632e190969234ef046cf9\",\"name\":\"La r\u00e9daction\",\"image\":{\"@type\":\"ImageObject\",\"inLanguage\":\"fr-FR\",\"@id\":\"https:\/\/stourm.news\/#\/schema\/person\/image\/\",\"url\":\"https:\/\/secure.gravatar.com\/avatar\/7463443f194b6b5fb706b074ca0ef59a0cfcfd720cb47764b0ec5a952ce422b3?s=96&d=mm&r=g\",\"contentUrl\":\"https:\/\/secure.gravatar.com\/avatar\/7463443f194b6b5fb706b074ca0ef59a0cfcfd720cb47764b0ec5a952ce422b3?s=96&d=mm&r=g\",\"caption\":\"La r\u00e9daction\"},\"sameAs\":[\"https:\/\/stourm.news\"],\"url\":\"https:\/\/stourm.news\/?author=1\"}]}<\/script>\n<!-- \/ Yoast SEO plugin. -->","yoast_head_json":{"title":"Lannion : 6 mois de prison pour un migrant clandestin marocain suite \u00e0 des messages malveillants - STOURM","robots":{"index":"index","follow":"follow","max-snippet":"max-snippet:-1","max-image-preview":"max-image-preview:large","max-video-preview":"max-video-preview:-1"},"canonical":"https:\/\/stourm.news\/?p=1050","og_locale":"fr_FR","og_type":"article","og_title":"Lannion : 6 mois de prison pour un migrant clandestin marocain suite \u00e0 des messages malveillants - STOURM","og_description":"Vendredi 19 avril 2024, un homme, absent \u00e0 l\u2019audience, a \u00e9t\u00e9 jug\u00e9 au tribunal de Guingamp pour des faits d\u2019envoi de messages malveillants. Il a, entre le 22 mai et le 25 mai 2023, envoy\u00e9 une multitude de messages \u00e0 son ex-femme et \u00e0 l\u2019une de ses amies qui l\u2019h\u00e9bergeait \u00e0 son domicile. Cette derni\u00e8re [&hellip;]","og_url":"https:\/\/stourm.news\/?p=1050","og_site_name":"STOURM","article_publisher":"https:\/\/www.facebook.com\/stourmnews\/","article_published_time":"2024-04-20T08:00:10+00:00","article_modified_time":"2024-04-20T08:04:11+00:00","og_image":[{"width":960,"height":600,"url":"https:\/\/stourm.news\/wp-content\/uploads\/2024\/04\/662286d8c70da019092c6cb5.jpg","type":"image\/jpeg"}],"author":"La r\u00e9daction","twitter_card":"summary_large_image","twitter_misc":{"\u00c9crit par":"La r\u00e9daction","Dur\u00e9e de lecture estim\u00e9e":"1 minute"},"schema":{"@context":"https:\/\/schema.org","@graph":[{"@type":"Article","@id":"https:\/\/stourm.news\/?p=1050#article","isPartOf":{"@id":"https:\/\/stourm.news\/?p=1050"},"author":{"name":"La r\u00e9daction","@id":"https:\/\/stourm.news\/#\/schema\/person\/c3e1dc65988632e190969234ef046cf9"},"headline":"Lannion : 6 mois de prison pour un migrant clandestin marocain suite \u00e0 des messages malveillants","datePublished":"2024-04-20T08:00:10+00:00","dateModified":"2024-04-20T08:04:11+00:00","mainEntityOfPage":{"@id":"https:\/\/stourm.news\/?p=1050"},"wordCount":128,"commentCount":0,"publisher":{"@id":"https:\/\/stourm.news\/#organization"},"image":{"@id":"https:\/\/stourm.news\/?p=1050#primaryimage"},"thumbnailUrl":"https:\/\/stourm.news\/wp-content\/uploads\/2024\/04\/662286d8c70da019092c6cb5.jpg","articleSection":["C\u00f4tes d'Armor","Harc\u00e8lement","Revue de presse"],"inLanguage":"fr-FR","potentialAction":[{"@type":"CommentAction","name":"Comment","target":["https:\/\/stourm.news\/?p=1050#respond"]}]},{"@type":"WebPage","@id":"https:\/\/stourm.news\/?p=1050","url":"https:\/\/stourm.news\/?p=1050","name":"Lannion : 6 mois de prison pour un migrant clandestin marocain suite \u00e0 des messages malveillants - STOURM","isPartOf":{"@id":"https:\/\/stourm.news\/#website"},"primaryImageOfPage":{"@id":"https:\/\/stourm.news\/?p=1050#primaryimage"},"image":{"@id":"https:\/\/stourm.news\/?p=1050#primaryimage"},"thumbnailUrl":"https:\/\/stourm.news\/wp-content\/uploads\/2024\/04\/662286d8c70da019092c6cb5.jpg","datePublished":"2024-04-20T08:00:10+00:00","dateModified":"2024-04-20T08:04:11+00:00","breadcrumb":{"@id":"https:\/\/stourm.news\/?p=1050#breadcrumb"},"inLanguage":"fr-FR","potentialAction":[{"@type":"ReadAction","target":["https:\/\/stourm.news\/?p=1050"]}]},{"@type":"ImageObject","inLanguage":"fr-FR","@id":"https:\/\/stourm.news\/?p=1050#primaryimage","url":"https:\/\/stourm.news\/wp-content\/uploads\/2024\/04\/662286d8c70da019092c6cb5.jpg","contentUrl":"https:\/\/stourm.news\/wp-content\/uploads\/2024\/04\/662286d8c70da019092c6cb5.jpg","width":960,"height":600,"caption":"PHOTO FRANCOIS DESTOC \/ LE TELEGRAMME VANNES (56) justice tribunal , juge , magistrat"},{"@type":"BreadcrumbList","@id":"https:\/\/stourm.news\/?p=1050#breadcrumb","itemListElement":[{"@type":"ListItem","position":1,"name":"Accueil","item":"https:\/\/stourm.news\/"},{"@type":"ListItem","position":2,"name":"Lannion : 6 mois de prison pour un migrant clandestin marocain suite \u00e0 des messages malveillants"}]},{"@type":"WebSite","@id":"https:\/\/stourm.news\/#website","url":"https:\/\/stourm.news\/","name":"Stourm","description":"Kazetenn Strollad Broadel Breizh","publisher":{"@id":"https:\/\/stourm.news\/#organization"},"potentialAction":[{"@type":"SearchAction","target":{"@type":"EntryPoint","urlTemplate":"https:\/\/stourm.news\/?s={search_term_string}"},"query-input":{"@type":"PropertyValueSpecification","valueRequired":true,"valueName":"search_term_string"}}],"inLanguage":"fr-FR"},{"@type":"Organization","@id":"https:\/\/stourm.news\/#organization","name":"Stourm","url":"https:\/\/stourm.news\/","logo":{"@type":"ImageObject","inLanguage":"fr-FR","@id":"https:\/\/stourm.news\/#\/schema\/logo\/image\/","url":"https:\/\/stourm.news\/wp-content\/uploads\/2025\/11\/cropped-Capture-decran-2025-11-28-a-15.19.07.png","contentUrl":"https:\/\/stourm.news\/wp-content\/uploads\/2025\/11\/cropped-Capture-decran-2025-11-28-a-15.19.07.png","width":1855,"height":383,"caption":"Stourm"},"image":{"@id":"https:\/\/stourm.news\/#\/schema\/logo\/image\/"},"sameAs":["https:\/\/www.facebook.com\/stourmnews\/"]},{"@type":"Person","@id":"https:\/\/stourm.news\/#\/schema\/person\/c3e1dc65988632e190969234ef046cf9","name":"La r\u00e9daction","image":{"@type":"ImageObject","inLanguage":"fr-FR","@id":"https:\/\/stourm.news\/#\/schema\/person\/image\/","url":"https:\/\/secure.gravatar.com\/avatar\/7463443f194b6b5fb706b074ca0ef59a0cfcfd720cb47764b0ec5a952ce422b3?s=96&d=mm&r=g","contentUrl":"https:\/\/secure.gravatar.com\/avatar\/7463443f194b6b5fb706b074ca0ef59a0cfcfd720cb47764b0ec5a952ce422b3?s=96&d=mm&r=g","caption":"La r\u00e9daction"},"sameAs":["https:\/\/stourm.news"],"url":"https:\/\/stourm.news\/?author=1"}]}},"_links":{"self":[{"href":"https:\/\/stourm.news\/index.php?rest_route=\/wp\/v2\/posts\/1050","targetHints":{"allow":["GET"]}}],"collection":[{"href":"https:\/\/stourm.news\/index.php?rest_route=\/wp\/v2\/posts"}],"about":[{"href":"https:\/\/stourm.news\/index.php?rest_route=\/wp\/v2\/types\/post"}],"author":[{"embeddable":true,"href":"https:\/\/stourm.news\/index.php?rest_route=\/wp\/v2\/users\/1"}],"replies":[{"embeddable":true,"href":"https:\/\/stourm.news\/index.php?rest_route=%2Fwp%2Fv2%2Fcomments&post=1050"}],"version-history":[{"count":1,"href":"https:\/\/stourm.news\/index.php?rest_route=\/wp\/v2\/posts\/1050\/revisions"}],"predecessor-version":[{"id":1053,"href":"https:\/\/stourm.news\/index.php?rest_route=\/wp\/v2\/posts\/1050\/revisions\/1053"}],"wp:featuredmedia":[{"embeddable":true,"href":"https:\/\/stourm.news\/index.php?rest_route=\/wp\/v2\/media\/1052"}],"wp:attachment":[{"href":"https:\/\/stourm.news\/index.php?rest_route=%2Fwp%2Fv2%2Fmedia&parent=1050"}],"wp:term":[{"taxonomy":"category","embeddable":true,"href":"https:\/\/stourm.news\/index.php?rest_route=%2Fwp%2Fv2%2Fcategories&post=1050"},{"taxonomy":"post_tag","embeddable":true,"href":"https:\/\/stourm.news\/index.php?rest_route=%2Fwp%2Fv2%2Ftags&post=1050"}],"curies":[{"name":"wp","href":"https:\/\/api.w.org\/{rel}","templated":true}]}}