{"id":1054,"date":"2024-04-20T08:19:35","date_gmt":"2024-04-20T08:19:35","guid":{"rendered":"https:\/\/stourm.news\/?p=1054"},"modified":"2024-04-20T08:19:48","modified_gmt":"2024-04-20T08:19:48","slug":"lorient-130-eleves-meneront-une-campagne-de-propagande-antiraciste-sous-la-direction-des-syndicalistes-de-leducation-nationale","status":"publish","type":"post","link":"https:\/\/stourm.news\/?p=1054","title":{"rendered":"Lorient : 130 \u00e9l\u00e8ves m\u00e8neront une campagne de propagande antiraciste sous la direction des syndicalistes de l&rsquo;Education Nationale"},"content":{"rendered":"<p style=\"text-align: justify;\">\u00ab \u00catre un supporter c\u2019est bien, \u00eatre un bon supporter, c\u2019est mieux \u00bb. C\u2019est l\u2019une des phrases que l\u2019on retrouvera sur<strong> les banderoles<\/strong> r\u00e9alis\u00e9es par<strong> les \u00e9l\u00e8ves<\/strong> de cinq classes du pays de Lorient : Pr\u00e9vert\/Desnos \u00e0 Ploemeur, Georges-Brassens \u00e0 Cl\u00e9guer, Pablo-Picasso \u00e0 Lanester, Bois-du-Ch\u00e2teau et Kerentrch \u00e0 Lorient. Une intervention dans ces classes de la <strong>Ligue de l\u2019enseignement<\/strong>, en janvier, avait \u00e9voqu\u00e9 les probl\u00e9matiques <strong>de racisme, sexisme et discrimination<\/strong> dans les stades. Ce mercredi 17 avril 2024, des ateliers sports et une visite du Moustoir \u00e9taient propos\u00e9s aux <strong>130 \u00e9l\u00e8ves de CM1 et CM2<\/strong> par l\u2019UNSS et le FC Lorient. Enfin, le 18 mai, les \u00e9coliers seront invit\u00e9s pour l\u2019ultime match de la saison (Lorient- Clermont). Ce sera l\u2019occasion d\u2019exposer<strong> les nombreuses banderoles sur le fair-play et la tol\u00e9rance<\/strong>, confectionn\u00e9es en classe.<\/p>\n<p>Source : <a href=\"https:\/\/www.letelegramme.fr\/morbihan\/lorient-56100\/des-ecoliers-du-pays-de-lorient-sensibilises-aux-discriminations-dans-les-stades-6568717.php\">Le T\u00e9l\u00e9gramme\u00a0<\/a><\/p>\n","protected":false},"excerpt":{"rendered":"<p>\u00ab \u00catre un supporter c\u2019est bien, \u00eatre un bon supporter, c\u2019est mieux \u00bb. C\u2019est l\u2019une des phrases que l\u2019on retrouvera sur les banderoles r\u00e9alis\u00e9es par les \u00e9l\u00e8ves de cinq classes du pays de Lorient : Pr\u00e9vert\/Desnos \u00e0 Ploemeur, Georges-Brassens \u00e0 Cl\u00e9guer, Pablo-Picasso \u00e0 Lanester, Bois-du-Ch\u00e2teau et Kerentrch \u00e0 Lorient. Une intervention dans ces classes de [&hellip;]<\/p>\n","protected":false},"author":1,"featured_media":1055,"comment_status":"open","ping_status":"open","sticky":false,"template":"","format":"standard","meta":{"sb_editor_width":"","footnotes":""},"categories":[36,33,40,62],"tags":[],"class_list":["post-1054","post","type-post","status-publish","format-standard","has-post-thumbnail","hentry","category-extreme-gauche","category-immigration","category-morbihan","category-revue-de-presse"],"relative_dates":{"created":"2 ans ago","modified":"2 ans ago"},"yoast_head":"<!-- This site is optimized with the Yoast SEO plugin v26.3 - https:\/\/yoast.com\/wordpress\/plugins\/seo\/ -->\n<title>Lorient : 130 \u00e9l\u00e8ves m\u00e8neront une campagne de propagande antiraciste sous la direction des syndicalistes de l&#039;Education Nationale - STOURM<\/title>\n<meta name=\"robots\" content=\"index, follow, max-snippet:-1, max-image-preview:large, max-video-preview:-1\" \/>\n<link rel=\"canonical\" href=\"https:\/\/stourm.news\/?p=1054\" \/>\n<meta property=\"og:locale\" content=\"fr_FR\" \/>\n<meta property=\"og:type\" content=\"article\" \/>\n<meta property=\"og:title\" content=\"Lorient : 130 \u00e9l\u00e8ves m\u00e8neront une campagne de propagande antiraciste sous la direction des syndicalistes de l&#039;Education Nationale - STOURM\" \/>\n<meta property=\"og:description\" content=\"\u00ab \u00catre un supporter c\u2019est bien, \u00eatre un bon supporter, c\u2019est mieux \u00bb. C\u2019est l\u2019une des phrases que l\u2019on retrouvera sur les banderoles r\u00e9alis\u00e9es par les \u00e9l\u00e8ves de cinq classes du pays de Lorient : Pr\u00e9vert\/Desnos \u00e0 Ploemeur, Georges-Brassens \u00e0 Cl\u00e9guer, Pablo-Picasso \u00e0 Lanester, Bois-du-Ch\u00e2teau et Kerentrch \u00e0 Lorient. Une intervention dans ces classes de [&hellip;]\" \/>\n<meta property=\"og:url\" content=\"https:\/\/stourm.news\/?p=1054\" \/>\n<meta property=\"og:site_name\" content=\"STOURM\" \/>\n<meta property=\"article:publisher\" content=\"https:\/\/www.facebook.com\/stourmnews\/\" \/>\n<meta property=\"article:published_time\" content=\"2024-04-20T08:19:35+00:00\" \/>\n<meta property=\"article:modified_time\" content=\"2024-04-20T08:19:48+00:00\" \/>\n<meta property=\"og:image\" content=\"https:\/\/stourm.news\/wp-content\/uploads\/2024\/04\/6622b7b2915e8d5c9574aca9.jpg\" \/>\n\t<meta property=\"og:image:width\" content=\"960\" \/>\n\t<meta property=\"og:image:height\" content=\"600\" \/>\n\t<meta property=\"og:image:type\" content=\"image\/jpeg\" \/>\n<meta name=\"author\" content=\"La r\u00e9daction\" \/>\n<meta name=\"twitter:card\" content=\"summary_large_image\" \/>\n<meta name=\"twitter:label1\" content=\"\u00c9crit par\" \/>\n\t<meta name=\"twitter:data1\" content=\"La r\u00e9daction\" \/>\n\t<meta name=\"twitter:label2\" content=\"Dur\u00e9e de lecture estim\u00e9e\" \/>\n\t<meta name=\"twitter:data2\" content=\"1 minute\" \/>\n<script type=\"application\/ld+json\" class=\"yoast-schema-graph\">{\"@context\":\"https:\/\/schema.org\",\"@graph\":[{\"@type\":\"Article\",\"@id\":\"https:\/\/stourm.news\/?p=1054#article\",\"isPartOf\":{\"@id\":\"https:\/\/stourm.news\/?p=1054\"},\"author\":{\"name\":\"La r\u00e9daction\",\"@id\":\"https:\/\/stourm.news\/#\/schema\/person\/c3e1dc65988632e190969234ef046cf9\"},\"headline\":\"Lorient : 130 \u00e9l\u00e8ves m\u00e8neront une campagne de propagande antiraciste sous la direction des syndicalistes de l&rsquo;Education Nationale\",\"datePublished\":\"2024-04-20T08:19:35+00:00\",\"dateModified\":\"2024-04-20T08:19:48+00:00\",\"mainEntityOfPage\":{\"@id\":\"https:\/\/stourm.news\/?p=1054\"},\"wordCount\":169,\"commentCount\":0,\"publisher\":{\"@id\":\"https:\/\/stourm.news\/#organization\"},\"image\":{\"@id\":\"https:\/\/stourm.news\/?p=1054#primaryimage\"},\"thumbnailUrl\":\"https:\/\/stourm.news\/wp-content\/uploads\/2024\/04\/6622b7b2915e8d5c9574aca9.jpg\",\"articleSection\":[\"Extr\u00eame-gauche\",\"Immigration\",\"Morbihan\",\"Revue de presse\"],\"inLanguage\":\"fr-FR\",\"potentialAction\":[{\"@type\":\"CommentAction\",\"name\":\"Comment\",\"target\":[\"https:\/\/stourm.news\/?p=1054#respond\"]}]},{\"@type\":\"WebPage\",\"@id\":\"https:\/\/stourm.news\/?p=1054\",\"url\":\"https:\/\/stourm.news\/?p=1054\",\"name\":\"Lorient : 130 \u00e9l\u00e8ves m\u00e8neront une campagne de propagande antiraciste sous la direction des syndicalistes de l'Education Nationale - STOURM\",\"isPartOf\":{\"@id\":\"https:\/\/stourm.news\/#website\"},\"primaryImageOfPage\":{\"@id\":\"https:\/\/stourm.news\/?p=1054#primaryimage\"},\"image\":{\"@id\":\"https:\/\/stourm.news\/?p=1054#primaryimage\"},\"thumbnailUrl\":\"https:\/\/stourm.news\/wp-content\/uploads\/2024\/04\/6622b7b2915e8d5c9574aca9.jpg\",\"datePublished\":\"2024-04-20T08:19:35+00:00\",\"dateModified\":\"2024-04-20T08:19:48+00:00\",\"breadcrumb\":{\"@id\":\"https:\/\/stourm.news\/?p=1054#breadcrumb\"},\"inLanguage\":\"fr-FR\",\"potentialAction\":[{\"@type\":\"ReadAction\",\"target\":[\"https:\/\/stourm.news\/?p=1054\"]}]},{\"@type\":\"ImageObject\",\"inLanguage\":\"fr-FR\",\"@id\":\"https:\/\/stourm.news\/?p=1054#primaryimage\",\"url\":\"https:\/\/stourm.news\/wp-content\/uploads\/2024\/04\/6622b7b2915e8d5c9574aca9.jpg\",\"contentUrl\":\"https:\/\/stourm.news\/wp-content\/uploads\/2024\/04\/6622b7b2915e8d5c9574aca9.jpg\",\"width\":960,\"height\":600,\"caption\":\"a\"},{\"@type\":\"BreadcrumbList\",\"@id\":\"https:\/\/stourm.news\/?p=1054#breadcrumb\",\"itemListElement\":[{\"@type\":\"ListItem\",\"position\":1,\"name\":\"Accueil\",\"item\":\"https:\/\/stourm.news\/\"},{\"@type\":\"ListItem\",\"position\":2,\"name\":\"Lorient : 130 \u00e9l\u00e8ves m\u00e8neront une campagne de propagande antiraciste sous la direction des syndicalistes de l&rsquo;Education Nationale\"}]},{\"@type\":\"WebSite\",\"@id\":\"https:\/\/stourm.news\/#website\",\"url\":\"https:\/\/stourm.news\/\",\"name\":\"Stourm\",\"description\":\"Kazetenn Strollad Broadel Breizh\",\"publisher\":{\"@id\":\"https:\/\/stourm.news\/#organization\"},\"potentialAction\":[{\"@type\":\"SearchAction\",\"target\":{\"@type\":\"EntryPoint\",\"urlTemplate\":\"https:\/\/stourm.news\/?s={search_term_string}\"},\"query-input\":{\"@type\":\"PropertyValueSpecification\",\"valueRequired\":true,\"valueName\":\"search_term_string\"}}],\"inLanguage\":\"fr-FR\"},{\"@type\":\"Organization\",\"@id\":\"https:\/\/stourm.news\/#organization\",\"name\":\"Stourm\",\"url\":\"https:\/\/stourm.news\/\",\"logo\":{\"@type\":\"ImageObject\",\"inLanguage\":\"fr-FR\",\"@id\":\"https:\/\/stourm.news\/#\/schema\/logo\/image\/\",\"url\":\"https:\/\/stourm.news\/wp-content\/uploads\/2025\/11\/cropped-Capture-decran-2025-11-28-a-15.19.07.png\",\"contentUrl\":\"https:\/\/stourm.news\/wp-content\/uploads\/2025\/11\/cropped-Capture-decran-2025-11-28-a-15.19.07.png\",\"width\":1855,\"height\":383,\"caption\":\"Stourm\"},\"image\":{\"@id\":\"https:\/\/stourm.news\/#\/schema\/logo\/image\/\"},\"sameAs\":[\"https:\/\/www.facebook.com\/stourmnews\/\"]},{\"@type\":\"Person\",\"@id\":\"https:\/\/stourm.news\/#\/schema\/person\/c3e1dc65988632e190969234ef046cf9\",\"name\":\"La r\u00e9daction\",\"image\":{\"@type\":\"ImageObject\",\"inLanguage\":\"fr-FR\",\"@id\":\"https:\/\/stourm.news\/#\/schema\/person\/image\/\",\"url\":\"https:\/\/secure.gravatar.com\/avatar\/7463443f194b6b5fb706b074ca0ef59a0cfcfd720cb47764b0ec5a952ce422b3?s=96&d=mm&r=g\",\"contentUrl\":\"https:\/\/secure.gravatar.com\/avatar\/7463443f194b6b5fb706b074ca0ef59a0cfcfd720cb47764b0ec5a952ce422b3?s=96&d=mm&r=g\",\"caption\":\"La r\u00e9daction\"},\"sameAs\":[\"https:\/\/stourm.news\"],\"url\":\"https:\/\/stourm.news\/?author=1\"}]}<\/script>\n<!-- \/ Yoast SEO plugin. -->","yoast_head_json":{"title":"Lorient : 130 \u00e9l\u00e8ves m\u00e8neront une campagne de propagande antiraciste sous la direction des syndicalistes de l'Education Nationale - STOURM","robots":{"index":"index","follow":"follow","max-snippet":"max-snippet:-1","max-image-preview":"max-image-preview:large","max-video-preview":"max-video-preview:-1"},"canonical":"https:\/\/stourm.news\/?p=1054","og_locale":"fr_FR","og_type":"article","og_title":"Lorient : 130 \u00e9l\u00e8ves m\u00e8neront une campagne de propagande antiraciste sous la direction des syndicalistes de l'Education Nationale - STOURM","og_description":"\u00ab \u00catre un supporter c\u2019est bien, \u00eatre un bon supporter, c\u2019est mieux \u00bb. C\u2019est l\u2019une des phrases que l\u2019on retrouvera sur les banderoles r\u00e9alis\u00e9es par les \u00e9l\u00e8ves de cinq classes du pays de Lorient : Pr\u00e9vert\/Desnos \u00e0 Ploemeur, Georges-Brassens \u00e0 Cl\u00e9guer, Pablo-Picasso \u00e0 Lanester, Bois-du-Ch\u00e2teau et Kerentrch \u00e0 Lorient. Une intervention dans ces classes de [&hellip;]","og_url":"https:\/\/stourm.news\/?p=1054","og_site_name":"STOURM","article_publisher":"https:\/\/www.facebook.com\/stourmnews\/","article_published_time":"2024-04-20T08:19:35+00:00","article_modified_time":"2024-04-20T08:19:48+00:00","og_image":[{"width":960,"height":600,"url":"https:\/\/stourm.news\/wp-content\/uploads\/2024\/04\/6622b7b2915e8d5c9574aca9.jpg","type":"image\/jpeg"}],"author":"La r\u00e9daction","twitter_card":"summary_large_image","twitter_misc":{"\u00c9crit par":"La r\u00e9daction","Dur\u00e9e de lecture estim\u00e9e":"1 minute"},"schema":{"@context":"https:\/\/schema.org","@graph":[{"@type":"Article","@id":"https:\/\/stourm.news\/?p=1054#article","isPartOf":{"@id":"https:\/\/stourm.news\/?p=1054"},"author":{"name":"La r\u00e9daction","@id":"https:\/\/stourm.news\/#\/schema\/person\/c3e1dc65988632e190969234ef046cf9"},"headline":"Lorient : 130 \u00e9l\u00e8ves m\u00e8neront une campagne de propagande antiraciste sous la direction des syndicalistes de l&rsquo;Education Nationale","datePublished":"2024-04-20T08:19:35+00:00","dateModified":"2024-04-20T08:19:48+00:00","mainEntityOfPage":{"@id":"https:\/\/stourm.news\/?p=1054"},"wordCount":169,"commentCount":0,"publisher":{"@id":"https:\/\/stourm.news\/#organization"},"image":{"@id":"https:\/\/stourm.news\/?p=1054#primaryimage"},"thumbnailUrl":"https:\/\/stourm.news\/wp-content\/uploads\/2024\/04\/6622b7b2915e8d5c9574aca9.jpg","articleSection":["Extr\u00eame-gauche","Immigration","Morbihan","Revue de presse"],"inLanguage":"fr-FR","potentialAction":[{"@type":"CommentAction","name":"Comment","target":["https:\/\/stourm.news\/?p=1054#respond"]}]},{"@type":"WebPage","@id":"https:\/\/stourm.news\/?p=1054","url":"https:\/\/stourm.news\/?p=1054","name":"Lorient : 130 \u00e9l\u00e8ves m\u00e8neront une campagne de propagande antiraciste sous la direction des syndicalistes de l'Education Nationale - STOURM","isPartOf":{"@id":"https:\/\/stourm.news\/#website"},"primaryImageOfPage":{"@id":"https:\/\/stourm.news\/?p=1054#primaryimage"},"image":{"@id":"https:\/\/stourm.news\/?p=1054#primaryimage"},"thumbnailUrl":"https:\/\/stourm.news\/wp-content\/uploads\/2024\/04\/6622b7b2915e8d5c9574aca9.jpg","datePublished":"2024-04-20T08:19:35+00:00","dateModified":"2024-04-20T08:19:48+00:00","breadcrumb":{"@id":"https:\/\/stourm.news\/?p=1054#breadcrumb"},"inLanguage":"fr-FR","potentialAction":[{"@type":"ReadAction","target":["https:\/\/stourm.news\/?p=1054"]}]},{"@type":"ImageObject","inLanguage":"fr-FR","@id":"https:\/\/stourm.news\/?p=1054#primaryimage","url":"https:\/\/stourm.news\/wp-content\/uploads\/2024\/04\/6622b7b2915e8d5c9574aca9.jpg","contentUrl":"https:\/\/stourm.news\/wp-content\/uploads\/2024\/04\/6622b7b2915e8d5c9574aca9.jpg","width":960,"height":600,"caption":"a"},{"@type":"BreadcrumbList","@id":"https:\/\/stourm.news\/?p=1054#breadcrumb","itemListElement":[{"@type":"ListItem","position":1,"name":"Accueil","item":"https:\/\/stourm.news\/"},{"@type":"ListItem","position":2,"name":"Lorient : 130 \u00e9l\u00e8ves m\u00e8neront une campagne de propagande antiraciste sous la direction des syndicalistes de l&rsquo;Education Nationale"}]},{"@type":"WebSite","@id":"https:\/\/stourm.news\/#website","url":"https:\/\/stourm.news\/","name":"Stourm","description":"Kazetenn Strollad Broadel Breizh","publisher":{"@id":"https:\/\/stourm.news\/#organization"},"potentialAction":[{"@type":"SearchAction","target":{"@type":"EntryPoint","urlTemplate":"https:\/\/stourm.news\/?s={search_term_string}"},"query-input":{"@type":"PropertyValueSpecification","valueRequired":true,"valueName":"search_term_string"}}],"inLanguage":"fr-FR"},{"@type":"Organization","@id":"https:\/\/stourm.news\/#organization","name":"Stourm","url":"https:\/\/stourm.news\/","logo":{"@type":"ImageObject","inLanguage":"fr-FR","@id":"https:\/\/stourm.news\/#\/schema\/logo\/image\/","url":"https:\/\/stourm.news\/wp-content\/uploads\/2025\/11\/cropped-Capture-decran-2025-11-28-a-15.19.07.png","contentUrl":"https:\/\/stourm.news\/wp-content\/uploads\/2025\/11\/cropped-Capture-decran-2025-11-28-a-15.19.07.png","width":1855,"height":383,"caption":"Stourm"},"image":{"@id":"https:\/\/stourm.news\/#\/schema\/logo\/image\/"},"sameAs":["https:\/\/www.facebook.com\/stourmnews\/"]},{"@type":"Person","@id":"https:\/\/stourm.news\/#\/schema\/person\/c3e1dc65988632e190969234ef046cf9","name":"La r\u00e9daction","image":{"@type":"ImageObject","inLanguage":"fr-FR","@id":"https:\/\/stourm.news\/#\/schema\/person\/image\/","url":"https:\/\/secure.gravatar.com\/avatar\/7463443f194b6b5fb706b074ca0ef59a0cfcfd720cb47764b0ec5a952ce422b3?s=96&d=mm&r=g","contentUrl":"https:\/\/secure.gravatar.com\/avatar\/7463443f194b6b5fb706b074ca0ef59a0cfcfd720cb47764b0ec5a952ce422b3?s=96&d=mm&r=g","caption":"La r\u00e9daction"},"sameAs":["https:\/\/stourm.news"],"url":"https:\/\/stourm.news\/?author=1"}]}},"_links":{"self":[{"href":"https:\/\/stourm.news\/index.php?rest_route=\/wp\/v2\/posts\/1054","targetHints":{"allow":["GET"]}}],"collection":[{"href":"https:\/\/stourm.news\/index.php?rest_route=\/wp\/v2\/posts"}],"about":[{"href":"https:\/\/stourm.news\/index.php?rest_route=\/wp\/v2\/types\/post"}],"author":[{"embeddable":true,"href":"https:\/\/stourm.news\/index.php?rest_route=\/wp\/v2\/users\/1"}],"replies":[{"embeddable":true,"href":"https:\/\/stourm.news\/index.php?rest_route=%2Fwp%2Fv2%2Fcomments&post=1054"}],"version-history":[{"count":1,"href":"https:\/\/stourm.news\/index.php?rest_route=\/wp\/v2\/posts\/1054\/revisions"}],"predecessor-version":[{"id":1056,"href":"https:\/\/stourm.news\/index.php?rest_route=\/wp\/v2\/posts\/1054\/revisions\/1056"}],"wp:featuredmedia":[{"embeddable":true,"href":"https:\/\/stourm.news\/index.php?rest_route=\/wp\/v2\/media\/1055"}],"wp:attachment":[{"href":"https:\/\/stourm.news\/index.php?rest_route=%2Fwp%2Fv2%2Fmedia&parent=1054"}],"wp:term":[{"taxonomy":"category","embeddable":true,"href":"https:\/\/stourm.news\/index.php?rest_route=%2Fwp%2Fv2%2Fcategories&post=1054"},{"taxonomy":"post_tag","embeddable":true,"href":"https:\/\/stourm.news\/index.php?rest_route=%2Fwp%2Fv2%2Ftags&post=1054"}],"curies":[{"name":"wp","href":"https:\/\/api.w.org\/{rel}","templated":true}]}}