{"id":1060,"date":"2024-04-20T11:05:17","date_gmt":"2024-04-20T11:05:17","guid":{"rendered":"https:\/\/stourm.news\/?p=1060"},"modified":"2024-04-20T11:05:17","modified_gmt":"2024-04-20T11:05:17","slug":"a-perros-guirec-comme-partout-la-patrouille-de-france-na-pas-sa-place-en-bretagne","status":"publish","type":"post","link":"https:\/\/stourm.news\/?p=1060","title":{"rendered":"A Perros-Guirec comme partout, la patrouille de France n&rsquo;a pas sa place en Bretagne !"},"content":{"rendered":"<p style=\"text-align: justify;\">A Perros-Guirec, la municipalit\u00e9 locale, d&rsquo;orientation loyaliste, persiste \u00e0 vouloir inviter la patrouille de France afin de se livrer \u00e0 un exercice d&rsquo;exaltation du chauvinisme fran\u00e7ais. Apr\u00e8s avoir \u00e9t\u00e9 initialement pr\u00e9vue en juin, c&rsquo;est la date du <a href=\"https:\/\/www.letelegramme.fr\/cotes-d-armor\/perros-guirec-22700\/perros-guirec-la-venue-de-la-patrouille-de-france-encore-contestee-6568494.php\">7 et 8 septembre<\/a> qui a \u00e9t\u00e9 arr\u00eat\u00e9e.<\/p>\n<p style=\"text-align: justify;\">Il faut dire que la ville, sinistr\u00e9e par le fl\u00e9au de la colonisation r\u00e9sidentielle hexagonale, compte un grand nombre de Fran\u00e7ais qui consid\u00e8rent la Bretagne que comme une d\u00e9pendance francilienne. Avec les c\u00e9l\u00e9brations du 14 juillet, il s&rsquo;agit l\u00e0 de l&rsquo;habituelle expression estivale la plus intol\u00e9rable de l&rsquo;imp\u00e9rialisme fran\u00e7ais que doive subir chaque ann\u00e9e notre patrie.<\/p>\n<p style=\"text-align: justify;\">Il est grand temps pour les Bretons de s&rsquo;opposer de mani\u00e8re syst\u00e9matique \u00e0 ce genre de provocations qui a pour but d&rsquo;affirmer la gloriole hexagonale sur la Bretagne occup\u00e9e.<\/p>\n<p style=\"text-align: right;\"><strong>Ewen Broc&rsquo;han<\/strong><\/p>\n","protected":false},"excerpt":{"rendered":"<p>A Perros-Guirec, la municipalit\u00e9 locale, d&rsquo;orientation loyaliste, persiste \u00e0 vouloir inviter la patrouille de France afin de se livrer \u00e0 un exercice d&rsquo;exaltation du chauvinisme fran\u00e7ais. Apr\u00e8s avoir \u00e9t\u00e9 initialement pr\u00e9vue en juin, c&rsquo;est la date du 7 et 8 septembre qui a \u00e9t\u00e9 arr\u00eat\u00e9e. Il faut dire que la ville, sinistr\u00e9e par le fl\u00e9au [&hellip;]<\/p>\n","protected":false},"author":1,"featured_media":1061,"comment_status":"open","ping_status":"open","sticky":false,"template":"","format":"standard","meta":{"sb_editor_width":"","footnotes":""},"categories":[39,63,48],"tags":[],"class_list":["post-1060","post","type-post","status-publish","format-standard","has-post-thumbnail","hentry","category-cotes-darmor","category-editorial","category-occupation-francaise"],"relative_dates":{"created":"2 ans ago","modified":"2 ans ago"},"yoast_head":"<!-- This site is optimized with the Yoast SEO plugin v26.3 - https:\/\/yoast.com\/wordpress\/plugins\/seo\/ -->\n<title>A Perros-Guirec comme partout, la patrouille de France n&#039;a pas sa place en Bretagne ! - STOURM<\/title>\n<meta name=\"robots\" content=\"index, follow, max-snippet:-1, max-image-preview:large, max-video-preview:-1\" \/>\n<link rel=\"canonical\" href=\"https:\/\/stourm.news\/?p=1060\" \/>\n<meta property=\"og:locale\" content=\"fr_FR\" \/>\n<meta property=\"og:type\" content=\"article\" \/>\n<meta property=\"og:title\" content=\"A Perros-Guirec comme partout, la patrouille de France n&#039;a pas sa place en Bretagne ! - STOURM\" \/>\n<meta property=\"og:description\" content=\"A Perros-Guirec, la municipalit\u00e9 locale, d&rsquo;orientation loyaliste, persiste \u00e0 vouloir inviter la patrouille de France afin de se livrer \u00e0 un exercice d&rsquo;exaltation du chauvinisme fran\u00e7ais. Apr\u00e8s avoir \u00e9t\u00e9 initialement pr\u00e9vue en juin, c&rsquo;est la date du 7 et 8 septembre qui a \u00e9t\u00e9 arr\u00eat\u00e9e. Il faut dire que la ville, sinistr\u00e9e par le fl\u00e9au [&hellip;]\" \/>\n<meta property=\"og:url\" content=\"https:\/\/stourm.news\/?p=1060\" \/>\n<meta property=\"og:site_name\" content=\"STOURM\" \/>\n<meta property=\"article:publisher\" content=\"https:\/\/www.facebook.com\/stourmnews\/\" \/>\n<meta property=\"article:published_time\" content=\"2024-04-20T11:05:17+00:00\" \/>\n<meta property=\"og:image\" content=\"https:\/\/stourm.news\/wp-content\/uploads\/2024\/04\/patrouille-de-france-formation.jpg\" \/>\n\t<meta property=\"og:image:width\" content=\"1200\" \/>\n\t<meta property=\"og:image:height\" content=\"787\" \/>\n\t<meta property=\"og:image:type\" content=\"image\/jpeg\" \/>\n<meta name=\"author\" content=\"La r\u00e9daction\" \/>\n<meta name=\"twitter:card\" content=\"summary_large_image\" \/>\n<meta name=\"twitter:label1\" content=\"\u00c9crit par\" \/>\n\t<meta name=\"twitter:data1\" content=\"La r\u00e9daction\" \/>\n\t<meta name=\"twitter:label2\" content=\"Dur\u00e9e de lecture estim\u00e9e\" \/>\n\t<meta name=\"twitter:data2\" content=\"1 minute\" \/>\n<script type=\"application\/ld+json\" class=\"yoast-schema-graph\">{\"@context\":\"https:\/\/schema.org\",\"@graph\":[{\"@type\":\"Article\",\"@id\":\"https:\/\/stourm.news\/?p=1060#article\",\"isPartOf\":{\"@id\":\"https:\/\/stourm.news\/?p=1060\"},\"author\":{\"name\":\"La r\u00e9daction\",\"@id\":\"https:\/\/stourm.news\/#\/schema\/person\/c3e1dc65988632e190969234ef046cf9\"},\"headline\":\"A Perros-Guirec comme partout, la patrouille de France n&rsquo;a pas sa place en Bretagne !\",\"datePublished\":\"2024-04-20T11:05:17+00:00\",\"mainEntityOfPage\":{\"@id\":\"https:\/\/stourm.news\/?p=1060\"},\"wordCount\":170,\"commentCount\":0,\"publisher\":{\"@id\":\"https:\/\/stourm.news\/#organization\"},\"image\":{\"@id\":\"https:\/\/stourm.news\/?p=1060#primaryimage\"},\"thumbnailUrl\":\"https:\/\/stourm.news\/wp-content\/uploads\/2024\/04\/patrouille-de-france-formation.jpg\",\"articleSection\":[\"C\u00f4tes d'Armor\",\"Editorial\",\"Occupation fran\u00e7aise\"],\"inLanguage\":\"fr-FR\",\"potentialAction\":[{\"@type\":\"CommentAction\",\"name\":\"Comment\",\"target\":[\"https:\/\/stourm.news\/?p=1060#respond\"]}]},{\"@type\":\"WebPage\",\"@id\":\"https:\/\/stourm.news\/?p=1060\",\"url\":\"https:\/\/stourm.news\/?p=1060\",\"name\":\"A Perros-Guirec comme partout, la patrouille de France n'a pas sa place en Bretagne ! - STOURM\",\"isPartOf\":{\"@id\":\"https:\/\/stourm.news\/#website\"},\"primaryImageOfPage\":{\"@id\":\"https:\/\/stourm.news\/?p=1060#primaryimage\"},\"image\":{\"@id\":\"https:\/\/stourm.news\/?p=1060#primaryimage\"},\"thumbnailUrl\":\"https:\/\/stourm.news\/wp-content\/uploads\/2024\/04\/patrouille-de-france-formation.jpg\",\"datePublished\":\"2024-04-20T11:05:17+00:00\",\"breadcrumb\":{\"@id\":\"https:\/\/stourm.news\/?p=1060#breadcrumb\"},\"inLanguage\":\"fr-FR\",\"potentialAction\":[{\"@type\":\"ReadAction\",\"target\":[\"https:\/\/stourm.news\/?p=1060\"]}]},{\"@type\":\"ImageObject\",\"inLanguage\":\"fr-FR\",\"@id\":\"https:\/\/stourm.news\/?p=1060#primaryimage\",\"url\":\"https:\/\/stourm.news\/wp-content\/uploads\/2024\/04\/patrouille-de-france-formation.jpg\",\"contentUrl\":\"https:\/\/stourm.news\/wp-content\/uploads\/2024\/04\/patrouille-de-france-formation.jpg\",\"width\":1200,\"height\":787},{\"@type\":\"BreadcrumbList\",\"@id\":\"https:\/\/stourm.news\/?p=1060#breadcrumb\",\"itemListElement\":[{\"@type\":\"ListItem\",\"position\":1,\"name\":\"Accueil\",\"item\":\"https:\/\/stourm.news\/\"},{\"@type\":\"ListItem\",\"position\":2,\"name\":\"A Perros-Guirec comme partout, la patrouille de France n&rsquo;a pas sa place en Bretagne !\"}]},{\"@type\":\"WebSite\",\"@id\":\"https:\/\/stourm.news\/#website\",\"url\":\"https:\/\/stourm.news\/\",\"name\":\"Stourm\",\"description\":\"Kazetenn Strollad Broadel Breizh\",\"publisher\":{\"@id\":\"https:\/\/stourm.news\/#organization\"},\"potentialAction\":[{\"@type\":\"SearchAction\",\"target\":{\"@type\":\"EntryPoint\",\"urlTemplate\":\"https:\/\/stourm.news\/?s={search_term_string}\"},\"query-input\":{\"@type\":\"PropertyValueSpecification\",\"valueRequired\":true,\"valueName\":\"search_term_string\"}}],\"inLanguage\":\"fr-FR\"},{\"@type\":\"Organization\",\"@id\":\"https:\/\/stourm.news\/#organization\",\"name\":\"Stourm\",\"url\":\"https:\/\/stourm.news\/\",\"logo\":{\"@type\":\"ImageObject\",\"inLanguage\":\"fr-FR\",\"@id\":\"https:\/\/stourm.news\/#\/schema\/logo\/image\/\",\"url\":\"https:\/\/stourm.news\/wp-content\/uploads\/2025\/11\/cropped-Capture-decran-2025-11-28-a-15.19.07.png\",\"contentUrl\":\"https:\/\/stourm.news\/wp-content\/uploads\/2025\/11\/cropped-Capture-decran-2025-11-28-a-15.19.07.png\",\"width\":1855,\"height\":383,\"caption\":\"Stourm\"},\"image\":{\"@id\":\"https:\/\/stourm.news\/#\/schema\/logo\/image\/\"},\"sameAs\":[\"https:\/\/www.facebook.com\/stourmnews\/\"]},{\"@type\":\"Person\",\"@id\":\"https:\/\/stourm.news\/#\/schema\/person\/c3e1dc65988632e190969234ef046cf9\",\"name\":\"La r\u00e9daction\",\"image\":{\"@type\":\"ImageObject\",\"inLanguage\":\"fr-FR\",\"@id\":\"https:\/\/stourm.news\/#\/schema\/person\/image\/\",\"url\":\"https:\/\/secure.gravatar.com\/avatar\/7463443f194b6b5fb706b074ca0ef59a0cfcfd720cb47764b0ec5a952ce422b3?s=96&d=mm&r=g\",\"contentUrl\":\"https:\/\/secure.gravatar.com\/avatar\/7463443f194b6b5fb706b074ca0ef59a0cfcfd720cb47764b0ec5a952ce422b3?s=96&d=mm&r=g\",\"caption\":\"La r\u00e9daction\"},\"sameAs\":[\"https:\/\/stourm.news\"],\"url\":\"https:\/\/stourm.news\/?author=1\"}]}<\/script>\n<!-- \/ Yoast SEO plugin. -->","yoast_head_json":{"title":"A Perros-Guirec comme partout, la patrouille de France n'a pas sa place en Bretagne ! - STOURM","robots":{"index":"index","follow":"follow","max-snippet":"max-snippet:-1","max-image-preview":"max-image-preview:large","max-video-preview":"max-video-preview:-1"},"canonical":"https:\/\/stourm.news\/?p=1060","og_locale":"fr_FR","og_type":"article","og_title":"A Perros-Guirec comme partout, la patrouille de France n'a pas sa place en Bretagne ! - STOURM","og_description":"A Perros-Guirec, la municipalit\u00e9 locale, d&rsquo;orientation loyaliste, persiste \u00e0 vouloir inviter la patrouille de France afin de se livrer \u00e0 un exercice d&rsquo;exaltation du chauvinisme fran\u00e7ais. Apr\u00e8s avoir \u00e9t\u00e9 initialement pr\u00e9vue en juin, c&rsquo;est la date du 7 et 8 septembre qui a \u00e9t\u00e9 arr\u00eat\u00e9e. Il faut dire que la ville, sinistr\u00e9e par le fl\u00e9au [&hellip;]","og_url":"https:\/\/stourm.news\/?p=1060","og_site_name":"STOURM","article_publisher":"https:\/\/www.facebook.com\/stourmnews\/","article_published_time":"2024-04-20T11:05:17+00:00","og_image":[{"width":1200,"height":787,"url":"https:\/\/stourm.news\/wp-content\/uploads\/2024\/04\/patrouille-de-france-formation.jpg","type":"image\/jpeg"}],"author":"La r\u00e9daction","twitter_card":"summary_large_image","twitter_misc":{"\u00c9crit par":"La r\u00e9daction","Dur\u00e9e de lecture estim\u00e9e":"1 minute"},"schema":{"@context":"https:\/\/schema.org","@graph":[{"@type":"Article","@id":"https:\/\/stourm.news\/?p=1060#article","isPartOf":{"@id":"https:\/\/stourm.news\/?p=1060"},"author":{"name":"La r\u00e9daction","@id":"https:\/\/stourm.news\/#\/schema\/person\/c3e1dc65988632e190969234ef046cf9"},"headline":"A Perros-Guirec comme partout, la patrouille de France n&rsquo;a pas sa place en Bretagne !","datePublished":"2024-04-20T11:05:17+00:00","mainEntityOfPage":{"@id":"https:\/\/stourm.news\/?p=1060"},"wordCount":170,"commentCount":0,"publisher":{"@id":"https:\/\/stourm.news\/#organization"},"image":{"@id":"https:\/\/stourm.news\/?p=1060#primaryimage"},"thumbnailUrl":"https:\/\/stourm.news\/wp-content\/uploads\/2024\/04\/patrouille-de-france-formation.jpg","articleSection":["C\u00f4tes d'Armor","Editorial","Occupation fran\u00e7aise"],"inLanguage":"fr-FR","potentialAction":[{"@type":"CommentAction","name":"Comment","target":["https:\/\/stourm.news\/?p=1060#respond"]}]},{"@type":"WebPage","@id":"https:\/\/stourm.news\/?p=1060","url":"https:\/\/stourm.news\/?p=1060","name":"A Perros-Guirec comme partout, la patrouille de France n'a pas sa place en Bretagne ! - STOURM","isPartOf":{"@id":"https:\/\/stourm.news\/#website"},"primaryImageOfPage":{"@id":"https:\/\/stourm.news\/?p=1060#primaryimage"},"image":{"@id":"https:\/\/stourm.news\/?p=1060#primaryimage"},"thumbnailUrl":"https:\/\/stourm.news\/wp-content\/uploads\/2024\/04\/patrouille-de-france-formation.jpg","datePublished":"2024-04-20T11:05:17+00:00","breadcrumb":{"@id":"https:\/\/stourm.news\/?p=1060#breadcrumb"},"inLanguage":"fr-FR","potentialAction":[{"@type":"ReadAction","target":["https:\/\/stourm.news\/?p=1060"]}]},{"@type":"ImageObject","inLanguage":"fr-FR","@id":"https:\/\/stourm.news\/?p=1060#primaryimage","url":"https:\/\/stourm.news\/wp-content\/uploads\/2024\/04\/patrouille-de-france-formation.jpg","contentUrl":"https:\/\/stourm.news\/wp-content\/uploads\/2024\/04\/patrouille-de-france-formation.jpg","width":1200,"height":787},{"@type":"BreadcrumbList","@id":"https:\/\/stourm.news\/?p=1060#breadcrumb","itemListElement":[{"@type":"ListItem","position":1,"name":"Accueil","item":"https:\/\/stourm.news\/"},{"@type":"ListItem","position":2,"name":"A Perros-Guirec comme partout, la patrouille de France n&rsquo;a pas sa place en Bretagne !"}]},{"@type":"WebSite","@id":"https:\/\/stourm.news\/#website","url":"https:\/\/stourm.news\/","name":"Stourm","description":"Kazetenn Strollad Broadel Breizh","publisher":{"@id":"https:\/\/stourm.news\/#organization"},"potentialAction":[{"@type":"SearchAction","target":{"@type":"EntryPoint","urlTemplate":"https:\/\/stourm.news\/?s={search_term_string}"},"query-input":{"@type":"PropertyValueSpecification","valueRequired":true,"valueName":"search_term_string"}}],"inLanguage":"fr-FR"},{"@type":"Organization","@id":"https:\/\/stourm.news\/#organization","name":"Stourm","url":"https:\/\/stourm.news\/","logo":{"@type":"ImageObject","inLanguage":"fr-FR","@id":"https:\/\/stourm.news\/#\/schema\/logo\/image\/","url":"https:\/\/stourm.news\/wp-content\/uploads\/2025\/11\/cropped-Capture-decran-2025-11-28-a-15.19.07.png","contentUrl":"https:\/\/stourm.news\/wp-content\/uploads\/2025\/11\/cropped-Capture-decran-2025-11-28-a-15.19.07.png","width":1855,"height":383,"caption":"Stourm"},"image":{"@id":"https:\/\/stourm.news\/#\/schema\/logo\/image\/"},"sameAs":["https:\/\/www.facebook.com\/stourmnews\/"]},{"@type":"Person","@id":"https:\/\/stourm.news\/#\/schema\/person\/c3e1dc65988632e190969234ef046cf9","name":"La r\u00e9daction","image":{"@type":"ImageObject","inLanguage":"fr-FR","@id":"https:\/\/stourm.news\/#\/schema\/person\/image\/","url":"https:\/\/secure.gravatar.com\/avatar\/7463443f194b6b5fb706b074ca0ef59a0cfcfd720cb47764b0ec5a952ce422b3?s=96&d=mm&r=g","contentUrl":"https:\/\/secure.gravatar.com\/avatar\/7463443f194b6b5fb706b074ca0ef59a0cfcfd720cb47764b0ec5a952ce422b3?s=96&d=mm&r=g","caption":"La r\u00e9daction"},"sameAs":["https:\/\/stourm.news"],"url":"https:\/\/stourm.news\/?author=1"}]}},"_links":{"self":[{"href":"https:\/\/stourm.news\/index.php?rest_route=\/wp\/v2\/posts\/1060","targetHints":{"allow":["GET"]}}],"collection":[{"href":"https:\/\/stourm.news\/index.php?rest_route=\/wp\/v2\/posts"}],"about":[{"href":"https:\/\/stourm.news\/index.php?rest_route=\/wp\/v2\/types\/post"}],"author":[{"embeddable":true,"href":"https:\/\/stourm.news\/index.php?rest_route=\/wp\/v2\/users\/1"}],"replies":[{"embeddable":true,"href":"https:\/\/stourm.news\/index.php?rest_route=%2Fwp%2Fv2%2Fcomments&post=1060"}],"version-history":[{"count":1,"href":"https:\/\/stourm.news\/index.php?rest_route=\/wp\/v2\/posts\/1060\/revisions"}],"predecessor-version":[{"id":1062,"href":"https:\/\/stourm.news\/index.php?rest_route=\/wp\/v2\/posts\/1060\/revisions\/1062"}],"wp:featuredmedia":[{"embeddable":true,"href":"https:\/\/stourm.news\/index.php?rest_route=\/wp\/v2\/media\/1061"}],"wp:attachment":[{"href":"https:\/\/stourm.news\/index.php?rest_route=%2Fwp%2Fv2%2Fmedia&parent=1060"}],"wp:term":[{"taxonomy":"category","embeddable":true,"href":"https:\/\/stourm.news\/index.php?rest_route=%2Fwp%2Fv2%2Fcategories&post=1060"},{"taxonomy":"post_tag","embeddable":true,"href":"https:\/\/stourm.news\/index.php?rest_route=%2Fwp%2Fv2%2Ftags&post=1060"}],"curies":[{"name":"wp","href":"https:\/\/api.w.org\/{rel}","templated":true}]}}