{"id":1080,"date":"2024-04-22T03:53:32","date_gmt":"2024-04-22T03:53:32","guid":{"rendered":"https:\/\/stourm.news\/?p=1080"},"modified":"2024-04-22T04:23:46","modified_gmt":"2024-04-22T04:23:46","slug":"saint-brieuc-lextreme-gauche-manifeste-contre-lextreme-droite","status":"publish","type":"post","link":"https:\/\/stourm.news\/?p=1080","title":{"rendered":"Saint-Brieuc : l&rsquo;extr\u00eame-gauche manifeste contre \u00ab\u00a0l&rsquo;extr\u00eame-droite\u00a0\u00bb"},"content":{"rendered":"<p style=\"text-align: justify;\">Le Front commun antifasciste annon\u00e7ait vouloir \u00ab reprendre la rue \u00bb. C\u2019est chose faite ce dimanche 21 avril. Quelque 1 500 personnes ont pris part \u00e0 la manifestation r\u00e9gionale organis\u00e9e par le tout jeune collectif, contre l\u2019extr\u00eame droite, pour la justice sociale et la solidarit\u00e9, \u00e0 Saint-Brieuc.<\/p>\n<p>Source : <a href=\"https:\/\/www.letelegramme.fr\/cotes-d-armor\/saint-brieuc-22000\/contre-lextreme-droite-ce-dimanche-un-millier-de-manifestants-a-saint-brieuc-6569550.php\">Le T\u00e9l\u00e9gramme<\/a><\/p>\n","protected":false},"excerpt":{"rendered":"<p>Le Front commun antifasciste annon\u00e7ait vouloir \u00ab reprendre la rue \u00bb. C\u2019est chose faite ce dimanche 21 avril. Quelque 1 500 personnes ont pris part \u00e0 la manifestation r\u00e9gionale organis\u00e9e par le tout jeune collectif, contre l\u2019extr\u00eame droite, pour la justice sociale et la solidarit\u00e9, \u00e0 Saint-Brieuc. Source : Le T\u00e9l\u00e9gramme<\/p>\n","protected":false},"author":1,"featured_media":1081,"comment_status":"open","ping_status":"open","sticky":false,"template":"","format":"standard","meta":{"sb_editor_width":"","footnotes":""},"categories":[39,36,62],"tags":[],"class_list":["post-1080","post","type-post","status-publish","format-standard","has-post-thumbnail","hentry","category-cotes-darmor","category-extreme-gauche","category-revue-de-presse"],"relative_dates":{"created":"2 ans ago","modified":"2 ans ago"},"yoast_head":"<!-- This site is optimized with the Yoast SEO plugin v26.3 - https:\/\/yoast.com\/wordpress\/plugins\/seo\/ -->\n<title>Saint-Brieuc : l&#039;extr\u00eame-gauche manifeste contre &quot;l&#039;extr\u00eame-droite&quot; - STOURM<\/title>\n<meta name=\"robots\" content=\"index, follow, max-snippet:-1, max-image-preview:large, max-video-preview:-1\" \/>\n<link rel=\"canonical\" href=\"https:\/\/stourm.news\/?p=1080\" \/>\n<meta property=\"og:locale\" content=\"fr_FR\" \/>\n<meta property=\"og:type\" content=\"article\" \/>\n<meta property=\"og:title\" content=\"Saint-Brieuc : l&#039;extr\u00eame-gauche manifeste contre &quot;l&#039;extr\u00eame-droite&quot;\" \/>\n<meta property=\"og:description\" content=\"Le Front commun antifasciste annon\u00e7ait vouloir \u00ab reprendre la rue \u00bb. C\u2019est chose faite ce dimanche 21 avril. Quelque 1 500 personnes ont pris part \u00e0 la manifestation r\u00e9gionale organis\u00e9e par le tout jeune collectif, contre l\u2019extr\u00eame droite, pour la justice sociale et la solidarit\u00e9, \u00e0 Saint-Brieuc. Source : Le T\u00e9l\u00e9gramme\" \/>\n<meta property=\"og:url\" content=\"https:\/\/stourm.news\/?p=1080\" \/>\n<meta property=\"og:site_name\" content=\"STOURM\" \/>\n<meta property=\"article:publisher\" content=\"https:\/\/www.facebook.com\/stourmnews\/\" \/>\n<meta property=\"article:published_time\" content=\"2024-04-22T03:53:32+00:00\" \/>\n<meta property=\"article:modified_time\" content=\"2024-04-22T04:23:46+00:00\" \/>\n<meta property=\"og:image\" content=\"https:\/\/stourm.news\/wp-content\/uploads\/2024\/04\/662541f1e6c7433e2a746b04.jpg\" \/>\n\t<meta property=\"og:image:width\" content=\"960\" \/>\n\t<meta property=\"og:image:height\" content=\"600\" \/>\n\t<meta property=\"og:image:type\" content=\"image\/jpeg\" \/>\n<meta name=\"author\" content=\"La r\u00e9daction\" \/>\n<meta name=\"twitter:card\" content=\"summary_large_image\" \/>\n<meta name=\"twitter:label1\" content=\"\u00c9crit par\" \/>\n\t<meta name=\"twitter:data1\" content=\"La r\u00e9daction\" \/>\n\t<meta name=\"twitter:label2\" content=\"Dur\u00e9e de lecture estim\u00e9e\" \/>\n\t<meta name=\"twitter:data2\" content=\"1 minute\" \/>\n<script type=\"application\/ld+json\" class=\"yoast-schema-graph\">{\"@context\":\"https:\/\/schema.org\",\"@graph\":[{\"@type\":\"Article\",\"@id\":\"https:\/\/stourm.news\/?p=1080#article\",\"isPartOf\":{\"@id\":\"https:\/\/stourm.news\/?p=1080\"},\"author\":{\"name\":\"La r\u00e9daction\",\"@id\":\"https:\/\/stourm.news\/#\/schema\/person\/c3e1dc65988632e190969234ef046cf9\"},\"headline\":\"Saint-Brieuc : l&rsquo;extr\u00eame-gauche manifeste contre \u00ab\u00a0l&rsquo;extr\u00eame-droite\u00a0\u00bb\",\"datePublished\":\"2024-04-22T03:53:32+00:00\",\"dateModified\":\"2024-04-22T04:23:46+00:00\",\"mainEntityOfPage\":{\"@id\":\"https:\/\/stourm.news\/?p=1080\"},\"wordCount\":60,\"commentCount\":0,\"publisher\":{\"@id\":\"https:\/\/stourm.news\/#organization\"},\"image\":{\"@id\":\"https:\/\/stourm.news\/?p=1080#primaryimage\"},\"thumbnailUrl\":\"https:\/\/stourm.news\/wp-content\/uploads\/2024\/04\/662541f1e6c7433e2a746b04.jpg\",\"articleSection\":[\"C\u00f4tes d'Armor\",\"Extr\u00eame-gauche\",\"Revue de presse\"],\"inLanguage\":\"fr-FR\",\"potentialAction\":[{\"@type\":\"CommentAction\",\"name\":\"Comment\",\"target\":[\"https:\/\/stourm.news\/?p=1080#respond\"]}]},{\"@type\":\"WebPage\",\"@id\":\"https:\/\/stourm.news\/?p=1080\",\"url\":\"https:\/\/stourm.news\/?p=1080\",\"name\":\"Saint-Brieuc : l'extr\u00eame-gauche manifeste contre \\\"l'extr\u00eame-droite\\\" - STOURM\",\"isPartOf\":{\"@id\":\"https:\/\/stourm.news\/#website\"},\"primaryImageOfPage\":{\"@id\":\"https:\/\/stourm.news\/?p=1080#primaryimage\"},\"image\":{\"@id\":\"https:\/\/stourm.news\/?p=1080#primaryimage\"},\"thumbnailUrl\":\"https:\/\/stourm.news\/wp-content\/uploads\/2024\/04\/662541f1e6c7433e2a746b04.jpg\",\"datePublished\":\"2024-04-22T03:53:32+00:00\",\"dateModified\":\"2024-04-22T04:23:46+00:00\",\"breadcrumb\":{\"@id\":\"https:\/\/stourm.news\/?p=1080#breadcrumb\"},\"inLanguage\":\"fr-FR\",\"potentialAction\":[{\"@type\":\"ReadAction\",\"target\":[\"https:\/\/stourm.news\/?p=1080\"]}]},{\"@type\":\"ImageObject\",\"inLanguage\":\"fr-FR\",\"@id\":\"https:\/\/stourm.news\/?p=1080#primaryimage\",\"url\":\"https:\/\/stourm.news\/wp-content\/uploads\/2024\/04\/662541f1e6c7433e2a746b04.jpg\",\"contentUrl\":\"https:\/\/stourm.news\/wp-content\/uploads\/2024\/04\/662541f1e6c7433e2a746b04.jpg\",\"width\":960,\"height\":600},{\"@type\":\"BreadcrumbList\",\"@id\":\"https:\/\/stourm.news\/?p=1080#breadcrumb\",\"itemListElement\":[{\"@type\":\"ListItem\",\"position\":1,\"name\":\"Accueil\",\"item\":\"https:\/\/stourm.news\/\"},{\"@type\":\"ListItem\",\"position\":2,\"name\":\"Saint-Brieuc : l&rsquo;extr\u00eame-gauche manifeste contre \u00ab\u00a0l&rsquo;extr\u00eame-droite\u00a0\u00bb\"}]},{\"@type\":\"WebSite\",\"@id\":\"https:\/\/stourm.news\/#website\",\"url\":\"https:\/\/stourm.news\/\",\"name\":\"Stourm\",\"description\":\"Kazetenn Strollad Broadel Breizh\",\"publisher\":{\"@id\":\"https:\/\/stourm.news\/#organization\"},\"potentialAction\":[{\"@type\":\"SearchAction\",\"target\":{\"@type\":\"EntryPoint\",\"urlTemplate\":\"https:\/\/stourm.news\/?s={search_term_string}\"},\"query-input\":{\"@type\":\"PropertyValueSpecification\",\"valueRequired\":true,\"valueName\":\"search_term_string\"}}],\"inLanguage\":\"fr-FR\"},{\"@type\":\"Organization\",\"@id\":\"https:\/\/stourm.news\/#organization\",\"name\":\"Stourm\",\"url\":\"https:\/\/stourm.news\/\",\"logo\":{\"@type\":\"ImageObject\",\"inLanguage\":\"fr-FR\",\"@id\":\"https:\/\/stourm.news\/#\/schema\/logo\/image\/\",\"url\":\"https:\/\/stourm.news\/wp-content\/uploads\/2025\/11\/cropped-Capture-decran-2025-11-28-a-15.19.07.png\",\"contentUrl\":\"https:\/\/stourm.news\/wp-content\/uploads\/2025\/11\/cropped-Capture-decran-2025-11-28-a-15.19.07.png\",\"width\":1855,\"height\":383,\"caption\":\"Stourm\"},\"image\":{\"@id\":\"https:\/\/stourm.news\/#\/schema\/logo\/image\/\"},\"sameAs\":[\"https:\/\/www.facebook.com\/stourmnews\/\"]},{\"@type\":\"Person\",\"@id\":\"https:\/\/stourm.news\/#\/schema\/person\/c3e1dc65988632e190969234ef046cf9\",\"name\":\"La r\u00e9daction\",\"image\":{\"@type\":\"ImageObject\",\"inLanguage\":\"fr-FR\",\"@id\":\"https:\/\/stourm.news\/#\/schema\/person\/image\/\",\"url\":\"https:\/\/secure.gravatar.com\/avatar\/7463443f194b6b5fb706b074ca0ef59a0cfcfd720cb47764b0ec5a952ce422b3?s=96&d=mm&r=g\",\"contentUrl\":\"https:\/\/secure.gravatar.com\/avatar\/7463443f194b6b5fb706b074ca0ef59a0cfcfd720cb47764b0ec5a952ce422b3?s=96&d=mm&r=g\",\"caption\":\"La r\u00e9daction\"},\"sameAs\":[\"https:\/\/stourm.news\"],\"url\":\"https:\/\/stourm.news\/?author=1\"}]}<\/script>\n<!-- \/ Yoast SEO plugin. -->","yoast_head_json":{"title":"Saint-Brieuc : l'extr\u00eame-gauche manifeste contre \"l'extr\u00eame-droite\" - STOURM","robots":{"index":"index","follow":"follow","max-snippet":"max-snippet:-1","max-image-preview":"max-image-preview:large","max-video-preview":"max-video-preview:-1"},"canonical":"https:\/\/stourm.news\/?p=1080","og_locale":"fr_FR","og_type":"article","og_title":"Saint-Brieuc : l'extr\u00eame-gauche manifeste contre \"l'extr\u00eame-droite\"","og_description":"Le Front commun antifasciste annon\u00e7ait vouloir \u00ab reprendre la rue \u00bb. C\u2019est chose faite ce dimanche 21 avril. Quelque 1 500 personnes ont pris part \u00e0 la manifestation r\u00e9gionale organis\u00e9e par le tout jeune collectif, contre l\u2019extr\u00eame droite, pour la justice sociale et la solidarit\u00e9, \u00e0 Saint-Brieuc. Source : Le T\u00e9l\u00e9gramme","og_url":"https:\/\/stourm.news\/?p=1080","og_site_name":"STOURM","article_publisher":"https:\/\/www.facebook.com\/stourmnews\/","article_published_time":"2024-04-22T03:53:32+00:00","article_modified_time":"2024-04-22T04:23:46+00:00","og_image":[{"width":960,"height":600,"url":"https:\/\/stourm.news\/wp-content\/uploads\/2024\/04\/662541f1e6c7433e2a746b04.jpg","type":"image\/jpeg"}],"author":"La r\u00e9daction","twitter_card":"summary_large_image","twitter_misc":{"\u00c9crit par":"La r\u00e9daction","Dur\u00e9e de lecture estim\u00e9e":"1 minute"},"schema":{"@context":"https:\/\/schema.org","@graph":[{"@type":"Article","@id":"https:\/\/stourm.news\/?p=1080#article","isPartOf":{"@id":"https:\/\/stourm.news\/?p=1080"},"author":{"name":"La r\u00e9daction","@id":"https:\/\/stourm.news\/#\/schema\/person\/c3e1dc65988632e190969234ef046cf9"},"headline":"Saint-Brieuc : l&rsquo;extr\u00eame-gauche manifeste contre \u00ab\u00a0l&rsquo;extr\u00eame-droite\u00a0\u00bb","datePublished":"2024-04-22T03:53:32+00:00","dateModified":"2024-04-22T04:23:46+00:00","mainEntityOfPage":{"@id":"https:\/\/stourm.news\/?p=1080"},"wordCount":60,"commentCount":0,"publisher":{"@id":"https:\/\/stourm.news\/#organization"},"image":{"@id":"https:\/\/stourm.news\/?p=1080#primaryimage"},"thumbnailUrl":"https:\/\/stourm.news\/wp-content\/uploads\/2024\/04\/662541f1e6c7433e2a746b04.jpg","articleSection":["C\u00f4tes d'Armor","Extr\u00eame-gauche","Revue de presse"],"inLanguage":"fr-FR","potentialAction":[{"@type":"CommentAction","name":"Comment","target":["https:\/\/stourm.news\/?p=1080#respond"]}]},{"@type":"WebPage","@id":"https:\/\/stourm.news\/?p=1080","url":"https:\/\/stourm.news\/?p=1080","name":"Saint-Brieuc : l'extr\u00eame-gauche manifeste contre \"l'extr\u00eame-droite\" - STOURM","isPartOf":{"@id":"https:\/\/stourm.news\/#website"},"primaryImageOfPage":{"@id":"https:\/\/stourm.news\/?p=1080#primaryimage"},"image":{"@id":"https:\/\/stourm.news\/?p=1080#primaryimage"},"thumbnailUrl":"https:\/\/stourm.news\/wp-content\/uploads\/2024\/04\/662541f1e6c7433e2a746b04.jpg","datePublished":"2024-04-22T03:53:32+00:00","dateModified":"2024-04-22T04:23:46+00:00","breadcrumb":{"@id":"https:\/\/stourm.news\/?p=1080#breadcrumb"},"inLanguage":"fr-FR","potentialAction":[{"@type":"ReadAction","target":["https:\/\/stourm.news\/?p=1080"]}]},{"@type":"ImageObject","inLanguage":"fr-FR","@id":"https:\/\/stourm.news\/?p=1080#primaryimage","url":"https:\/\/stourm.news\/wp-content\/uploads\/2024\/04\/662541f1e6c7433e2a746b04.jpg","contentUrl":"https:\/\/stourm.news\/wp-content\/uploads\/2024\/04\/662541f1e6c7433e2a746b04.jpg","width":960,"height":600},{"@type":"BreadcrumbList","@id":"https:\/\/stourm.news\/?p=1080#breadcrumb","itemListElement":[{"@type":"ListItem","position":1,"name":"Accueil","item":"https:\/\/stourm.news\/"},{"@type":"ListItem","position":2,"name":"Saint-Brieuc : l&rsquo;extr\u00eame-gauche manifeste contre \u00ab\u00a0l&rsquo;extr\u00eame-droite\u00a0\u00bb"}]},{"@type":"WebSite","@id":"https:\/\/stourm.news\/#website","url":"https:\/\/stourm.news\/","name":"Stourm","description":"Kazetenn Strollad Broadel Breizh","publisher":{"@id":"https:\/\/stourm.news\/#organization"},"potentialAction":[{"@type":"SearchAction","target":{"@type":"EntryPoint","urlTemplate":"https:\/\/stourm.news\/?s={search_term_string}"},"query-input":{"@type":"PropertyValueSpecification","valueRequired":true,"valueName":"search_term_string"}}],"inLanguage":"fr-FR"},{"@type":"Organization","@id":"https:\/\/stourm.news\/#organization","name":"Stourm","url":"https:\/\/stourm.news\/","logo":{"@type":"ImageObject","inLanguage":"fr-FR","@id":"https:\/\/stourm.news\/#\/schema\/logo\/image\/","url":"https:\/\/stourm.news\/wp-content\/uploads\/2025\/11\/cropped-Capture-decran-2025-11-28-a-15.19.07.png","contentUrl":"https:\/\/stourm.news\/wp-content\/uploads\/2025\/11\/cropped-Capture-decran-2025-11-28-a-15.19.07.png","width":1855,"height":383,"caption":"Stourm"},"image":{"@id":"https:\/\/stourm.news\/#\/schema\/logo\/image\/"},"sameAs":["https:\/\/www.facebook.com\/stourmnews\/"]},{"@type":"Person","@id":"https:\/\/stourm.news\/#\/schema\/person\/c3e1dc65988632e190969234ef046cf9","name":"La r\u00e9daction","image":{"@type":"ImageObject","inLanguage":"fr-FR","@id":"https:\/\/stourm.news\/#\/schema\/person\/image\/","url":"https:\/\/secure.gravatar.com\/avatar\/7463443f194b6b5fb706b074ca0ef59a0cfcfd720cb47764b0ec5a952ce422b3?s=96&d=mm&r=g","contentUrl":"https:\/\/secure.gravatar.com\/avatar\/7463443f194b6b5fb706b074ca0ef59a0cfcfd720cb47764b0ec5a952ce422b3?s=96&d=mm&r=g","caption":"La r\u00e9daction"},"sameAs":["https:\/\/stourm.news"],"url":"https:\/\/stourm.news\/?author=1"}]}},"_links":{"self":[{"href":"https:\/\/stourm.news\/index.php?rest_route=\/wp\/v2\/posts\/1080","targetHints":{"allow":["GET"]}}],"collection":[{"href":"https:\/\/stourm.news\/index.php?rest_route=\/wp\/v2\/posts"}],"about":[{"href":"https:\/\/stourm.news\/index.php?rest_route=\/wp\/v2\/types\/post"}],"author":[{"embeddable":true,"href":"https:\/\/stourm.news\/index.php?rest_route=\/wp\/v2\/users\/1"}],"replies":[{"embeddable":true,"href":"https:\/\/stourm.news\/index.php?rest_route=%2Fwp%2Fv2%2Fcomments&post=1080"}],"version-history":[{"count":1,"href":"https:\/\/stourm.news\/index.php?rest_route=\/wp\/v2\/posts\/1080\/revisions"}],"predecessor-version":[{"id":1082,"href":"https:\/\/stourm.news\/index.php?rest_route=\/wp\/v2\/posts\/1080\/revisions\/1082"}],"wp:featuredmedia":[{"embeddable":true,"href":"https:\/\/stourm.news\/index.php?rest_route=\/wp\/v2\/media\/1081"}],"wp:attachment":[{"href":"https:\/\/stourm.news\/index.php?rest_route=%2Fwp%2Fv2%2Fmedia&parent=1080"}],"wp:term":[{"taxonomy":"category","embeddable":true,"href":"https:\/\/stourm.news\/index.php?rest_route=%2Fwp%2Fv2%2Fcategories&post=1080"},{"taxonomy":"post_tag","embeddable":true,"href":"https:\/\/stourm.news\/index.php?rest_route=%2Fwp%2Fv2%2Ftags&post=1080"}],"curies":[{"name":"wp","href":"https:\/\/api.w.org\/{rel}","templated":true}]}}