{"id":1096,"date":"2024-04-23T02:48:49","date_gmt":"2024-04-23T02:48:49","guid":{"rendered":"https:\/\/stourm.news\/?p=1096"},"modified":"2024-04-23T02:57:13","modified_gmt":"2024-04-23T02:57:13","slug":"perros-guirec-les-militants-du-parti-national-breton-presents-a-la-manifestation-pour-un-nouveau-college-diwan","status":"publish","type":"post","link":"https:\/\/stourm.news\/?p=1096","title":{"rendered":"Perros-Guirec : les militants du Parti National Breton pr\u00e9sents \u00e0 la manifestation pour un nouveau coll\u00e8ge Diwan"},"content":{"rendered":"<p style=\"text-align: justify;\">A Perros-Guirec, l&rsquo;association Ar Genkiz se mobilisait samedi pour la cr\u00e9ation d&rsquo;un coll\u00e8ge Diwan, projet bloqu\u00e9 depuis deux ans par le Parti Socialiste, majoritaire au conseil d\u00e9partemental des C\u00f4tes d&rsquo;Armor. Des militants du Parti National Breton se sont rendus sur place, en face de la mairie, pour apporter le plein soutien du PNB \u00e0 la lutte pour l&rsquo;enseignement de la langue nationale.<\/p>\n<p style=\"text-align: justify;\"><img fetchpriority=\"high\" decoding=\"async\" class=\"aligncenter wp-image-1093 size-full\" src=\"https:\/\/stourm.news\/wp-content\/uploads\/2024\/04\/session-attachment-2024-04-23-100604-scaled.jpeg\" alt=\"\" width=\"1920\" height=\"2560\" srcset=\"https:\/\/stourm.news\/wp-content\/uploads\/2024\/04\/session-attachment-2024-04-23-100604-scaled.jpeg 1920w, https:\/\/stourm.news\/wp-content\/uploads\/2024\/04\/session-attachment-2024-04-23-100604-225x300.jpeg 225w, https:\/\/stourm.news\/wp-content\/uploads\/2024\/04\/session-attachment-2024-04-23-100604-768x1024.jpeg 768w, https:\/\/stourm.news\/wp-content\/uploads\/2024\/04\/session-attachment-2024-04-23-100604-1152x1536.jpeg 1152w, https:\/\/stourm.news\/wp-content\/uploads\/2024\/04\/session-attachment-2024-04-23-100604-1536x2048.jpeg 1536w\" sizes=\"(max-width: 1920px) 100vw, 1920px\" \/><\/p>\n<p style=\"text-align: justify;\">La manifestation, qui a rassembl\u00e9 300 personnes, a permis aux militants nationalistes d&rsquo;\u00e9changer avec les personnes pr\u00e9sentes et de nouer des contacts utiles pour la suite du travail politique men\u00e9 par le Parti. Le Parti National Breton entendu syst\u00e9matiser sa participation aux mobilisations du peuple breton pour toutes les questions d&rsquo;int\u00e9r\u00eat national.<\/p>\n<p style=\"text-align: right;\"><strong>Budig Gourmelon<\/strong><\/p>\n","protected":false},"excerpt":{"rendered":"<p>A Perros-Guirec, l&rsquo;association Ar Genkiz se mobilisait samedi pour la cr\u00e9ation d&rsquo;un coll\u00e8ge Diwan, projet bloqu\u00e9 depuis deux ans par le Parti Socialiste, majoritaire au conseil d\u00e9partemental des C\u00f4tes d&rsquo;Armor. Des militants du Parti National Breton se sont rendus sur place, en face de la mairie, pour apporter le plein soutien du PNB \u00e0 la [&hellip;]<\/p>\n","protected":false},"author":1,"featured_media":1098,"comment_status":"open","ping_status":"open","sticky":false,"template":"","format":"standard","meta":{"sb_editor_width":"","footnotes":""},"categories":[39,49],"tags":[],"class_list":["post-1096","post","type-post","status-publish","format-standard","has-post-thumbnail","hentry","category-cotes-darmor","category-vie-du-parti"],"relative_dates":{"created":"2 ans ago","modified":"2 ans ago"},"yoast_head":"<!-- This site is optimized with the Yoast SEO plugin v26.3 - https:\/\/yoast.com\/wordpress\/plugins\/seo\/ -->\n<title>Perros-Guirec : les militants du Parti National Breton pr\u00e9sents \u00e0 la manifestation pour un nouveau coll\u00e8ge Diwan - STOURM<\/title>\n<meta name=\"robots\" content=\"index, follow, max-snippet:-1, max-image-preview:large, max-video-preview:-1\" \/>\n<link rel=\"canonical\" href=\"https:\/\/stourm.news\/?p=1096\" \/>\n<meta property=\"og:locale\" content=\"fr_FR\" \/>\n<meta property=\"og:type\" content=\"article\" \/>\n<meta property=\"og:title\" content=\"Perros-Guirec : les militants du Parti National Breton pr\u00e9sents \u00e0 la manifestation pour un nouveau coll\u00e8ge Diwan\" \/>\n<meta property=\"og:description\" content=\"A Perros-Guirec, l&rsquo;association Ar Genkiz se mobilisait samedi pour la cr\u00e9ation d&rsquo;un coll\u00e8ge Diwan, projet bloqu\u00e9 depuis deux ans par le Parti Socialiste, majoritaire au conseil d\u00e9partemental des C\u00f4tes d&rsquo;Armor. Des militants du Parti National Breton se sont rendus sur place, en face de la mairie, pour apporter le plein soutien du PNB \u00e0 la [&hellip;]\" \/>\n<meta property=\"og:url\" content=\"https:\/\/stourm.news\/?p=1096\" \/>\n<meta property=\"og:site_name\" content=\"STOURM\" \/>\n<meta property=\"article:publisher\" content=\"https:\/\/www.facebook.com\/stourmnews\/\" \/>\n<meta property=\"article:published_time\" content=\"2024-04-23T02:48:49+00:00\" \/>\n<meta property=\"article:modified_time\" content=\"2024-04-23T02:57:13+00:00\" \/>\n<meta property=\"og:image\" content=\"https:\/\/stourm.news\/wp-content\/uploads\/2024\/04\/session-attachment-2024-04-23-100604_001-3-scaled.jpeg\" \/>\n\t<meta property=\"og:image:width\" content=\"2560\" \/>\n\t<meta property=\"og:image:height\" content=\"1840\" \/>\n\t<meta property=\"og:image:type\" content=\"image\/jpeg\" \/>\n<meta name=\"author\" content=\"La r\u00e9daction\" \/>\n<meta name=\"twitter:card\" content=\"summary_large_image\" \/>\n<meta name=\"twitter:label1\" content=\"\u00c9crit par\" \/>\n\t<meta name=\"twitter:data1\" content=\"La r\u00e9daction\" \/>\n\t<meta name=\"twitter:label2\" content=\"Dur\u00e9e de lecture estim\u00e9e\" \/>\n\t<meta name=\"twitter:data2\" content=\"1 minute\" \/>\n<script type=\"application\/ld+json\" class=\"yoast-schema-graph\">{\"@context\":\"https:\/\/schema.org\",\"@graph\":[{\"@type\":\"Article\",\"@id\":\"https:\/\/stourm.news\/?p=1096#article\",\"isPartOf\":{\"@id\":\"https:\/\/stourm.news\/?p=1096\"},\"author\":{\"name\":\"La r\u00e9daction\",\"@id\":\"https:\/\/stourm.news\/#\/schema\/person\/c3e1dc65988632e190969234ef046cf9\"},\"headline\":\"Perros-Guirec : les militants du Parti National Breton pr\u00e9sents \u00e0 la manifestation pour un nouveau coll\u00e8ge Diwan\",\"datePublished\":\"2024-04-23T02:48:49+00:00\",\"dateModified\":\"2024-04-23T02:57:13+00:00\",\"mainEntityOfPage\":{\"@id\":\"https:\/\/stourm.news\/?p=1096\"},\"wordCount\":145,\"commentCount\":0,\"publisher\":{\"@id\":\"https:\/\/stourm.news\/#organization\"},\"image\":{\"@id\":\"https:\/\/stourm.news\/?p=1096#primaryimage\"},\"thumbnailUrl\":\"https:\/\/stourm.news\/wp-content\/uploads\/2024\/04\/session-attachment-2024-04-23-100604_001-3-scaled.jpeg\",\"articleSection\":[\"C\u00f4tes d'Armor\",\"Vie du Parti\"],\"inLanguage\":\"fr-FR\",\"potentialAction\":[{\"@type\":\"CommentAction\",\"name\":\"Comment\",\"target\":[\"https:\/\/stourm.news\/?p=1096#respond\"]}]},{\"@type\":\"WebPage\",\"@id\":\"https:\/\/stourm.news\/?p=1096\",\"url\":\"https:\/\/stourm.news\/?p=1096\",\"name\":\"Perros-Guirec : les militants du Parti National Breton pr\u00e9sents \u00e0 la manifestation pour un nouveau coll\u00e8ge Diwan - STOURM\",\"isPartOf\":{\"@id\":\"https:\/\/stourm.news\/#website\"},\"primaryImageOfPage\":{\"@id\":\"https:\/\/stourm.news\/?p=1096#primaryimage\"},\"image\":{\"@id\":\"https:\/\/stourm.news\/?p=1096#primaryimage\"},\"thumbnailUrl\":\"https:\/\/stourm.news\/wp-content\/uploads\/2024\/04\/session-attachment-2024-04-23-100604_001-3-scaled.jpeg\",\"datePublished\":\"2024-04-23T02:48:49+00:00\",\"dateModified\":\"2024-04-23T02:57:13+00:00\",\"breadcrumb\":{\"@id\":\"https:\/\/stourm.news\/?p=1096#breadcrumb\"},\"inLanguage\":\"fr-FR\",\"potentialAction\":[{\"@type\":\"ReadAction\",\"target\":[\"https:\/\/stourm.news\/?p=1096\"]}]},{\"@type\":\"ImageObject\",\"inLanguage\":\"fr-FR\",\"@id\":\"https:\/\/stourm.news\/?p=1096#primaryimage\",\"url\":\"https:\/\/stourm.news\/wp-content\/uploads\/2024\/04\/session-attachment-2024-04-23-100604_001-3-scaled.jpeg\",\"contentUrl\":\"https:\/\/stourm.news\/wp-content\/uploads\/2024\/04\/session-attachment-2024-04-23-100604_001-3-scaled.jpeg\",\"width\":2560,\"height\":1840},{\"@type\":\"BreadcrumbList\",\"@id\":\"https:\/\/stourm.news\/?p=1096#breadcrumb\",\"itemListElement\":[{\"@type\":\"ListItem\",\"position\":1,\"name\":\"Accueil\",\"item\":\"https:\/\/stourm.news\/\"},{\"@type\":\"ListItem\",\"position\":2,\"name\":\"Perros-Guirec : les militants du Parti National Breton pr\u00e9sents \u00e0 la manifestation pour un nouveau coll\u00e8ge Diwan\"}]},{\"@type\":\"WebSite\",\"@id\":\"https:\/\/stourm.news\/#website\",\"url\":\"https:\/\/stourm.news\/\",\"name\":\"Stourm\",\"description\":\"Kazetenn Strollad Broadel Breizh\",\"publisher\":{\"@id\":\"https:\/\/stourm.news\/#organization\"},\"potentialAction\":[{\"@type\":\"SearchAction\",\"target\":{\"@type\":\"EntryPoint\",\"urlTemplate\":\"https:\/\/stourm.news\/?s={search_term_string}\"},\"query-input\":{\"@type\":\"PropertyValueSpecification\",\"valueRequired\":true,\"valueName\":\"search_term_string\"}}],\"inLanguage\":\"fr-FR\"},{\"@type\":\"Organization\",\"@id\":\"https:\/\/stourm.news\/#organization\",\"name\":\"Stourm\",\"url\":\"https:\/\/stourm.news\/\",\"logo\":{\"@type\":\"ImageObject\",\"inLanguage\":\"fr-FR\",\"@id\":\"https:\/\/stourm.news\/#\/schema\/logo\/image\/\",\"url\":\"https:\/\/stourm.news\/wp-content\/uploads\/2025\/11\/cropped-Capture-decran-2025-11-28-a-15.19.07.png\",\"contentUrl\":\"https:\/\/stourm.news\/wp-content\/uploads\/2025\/11\/cropped-Capture-decran-2025-11-28-a-15.19.07.png\",\"width\":1855,\"height\":383,\"caption\":\"Stourm\"},\"image\":{\"@id\":\"https:\/\/stourm.news\/#\/schema\/logo\/image\/\"},\"sameAs\":[\"https:\/\/www.facebook.com\/stourmnews\/\"]},{\"@type\":\"Person\",\"@id\":\"https:\/\/stourm.news\/#\/schema\/person\/c3e1dc65988632e190969234ef046cf9\",\"name\":\"La r\u00e9daction\",\"image\":{\"@type\":\"ImageObject\",\"inLanguage\":\"fr-FR\",\"@id\":\"https:\/\/stourm.news\/#\/schema\/person\/image\/\",\"url\":\"https:\/\/secure.gravatar.com\/avatar\/7463443f194b6b5fb706b074ca0ef59a0cfcfd720cb47764b0ec5a952ce422b3?s=96&d=mm&r=g\",\"contentUrl\":\"https:\/\/secure.gravatar.com\/avatar\/7463443f194b6b5fb706b074ca0ef59a0cfcfd720cb47764b0ec5a952ce422b3?s=96&d=mm&r=g\",\"caption\":\"La r\u00e9daction\"},\"sameAs\":[\"https:\/\/stourm.news\"],\"url\":\"https:\/\/stourm.news\/?author=1\"}]}<\/script>\n<!-- \/ Yoast SEO plugin. -->","yoast_head_json":{"title":"Perros-Guirec : les militants du Parti National Breton pr\u00e9sents \u00e0 la manifestation pour un nouveau coll\u00e8ge Diwan - STOURM","robots":{"index":"index","follow":"follow","max-snippet":"max-snippet:-1","max-image-preview":"max-image-preview:large","max-video-preview":"max-video-preview:-1"},"canonical":"https:\/\/stourm.news\/?p=1096","og_locale":"fr_FR","og_type":"article","og_title":"Perros-Guirec : les militants du Parti National Breton pr\u00e9sents \u00e0 la manifestation pour un nouveau coll\u00e8ge Diwan","og_description":"A Perros-Guirec, l&rsquo;association Ar Genkiz se mobilisait samedi pour la cr\u00e9ation d&rsquo;un coll\u00e8ge Diwan, projet bloqu\u00e9 depuis deux ans par le Parti Socialiste, majoritaire au conseil d\u00e9partemental des C\u00f4tes d&rsquo;Armor. Des militants du Parti National Breton se sont rendus sur place, en face de la mairie, pour apporter le plein soutien du PNB \u00e0 la [&hellip;]","og_url":"https:\/\/stourm.news\/?p=1096","og_site_name":"STOURM","article_publisher":"https:\/\/www.facebook.com\/stourmnews\/","article_published_time":"2024-04-23T02:48:49+00:00","article_modified_time":"2024-04-23T02:57:13+00:00","og_image":[{"width":2560,"height":1840,"url":"https:\/\/stourm.news\/wp-content\/uploads\/2024\/04\/session-attachment-2024-04-23-100604_001-3-scaled.jpeg","type":"image\/jpeg"}],"author":"La r\u00e9daction","twitter_card":"summary_large_image","twitter_misc":{"\u00c9crit par":"La r\u00e9daction","Dur\u00e9e de lecture estim\u00e9e":"1 minute"},"schema":{"@context":"https:\/\/schema.org","@graph":[{"@type":"Article","@id":"https:\/\/stourm.news\/?p=1096#article","isPartOf":{"@id":"https:\/\/stourm.news\/?p=1096"},"author":{"name":"La r\u00e9daction","@id":"https:\/\/stourm.news\/#\/schema\/person\/c3e1dc65988632e190969234ef046cf9"},"headline":"Perros-Guirec : les militants du Parti National Breton pr\u00e9sents \u00e0 la manifestation pour un nouveau coll\u00e8ge Diwan","datePublished":"2024-04-23T02:48:49+00:00","dateModified":"2024-04-23T02:57:13+00:00","mainEntityOfPage":{"@id":"https:\/\/stourm.news\/?p=1096"},"wordCount":145,"commentCount":0,"publisher":{"@id":"https:\/\/stourm.news\/#organization"},"image":{"@id":"https:\/\/stourm.news\/?p=1096#primaryimage"},"thumbnailUrl":"https:\/\/stourm.news\/wp-content\/uploads\/2024\/04\/session-attachment-2024-04-23-100604_001-3-scaled.jpeg","articleSection":["C\u00f4tes d'Armor","Vie du Parti"],"inLanguage":"fr-FR","potentialAction":[{"@type":"CommentAction","name":"Comment","target":["https:\/\/stourm.news\/?p=1096#respond"]}]},{"@type":"WebPage","@id":"https:\/\/stourm.news\/?p=1096","url":"https:\/\/stourm.news\/?p=1096","name":"Perros-Guirec : les militants du Parti National Breton pr\u00e9sents \u00e0 la manifestation pour un nouveau coll\u00e8ge Diwan - STOURM","isPartOf":{"@id":"https:\/\/stourm.news\/#website"},"primaryImageOfPage":{"@id":"https:\/\/stourm.news\/?p=1096#primaryimage"},"image":{"@id":"https:\/\/stourm.news\/?p=1096#primaryimage"},"thumbnailUrl":"https:\/\/stourm.news\/wp-content\/uploads\/2024\/04\/session-attachment-2024-04-23-100604_001-3-scaled.jpeg","datePublished":"2024-04-23T02:48:49+00:00","dateModified":"2024-04-23T02:57:13+00:00","breadcrumb":{"@id":"https:\/\/stourm.news\/?p=1096#breadcrumb"},"inLanguage":"fr-FR","potentialAction":[{"@type":"ReadAction","target":["https:\/\/stourm.news\/?p=1096"]}]},{"@type":"ImageObject","inLanguage":"fr-FR","@id":"https:\/\/stourm.news\/?p=1096#primaryimage","url":"https:\/\/stourm.news\/wp-content\/uploads\/2024\/04\/session-attachment-2024-04-23-100604_001-3-scaled.jpeg","contentUrl":"https:\/\/stourm.news\/wp-content\/uploads\/2024\/04\/session-attachment-2024-04-23-100604_001-3-scaled.jpeg","width":2560,"height":1840},{"@type":"BreadcrumbList","@id":"https:\/\/stourm.news\/?p=1096#breadcrumb","itemListElement":[{"@type":"ListItem","position":1,"name":"Accueil","item":"https:\/\/stourm.news\/"},{"@type":"ListItem","position":2,"name":"Perros-Guirec : les militants du Parti National Breton pr\u00e9sents \u00e0 la manifestation pour un nouveau coll\u00e8ge Diwan"}]},{"@type":"WebSite","@id":"https:\/\/stourm.news\/#website","url":"https:\/\/stourm.news\/","name":"Stourm","description":"Kazetenn Strollad Broadel Breizh","publisher":{"@id":"https:\/\/stourm.news\/#organization"},"potentialAction":[{"@type":"SearchAction","target":{"@type":"EntryPoint","urlTemplate":"https:\/\/stourm.news\/?s={search_term_string}"},"query-input":{"@type":"PropertyValueSpecification","valueRequired":true,"valueName":"search_term_string"}}],"inLanguage":"fr-FR"},{"@type":"Organization","@id":"https:\/\/stourm.news\/#organization","name":"Stourm","url":"https:\/\/stourm.news\/","logo":{"@type":"ImageObject","inLanguage":"fr-FR","@id":"https:\/\/stourm.news\/#\/schema\/logo\/image\/","url":"https:\/\/stourm.news\/wp-content\/uploads\/2025\/11\/cropped-Capture-decran-2025-11-28-a-15.19.07.png","contentUrl":"https:\/\/stourm.news\/wp-content\/uploads\/2025\/11\/cropped-Capture-decran-2025-11-28-a-15.19.07.png","width":1855,"height":383,"caption":"Stourm"},"image":{"@id":"https:\/\/stourm.news\/#\/schema\/logo\/image\/"},"sameAs":["https:\/\/www.facebook.com\/stourmnews\/"]},{"@type":"Person","@id":"https:\/\/stourm.news\/#\/schema\/person\/c3e1dc65988632e190969234ef046cf9","name":"La r\u00e9daction","image":{"@type":"ImageObject","inLanguage":"fr-FR","@id":"https:\/\/stourm.news\/#\/schema\/person\/image\/","url":"https:\/\/secure.gravatar.com\/avatar\/7463443f194b6b5fb706b074ca0ef59a0cfcfd720cb47764b0ec5a952ce422b3?s=96&d=mm&r=g","contentUrl":"https:\/\/secure.gravatar.com\/avatar\/7463443f194b6b5fb706b074ca0ef59a0cfcfd720cb47764b0ec5a952ce422b3?s=96&d=mm&r=g","caption":"La r\u00e9daction"},"sameAs":["https:\/\/stourm.news"],"url":"https:\/\/stourm.news\/?author=1"}]}},"_links":{"self":[{"href":"https:\/\/stourm.news\/index.php?rest_route=\/wp\/v2\/posts\/1096","targetHints":{"allow":["GET"]}}],"collection":[{"href":"https:\/\/stourm.news\/index.php?rest_route=\/wp\/v2\/posts"}],"about":[{"href":"https:\/\/stourm.news\/index.php?rest_route=\/wp\/v2\/types\/post"}],"author":[{"embeddable":true,"href":"https:\/\/stourm.news\/index.php?rest_route=\/wp\/v2\/users\/1"}],"replies":[{"embeddable":true,"href":"https:\/\/stourm.news\/index.php?rest_route=%2Fwp%2Fv2%2Fcomments&post=1096"}],"version-history":[{"count":1,"href":"https:\/\/stourm.news\/index.php?rest_route=\/wp\/v2\/posts\/1096\/revisions"}],"predecessor-version":[{"id":1097,"href":"https:\/\/stourm.news\/index.php?rest_route=\/wp\/v2\/posts\/1096\/revisions\/1097"}],"wp:featuredmedia":[{"embeddable":true,"href":"https:\/\/stourm.news\/index.php?rest_route=\/wp\/v2\/media\/1098"}],"wp:attachment":[{"href":"https:\/\/stourm.news\/index.php?rest_route=%2Fwp%2Fv2%2Fmedia&parent=1096"}],"wp:term":[{"taxonomy":"category","embeddable":true,"href":"https:\/\/stourm.news\/index.php?rest_route=%2Fwp%2Fv2%2Fcategories&post=1096"},{"taxonomy":"post_tag","embeddable":true,"href":"https:\/\/stourm.news\/index.php?rest_route=%2Fwp%2Fv2%2Ftags&post=1096"}],"curies":[{"name":"wp","href":"https:\/\/api.w.org\/{rel}","templated":true}]}}