{"id":1102,"date":"2024-04-25T01:22:45","date_gmt":"2024-04-25T01:22:45","guid":{"rendered":"https:\/\/stourm.news\/?p=1102"},"modified":"2024-04-25T02:14:27","modified_gmt":"2024-04-25T02:14:27","slug":"a-brest-le-parti-des-travailleurs-entre-en-campagne-pour-les-elections-europeennes","status":"publish","type":"post","link":"https:\/\/stourm.news\/?p=1102","title":{"rendered":"Extr\u00eame-gauche : \u00e0 Brest, le Parti des travailleurs entre en campagne pour les \u00e9lections europ\u00e9ennes"},"content":{"rendered":"<p style=\"text-align: justify;\">Le Parti des travailleurs (PT), ex-Parti ouvrier ind\u00e9pendant (POI), a repris son nom d\u2019origine depuis d\u00e9cembre. Mais n\u2019a pas chang\u00e9 ses convictions, en faveur d\u2019une Europe des peuples, \u00ab internationale et ouvri\u00e8re \u00bb. Et n\u2019allez pas classer le PT \u00e0<strong> l\u2019extr\u00eame gauche<\/strong>, comme le font pourtant tous les m\u00e9dias et instituts : \u00ab Nous sommes un parti pour les ouvriers, c\u2019est tout \u00bb, explique Roger Calvez, \u00e0 la t\u00eate du comit\u00e9 d\u00e9partemental de la formation.<\/p>\n<p style=\"text-align: justify;\">C\u2019est pourtant Mathieu Le Tallec qu\u2019il convient de pr\u00e9senter ici. <strong>Agent du minist\u00e8re du Travail<\/strong>, \u00e2g\u00e9 de 41 ans, ce Brestois est l\u2019un des trois Bretons pr\u00e9sents sur la liste du PT pour les \u00e9lections europ\u00e9ennes, qui se tiendront le dimanche 9 juin 2024. L\u2019axe d\u00e9fendu par le PT lors de cette campagne a pour slogan \u00ab non \u00e0 la guerre \u00bb et propose de saborder le budget militaire de la France, pour le r\u00e9affecter, notamment, dans la d\u00e9fense de l\u2019h\u00f4pital et de l\u2019\u00e9cole. Une fa\u00e7on de s\u2019insurger \u00e0 la fois contre \u00ab le g\u00e9nocide commis en Palestine sous le r\u00e8gne des puissances imp\u00e9rialistes \u00bb et contre \u00ab la militarisation de la soci\u00e9t\u00e9 de la part d\u2019un gouvernement que l\u2019on ne peut m\u00eame plus critiquer \u00bb. De fa\u00e7on g\u00e9n\u00e9rale, selon Mathieu Le Tallec, \u00ab l\u2019Europe n\u2019a pas permis la paix durable, on l\u2019a vu en Yougoslavie et en Ukraine \u00bb.<\/p>\n<p style=\"text-align: justify;\">Adepte d\u2019une \u00ab rupture \u00bb brusque avec la \u00ab soci\u00e9t\u00e9 capitaliste \u00bb pour installer \u00ab une propri\u00e9t\u00e9 collective de l\u2019industrie \u00bb, le PT entend bien se servir de cette campagne pour populariser ses id\u00e9es m\u00eame s\u2019il ne se berce d\u2019aucune illusion sur son score final.<\/p>\n<p style=\"text-align: justify;\"><em>Mathieu Le Tallec (devant), entour\u00e9 par (de gauche \u00e0 droite) Melvyn Hita, Roger Calvez et Michel Kerarvran, est candidat sur la liste soutenue par le Parti des travailleurs pour les \u00e9lections du 9 juin 2024. (Photo Le T\u00e9l\u00e9gramme \/ Steven Le Roy)\u00a0<\/em><\/p>\n<p>Source : <a href=\"https:\/\/www.letelegramme.fr\/finistere\/brest-29200\/a-brest-le-parti-des-travailleurs-entre-en-campagne-pour-les-elections-europeennes-6571742.php\">Le T\u00e9l\u00e9gramme<\/a><\/p>\n","protected":false},"excerpt":{"rendered":"<p>Le Parti des travailleurs (PT), ex-Parti ouvrier ind\u00e9pendant (POI), a repris son nom d\u2019origine depuis d\u00e9cembre. Mais n\u2019a pas chang\u00e9 ses convictions, en faveur d\u2019une Europe des peuples, \u00ab internationale et ouvri\u00e8re \u00bb. Et n\u2019allez pas classer le PT \u00e0 l\u2019extr\u00eame gauche, comme le font pourtant tous les m\u00e9dias et instituts : \u00ab Nous sommes [&hellip;]<\/p>\n","protected":false},"author":1,"featured_media":1103,"comment_status":"open","ping_status":"open","sticky":false,"template":"","format":"standard","meta":{"sb_editor_width":"","footnotes":""},"categories":[36,38,62],"tags":[],"class_list":["post-1102","post","type-post","status-publish","format-standard","has-post-thumbnail","hentry","category-extreme-gauche","category-finistere","category-revue-de-presse"],"relative_dates":{"created":"2 ans ago","modified":"2 ans ago"},"yoast_head":"<!-- This site is optimized with the Yoast SEO plugin v26.3 - https:\/\/yoast.com\/wordpress\/plugins\/seo\/ -->\n<title>Extr\u00eame-gauche : \u00e0 Brest, le Parti des travailleurs entre en campagne pour les \u00e9lections europ\u00e9ennes - STOURM<\/title>\n<meta name=\"robots\" content=\"index, follow, max-snippet:-1, max-image-preview:large, max-video-preview:-1\" \/>\n<link rel=\"canonical\" href=\"https:\/\/stourm.news\/?p=1102\" \/>\n<meta property=\"og:locale\" content=\"fr_FR\" \/>\n<meta property=\"og:type\" content=\"article\" \/>\n<meta property=\"og:title\" content=\"Extr\u00eame-gauche : \u00e0 Brest, le Parti des travailleurs entre en campagne pour les \u00e9lections europ\u00e9ennes - STOURM\" \/>\n<meta property=\"og:description\" content=\"Le Parti des travailleurs (PT), ex-Parti ouvrier ind\u00e9pendant (POI), a repris son nom d\u2019origine depuis d\u00e9cembre. Mais n\u2019a pas chang\u00e9 ses convictions, en faveur d\u2019une Europe des peuples, \u00ab internationale et ouvri\u00e8re \u00bb. Et n\u2019allez pas classer le PT \u00e0 l\u2019extr\u00eame gauche, comme le font pourtant tous les m\u00e9dias et instituts : \u00ab Nous sommes [&hellip;]\" \/>\n<meta property=\"og:url\" content=\"https:\/\/stourm.news\/?p=1102\" \/>\n<meta property=\"og:site_name\" content=\"STOURM\" \/>\n<meta property=\"article:publisher\" content=\"https:\/\/www.facebook.com\/stourmnews\/\" \/>\n<meta property=\"article:published_time\" content=\"2024-04-25T01:22:45+00:00\" \/>\n<meta property=\"article:modified_time\" content=\"2024-04-25T02:14:27+00:00\" \/>\n<meta property=\"og:image\" content=\"https:\/\/stourm.news\/wp-content\/uploads\/2024\/04\/66292770c6400279632a1f38.jpg\" \/>\n\t<meta property=\"og:image:width\" content=\"960\" \/>\n\t<meta property=\"og:image:height\" content=\"600\" \/>\n\t<meta property=\"og:image:type\" content=\"image\/jpeg\" \/>\n<meta name=\"author\" content=\"La r\u00e9daction\" \/>\n<meta name=\"twitter:card\" content=\"summary_large_image\" \/>\n<meta name=\"twitter:label1\" content=\"\u00c9crit par\" \/>\n\t<meta name=\"twitter:data1\" content=\"La r\u00e9daction\" \/>\n\t<meta name=\"twitter:label2\" content=\"Dur\u00e9e de lecture estim\u00e9e\" \/>\n\t<meta name=\"twitter:data2\" content=\"2 minutes\" \/>\n<script type=\"application\/ld+json\" class=\"yoast-schema-graph\">{\"@context\":\"https:\/\/schema.org\",\"@graph\":[{\"@type\":\"Article\",\"@id\":\"https:\/\/stourm.news\/?p=1102#article\",\"isPartOf\":{\"@id\":\"https:\/\/stourm.news\/?p=1102\"},\"author\":{\"name\":\"La r\u00e9daction\",\"@id\":\"https:\/\/stourm.news\/#\/schema\/person\/c3e1dc65988632e190969234ef046cf9\"},\"headline\":\"Extr\u00eame-gauche : \u00e0 Brest, le Parti des travailleurs entre en campagne pour les \u00e9lections europ\u00e9ennes\",\"datePublished\":\"2024-04-25T01:22:45+00:00\",\"dateModified\":\"2024-04-25T02:14:27+00:00\",\"mainEntityOfPage\":{\"@id\":\"https:\/\/stourm.news\/?p=1102\"},\"wordCount\":354,\"commentCount\":0,\"publisher\":{\"@id\":\"https:\/\/stourm.news\/#organization\"},\"image\":{\"@id\":\"https:\/\/stourm.news\/?p=1102#primaryimage\"},\"thumbnailUrl\":\"https:\/\/stourm.news\/wp-content\/uploads\/2024\/04\/66292770c6400279632a1f38.jpg\",\"articleSection\":[\"Extr\u00eame-gauche\",\"Finist\u00e8re\",\"Revue de presse\"],\"inLanguage\":\"fr-FR\",\"potentialAction\":[{\"@type\":\"CommentAction\",\"name\":\"Comment\",\"target\":[\"https:\/\/stourm.news\/?p=1102#respond\"]}]},{\"@type\":\"WebPage\",\"@id\":\"https:\/\/stourm.news\/?p=1102\",\"url\":\"https:\/\/stourm.news\/?p=1102\",\"name\":\"Extr\u00eame-gauche : \u00e0 Brest, le Parti des travailleurs entre en campagne pour les \u00e9lections europ\u00e9ennes - STOURM\",\"isPartOf\":{\"@id\":\"https:\/\/stourm.news\/#website\"},\"primaryImageOfPage\":{\"@id\":\"https:\/\/stourm.news\/?p=1102#primaryimage\"},\"image\":{\"@id\":\"https:\/\/stourm.news\/?p=1102#primaryimage\"},\"thumbnailUrl\":\"https:\/\/stourm.news\/wp-content\/uploads\/2024\/04\/66292770c6400279632a1f38.jpg\",\"datePublished\":\"2024-04-25T01:22:45+00:00\",\"dateModified\":\"2024-04-25T02:14:27+00:00\",\"breadcrumb\":{\"@id\":\"https:\/\/stourm.news\/?p=1102#breadcrumb\"},\"inLanguage\":\"fr-FR\",\"potentialAction\":[{\"@type\":\"ReadAction\",\"target\":[\"https:\/\/stourm.news\/?p=1102\"]}]},{\"@type\":\"ImageObject\",\"inLanguage\":\"fr-FR\",\"@id\":\"https:\/\/stourm.news\/?p=1102#primaryimage\",\"url\":\"https:\/\/stourm.news\/wp-content\/uploads\/2024\/04\/66292770c6400279632a1f38.jpg\",\"contentUrl\":\"https:\/\/stourm.news\/wp-content\/uploads\/2024\/04\/66292770c6400279632a1f38.jpg\",\"width\":960,\"height\":600},{\"@type\":\"BreadcrumbList\",\"@id\":\"https:\/\/stourm.news\/?p=1102#breadcrumb\",\"itemListElement\":[{\"@type\":\"ListItem\",\"position\":1,\"name\":\"Accueil\",\"item\":\"https:\/\/stourm.news\/\"},{\"@type\":\"ListItem\",\"position\":2,\"name\":\"Extr\u00eame-gauche : \u00e0 Brest, le Parti des travailleurs entre en campagne pour les \u00e9lections europ\u00e9ennes\"}]},{\"@type\":\"WebSite\",\"@id\":\"https:\/\/stourm.news\/#website\",\"url\":\"https:\/\/stourm.news\/\",\"name\":\"Stourm\",\"description\":\"Kazetenn Strollad Broadel Breizh\",\"publisher\":{\"@id\":\"https:\/\/stourm.news\/#organization\"},\"potentialAction\":[{\"@type\":\"SearchAction\",\"target\":{\"@type\":\"EntryPoint\",\"urlTemplate\":\"https:\/\/stourm.news\/?s={search_term_string}\"},\"query-input\":{\"@type\":\"PropertyValueSpecification\",\"valueRequired\":true,\"valueName\":\"search_term_string\"}}],\"inLanguage\":\"fr-FR\"},{\"@type\":\"Organization\",\"@id\":\"https:\/\/stourm.news\/#organization\",\"name\":\"Stourm\",\"url\":\"https:\/\/stourm.news\/\",\"logo\":{\"@type\":\"ImageObject\",\"inLanguage\":\"fr-FR\",\"@id\":\"https:\/\/stourm.news\/#\/schema\/logo\/image\/\",\"url\":\"https:\/\/stourm.news\/wp-content\/uploads\/2025\/11\/cropped-Capture-decran-2025-11-28-a-15.19.07.png\",\"contentUrl\":\"https:\/\/stourm.news\/wp-content\/uploads\/2025\/11\/cropped-Capture-decran-2025-11-28-a-15.19.07.png\",\"width\":1855,\"height\":383,\"caption\":\"Stourm\"},\"image\":{\"@id\":\"https:\/\/stourm.news\/#\/schema\/logo\/image\/\"},\"sameAs\":[\"https:\/\/www.facebook.com\/stourmnews\/\"]},{\"@type\":\"Person\",\"@id\":\"https:\/\/stourm.news\/#\/schema\/person\/c3e1dc65988632e190969234ef046cf9\",\"name\":\"La r\u00e9daction\",\"image\":{\"@type\":\"ImageObject\",\"inLanguage\":\"fr-FR\",\"@id\":\"https:\/\/stourm.news\/#\/schema\/person\/image\/\",\"url\":\"https:\/\/secure.gravatar.com\/avatar\/7463443f194b6b5fb706b074ca0ef59a0cfcfd720cb47764b0ec5a952ce422b3?s=96&d=mm&r=g\",\"contentUrl\":\"https:\/\/secure.gravatar.com\/avatar\/7463443f194b6b5fb706b074ca0ef59a0cfcfd720cb47764b0ec5a952ce422b3?s=96&d=mm&r=g\",\"caption\":\"La r\u00e9daction\"},\"sameAs\":[\"https:\/\/stourm.news\"],\"url\":\"https:\/\/stourm.news\/?author=1\"}]}<\/script>\n<!-- \/ Yoast SEO plugin. -->","yoast_head_json":{"title":"Extr\u00eame-gauche : \u00e0 Brest, le Parti des travailleurs entre en campagne pour les \u00e9lections europ\u00e9ennes - STOURM","robots":{"index":"index","follow":"follow","max-snippet":"max-snippet:-1","max-image-preview":"max-image-preview:large","max-video-preview":"max-video-preview:-1"},"canonical":"https:\/\/stourm.news\/?p=1102","og_locale":"fr_FR","og_type":"article","og_title":"Extr\u00eame-gauche : \u00e0 Brest, le Parti des travailleurs entre en campagne pour les \u00e9lections europ\u00e9ennes - STOURM","og_description":"Le Parti des travailleurs (PT), ex-Parti ouvrier ind\u00e9pendant (POI), a repris son nom d\u2019origine depuis d\u00e9cembre. Mais n\u2019a pas chang\u00e9 ses convictions, en faveur d\u2019une Europe des peuples, \u00ab internationale et ouvri\u00e8re \u00bb. Et n\u2019allez pas classer le PT \u00e0 l\u2019extr\u00eame gauche, comme le font pourtant tous les m\u00e9dias et instituts : \u00ab Nous sommes [&hellip;]","og_url":"https:\/\/stourm.news\/?p=1102","og_site_name":"STOURM","article_publisher":"https:\/\/www.facebook.com\/stourmnews\/","article_published_time":"2024-04-25T01:22:45+00:00","article_modified_time":"2024-04-25T02:14:27+00:00","og_image":[{"width":960,"height":600,"url":"https:\/\/stourm.news\/wp-content\/uploads\/2024\/04\/66292770c6400279632a1f38.jpg","type":"image\/jpeg"}],"author":"La r\u00e9daction","twitter_card":"summary_large_image","twitter_misc":{"\u00c9crit par":"La r\u00e9daction","Dur\u00e9e de lecture estim\u00e9e":"2 minutes"},"schema":{"@context":"https:\/\/schema.org","@graph":[{"@type":"Article","@id":"https:\/\/stourm.news\/?p=1102#article","isPartOf":{"@id":"https:\/\/stourm.news\/?p=1102"},"author":{"name":"La r\u00e9daction","@id":"https:\/\/stourm.news\/#\/schema\/person\/c3e1dc65988632e190969234ef046cf9"},"headline":"Extr\u00eame-gauche : \u00e0 Brest, le Parti des travailleurs entre en campagne pour les \u00e9lections europ\u00e9ennes","datePublished":"2024-04-25T01:22:45+00:00","dateModified":"2024-04-25T02:14:27+00:00","mainEntityOfPage":{"@id":"https:\/\/stourm.news\/?p=1102"},"wordCount":354,"commentCount":0,"publisher":{"@id":"https:\/\/stourm.news\/#organization"},"image":{"@id":"https:\/\/stourm.news\/?p=1102#primaryimage"},"thumbnailUrl":"https:\/\/stourm.news\/wp-content\/uploads\/2024\/04\/66292770c6400279632a1f38.jpg","articleSection":["Extr\u00eame-gauche","Finist\u00e8re","Revue de presse"],"inLanguage":"fr-FR","potentialAction":[{"@type":"CommentAction","name":"Comment","target":["https:\/\/stourm.news\/?p=1102#respond"]}]},{"@type":"WebPage","@id":"https:\/\/stourm.news\/?p=1102","url":"https:\/\/stourm.news\/?p=1102","name":"Extr\u00eame-gauche : \u00e0 Brest, le Parti des travailleurs entre en campagne pour les \u00e9lections europ\u00e9ennes - STOURM","isPartOf":{"@id":"https:\/\/stourm.news\/#website"},"primaryImageOfPage":{"@id":"https:\/\/stourm.news\/?p=1102#primaryimage"},"image":{"@id":"https:\/\/stourm.news\/?p=1102#primaryimage"},"thumbnailUrl":"https:\/\/stourm.news\/wp-content\/uploads\/2024\/04\/66292770c6400279632a1f38.jpg","datePublished":"2024-04-25T01:22:45+00:00","dateModified":"2024-04-25T02:14:27+00:00","breadcrumb":{"@id":"https:\/\/stourm.news\/?p=1102#breadcrumb"},"inLanguage":"fr-FR","potentialAction":[{"@type":"ReadAction","target":["https:\/\/stourm.news\/?p=1102"]}]},{"@type":"ImageObject","inLanguage":"fr-FR","@id":"https:\/\/stourm.news\/?p=1102#primaryimage","url":"https:\/\/stourm.news\/wp-content\/uploads\/2024\/04\/66292770c6400279632a1f38.jpg","contentUrl":"https:\/\/stourm.news\/wp-content\/uploads\/2024\/04\/66292770c6400279632a1f38.jpg","width":960,"height":600},{"@type":"BreadcrumbList","@id":"https:\/\/stourm.news\/?p=1102#breadcrumb","itemListElement":[{"@type":"ListItem","position":1,"name":"Accueil","item":"https:\/\/stourm.news\/"},{"@type":"ListItem","position":2,"name":"Extr\u00eame-gauche : \u00e0 Brest, le Parti des travailleurs entre en campagne pour les \u00e9lections europ\u00e9ennes"}]},{"@type":"WebSite","@id":"https:\/\/stourm.news\/#website","url":"https:\/\/stourm.news\/","name":"Stourm","description":"Kazetenn Strollad Broadel Breizh","publisher":{"@id":"https:\/\/stourm.news\/#organization"},"potentialAction":[{"@type":"SearchAction","target":{"@type":"EntryPoint","urlTemplate":"https:\/\/stourm.news\/?s={search_term_string}"},"query-input":{"@type":"PropertyValueSpecification","valueRequired":true,"valueName":"search_term_string"}}],"inLanguage":"fr-FR"},{"@type":"Organization","@id":"https:\/\/stourm.news\/#organization","name":"Stourm","url":"https:\/\/stourm.news\/","logo":{"@type":"ImageObject","inLanguage":"fr-FR","@id":"https:\/\/stourm.news\/#\/schema\/logo\/image\/","url":"https:\/\/stourm.news\/wp-content\/uploads\/2025\/11\/cropped-Capture-decran-2025-11-28-a-15.19.07.png","contentUrl":"https:\/\/stourm.news\/wp-content\/uploads\/2025\/11\/cropped-Capture-decran-2025-11-28-a-15.19.07.png","width":1855,"height":383,"caption":"Stourm"},"image":{"@id":"https:\/\/stourm.news\/#\/schema\/logo\/image\/"},"sameAs":["https:\/\/www.facebook.com\/stourmnews\/"]},{"@type":"Person","@id":"https:\/\/stourm.news\/#\/schema\/person\/c3e1dc65988632e190969234ef046cf9","name":"La r\u00e9daction","image":{"@type":"ImageObject","inLanguage":"fr-FR","@id":"https:\/\/stourm.news\/#\/schema\/person\/image\/","url":"https:\/\/secure.gravatar.com\/avatar\/7463443f194b6b5fb706b074ca0ef59a0cfcfd720cb47764b0ec5a952ce422b3?s=96&d=mm&r=g","contentUrl":"https:\/\/secure.gravatar.com\/avatar\/7463443f194b6b5fb706b074ca0ef59a0cfcfd720cb47764b0ec5a952ce422b3?s=96&d=mm&r=g","caption":"La r\u00e9daction"},"sameAs":["https:\/\/stourm.news"],"url":"https:\/\/stourm.news\/?author=1"}]}},"_links":{"self":[{"href":"https:\/\/stourm.news\/index.php?rest_route=\/wp\/v2\/posts\/1102","targetHints":{"allow":["GET"]}}],"collection":[{"href":"https:\/\/stourm.news\/index.php?rest_route=\/wp\/v2\/posts"}],"about":[{"href":"https:\/\/stourm.news\/index.php?rest_route=\/wp\/v2\/types\/post"}],"author":[{"embeddable":true,"href":"https:\/\/stourm.news\/index.php?rest_route=\/wp\/v2\/users\/1"}],"replies":[{"embeddable":true,"href":"https:\/\/stourm.news\/index.php?rest_route=%2Fwp%2Fv2%2Fcomments&post=1102"}],"version-history":[{"count":2,"href":"https:\/\/stourm.news\/index.php?rest_route=\/wp\/v2\/posts\/1102\/revisions"}],"predecessor-version":[{"id":1106,"href":"https:\/\/stourm.news\/index.php?rest_route=\/wp\/v2\/posts\/1102\/revisions\/1106"}],"wp:featuredmedia":[{"embeddable":true,"href":"https:\/\/stourm.news\/index.php?rest_route=\/wp\/v2\/media\/1103"}],"wp:attachment":[{"href":"https:\/\/stourm.news\/index.php?rest_route=%2Fwp%2Fv2%2Fmedia&parent=1102"}],"wp:term":[{"taxonomy":"category","embeddable":true,"href":"https:\/\/stourm.news\/index.php?rest_route=%2Fwp%2Fv2%2Fcategories&post=1102"},{"taxonomy":"post_tag","embeddable":true,"href":"https:\/\/stourm.news\/index.php?rest_route=%2Fwp%2Fv2%2Ftags&post=1102"}],"curies":[{"name":"wp","href":"https:\/\/api.w.org\/{rel}","templated":true}]}}