{"id":1107,"date":"2024-04-25T03:25:42","date_gmt":"2024-04-25T03:25:42","guid":{"rendered":"https:\/\/stourm.news\/?p=1107"},"modified":"2024-04-25T03:25:42","modified_gmt":"2024-04-25T03:25:42","slug":"ephemeride-national-avril-1379-formation-victorieuse-de-la-ligue-patriotique-bretonne-contre-loccupation-francaise","status":"publish","type":"post","link":"https:\/\/stourm.news\/?p=1107","title":{"rendered":"Eph\u00e9m\u00e9ride national : avril 1379, formation victorieuse de la ligue patriotique bretonne contre l&rsquo;occupation fran\u00e7aise"},"content":{"rendered":"<p style=\"text-align: justify;\">Depuis le trait\u00e9 de Gu\u00e9rande (1365), le duc de Bretagne est Jean IV. Il a \u00e9vinc\u00e9 sa cousine Jeanne de Penthi\u00e8vre du tr\u00f4ne de Bretagne gr\u00e2ce \u00e0 l&rsquo;aide anglaise. Sa politique anglophile m\u00e9contente \u00e0 tel point le parti de Jeanne, qu\u2019il doit se replier en Angleterre le 28 avril 1373. L\u2019arm\u00e9e fran\u00e7aise, command\u00e9e par Du Guesclin, installe le duc d\u2019Anjou, fr\u00e8re du roi et gendre de Jeanne, comme lieutenant g\u00e9n\u00e9ral de Bretagne (mai-septembre 1373). Le Duc Jean IV participe, l\u2019ann\u00e9e suivante, aux exp\u00e9ditions anglaises d\u00e9vastatrices en France. Apr\u00e8s une p\u00e9riode de tr\u00eave, les Anglais d\u00e9barquent \u00e0 Saint-Malo en 1378, mais \u00e9chouent devant la t\u00e9nacit\u00e9 du f\u00e9lon Du Guesclin.<\/p>\n<p style=\"text-align: justify;\">La nomination du duc d\u2019Anjou laisse entrevoir le retour sur le tr\u00f4ne de leur duchesse, Jeanne de Penthi\u00e8vre. Espoir d\u00e9\u00e7u, elle est \u00e9cart\u00e9e par le roi de France : la riche Bretagne est trop tentante pour un roi financi\u00e8rement aux abois. Charles V croit en une annexion facile. Le parti de Jeanne de Penthi\u00e8vre, furieux de cette nouvelle spoliation forme une ligue patriotique avec les amis du Duc Jean IV. La ligue ne craint pas de se donner un gouvernement, des finances et une arm\u00e9e, avec l\u2019accord de Jeanne de Penthi\u00e8vre, qui, accepte l\u2019envoi d\u2019une ambassade en Angleterre pour rechercher Jean IV et lib\u00e9rer la Bretagne de l&rsquo;occupation fran\u00e7aise. Conduit par une petite flotte anglaise, il d\u00e9barque en face de Saint-Malo, o\u00f9 il est accueilli par une foule en liesse, et s\u2019installe \u00e0 Dinan du 6 au 15 ao\u00fbt 1379 entour\u00e9 de ces nobles. Charles V a envoy\u00e9 des troupes qui ne bougent pas d\u2019Avranches et a tent\u00e9 d\u2019avoir le soutien des plus grands seigneurs bretons, sans succ\u00e8s. Quant \u00e0 son conn\u00e9table, l\u2019illustre Du Guesclin, il ne fait rien.<\/p>\n<p style=\"text-align: justify;\">Charles V a commis une erreur. Il a cru pouvoir annexer la Bretagne, ce r\u00e9servoir d\u2019argent et de professionnels de la guerre. Face \u00e0 la volont\u00e9 d&rsquo;ind\u00e9pendance nationale bretonne, les Fran\u00e7ais signent le second trait\u00e9 de Gu\u00e9rande qui reconna\u00eet l&rsquo;ind\u00e9pendance de la Bretagne sous la direction du Duc Jean IV.<\/p>\n","protected":false},"excerpt":{"rendered":"<p>Depuis le trait\u00e9 de Gu\u00e9rande (1365), le duc de Bretagne est Jean IV. Il a \u00e9vinc\u00e9 sa cousine Jeanne de Penthi\u00e8vre du tr\u00f4ne de Bretagne gr\u00e2ce \u00e0 l&rsquo;aide anglaise. Sa politique anglophile m\u00e9contente \u00e0 tel point le parti de Jeanne, qu\u2019il doit se replier en Angleterre le 28 avril 1373. L\u2019arm\u00e9e fran\u00e7aise, command\u00e9e par Du [&hellip;]<\/p>\n","protected":false},"author":1,"featured_media":1108,"comment_status":"open","ping_status":"open","sticky":false,"template":"","format":"standard","meta":{"sb_editor_width":"","footnotes":""},"categories":[58,50],"tags":[],"class_list":["post-1107","post","type-post","status-publish","format-standard","has-post-thumbnail","hentry","category-breizh","category-histoire-de-bretagne"],"relative_dates":{"created":"2 ans ago","modified":"2 ans ago"},"yoast_head":"<!-- This site is optimized with the Yoast SEO plugin v26.3 - https:\/\/yoast.com\/wordpress\/plugins\/seo\/ -->\n<title>Eph\u00e9m\u00e9ride national : avril 1379, formation victorieuse de la ligue patriotique bretonne contre l&#039;occupation fran\u00e7aise - STOURM<\/title>\n<meta name=\"robots\" content=\"index, follow, max-snippet:-1, max-image-preview:large, max-video-preview:-1\" \/>\n<link rel=\"canonical\" href=\"https:\/\/stourm.news\/?p=1107\" \/>\n<meta property=\"og:locale\" content=\"fr_FR\" \/>\n<meta property=\"og:type\" content=\"article\" \/>\n<meta property=\"og:title\" content=\"Eph\u00e9m\u00e9ride national : avril 1379, formation victorieuse de la ligue patriotique bretonne contre l&#039;occupation fran\u00e7aise - STOURM\" \/>\n<meta property=\"og:description\" content=\"Depuis le trait\u00e9 de Gu\u00e9rande (1365), le duc de Bretagne est Jean IV. Il a \u00e9vinc\u00e9 sa cousine Jeanne de Penthi\u00e8vre du tr\u00f4ne de Bretagne gr\u00e2ce \u00e0 l&rsquo;aide anglaise. Sa politique anglophile m\u00e9contente \u00e0 tel point le parti de Jeanne, qu\u2019il doit se replier en Angleterre le 28 avril 1373. L\u2019arm\u00e9e fran\u00e7aise, command\u00e9e par Du [&hellip;]\" \/>\n<meta property=\"og:url\" content=\"https:\/\/stourm.news\/?p=1107\" \/>\n<meta property=\"og:site_name\" content=\"STOURM\" \/>\n<meta property=\"article:publisher\" content=\"https:\/\/www.facebook.com\/stourmnews\/\" \/>\n<meta property=\"article:published_time\" content=\"2024-04-25T03:25:42+00:00\" \/>\n<meta property=\"og:image\" content=\"https:\/\/stourm.news\/wp-content\/uploads\/2024\/04\/Designer-77.jpg\" \/>\n\t<meta property=\"og:image:width\" content=\"1024\" \/>\n\t<meta property=\"og:image:height\" content=\"1024\" \/>\n\t<meta property=\"og:image:type\" content=\"image\/jpeg\" \/>\n<meta name=\"author\" content=\"La r\u00e9daction\" \/>\n<meta name=\"twitter:card\" content=\"summary_large_image\" \/>\n<meta name=\"twitter:label1\" content=\"\u00c9crit par\" \/>\n\t<meta name=\"twitter:data1\" content=\"La r\u00e9daction\" \/>\n\t<meta name=\"twitter:label2\" content=\"Dur\u00e9e de lecture estim\u00e9e\" \/>\n\t<meta name=\"twitter:data2\" content=\"2 minutes\" \/>\n<script type=\"application\/ld+json\" class=\"yoast-schema-graph\">{\"@context\":\"https:\/\/schema.org\",\"@graph\":[{\"@type\":\"Article\",\"@id\":\"https:\/\/stourm.news\/?p=1107#article\",\"isPartOf\":{\"@id\":\"https:\/\/stourm.news\/?p=1107\"},\"author\":{\"name\":\"La r\u00e9daction\",\"@id\":\"https:\/\/stourm.news\/#\/schema\/person\/c3e1dc65988632e190969234ef046cf9\"},\"headline\":\"Eph\u00e9m\u00e9ride national : avril 1379, formation victorieuse de la ligue patriotique bretonne contre l&rsquo;occupation fran\u00e7aise\",\"datePublished\":\"2024-04-25T03:25:42+00:00\",\"mainEntityOfPage\":{\"@id\":\"https:\/\/stourm.news\/?p=1107\"},\"wordCount\":396,\"commentCount\":0,\"publisher\":{\"@id\":\"https:\/\/stourm.news\/#organization\"},\"image\":{\"@id\":\"https:\/\/stourm.news\/?p=1107#primaryimage\"},\"thumbnailUrl\":\"https:\/\/stourm.news\/wp-content\/uploads\/2024\/04\/Designer-77.jpg\",\"articleSection\":[\"Breizh\",\"Histoire de Bretagne\"],\"inLanguage\":\"fr-FR\",\"potentialAction\":[{\"@type\":\"CommentAction\",\"name\":\"Comment\",\"target\":[\"https:\/\/stourm.news\/?p=1107#respond\"]}]},{\"@type\":\"WebPage\",\"@id\":\"https:\/\/stourm.news\/?p=1107\",\"url\":\"https:\/\/stourm.news\/?p=1107\",\"name\":\"Eph\u00e9m\u00e9ride national : avril 1379, formation victorieuse de la ligue patriotique bretonne contre l'occupation fran\u00e7aise - STOURM\",\"isPartOf\":{\"@id\":\"https:\/\/stourm.news\/#website\"},\"primaryImageOfPage\":{\"@id\":\"https:\/\/stourm.news\/?p=1107#primaryimage\"},\"image\":{\"@id\":\"https:\/\/stourm.news\/?p=1107#primaryimage\"},\"thumbnailUrl\":\"https:\/\/stourm.news\/wp-content\/uploads\/2024\/04\/Designer-77.jpg\",\"datePublished\":\"2024-04-25T03:25:42+00:00\",\"breadcrumb\":{\"@id\":\"https:\/\/stourm.news\/?p=1107#breadcrumb\"},\"inLanguage\":\"fr-FR\",\"potentialAction\":[{\"@type\":\"ReadAction\",\"target\":[\"https:\/\/stourm.news\/?p=1107\"]}]},{\"@type\":\"ImageObject\",\"inLanguage\":\"fr-FR\",\"@id\":\"https:\/\/stourm.news\/?p=1107#primaryimage\",\"url\":\"https:\/\/stourm.news\/wp-content\/uploads\/2024\/04\/Designer-77.jpg\",\"contentUrl\":\"https:\/\/stourm.news\/wp-content\/uploads\/2024\/04\/Designer-77.jpg\",\"width\":1024,\"height\":1024},{\"@type\":\"BreadcrumbList\",\"@id\":\"https:\/\/stourm.news\/?p=1107#breadcrumb\",\"itemListElement\":[{\"@type\":\"ListItem\",\"position\":1,\"name\":\"Accueil\",\"item\":\"https:\/\/stourm.news\/\"},{\"@type\":\"ListItem\",\"position\":2,\"name\":\"Eph\u00e9m\u00e9ride national : avril 1379, formation victorieuse de la ligue patriotique bretonne contre l&rsquo;occupation fran\u00e7aise\"}]},{\"@type\":\"WebSite\",\"@id\":\"https:\/\/stourm.news\/#website\",\"url\":\"https:\/\/stourm.news\/\",\"name\":\"Stourm\",\"description\":\"Kazetenn Strollad Broadel Breizh\",\"publisher\":{\"@id\":\"https:\/\/stourm.news\/#organization\"},\"potentialAction\":[{\"@type\":\"SearchAction\",\"target\":{\"@type\":\"EntryPoint\",\"urlTemplate\":\"https:\/\/stourm.news\/?s={search_term_string}\"},\"query-input\":{\"@type\":\"PropertyValueSpecification\",\"valueRequired\":true,\"valueName\":\"search_term_string\"}}],\"inLanguage\":\"fr-FR\"},{\"@type\":\"Organization\",\"@id\":\"https:\/\/stourm.news\/#organization\",\"name\":\"Stourm\",\"url\":\"https:\/\/stourm.news\/\",\"logo\":{\"@type\":\"ImageObject\",\"inLanguage\":\"fr-FR\",\"@id\":\"https:\/\/stourm.news\/#\/schema\/logo\/image\/\",\"url\":\"https:\/\/stourm.news\/wp-content\/uploads\/2025\/11\/cropped-Capture-decran-2025-11-28-a-15.19.07.png\",\"contentUrl\":\"https:\/\/stourm.news\/wp-content\/uploads\/2025\/11\/cropped-Capture-decran-2025-11-28-a-15.19.07.png\",\"width\":1855,\"height\":383,\"caption\":\"Stourm\"},\"image\":{\"@id\":\"https:\/\/stourm.news\/#\/schema\/logo\/image\/\"},\"sameAs\":[\"https:\/\/www.facebook.com\/stourmnews\/\"]},{\"@type\":\"Person\",\"@id\":\"https:\/\/stourm.news\/#\/schema\/person\/c3e1dc65988632e190969234ef046cf9\",\"name\":\"La r\u00e9daction\",\"image\":{\"@type\":\"ImageObject\",\"inLanguage\":\"fr-FR\",\"@id\":\"https:\/\/stourm.news\/#\/schema\/person\/image\/\",\"url\":\"https:\/\/secure.gravatar.com\/avatar\/7463443f194b6b5fb706b074ca0ef59a0cfcfd720cb47764b0ec5a952ce422b3?s=96&d=mm&r=g\",\"contentUrl\":\"https:\/\/secure.gravatar.com\/avatar\/7463443f194b6b5fb706b074ca0ef59a0cfcfd720cb47764b0ec5a952ce422b3?s=96&d=mm&r=g\",\"caption\":\"La r\u00e9daction\"},\"sameAs\":[\"https:\/\/stourm.news\"],\"url\":\"https:\/\/stourm.news\/?author=1\"}]}<\/script>\n<!-- \/ Yoast SEO plugin. -->","yoast_head_json":{"title":"Eph\u00e9m\u00e9ride national : avril 1379, formation victorieuse de la ligue patriotique bretonne contre l'occupation fran\u00e7aise - STOURM","robots":{"index":"index","follow":"follow","max-snippet":"max-snippet:-1","max-image-preview":"max-image-preview:large","max-video-preview":"max-video-preview:-1"},"canonical":"https:\/\/stourm.news\/?p=1107","og_locale":"fr_FR","og_type":"article","og_title":"Eph\u00e9m\u00e9ride national : avril 1379, formation victorieuse de la ligue patriotique bretonne contre l'occupation fran\u00e7aise - STOURM","og_description":"Depuis le trait\u00e9 de Gu\u00e9rande (1365), le duc de Bretagne est Jean IV. Il a \u00e9vinc\u00e9 sa cousine Jeanne de Penthi\u00e8vre du tr\u00f4ne de Bretagne gr\u00e2ce \u00e0 l&rsquo;aide anglaise. Sa politique anglophile m\u00e9contente \u00e0 tel point le parti de Jeanne, qu\u2019il doit se replier en Angleterre le 28 avril 1373. L\u2019arm\u00e9e fran\u00e7aise, command\u00e9e par Du [&hellip;]","og_url":"https:\/\/stourm.news\/?p=1107","og_site_name":"STOURM","article_publisher":"https:\/\/www.facebook.com\/stourmnews\/","article_published_time":"2024-04-25T03:25:42+00:00","og_image":[{"width":1024,"height":1024,"url":"https:\/\/stourm.news\/wp-content\/uploads\/2024\/04\/Designer-77.jpg","type":"image\/jpeg"}],"author":"La r\u00e9daction","twitter_card":"summary_large_image","twitter_misc":{"\u00c9crit par":"La r\u00e9daction","Dur\u00e9e de lecture estim\u00e9e":"2 minutes"},"schema":{"@context":"https:\/\/schema.org","@graph":[{"@type":"Article","@id":"https:\/\/stourm.news\/?p=1107#article","isPartOf":{"@id":"https:\/\/stourm.news\/?p=1107"},"author":{"name":"La r\u00e9daction","@id":"https:\/\/stourm.news\/#\/schema\/person\/c3e1dc65988632e190969234ef046cf9"},"headline":"Eph\u00e9m\u00e9ride national : avril 1379, formation victorieuse de la ligue patriotique bretonne contre l&rsquo;occupation fran\u00e7aise","datePublished":"2024-04-25T03:25:42+00:00","mainEntityOfPage":{"@id":"https:\/\/stourm.news\/?p=1107"},"wordCount":396,"commentCount":0,"publisher":{"@id":"https:\/\/stourm.news\/#organization"},"image":{"@id":"https:\/\/stourm.news\/?p=1107#primaryimage"},"thumbnailUrl":"https:\/\/stourm.news\/wp-content\/uploads\/2024\/04\/Designer-77.jpg","articleSection":["Breizh","Histoire de Bretagne"],"inLanguage":"fr-FR","potentialAction":[{"@type":"CommentAction","name":"Comment","target":["https:\/\/stourm.news\/?p=1107#respond"]}]},{"@type":"WebPage","@id":"https:\/\/stourm.news\/?p=1107","url":"https:\/\/stourm.news\/?p=1107","name":"Eph\u00e9m\u00e9ride national : avril 1379, formation victorieuse de la ligue patriotique bretonne contre l'occupation fran\u00e7aise - STOURM","isPartOf":{"@id":"https:\/\/stourm.news\/#website"},"primaryImageOfPage":{"@id":"https:\/\/stourm.news\/?p=1107#primaryimage"},"image":{"@id":"https:\/\/stourm.news\/?p=1107#primaryimage"},"thumbnailUrl":"https:\/\/stourm.news\/wp-content\/uploads\/2024\/04\/Designer-77.jpg","datePublished":"2024-04-25T03:25:42+00:00","breadcrumb":{"@id":"https:\/\/stourm.news\/?p=1107#breadcrumb"},"inLanguage":"fr-FR","potentialAction":[{"@type":"ReadAction","target":["https:\/\/stourm.news\/?p=1107"]}]},{"@type":"ImageObject","inLanguage":"fr-FR","@id":"https:\/\/stourm.news\/?p=1107#primaryimage","url":"https:\/\/stourm.news\/wp-content\/uploads\/2024\/04\/Designer-77.jpg","contentUrl":"https:\/\/stourm.news\/wp-content\/uploads\/2024\/04\/Designer-77.jpg","width":1024,"height":1024},{"@type":"BreadcrumbList","@id":"https:\/\/stourm.news\/?p=1107#breadcrumb","itemListElement":[{"@type":"ListItem","position":1,"name":"Accueil","item":"https:\/\/stourm.news\/"},{"@type":"ListItem","position":2,"name":"Eph\u00e9m\u00e9ride national : avril 1379, formation victorieuse de la ligue patriotique bretonne contre l&rsquo;occupation fran\u00e7aise"}]},{"@type":"WebSite","@id":"https:\/\/stourm.news\/#website","url":"https:\/\/stourm.news\/","name":"Stourm","description":"Kazetenn Strollad Broadel Breizh","publisher":{"@id":"https:\/\/stourm.news\/#organization"},"potentialAction":[{"@type":"SearchAction","target":{"@type":"EntryPoint","urlTemplate":"https:\/\/stourm.news\/?s={search_term_string}"},"query-input":{"@type":"PropertyValueSpecification","valueRequired":true,"valueName":"search_term_string"}}],"inLanguage":"fr-FR"},{"@type":"Organization","@id":"https:\/\/stourm.news\/#organization","name":"Stourm","url":"https:\/\/stourm.news\/","logo":{"@type":"ImageObject","inLanguage":"fr-FR","@id":"https:\/\/stourm.news\/#\/schema\/logo\/image\/","url":"https:\/\/stourm.news\/wp-content\/uploads\/2025\/11\/cropped-Capture-decran-2025-11-28-a-15.19.07.png","contentUrl":"https:\/\/stourm.news\/wp-content\/uploads\/2025\/11\/cropped-Capture-decran-2025-11-28-a-15.19.07.png","width":1855,"height":383,"caption":"Stourm"},"image":{"@id":"https:\/\/stourm.news\/#\/schema\/logo\/image\/"},"sameAs":["https:\/\/www.facebook.com\/stourmnews\/"]},{"@type":"Person","@id":"https:\/\/stourm.news\/#\/schema\/person\/c3e1dc65988632e190969234ef046cf9","name":"La r\u00e9daction","image":{"@type":"ImageObject","inLanguage":"fr-FR","@id":"https:\/\/stourm.news\/#\/schema\/person\/image\/","url":"https:\/\/secure.gravatar.com\/avatar\/7463443f194b6b5fb706b074ca0ef59a0cfcfd720cb47764b0ec5a952ce422b3?s=96&d=mm&r=g","contentUrl":"https:\/\/secure.gravatar.com\/avatar\/7463443f194b6b5fb706b074ca0ef59a0cfcfd720cb47764b0ec5a952ce422b3?s=96&d=mm&r=g","caption":"La r\u00e9daction"},"sameAs":["https:\/\/stourm.news"],"url":"https:\/\/stourm.news\/?author=1"}]}},"_links":{"self":[{"href":"https:\/\/stourm.news\/index.php?rest_route=\/wp\/v2\/posts\/1107","targetHints":{"allow":["GET"]}}],"collection":[{"href":"https:\/\/stourm.news\/index.php?rest_route=\/wp\/v2\/posts"}],"about":[{"href":"https:\/\/stourm.news\/index.php?rest_route=\/wp\/v2\/types\/post"}],"author":[{"embeddable":true,"href":"https:\/\/stourm.news\/index.php?rest_route=\/wp\/v2\/users\/1"}],"replies":[{"embeddable":true,"href":"https:\/\/stourm.news\/index.php?rest_route=%2Fwp%2Fv2%2Fcomments&post=1107"}],"version-history":[{"count":1,"href":"https:\/\/stourm.news\/index.php?rest_route=\/wp\/v2\/posts\/1107\/revisions"}],"predecessor-version":[{"id":1109,"href":"https:\/\/stourm.news\/index.php?rest_route=\/wp\/v2\/posts\/1107\/revisions\/1109"}],"wp:featuredmedia":[{"embeddable":true,"href":"https:\/\/stourm.news\/index.php?rest_route=\/wp\/v2\/media\/1108"}],"wp:attachment":[{"href":"https:\/\/stourm.news\/index.php?rest_route=%2Fwp%2Fv2%2Fmedia&parent=1107"}],"wp:term":[{"taxonomy":"category","embeddable":true,"href":"https:\/\/stourm.news\/index.php?rest_route=%2Fwp%2Fv2%2Fcategories&post=1107"},{"taxonomy":"post_tag","embeddable":true,"href":"https:\/\/stourm.news\/index.php?rest_route=%2Fwp%2Fv2%2Ftags&post=1107"}],"curies":[{"name":"wp","href":"https:\/\/api.w.org\/{rel}","templated":true}]}}