{"id":1110,"date":"2024-04-25T03:41:11","date_gmt":"2024-04-25T03:41:11","guid":{"rendered":"https:\/\/stourm.news\/?p=1110"},"modified":"2024-04-25T03:41:11","modified_gmt":"2024-04-25T03:41:11","slug":"brest-recherche-pour-une-affaire-de-meurtre-en-bande-il-est-interpelle-avec-10000-euros-de-cocaine","status":"publish","type":"post","link":"https:\/\/stourm.news\/?p=1110","title":{"rendered":"Brest : recherch\u00e9 pour une affaire de meurtre en bande, il est interpell\u00e9 avec 10,000 euros de coca\u00efne"},"content":{"rendered":"<p style=\"text-align: justify;\">La Cour d\u2019appel de Rennes a confirm\u00e9, ce mercredi 24 avril 2024, la condamnation qui avait \u00e9t\u00e9 inflig\u00e9e \u00e0 un jeune qui dormait \u00e0 c\u00f4t\u00e9 de 10 000 euros <strong>de coca\u00efne<\/strong> lorsque le Raid \u00e9tait venu perquisitionner son domicile, \u00e0 Brest (Finist\u00e8re), dans une affaire de <strong>meurtre<\/strong> en bande organis\u00e9e.<\/p>\n<p style=\"text-align: justify;\">Le Brestois de 24 ans avait en fait \u00e9t\u00e9 interpell\u00e9 le 8 novembre 2023 au petit matin chez sa m\u00e8re : au pied du lit, les policiers avaient d\u00e9couvert plus de 200 grammes de coca\u00efne. Au d\u00e9part, son interpellation avait \u00e9t\u00e9 programm\u00e9e pour des faits de <strong>meurtre<\/strong> en bande organis\u00e9e \u2013 pour lesquels il n\u2019a pour l\u2019heure, pas \u00e9t\u00e9 mis en examen \u2013 mais les policiers s\u2019\u00e9taient attard\u00e9s sur un sac transparent contenant de la poudre blanche, des tickets Parions Sport et de l\u2019argent liquide. Reste que le Brestois a toujours contest\u00e9 \u00eatre le propri\u00e9taire de la drogue : il ne dormait que \u00ab depuis deux ou trois jours \u00bb dans cette chambre et, le m\u00eame jour, son fr\u00e8re de 18 ans s\u2019\u00e9tait pr\u00e9sent\u00e9 au commissariat pour certifier que la drogue lui appartenait.<\/p>\n<p style=\"text-align: justify;\">Le cadet avait en fait \u00ab d\u00e9pos\u00e9 la coke dans la chambre \u00bb de son a\u00een\u00e9 parce que des personnes lui avaient demand\u00e9 de \u00ab garder le produit \u00bb. Il n\u2019avait toutefois pas pu expliquer les raisons pour lesquelles le sachet n\u2019avait pas \u00e9t\u00e9 retrouv\u00e9 \u00e0 l\u2019endroit qu\u2019il d\u00e9crivait. Probl\u00e8me, selon la d\u00e9fense, la proc\u00e9dure s\u2019\u00e9tait sold\u00e9e \u00ab par la destruction des produits ainsi que des deux sacs \u00bb, emp\u00eachant ainsi toute \u00ab possibilit\u00e9 de solliciter du tribunal correctionnel un suppl\u00e9ment d\u2019information \u00bb qui aurait permis de faire \u00ab expertiser ces contenants \u00bb dont la propri\u00e9t\u00e9 est \u00ab revendiqu\u00e9e \u00bb par son fr\u00e8re.<\/p>\n<p style=\"text-align: justify;\">\u00ab Il n\u2019y avait aucune urgence et aucune circonstance insurmontable qui l\u00e9gitimait la destruction des stup\u00e9fiants avant le jugement \u00bb, avait plaid\u00e9 Me Sami Khankan devant la Cour d\u2019appel de Rennes le 2 avril 2024. Mais ses arguments n\u2019avaient pas \u00e9t\u00e9 suivis en premi\u00e8re instance. Le pr\u00e9venu avait alors \u00e9cop\u00e9 de deux ans de prison ferme et de la r\u00e9vocation d\u2019un pr\u00e9c\u00e9dent sursis, \u00e0 hauteur de six mois d\u2019emprisonnement.<\/p>\n<p style=\"text-align: justify;\">Pour l\u2019avocat g\u00e9n\u00e9ral, \u00ab on ne dort pas tranquillement \u00e0 c\u00f4t\u00e9 de 200 grammes de coca\u00efne si celle-ci ne nous appartient pas \u00bb. \u00ab La seule entrave \u00e0 l\u2019enqu\u00eate \u00bb, c\u2019est ce pr\u00e9venu d\u00e9j\u00e0 condamn\u00e9 six fois qui l\u2019aurait commise : il avait refus\u00e9 le d\u00e9chiffrement de son t\u00e9l\u00e9phone. Justifiant par la pr\u00e9sence de photos intimes dans sa galerie\u2026<\/p>\n<p style=\"text-align: justify;\">\u00ab Il est irr\u00e9cup\u00e9rable \u00bb, avait donc grinc\u00e9 le repr\u00e9sentant du parquet g\u00e9n\u00e9ral pour r\u00e9clamer la confirmation de la peine prononc\u00e9e \u00e0 Brest \u00e0 l\u2019encontre de ce jeune en CDI chez Amazon depuis septembre 2023.<\/p>\n<p style=\"text-align: justify;\">Son avocat avait pour sa part plaid\u00e9 une relaxe int\u00e9grale puisqu\u2019il n\u2019y a \u00ab aucune preuve \u00e0 discuter \u00bb. Il n\u2019a finalement pas \u00e9t\u00e9 suivi : la cour d\u2019appel de Rennes a refus\u00e9 d\u2019annuler la proc\u00e9dure et a confirm\u00e9 en tous points la peine prononc\u00e9e \u00e0 Brest.<\/p>\n<p>Source : <a href=\"https:\/\/actu.fr\/bretagne\/brest_29019\/condamnation-confirmee-pour-le-brestois-reveille-par-le-raid-a-cote-de-10-000-euros-de-cocaine_60992500.html\">C\u00f4t\u00e9 Brest<\/a><\/p>\n","protected":false},"excerpt":{"rendered":"<p>La Cour d\u2019appel de Rennes a confirm\u00e9, ce mercredi 24 avril 2024, la condamnation qui avait \u00e9t\u00e9 inflig\u00e9e \u00e0 un jeune qui dormait \u00e0 c\u00f4t\u00e9 de 10 000 euros de coca\u00efne lorsque le Raid \u00e9tait venu perquisitionner son domicile, \u00e0 Brest (Finist\u00e8re), dans une affaire de meurtre en bande organis\u00e9e. Le Brestois de 24 ans [&hellip;]<\/p>\n","protected":false},"author":1,"featured_media":1111,"comment_status":"open","ping_status":"open","sticky":false,"template":"","format":"standard","meta":{"sb_editor_width":"","footnotes":""},"categories":[29,38,62],"tags":[],"class_list":["post-1110","post","type-post","status-publish","format-standard","has-post-thumbnail","hentry","category-drogue","category-finistere","category-revue-de-presse"],"relative_dates":{"created":"2 ans ago","modified":"2 ans ago"},"yoast_head":"<!-- This site is optimized with the Yoast SEO plugin v26.3 - https:\/\/yoast.com\/wordpress\/plugins\/seo\/ -->\n<title>Brest : recherch\u00e9 pour une affaire de meurtre en bande, il est interpell\u00e9 avec 10,000 euros de coca\u00efne - STOURM<\/title>\n<meta name=\"robots\" content=\"index, follow, max-snippet:-1, max-image-preview:large, max-video-preview:-1\" \/>\n<link rel=\"canonical\" href=\"https:\/\/stourm.news\/?p=1110\" \/>\n<meta property=\"og:locale\" content=\"fr_FR\" \/>\n<meta property=\"og:type\" content=\"article\" \/>\n<meta property=\"og:title\" content=\"Brest : recherch\u00e9 pour une affaire de meurtre en bande, il est interpell\u00e9 avec 10,000 euros de coca\u00efne - STOURM\" \/>\n<meta property=\"og:description\" content=\"La Cour d\u2019appel de Rennes a confirm\u00e9, ce mercredi 24 avril 2024, la condamnation qui avait \u00e9t\u00e9 inflig\u00e9e \u00e0 un jeune qui dormait \u00e0 c\u00f4t\u00e9 de 10 000 euros de coca\u00efne lorsque le Raid \u00e9tait venu perquisitionner son domicile, \u00e0 Brest (Finist\u00e8re), dans une affaire de meurtre en bande organis\u00e9e. Le Brestois de 24 ans [&hellip;]\" \/>\n<meta property=\"og:url\" content=\"https:\/\/stourm.news\/?p=1110\" \/>\n<meta property=\"og:site_name\" content=\"STOURM\" \/>\n<meta property=\"article:publisher\" content=\"https:\/\/www.facebook.com\/stourmnews\/\" \/>\n<meta property=\"article:published_time\" content=\"2024-04-25T03:41:11+00:00\" \/>\n<meta property=\"og:image\" content=\"https:\/\/stourm.news\/wp-content\/uploads\/2024\/04\/e9060aa752c567e060aa752c542160v-960x640-1.jpg\" \/>\n\t<meta property=\"og:image:width\" content=\"960\" \/>\n\t<meta property=\"og:image:height\" content=\"640\" \/>\n\t<meta property=\"og:image:type\" content=\"image\/jpeg\" \/>\n<meta name=\"author\" content=\"La r\u00e9daction\" \/>\n<meta name=\"twitter:card\" content=\"summary_large_image\" \/>\n<meta name=\"twitter:label1\" content=\"\u00c9crit par\" \/>\n\t<meta name=\"twitter:data1\" content=\"La r\u00e9daction\" \/>\n\t<meta name=\"twitter:label2\" content=\"Dur\u00e9e de lecture estim\u00e9e\" \/>\n\t<meta name=\"twitter:data2\" content=\"3 minutes\" \/>\n<script type=\"application\/ld+json\" class=\"yoast-schema-graph\">{\"@context\":\"https:\/\/schema.org\",\"@graph\":[{\"@type\":\"Article\",\"@id\":\"https:\/\/stourm.news\/?p=1110#article\",\"isPartOf\":{\"@id\":\"https:\/\/stourm.news\/?p=1110\"},\"author\":{\"name\":\"La r\u00e9daction\",\"@id\":\"https:\/\/stourm.news\/#\/schema\/person\/c3e1dc65988632e190969234ef046cf9\"},\"headline\":\"Brest : recherch\u00e9 pour une affaire de meurtre en bande, il est interpell\u00e9 avec 10,000 euros de coca\u00efne\",\"datePublished\":\"2024-04-25T03:41:11+00:00\",\"mainEntityOfPage\":{\"@id\":\"https:\/\/stourm.news\/?p=1110\"},\"wordCount\":546,\"commentCount\":0,\"publisher\":{\"@id\":\"https:\/\/stourm.news\/#organization\"},\"image\":{\"@id\":\"https:\/\/stourm.news\/?p=1110#primaryimage\"},\"thumbnailUrl\":\"https:\/\/stourm.news\/wp-content\/uploads\/2024\/04\/e9060aa752c567e060aa752c542160v-960x640-1.jpg\",\"articleSection\":[\"Drogue\",\"Finist\u00e8re\",\"Revue de presse\"],\"inLanguage\":\"fr-FR\",\"potentialAction\":[{\"@type\":\"CommentAction\",\"name\":\"Comment\",\"target\":[\"https:\/\/stourm.news\/?p=1110#respond\"]}]},{\"@type\":\"WebPage\",\"@id\":\"https:\/\/stourm.news\/?p=1110\",\"url\":\"https:\/\/stourm.news\/?p=1110\",\"name\":\"Brest : recherch\u00e9 pour une affaire de meurtre en bande, il est interpell\u00e9 avec 10,000 euros de coca\u00efne - STOURM\",\"isPartOf\":{\"@id\":\"https:\/\/stourm.news\/#website\"},\"primaryImageOfPage\":{\"@id\":\"https:\/\/stourm.news\/?p=1110#primaryimage\"},\"image\":{\"@id\":\"https:\/\/stourm.news\/?p=1110#primaryimage\"},\"thumbnailUrl\":\"https:\/\/stourm.news\/wp-content\/uploads\/2024\/04\/e9060aa752c567e060aa752c542160v-960x640-1.jpg\",\"datePublished\":\"2024-04-25T03:41:11+00:00\",\"breadcrumb\":{\"@id\":\"https:\/\/stourm.news\/?p=1110#breadcrumb\"},\"inLanguage\":\"fr-FR\",\"potentialAction\":[{\"@type\":\"ReadAction\",\"target\":[\"https:\/\/stourm.news\/?p=1110\"]}]},{\"@type\":\"ImageObject\",\"inLanguage\":\"fr-FR\",\"@id\":\"https:\/\/stourm.news\/?p=1110#primaryimage\",\"url\":\"https:\/\/stourm.news\/wp-content\/uploads\/2024\/04\/e9060aa752c567e060aa752c542160v-960x640-1.jpg\",\"contentUrl\":\"https:\/\/stourm.news\/wp-content\/uploads\/2024\/04\/e9060aa752c567e060aa752c542160v-960x640-1.jpg\",\"width\":960,\"height\":640},{\"@type\":\"BreadcrumbList\",\"@id\":\"https:\/\/stourm.news\/?p=1110#breadcrumb\",\"itemListElement\":[{\"@type\":\"ListItem\",\"position\":1,\"name\":\"Accueil\",\"item\":\"https:\/\/stourm.news\/\"},{\"@type\":\"ListItem\",\"position\":2,\"name\":\"Brest : recherch\u00e9 pour une affaire de meurtre en bande, il est interpell\u00e9 avec 10,000 euros de coca\u00efne\"}]},{\"@type\":\"WebSite\",\"@id\":\"https:\/\/stourm.news\/#website\",\"url\":\"https:\/\/stourm.news\/\",\"name\":\"Stourm\",\"description\":\"Kazetenn Strollad Broadel Breizh\",\"publisher\":{\"@id\":\"https:\/\/stourm.news\/#organization\"},\"potentialAction\":[{\"@type\":\"SearchAction\",\"target\":{\"@type\":\"EntryPoint\",\"urlTemplate\":\"https:\/\/stourm.news\/?s={search_term_string}\"},\"query-input\":{\"@type\":\"PropertyValueSpecification\",\"valueRequired\":true,\"valueName\":\"search_term_string\"}}],\"inLanguage\":\"fr-FR\"},{\"@type\":\"Organization\",\"@id\":\"https:\/\/stourm.news\/#organization\",\"name\":\"Stourm\",\"url\":\"https:\/\/stourm.news\/\",\"logo\":{\"@type\":\"ImageObject\",\"inLanguage\":\"fr-FR\",\"@id\":\"https:\/\/stourm.news\/#\/schema\/logo\/image\/\",\"url\":\"https:\/\/stourm.news\/wp-content\/uploads\/2025\/11\/cropped-Capture-decran-2025-11-28-a-15.19.07.png\",\"contentUrl\":\"https:\/\/stourm.news\/wp-content\/uploads\/2025\/11\/cropped-Capture-decran-2025-11-28-a-15.19.07.png\",\"width\":1855,\"height\":383,\"caption\":\"Stourm\"},\"image\":{\"@id\":\"https:\/\/stourm.news\/#\/schema\/logo\/image\/\"},\"sameAs\":[\"https:\/\/www.facebook.com\/stourmnews\/\"]},{\"@type\":\"Person\",\"@id\":\"https:\/\/stourm.news\/#\/schema\/person\/c3e1dc65988632e190969234ef046cf9\",\"name\":\"La r\u00e9daction\",\"image\":{\"@type\":\"ImageObject\",\"inLanguage\":\"fr-FR\",\"@id\":\"https:\/\/stourm.news\/#\/schema\/person\/image\/\",\"url\":\"https:\/\/secure.gravatar.com\/avatar\/7463443f194b6b5fb706b074ca0ef59a0cfcfd720cb47764b0ec5a952ce422b3?s=96&d=mm&r=g\",\"contentUrl\":\"https:\/\/secure.gravatar.com\/avatar\/7463443f194b6b5fb706b074ca0ef59a0cfcfd720cb47764b0ec5a952ce422b3?s=96&d=mm&r=g\",\"caption\":\"La r\u00e9daction\"},\"sameAs\":[\"https:\/\/stourm.news\"],\"url\":\"https:\/\/stourm.news\/?author=1\"}]}<\/script>\n<!-- \/ Yoast SEO plugin. -->","yoast_head_json":{"title":"Brest : recherch\u00e9 pour une affaire de meurtre en bande, il est interpell\u00e9 avec 10,000 euros de coca\u00efne - STOURM","robots":{"index":"index","follow":"follow","max-snippet":"max-snippet:-1","max-image-preview":"max-image-preview:large","max-video-preview":"max-video-preview:-1"},"canonical":"https:\/\/stourm.news\/?p=1110","og_locale":"fr_FR","og_type":"article","og_title":"Brest : recherch\u00e9 pour une affaire de meurtre en bande, il est interpell\u00e9 avec 10,000 euros de coca\u00efne - STOURM","og_description":"La Cour d\u2019appel de Rennes a confirm\u00e9, ce mercredi 24 avril 2024, la condamnation qui avait \u00e9t\u00e9 inflig\u00e9e \u00e0 un jeune qui dormait \u00e0 c\u00f4t\u00e9 de 10 000 euros de coca\u00efne lorsque le Raid \u00e9tait venu perquisitionner son domicile, \u00e0 Brest (Finist\u00e8re), dans une affaire de meurtre en bande organis\u00e9e. Le Brestois de 24 ans [&hellip;]","og_url":"https:\/\/stourm.news\/?p=1110","og_site_name":"STOURM","article_publisher":"https:\/\/www.facebook.com\/stourmnews\/","article_published_time":"2024-04-25T03:41:11+00:00","og_image":[{"width":960,"height":640,"url":"https:\/\/stourm.news\/wp-content\/uploads\/2024\/04\/e9060aa752c567e060aa752c542160v-960x640-1.jpg","type":"image\/jpeg"}],"author":"La r\u00e9daction","twitter_card":"summary_large_image","twitter_misc":{"\u00c9crit par":"La r\u00e9daction","Dur\u00e9e de lecture estim\u00e9e":"3 minutes"},"schema":{"@context":"https:\/\/schema.org","@graph":[{"@type":"Article","@id":"https:\/\/stourm.news\/?p=1110#article","isPartOf":{"@id":"https:\/\/stourm.news\/?p=1110"},"author":{"name":"La r\u00e9daction","@id":"https:\/\/stourm.news\/#\/schema\/person\/c3e1dc65988632e190969234ef046cf9"},"headline":"Brest : recherch\u00e9 pour une affaire de meurtre en bande, il est interpell\u00e9 avec 10,000 euros de coca\u00efne","datePublished":"2024-04-25T03:41:11+00:00","mainEntityOfPage":{"@id":"https:\/\/stourm.news\/?p=1110"},"wordCount":546,"commentCount":0,"publisher":{"@id":"https:\/\/stourm.news\/#organization"},"image":{"@id":"https:\/\/stourm.news\/?p=1110#primaryimage"},"thumbnailUrl":"https:\/\/stourm.news\/wp-content\/uploads\/2024\/04\/e9060aa752c567e060aa752c542160v-960x640-1.jpg","articleSection":["Drogue","Finist\u00e8re","Revue de presse"],"inLanguage":"fr-FR","potentialAction":[{"@type":"CommentAction","name":"Comment","target":["https:\/\/stourm.news\/?p=1110#respond"]}]},{"@type":"WebPage","@id":"https:\/\/stourm.news\/?p=1110","url":"https:\/\/stourm.news\/?p=1110","name":"Brest : recherch\u00e9 pour une affaire de meurtre en bande, il est interpell\u00e9 avec 10,000 euros de coca\u00efne - STOURM","isPartOf":{"@id":"https:\/\/stourm.news\/#website"},"primaryImageOfPage":{"@id":"https:\/\/stourm.news\/?p=1110#primaryimage"},"image":{"@id":"https:\/\/stourm.news\/?p=1110#primaryimage"},"thumbnailUrl":"https:\/\/stourm.news\/wp-content\/uploads\/2024\/04\/e9060aa752c567e060aa752c542160v-960x640-1.jpg","datePublished":"2024-04-25T03:41:11+00:00","breadcrumb":{"@id":"https:\/\/stourm.news\/?p=1110#breadcrumb"},"inLanguage":"fr-FR","potentialAction":[{"@type":"ReadAction","target":["https:\/\/stourm.news\/?p=1110"]}]},{"@type":"ImageObject","inLanguage":"fr-FR","@id":"https:\/\/stourm.news\/?p=1110#primaryimage","url":"https:\/\/stourm.news\/wp-content\/uploads\/2024\/04\/e9060aa752c567e060aa752c542160v-960x640-1.jpg","contentUrl":"https:\/\/stourm.news\/wp-content\/uploads\/2024\/04\/e9060aa752c567e060aa752c542160v-960x640-1.jpg","width":960,"height":640},{"@type":"BreadcrumbList","@id":"https:\/\/stourm.news\/?p=1110#breadcrumb","itemListElement":[{"@type":"ListItem","position":1,"name":"Accueil","item":"https:\/\/stourm.news\/"},{"@type":"ListItem","position":2,"name":"Brest : recherch\u00e9 pour une affaire de meurtre en bande, il est interpell\u00e9 avec 10,000 euros de coca\u00efne"}]},{"@type":"WebSite","@id":"https:\/\/stourm.news\/#website","url":"https:\/\/stourm.news\/","name":"Stourm","description":"Kazetenn Strollad Broadel Breizh","publisher":{"@id":"https:\/\/stourm.news\/#organization"},"potentialAction":[{"@type":"SearchAction","target":{"@type":"EntryPoint","urlTemplate":"https:\/\/stourm.news\/?s={search_term_string}"},"query-input":{"@type":"PropertyValueSpecification","valueRequired":true,"valueName":"search_term_string"}}],"inLanguage":"fr-FR"},{"@type":"Organization","@id":"https:\/\/stourm.news\/#organization","name":"Stourm","url":"https:\/\/stourm.news\/","logo":{"@type":"ImageObject","inLanguage":"fr-FR","@id":"https:\/\/stourm.news\/#\/schema\/logo\/image\/","url":"https:\/\/stourm.news\/wp-content\/uploads\/2025\/11\/cropped-Capture-decran-2025-11-28-a-15.19.07.png","contentUrl":"https:\/\/stourm.news\/wp-content\/uploads\/2025\/11\/cropped-Capture-decran-2025-11-28-a-15.19.07.png","width":1855,"height":383,"caption":"Stourm"},"image":{"@id":"https:\/\/stourm.news\/#\/schema\/logo\/image\/"},"sameAs":["https:\/\/www.facebook.com\/stourmnews\/"]},{"@type":"Person","@id":"https:\/\/stourm.news\/#\/schema\/person\/c3e1dc65988632e190969234ef046cf9","name":"La r\u00e9daction","image":{"@type":"ImageObject","inLanguage":"fr-FR","@id":"https:\/\/stourm.news\/#\/schema\/person\/image\/","url":"https:\/\/secure.gravatar.com\/avatar\/7463443f194b6b5fb706b074ca0ef59a0cfcfd720cb47764b0ec5a952ce422b3?s=96&d=mm&r=g","contentUrl":"https:\/\/secure.gravatar.com\/avatar\/7463443f194b6b5fb706b074ca0ef59a0cfcfd720cb47764b0ec5a952ce422b3?s=96&d=mm&r=g","caption":"La r\u00e9daction"},"sameAs":["https:\/\/stourm.news"],"url":"https:\/\/stourm.news\/?author=1"}]}},"_links":{"self":[{"href":"https:\/\/stourm.news\/index.php?rest_route=\/wp\/v2\/posts\/1110","targetHints":{"allow":["GET"]}}],"collection":[{"href":"https:\/\/stourm.news\/index.php?rest_route=\/wp\/v2\/posts"}],"about":[{"href":"https:\/\/stourm.news\/index.php?rest_route=\/wp\/v2\/types\/post"}],"author":[{"embeddable":true,"href":"https:\/\/stourm.news\/index.php?rest_route=\/wp\/v2\/users\/1"}],"replies":[{"embeddable":true,"href":"https:\/\/stourm.news\/index.php?rest_route=%2Fwp%2Fv2%2Fcomments&post=1110"}],"version-history":[{"count":1,"href":"https:\/\/stourm.news\/index.php?rest_route=\/wp\/v2\/posts\/1110\/revisions"}],"predecessor-version":[{"id":1112,"href":"https:\/\/stourm.news\/index.php?rest_route=\/wp\/v2\/posts\/1110\/revisions\/1112"}],"wp:featuredmedia":[{"embeddable":true,"href":"https:\/\/stourm.news\/index.php?rest_route=\/wp\/v2\/media\/1111"}],"wp:attachment":[{"href":"https:\/\/stourm.news\/index.php?rest_route=%2Fwp%2Fv2%2Fmedia&parent=1110"}],"wp:term":[{"taxonomy":"category","embeddable":true,"href":"https:\/\/stourm.news\/index.php?rest_route=%2Fwp%2Fv2%2Fcategories&post=1110"},{"taxonomy":"post_tag","embeddable":true,"href":"https:\/\/stourm.news\/index.php?rest_route=%2Fwp%2Fv2%2Ftags&post=1110"}],"curies":[{"name":"wp","href":"https:\/\/api.w.org\/{rel}","templated":true}]}}