{"id":1117,"date":"2024-04-26T07:59:52","date_gmt":"2024-04-26T07:59:52","guid":{"rendered":"https:\/\/stourm.news\/?p=1117"},"modified":"2024-04-26T07:59:52","modified_gmt":"2024-04-26T07:59:52","slug":"a-porspoder-une-pyramide-de-gilets-de-sauvetage-pour-symboliser-les-naufrages-des-migrants","status":"publish","type":"post","link":"https:\/\/stourm.news\/?p=1117","title":{"rendered":"\u00c0 Porspoder, une pyramide de gilets de sauvetage pour symboliser les naufrages des migrants"},"content":{"rendered":"<p style=\"text-align: justify;\">Le public \u00e9tait invit\u00e9 \u00e0 d\u00e9poser un gilet de sauvetage sur une pyramide qui symbolisait le drame des naufrages des migrants, ce dimanche 21 avril 2024, lors du Printemps des solidarit\u00e9s, \u00e0 Porspoder.<\/p>\n<p style=\"text-align: justify;\">La premi\u00e8re \u00e9dition du Printemps des solidarit\u00e9s s\u2019est tenue le dimanche 21 avril 2024, \u00e0 l\u2019espace Herri-L\u00e9on, \u00e0 Porspoder. Elle \u00e9tait organis\u00e9e par les b\u00e9n\u00e9voles des associations Cousins du monde, Adjim (accueil de mineurs), Nawari Kourientine, Amnesty International Les Abers, Enfance Espoir, Les Bourgeons de l\u2019espoir, SOS M\u00e9diterran\u00e9e et Inti \u00c9nergies solaires.<\/p>\n<p>Source : <a href=\"https:\/\/www.letelegramme.fr\/finistere\/porspoder-29840\/a-porspoder-une-pyramide-de-gilets-de-sauvetage-pour-symboliser-les-naufrages-des-migrants-6572101.php\">Le T\u00e9l\u00e9gramme<\/a><\/p>\n","protected":false},"excerpt":{"rendered":"<p>Le public \u00e9tait invit\u00e9 \u00e0 d\u00e9poser un gilet de sauvetage sur une pyramide qui symbolisait le drame des naufrages des migrants, ce dimanche 21 avril 2024, lors du Printemps des solidarit\u00e9s, \u00e0 Porspoder. La premi\u00e8re \u00e9dition du Printemps des solidarit\u00e9s s\u2019est tenue le dimanche 21 avril 2024, \u00e0 l\u2019espace Herri-L\u00e9on, \u00e0 Porspoder. Elle \u00e9tait organis\u00e9e [&hellip;]<\/p>\n","protected":false},"author":1,"featured_media":1118,"comment_status":"open","ping_status":"open","sticky":false,"template":"","format":"standard","meta":{"sb_editor_width":"","footnotes":""},"categories":[38,33,62],"tags":[],"class_list":["post-1117","post","type-post","status-publish","format-standard","has-post-thumbnail","hentry","category-finistere","category-immigration","category-revue-de-presse"],"relative_dates":{"created":"2 ans ago","modified":"2 ans ago"},"yoast_head":"<!-- This site is optimized with the Yoast SEO plugin v26.3 - https:\/\/yoast.com\/wordpress\/plugins\/seo\/ -->\n<title>\u00c0 Porspoder, une pyramide de gilets de sauvetage pour symboliser les naufrages des migrants - STOURM<\/title>\n<meta name=\"robots\" content=\"index, follow, max-snippet:-1, max-image-preview:large, max-video-preview:-1\" \/>\n<link rel=\"canonical\" href=\"https:\/\/stourm.news\/?p=1117\" \/>\n<meta property=\"og:locale\" content=\"fr_FR\" \/>\n<meta property=\"og:type\" content=\"article\" \/>\n<meta property=\"og:title\" content=\"\u00c0 Porspoder, une pyramide de gilets de sauvetage pour symboliser les naufrages des migrants - STOURM\" \/>\n<meta property=\"og:description\" content=\"Le public \u00e9tait invit\u00e9 \u00e0 d\u00e9poser un gilet de sauvetage sur une pyramide qui symbolisait le drame des naufrages des migrants, ce dimanche 21 avril 2024, lors du Printemps des solidarit\u00e9s, \u00e0 Porspoder. La premi\u00e8re \u00e9dition du Printemps des solidarit\u00e9s s\u2019est tenue le dimanche 21 avril 2024, \u00e0 l\u2019espace Herri-L\u00e9on, \u00e0 Porspoder. Elle \u00e9tait organis\u00e9e [&hellip;]\" \/>\n<meta property=\"og:url\" content=\"https:\/\/stourm.news\/?p=1117\" \/>\n<meta property=\"og:site_name\" content=\"STOURM\" \/>\n<meta property=\"article:publisher\" content=\"https:\/\/www.facebook.com\/stourmnews\/\" \/>\n<meta property=\"article:published_time\" content=\"2024-04-26T07:59:52+00:00\" \/>\n<meta property=\"og:image\" content=\"https:\/\/stourm.news\/wp-content\/uploads\/2024\/04\/662a2e9659d54d74ee28df7f.jpg\" \/>\n\t<meta property=\"og:image:width\" content=\"960\" \/>\n\t<meta property=\"og:image:height\" content=\"600\" \/>\n\t<meta property=\"og:image:type\" content=\"image\/jpeg\" \/>\n<meta name=\"author\" content=\"La r\u00e9daction\" \/>\n<meta name=\"twitter:card\" content=\"summary_large_image\" \/>\n<meta name=\"twitter:label1\" content=\"\u00c9crit par\" \/>\n\t<meta name=\"twitter:data1\" content=\"La r\u00e9daction\" \/>\n\t<meta name=\"twitter:label2\" content=\"Dur\u00e9e de lecture estim\u00e9e\" \/>\n\t<meta name=\"twitter:data2\" content=\"1 minute\" \/>\n<script type=\"application\/ld+json\" class=\"yoast-schema-graph\">{\"@context\":\"https:\/\/schema.org\",\"@graph\":[{\"@type\":\"Article\",\"@id\":\"https:\/\/stourm.news\/?p=1117#article\",\"isPartOf\":{\"@id\":\"https:\/\/stourm.news\/?p=1117\"},\"author\":{\"name\":\"La r\u00e9daction\",\"@id\":\"https:\/\/stourm.news\/#\/schema\/person\/c3e1dc65988632e190969234ef046cf9\"},\"headline\":\"\u00c0 Porspoder, une pyramide de gilets de sauvetage pour symboliser les naufrages des migrants\",\"datePublished\":\"2024-04-26T07:59:52+00:00\",\"mainEntityOfPage\":{\"@id\":\"https:\/\/stourm.news\/?p=1117\"},\"wordCount\":108,\"commentCount\":0,\"publisher\":{\"@id\":\"https:\/\/stourm.news\/#organization\"},\"image\":{\"@id\":\"https:\/\/stourm.news\/?p=1117#primaryimage\"},\"thumbnailUrl\":\"https:\/\/stourm.news\/wp-content\/uploads\/2024\/04\/662a2e9659d54d74ee28df7f.jpg\",\"articleSection\":[\"Finist\u00e8re\",\"Immigration\",\"Revue de presse\"],\"inLanguage\":\"fr-FR\",\"potentialAction\":[{\"@type\":\"CommentAction\",\"name\":\"Comment\",\"target\":[\"https:\/\/stourm.news\/?p=1117#respond\"]}]},{\"@type\":\"WebPage\",\"@id\":\"https:\/\/stourm.news\/?p=1117\",\"url\":\"https:\/\/stourm.news\/?p=1117\",\"name\":\"\u00c0 Porspoder, une pyramide de gilets de sauvetage pour symboliser les naufrages des migrants - STOURM\",\"isPartOf\":{\"@id\":\"https:\/\/stourm.news\/#website\"},\"primaryImageOfPage\":{\"@id\":\"https:\/\/stourm.news\/?p=1117#primaryimage\"},\"image\":{\"@id\":\"https:\/\/stourm.news\/?p=1117#primaryimage\"},\"thumbnailUrl\":\"https:\/\/stourm.news\/wp-content\/uploads\/2024\/04\/662a2e9659d54d74ee28df7f.jpg\",\"datePublished\":\"2024-04-26T07:59:52+00:00\",\"breadcrumb\":{\"@id\":\"https:\/\/stourm.news\/?p=1117#breadcrumb\"},\"inLanguage\":\"fr-FR\",\"potentialAction\":[{\"@type\":\"ReadAction\",\"target\":[\"https:\/\/stourm.news\/?p=1117\"]}]},{\"@type\":\"ImageObject\",\"inLanguage\":\"fr-FR\",\"@id\":\"https:\/\/stourm.news\/?p=1117#primaryimage\",\"url\":\"https:\/\/stourm.news\/wp-content\/uploads\/2024\/04\/662a2e9659d54d74ee28df7f.jpg\",\"contentUrl\":\"https:\/\/stourm.news\/wp-content\/uploads\/2024\/04\/662a2e9659d54d74ee28df7f.jpg\",\"width\":960,\"height\":600,\"caption\":\"2 PHOTOS Le public \u00e9tait invit\u00e9 \u00e0 d\u00e9poser un gilet de sauvetage sur une pyramide qui symbolisait le drame des naufrages des migrants, dimanche, lors du Printemps des solidarit\u00e9s, \u00e0 Porspoder.\"},{\"@type\":\"BreadcrumbList\",\"@id\":\"https:\/\/stourm.news\/?p=1117#breadcrumb\",\"itemListElement\":[{\"@type\":\"ListItem\",\"position\":1,\"name\":\"Accueil\",\"item\":\"https:\/\/stourm.news\/\"},{\"@type\":\"ListItem\",\"position\":2,\"name\":\"\u00c0 Porspoder, une pyramide de gilets de sauvetage pour symboliser les naufrages des migrants\"}]},{\"@type\":\"WebSite\",\"@id\":\"https:\/\/stourm.news\/#website\",\"url\":\"https:\/\/stourm.news\/\",\"name\":\"Stourm\",\"description\":\"Kazetenn Strollad Broadel Breizh\",\"publisher\":{\"@id\":\"https:\/\/stourm.news\/#organization\"},\"potentialAction\":[{\"@type\":\"SearchAction\",\"target\":{\"@type\":\"EntryPoint\",\"urlTemplate\":\"https:\/\/stourm.news\/?s={search_term_string}\"},\"query-input\":{\"@type\":\"PropertyValueSpecification\",\"valueRequired\":true,\"valueName\":\"search_term_string\"}}],\"inLanguage\":\"fr-FR\"},{\"@type\":\"Organization\",\"@id\":\"https:\/\/stourm.news\/#organization\",\"name\":\"Stourm\",\"url\":\"https:\/\/stourm.news\/\",\"logo\":{\"@type\":\"ImageObject\",\"inLanguage\":\"fr-FR\",\"@id\":\"https:\/\/stourm.news\/#\/schema\/logo\/image\/\",\"url\":\"https:\/\/stourm.news\/wp-content\/uploads\/2025\/11\/cropped-Capture-decran-2025-11-28-a-15.19.07.png\",\"contentUrl\":\"https:\/\/stourm.news\/wp-content\/uploads\/2025\/11\/cropped-Capture-decran-2025-11-28-a-15.19.07.png\",\"width\":1855,\"height\":383,\"caption\":\"Stourm\"},\"image\":{\"@id\":\"https:\/\/stourm.news\/#\/schema\/logo\/image\/\"},\"sameAs\":[\"https:\/\/www.facebook.com\/stourmnews\/\"]},{\"@type\":\"Person\",\"@id\":\"https:\/\/stourm.news\/#\/schema\/person\/c3e1dc65988632e190969234ef046cf9\",\"name\":\"La r\u00e9daction\",\"image\":{\"@type\":\"ImageObject\",\"inLanguage\":\"fr-FR\",\"@id\":\"https:\/\/stourm.news\/#\/schema\/person\/image\/\",\"url\":\"https:\/\/secure.gravatar.com\/avatar\/7463443f194b6b5fb706b074ca0ef59a0cfcfd720cb47764b0ec5a952ce422b3?s=96&d=mm&r=g\",\"contentUrl\":\"https:\/\/secure.gravatar.com\/avatar\/7463443f194b6b5fb706b074ca0ef59a0cfcfd720cb47764b0ec5a952ce422b3?s=96&d=mm&r=g\",\"caption\":\"La r\u00e9daction\"},\"sameAs\":[\"https:\/\/stourm.news\"],\"url\":\"https:\/\/stourm.news\/?author=1\"}]}<\/script>\n<!-- \/ Yoast SEO plugin. -->","yoast_head_json":{"title":"\u00c0 Porspoder, une pyramide de gilets de sauvetage pour symboliser les naufrages des migrants - STOURM","robots":{"index":"index","follow":"follow","max-snippet":"max-snippet:-1","max-image-preview":"max-image-preview:large","max-video-preview":"max-video-preview:-1"},"canonical":"https:\/\/stourm.news\/?p=1117","og_locale":"fr_FR","og_type":"article","og_title":"\u00c0 Porspoder, une pyramide de gilets de sauvetage pour symboliser les naufrages des migrants - STOURM","og_description":"Le public \u00e9tait invit\u00e9 \u00e0 d\u00e9poser un gilet de sauvetage sur une pyramide qui symbolisait le drame des naufrages des migrants, ce dimanche 21 avril 2024, lors du Printemps des solidarit\u00e9s, \u00e0 Porspoder. La premi\u00e8re \u00e9dition du Printemps des solidarit\u00e9s s\u2019est tenue le dimanche 21 avril 2024, \u00e0 l\u2019espace Herri-L\u00e9on, \u00e0 Porspoder. Elle \u00e9tait organis\u00e9e [&hellip;]","og_url":"https:\/\/stourm.news\/?p=1117","og_site_name":"STOURM","article_publisher":"https:\/\/www.facebook.com\/stourmnews\/","article_published_time":"2024-04-26T07:59:52+00:00","og_image":[{"width":960,"height":600,"url":"https:\/\/stourm.news\/wp-content\/uploads\/2024\/04\/662a2e9659d54d74ee28df7f.jpg","type":"image\/jpeg"}],"author":"La r\u00e9daction","twitter_card":"summary_large_image","twitter_misc":{"\u00c9crit par":"La r\u00e9daction","Dur\u00e9e de lecture estim\u00e9e":"1 minute"},"schema":{"@context":"https:\/\/schema.org","@graph":[{"@type":"Article","@id":"https:\/\/stourm.news\/?p=1117#article","isPartOf":{"@id":"https:\/\/stourm.news\/?p=1117"},"author":{"name":"La r\u00e9daction","@id":"https:\/\/stourm.news\/#\/schema\/person\/c3e1dc65988632e190969234ef046cf9"},"headline":"\u00c0 Porspoder, une pyramide de gilets de sauvetage pour symboliser les naufrages des migrants","datePublished":"2024-04-26T07:59:52+00:00","mainEntityOfPage":{"@id":"https:\/\/stourm.news\/?p=1117"},"wordCount":108,"commentCount":0,"publisher":{"@id":"https:\/\/stourm.news\/#organization"},"image":{"@id":"https:\/\/stourm.news\/?p=1117#primaryimage"},"thumbnailUrl":"https:\/\/stourm.news\/wp-content\/uploads\/2024\/04\/662a2e9659d54d74ee28df7f.jpg","articleSection":["Finist\u00e8re","Immigration","Revue de presse"],"inLanguage":"fr-FR","potentialAction":[{"@type":"CommentAction","name":"Comment","target":["https:\/\/stourm.news\/?p=1117#respond"]}]},{"@type":"WebPage","@id":"https:\/\/stourm.news\/?p=1117","url":"https:\/\/stourm.news\/?p=1117","name":"\u00c0 Porspoder, une pyramide de gilets de sauvetage pour symboliser les naufrages des migrants - STOURM","isPartOf":{"@id":"https:\/\/stourm.news\/#website"},"primaryImageOfPage":{"@id":"https:\/\/stourm.news\/?p=1117#primaryimage"},"image":{"@id":"https:\/\/stourm.news\/?p=1117#primaryimage"},"thumbnailUrl":"https:\/\/stourm.news\/wp-content\/uploads\/2024\/04\/662a2e9659d54d74ee28df7f.jpg","datePublished":"2024-04-26T07:59:52+00:00","breadcrumb":{"@id":"https:\/\/stourm.news\/?p=1117#breadcrumb"},"inLanguage":"fr-FR","potentialAction":[{"@type":"ReadAction","target":["https:\/\/stourm.news\/?p=1117"]}]},{"@type":"ImageObject","inLanguage":"fr-FR","@id":"https:\/\/stourm.news\/?p=1117#primaryimage","url":"https:\/\/stourm.news\/wp-content\/uploads\/2024\/04\/662a2e9659d54d74ee28df7f.jpg","contentUrl":"https:\/\/stourm.news\/wp-content\/uploads\/2024\/04\/662a2e9659d54d74ee28df7f.jpg","width":960,"height":600,"caption":"2 PHOTOS Le public \u00e9tait invit\u00e9 \u00e0 d\u00e9poser un gilet de sauvetage sur une pyramide qui symbolisait le drame des naufrages des migrants, dimanche, lors du Printemps des solidarit\u00e9s, \u00e0 Porspoder."},{"@type":"BreadcrumbList","@id":"https:\/\/stourm.news\/?p=1117#breadcrumb","itemListElement":[{"@type":"ListItem","position":1,"name":"Accueil","item":"https:\/\/stourm.news\/"},{"@type":"ListItem","position":2,"name":"\u00c0 Porspoder, une pyramide de gilets de sauvetage pour symboliser les naufrages des migrants"}]},{"@type":"WebSite","@id":"https:\/\/stourm.news\/#website","url":"https:\/\/stourm.news\/","name":"Stourm","description":"Kazetenn Strollad Broadel Breizh","publisher":{"@id":"https:\/\/stourm.news\/#organization"},"potentialAction":[{"@type":"SearchAction","target":{"@type":"EntryPoint","urlTemplate":"https:\/\/stourm.news\/?s={search_term_string}"},"query-input":{"@type":"PropertyValueSpecification","valueRequired":true,"valueName":"search_term_string"}}],"inLanguage":"fr-FR"},{"@type":"Organization","@id":"https:\/\/stourm.news\/#organization","name":"Stourm","url":"https:\/\/stourm.news\/","logo":{"@type":"ImageObject","inLanguage":"fr-FR","@id":"https:\/\/stourm.news\/#\/schema\/logo\/image\/","url":"https:\/\/stourm.news\/wp-content\/uploads\/2025\/11\/cropped-Capture-decran-2025-11-28-a-15.19.07.png","contentUrl":"https:\/\/stourm.news\/wp-content\/uploads\/2025\/11\/cropped-Capture-decran-2025-11-28-a-15.19.07.png","width":1855,"height":383,"caption":"Stourm"},"image":{"@id":"https:\/\/stourm.news\/#\/schema\/logo\/image\/"},"sameAs":["https:\/\/www.facebook.com\/stourmnews\/"]},{"@type":"Person","@id":"https:\/\/stourm.news\/#\/schema\/person\/c3e1dc65988632e190969234ef046cf9","name":"La r\u00e9daction","image":{"@type":"ImageObject","inLanguage":"fr-FR","@id":"https:\/\/stourm.news\/#\/schema\/person\/image\/","url":"https:\/\/secure.gravatar.com\/avatar\/7463443f194b6b5fb706b074ca0ef59a0cfcfd720cb47764b0ec5a952ce422b3?s=96&d=mm&r=g","contentUrl":"https:\/\/secure.gravatar.com\/avatar\/7463443f194b6b5fb706b074ca0ef59a0cfcfd720cb47764b0ec5a952ce422b3?s=96&d=mm&r=g","caption":"La r\u00e9daction"},"sameAs":["https:\/\/stourm.news"],"url":"https:\/\/stourm.news\/?author=1"}]}},"_links":{"self":[{"href":"https:\/\/stourm.news\/index.php?rest_route=\/wp\/v2\/posts\/1117","targetHints":{"allow":["GET"]}}],"collection":[{"href":"https:\/\/stourm.news\/index.php?rest_route=\/wp\/v2\/posts"}],"about":[{"href":"https:\/\/stourm.news\/index.php?rest_route=\/wp\/v2\/types\/post"}],"author":[{"embeddable":true,"href":"https:\/\/stourm.news\/index.php?rest_route=\/wp\/v2\/users\/1"}],"replies":[{"embeddable":true,"href":"https:\/\/stourm.news\/index.php?rest_route=%2Fwp%2Fv2%2Fcomments&post=1117"}],"version-history":[{"count":1,"href":"https:\/\/stourm.news\/index.php?rest_route=\/wp\/v2\/posts\/1117\/revisions"}],"predecessor-version":[{"id":1119,"href":"https:\/\/stourm.news\/index.php?rest_route=\/wp\/v2\/posts\/1117\/revisions\/1119"}],"wp:featuredmedia":[{"embeddable":true,"href":"https:\/\/stourm.news\/index.php?rest_route=\/wp\/v2\/media\/1118"}],"wp:attachment":[{"href":"https:\/\/stourm.news\/index.php?rest_route=%2Fwp%2Fv2%2Fmedia&parent=1117"}],"wp:term":[{"taxonomy":"category","embeddable":true,"href":"https:\/\/stourm.news\/index.php?rest_route=%2Fwp%2Fv2%2Fcategories&post=1117"},{"taxonomy":"post_tag","embeddable":true,"href":"https:\/\/stourm.news\/index.php?rest_route=%2Fwp%2Fv2%2Ftags&post=1117"}],"curies":[{"name":"wp","href":"https:\/\/api.w.org\/{rel}","templated":true}]}}