{"id":1120,"date":"2024-04-26T08:04:43","date_gmt":"2024-04-26T08:04:43","guid":{"rendered":"https:\/\/stourm.news\/?p=1120"},"modified":"2024-04-26T08:47:07","modified_gmt":"2024-04-26T08:47:07","slug":"a-saint-brieuc-ce-marche-qui-ramene-tout-le-monde-toutes-les-nationalites","status":"publish","type":"post","link":"https:\/\/stourm.news\/?p=1120","title":{"rendered":"\u00c0 Saint-Brieuc, ce march\u00e9 qui \u00ab ram\u00e8ne tout le monde, toutes les nationalit\u00e9s \u00bb"},"content":{"rendered":"<p style=\"text-align: justify;\">Depuis 1978, le march\u00e9 de la Croix-Saint-Lambert fait se rencontrer, chaque dimanche, de nombreuses cultures. Dans ce quartier du sud de Saint-Brieuc, le rendez-vous est un incontournable, pris\u00e9 pour son c\u00f4t\u00e9 convivial et <strong>cosmopolite<\/strong>.<\/p>\n<p style=\"text-align: justify;\">Ce dimanche 21 avril, comme chaque semaine depuis la cr\u00e9ation du march\u00e9, il y a pr\u00e8s d\u2019un demi-si\u00e8cle, <strong>Mokhtar<\/strong> (*) vient faire ses emplettes \u00e0 la Croix-Saint-Lambert, \u00e0 Saint-Brieuc. Il y conna\u00eet toutes les t\u00eates, le moindre stand ; a d\u00e9j\u00e0 vu trois de ses placiers partir \u00e0 la retraite. Il faut dire, l\u2019homme a v\u00e9cu quarante-cinq ans dans le coin, avant de d\u00e9m\u00e9nager \u00e0 Tr\u00e9gueux. Mais pas question de d\u00e9roger \u00e0 ses habitudes pour quelques bornes. \u00ab C\u2019est diff\u00e9rent ici, je viens surtout voir les gens, en plus de faire de bonnes affaires. C\u2019est un vrai lieu de rencontre \u00bb.<\/p>\n<p style=\"text-align: justify;\">Source :<a href=\"https:\/\/www.letelegramme.fr\/cotes-d-armor\/saint-brieuc-22000\/a-saint-brieuc-ce-marche-qui-ramene-tout-le-monde-toutes-les-nationalites-6572297.php\"> Le T\u00e9l\u00e9gramme<\/a><\/p>\n","protected":false},"excerpt":{"rendered":"<p>Depuis 1978, le march\u00e9 de la Croix-Saint-Lambert fait se rencontrer, chaque dimanche, de nombreuses cultures. Dans ce quartier du sud de Saint-Brieuc, le rendez-vous est un incontournable, pris\u00e9 pour son c\u00f4t\u00e9 convivial et cosmopolite. Ce dimanche 21 avril, comme chaque semaine depuis la cr\u00e9ation du march\u00e9, il y a pr\u00e8s d\u2019un demi-si\u00e8cle, Mokhtar (*) vient [&hellip;]<\/p>\n","protected":false},"author":1,"featured_media":1122,"comment_status":"open","ping_status":"open","sticky":false,"template":"","format":"standard","meta":{"sb_editor_width":"","footnotes":""},"categories":[39,33,62],"tags":[],"class_list":["post-1120","post","type-post","status-publish","format-standard","has-post-thumbnail","hentry","category-cotes-darmor","category-immigration","category-revue-de-presse"],"relative_dates":{"created":"2 ans ago","modified":"2 ans ago"},"yoast_head":"<!-- This site is optimized with the Yoast SEO plugin v26.3 - https:\/\/yoast.com\/wordpress\/plugins\/seo\/ -->\n<title>\u00c0 Saint-Brieuc, ce march\u00e9 qui \u00ab ram\u00e8ne tout le monde, toutes les nationalit\u00e9s \u00bb - STOURM<\/title>\n<meta name=\"robots\" content=\"index, follow, max-snippet:-1, max-image-preview:large, max-video-preview:-1\" \/>\n<link rel=\"canonical\" href=\"https:\/\/stourm.news\/?p=1120\" \/>\n<meta property=\"og:locale\" content=\"fr_FR\" \/>\n<meta property=\"og:type\" content=\"article\" \/>\n<meta property=\"og:title\" content=\"\u00c0 Saint-Brieuc, ce march\u00e9 qui \u00ab ram\u00e8ne tout le monde, toutes les nationalit\u00e9s \u00bb - STOURM\" \/>\n<meta property=\"og:description\" content=\"Depuis 1978, le march\u00e9 de la Croix-Saint-Lambert fait se rencontrer, chaque dimanche, de nombreuses cultures. Dans ce quartier du sud de Saint-Brieuc, le rendez-vous est un incontournable, pris\u00e9 pour son c\u00f4t\u00e9 convivial et cosmopolite. Ce dimanche 21 avril, comme chaque semaine depuis la cr\u00e9ation du march\u00e9, il y a pr\u00e8s d\u2019un demi-si\u00e8cle, Mokhtar (*) vient [&hellip;]\" \/>\n<meta property=\"og:url\" content=\"https:\/\/stourm.news\/?p=1120\" \/>\n<meta property=\"og:site_name\" content=\"STOURM\" \/>\n<meta property=\"article:publisher\" content=\"https:\/\/www.facebook.com\/stourmnews\/\" \/>\n<meta property=\"article:published_time\" content=\"2024-04-26T08:04:43+00:00\" \/>\n<meta property=\"article:modified_time\" content=\"2024-04-26T08:47:07+00:00\" \/>\n<meta property=\"og:image\" content=\"https:\/\/stourm.news\/wp-content\/uploads\/2024\/04\/662b5eedb96b206ffd336d89.jpg\" \/>\n\t<meta property=\"og:image:width\" content=\"960\" \/>\n\t<meta property=\"og:image:height\" content=\"600\" \/>\n\t<meta property=\"og:image:type\" content=\"image\/jpeg\" \/>\n<meta name=\"author\" content=\"La r\u00e9daction\" \/>\n<meta name=\"twitter:card\" content=\"summary_large_image\" \/>\n<meta name=\"twitter:label1\" content=\"\u00c9crit par\" \/>\n\t<meta name=\"twitter:data1\" content=\"La r\u00e9daction\" \/>\n\t<meta name=\"twitter:label2\" content=\"Dur\u00e9e de lecture estim\u00e9e\" \/>\n\t<meta name=\"twitter:data2\" content=\"1 minute\" \/>\n<script type=\"application\/ld+json\" class=\"yoast-schema-graph\">{\"@context\":\"https:\/\/schema.org\",\"@graph\":[{\"@type\":\"Article\",\"@id\":\"https:\/\/stourm.news\/?p=1120#article\",\"isPartOf\":{\"@id\":\"https:\/\/stourm.news\/?p=1120\"},\"author\":{\"name\":\"La r\u00e9daction\",\"@id\":\"https:\/\/stourm.news\/#\/schema\/person\/c3e1dc65988632e190969234ef046cf9\"},\"headline\":\"\u00c0 Saint-Brieuc, ce march\u00e9 qui \u00ab ram\u00e8ne tout le monde, toutes les nationalit\u00e9s \u00bb\",\"datePublished\":\"2024-04-26T08:04:43+00:00\",\"dateModified\":\"2024-04-26T08:47:07+00:00\",\"mainEntityOfPage\":{\"@id\":\"https:\/\/stourm.news\/?p=1120\"},\"wordCount\":159,\"commentCount\":0,\"publisher\":{\"@id\":\"https:\/\/stourm.news\/#organization\"},\"image\":{\"@id\":\"https:\/\/stourm.news\/?p=1120#primaryimage\"},\"thumbnailUrl\":\"https:\/\/stourm.news\/wp-content\/uploads\/2024\/04\/662b5eedb96b206ffd336d89.jpg\",\"articleSection\":[\"C\u00f4tes d'Armor\",\"Immigration\",\"Revue de presse\"],\"inLanguage\":\"fr-FR\",\"potentialAction\":[{\"@type\":\"CommentAction\",\"name\":\"Comment\",\"target\":[\"https:\/\/stourm.news\/?p=1120#respond\"]}]},{\"@type\":\"WebPage\",\"@id\":\"https:\/\/stourm.news\/?p=1120\",\"url\":\"https:\/\/stourm.news\/?p=1120\",\"name\":\"\u00c0 Saint-Brieuc, ce march\u00e9 qui \u00ab ram\u00e8ne tout le monde, toutes les nationalit\u00e9s \u00bb - STOURM\",\"isPartOf\":{\"@id\":\"https:\/\/stourm.news\/#website\"},\"primaryImageOfPage\":{\"@id\":\"https:\/\/stourm.news\/?p=1120#primaryimage\"},\"image\":{\"@id\":\"https:\/\/stourm.news\/?p=1120#primaryimage\"},\"thumbnailUrl\":\"https:\/\/stourm.news\/wp-content\/uploads\/2024\/04\/662b5eedb96b206ffd336d89.jpg\",\"datePublished\":\"2024-04-26T08:04:43+00:00\",\"dateModified\":\"2024-04-26T08:47:07+00:00\",\"breadcrumb\":{\"@id\":\"https:\/\/stourm.news\/?p=1120#breadcrumb\"},\"inLanguage\":\"fr-FR\",\"potentialAction\":[{\"@type\":\"ReadAction\",\"target\":[\"https:\/\/stourm.news\/?p=1120\"]}]},{\"@type\":\"ImageObject\",\"inLanguage\":\"fr-FR\",\"@id\":\"https:\/\/stourm.news\/?p=1120#primaryimage\",\"url\":\"https:\/\/stourm.news\/wp-content\/uploads\/2024\/04\/662b5eedb96b206ffd336d89.jpg\",\"contentUrl\":\"https:\/\/stourm.news\/wp-content\/uploads\/2024\/04\/662b5eedb96b206ffd336d89.jpg\",\"width\":960,\"height\":600},{\"@type\":\"BreadcrumbList\",\"@id\":\"https:\/\/stourm.news\/?p=1120#breadcrumb\",\"itemListElement\":[{\"@type\":\"ListItem\",\"position\":1,\"name\":\"Accueil\",\"item\":\"https:\/\/stourm.news\/\"},{\"@type\":\"ListItem\",\"position\":2,\"name\":\"\u00c0 Saint-Brieuc, ce march\u00e9 qui \u00ab ram\u00e8ne tout le monde, toutes les nationalit\u00e9s \u00bb\"}]},{\"@type\":\"WebSite\",\"@id\":\"https:\/\/stourm.news\/#website\",\"url\":\"https:\/\/stourm.news\/\",\"name\":\"Stourm\",\"description\":\"Kazetenn Strollad Broadel Breizh\",\"publisher\":{\"@id\":\"https:\/\/stourm.news\/#organization\"},\"potentialAction\":[{\"@type\":\"SearchAction\",\"target\":{\"@type\":\"EntryPoint\",\"urlTemplate\":\"https:\/\/stourm.news\/?s={search_term_string}\"},\"query-input\":{\"@type\":\"PropertyValueSpecification\",\"valueRequired\":true,\"valueName\":\"search_term_string\"}}],\"inLanguage\":\"fr-FR\"},{\"@type\":\"Organization\",\"@id\":\"https:\/\/stourm.news\/#organization\",\"name\":\"Stourm\",\"url\":\"https:\/\/stourm.news\/\",\"logo\":{\"@type\":\"ImageObject\",\"inLanguage\":\"fr-FR\",\"@id\":\"https:\/\/stourm.news\/#\/schema\/logo\/image\/\",\"url\":\"https:\/\/stourm.news\/wp-content\/uploads\/2025\/11\/cropped-Capture-decran-2025-11-28-a-15.19.07.png\",\"contentUrl\":\"https:\/\/stourm.news\/wp-content\/uploads\/2025\/11\/cropped-Capture-decran-2025-11-28-a-15.19.07.png\",\"width\":1855,\"height\":383,\"caption\":\"Stourm\"},\"image\":{\"@id\":\"https:\/\/stourm.news\/#\/schema\/logo\/image\/\"},\"sameAs\":[\"https:\/\/www.facebook.com\/stourmnews\/\"]},{\"@type\":\"Person\",\"@id\":\"https:\/\/stourm.news\/#\/schema\/person\/c3e1dc65988632e190969234ef046cf9\",\"name\":\"La r\u00e9daction\",\"image\":{\"@type\":\"ImageObject\",\"inLanguage\":\"fr-FR\",\"@id\":\"https:\/\/stourm.news\/#\/schema\/person\/image\/\",\"url\":\"https:\/\/secure.gravatar.com\/avatar\/7463443f194b6b5fb706b074ca0ef59a0cfcfd720cb47764b0ec5a952ce422b3?s=96&d=mm&r=g\",\"contentUrl\":\"https:\/\/secure.gravatar.com\/avatar\/7463443f194b6b5fb706b074ca0ef59a0cfcfd720cb47764b0ec5a952ce422b3?s=96&d=mm&r=g\",\"caption\":\"La r\u00e9daction\"},\"sameAs\":[\"https:\/\/stourm.news\"],\"url\":\"https:\/\/stourm.news\/?author=1\"}]}<\/script>\n<!-- \/ Yoast SEO plugin. -->","yoast_head_json":{"title":"\u00c0 Saint-Brieuc, ce march\u00e9 qui \u00ab ram\u00e8ne tout le monde, toutes les nationalit\u00e9s \u00bb - STOURM","robots":{"index":"index","follow":"follow","max-snippet":"max-snippet:-1","max-image-preview":"max-image-preview:large","max-video-preview":"max-video-preview:-1"},"canonical":"https:\/\/stourm.news\/?p=1120","og_locale":"fr_FR","og_type":"article","og_title":"\u00c0 Saint-Brieuc, ce march\u00e9 qui \u00ab ram\u00e8ne tout le monde, toutes les nationalit\u00e9s \u00bb - STOURM","og_description":"Depuis 1978, le march\u00e9 de la Croix-Saint-Lambert fait se rencontrer, chaque dimanche, de nombreuses cultures. Dans ce quartier du sud de Saint-Brieuc, le rendez-vous est un incontournable, pris\u00e9 pour son c\u00f4t\u00e9 convivial et cosmopolite. Ce dimanche 21 avril, comme chaque semaine depuis la cr\u00e9ation du march\u00e9, il y a pr\u00e8s d\u2019un demi-si\u00e8cle, Mokhtar (*) vient [&hellip;]","og_url":"https:\/\/stourm.news\/?p=1120","og_site_name":"STOURM","article_publisher":"https:\/\/www.facebook.com\/stourmnews\/","article_published_time":"2024-04-26T08:04:43+00:00","article_modified_time":"2024-04-26T08:47:07+00:00","og_image":[{"width":960,"height":600,"url":"https:\/\/stourm.news\/wp-content\/uploads\/2024\/04\/662b5eedb96b206ffd336d89.jpg","type":"image\/jpeg"}],"author":"La r\u00e9daction","twitter_card":"summary_large_image","twitter_misc":{"\u00c9crit par":"La r\u00e9daction","Dur\u00e9e de lecture estim\u00e9e":"1 minute"},"schema":{"@context":"https:\/\/schema.org","@graph":[{"@type":"Article","@id":"https:\/\/stourm.news\/?p=1120#article","isPartOf":{"@id":"https:\/\/stourm.news\/?p=1120"},"author":{"name":"La r\u00e9daction","@id":"https:\/\/stourm.news\/#\/schema\/person\/c3e1dc65988632e190969234ef046cf9"},"headline":"\u00c0 Saint-Brieuc, ce march\u00e9 qui \u00ab ram\u00e8ne tout le monde, toutes les nationalit\u00e9s \u00bb","datePublished":"2024-04-26T08:04:43+00:00","dateModified":"2024-04-26T08:47:07+00:00","mainEntityOfPage":{"@id":"https:\/\/stourm.news\/?p=1120"},"wordCount":159,"commentCount":0,"publisher":{"@id":"https:\/\/stourm.news\/#organization"},"image":{"@id":"https:\/\/stourm.news\/?p=1120#primaryimage"},"thumbnailUrl":"https:\/\/stourm.news\/wp-content\/uploads\/2024\/04\/662b5eedb96b206ffd336d89.jpg","articleSection":["C\u00f4tes d'Armor","Immigration","Revue de presse"],"inLanguage":"fr-FR","potentialAction":[{"@type":"CommentAction","name":"Comment","target":["https:\/\/stourm.news\/?p=1120#respond"]}]},{"@type":"WebPage","@id":"https:\/\/stourm.news\/?p=1120","url":"https:\/\/stourm.news\/?p=1120","name":"\u00c0 Saint-Brieuc, ce march\u00e9 qui \u00ab ram\u00e8ne tout le monde, toutes les nationalit\u00e9s \u00bb - STOURM","isPartOf":{"@id":"https:\/\/stourm.news\/#website"},"primaryImageOfPage":{"@id":"https:\/\/stourm.news\/?p=1120#primaryimage"},"image":{"@id":"https:\/\/stourm.news\/?p=1120#primaryimage"},"thumbnailUrl":"https:\/\/stourm.news\/wp-content\/uploads\/2024\/04\/662b5eedb96b206ffd336d89.jpg","datePublished":"2024-04-26T08:04:43+00:00","dateModified":"2024-04-26T08:47:07+00:00","breadcrumb":{"@id":"https:\/\/stourm.news\/?p=1120#breadcrumb"},"inLanguage":"fr-FR","potentialAction":[{"@type":"ReadAction","target":["https:\/\/stourm.news\/?p=1120"]}]},{"@type":"ImageObject","inLanguage":"fr-FR","@id":"https:\/\/stourm.news\/?p=1120#primaryimage","url":"https:\/\/stourm.news\/wp-content\/uploads\/2024\/04\/662b5eedb96b206ffd336d89.jpg","contentUrl":"https:\/\/stourm.news\/wp-content\/uploads\/2024\/04\/662b5eedb96b206ffd336d89.jpg","width":960,"height":600},{"@type":"BreadcrumbList","@id":"https:\/\/stourm.news\/?p=1120#breadcrumb","itemListElement":[{"@type":"ListItem","position":1,"name":"Accueil","item":"https:\/\/stourm.news\/"},{"@type":"ListItem","position":2,"name":"\u00c0 Saint-Brieuc, ce march\u00e9 qui \u00ab ram\u00e8ne tout le monde, toutes les nationalit\u00e9s \u00bb"}]},{"@type":"WebSite","@id":"https:\/\/stourm.news\/#website","url":"https:\/\/stourm.news\/","name":"Stourm","description":"Kazetenn Strollad Broadel Breizh","publisher":{"@id":"https:\/\/stourm.news\/#organization"},"potentialAction":[{"@type":"SearchAction","target":{"@type":"EntryPoint","urlTemplate":"https:\/\/stourm.news\/?s={search_term_string}"},"query-input":{"@type":"PropertyValueSpecification","valueRequired":true,"valueName":"search_term_string"}}],"inLanguage":"fr-FR"},{"@type":"Organization","@id":"https:\/\/stourm.news\/#organization","name":"Stourm","url":"https:\/\/stourm.news\/","logo":{"@type":"ImageObject","inLanguage":"fr-FR","@id":"https:\/\/stourm.news\/#\/schema\/logo\/image\/","url":"https:\/\/stourm.news\/wp-content\/uploads\/2025\/11\/cropped-Capture-decran-2025-11-28-a-15.19.07.png","contentUrl":"https:\/\/stourm.news\/wp-content\/uploads\/2025\/11\/cropped-Capture-decran-2025-11-28-a-15.19.07.png","width":1855,"height":383,"caption":"Stourm"},"image":{"@id":"https:\/\/stourm.news\/#\/schema\/logo\/image\/"},"sameAs":["https:\/\/www.facebook.com\/stourmnews\/"]},{"@type":"Person","@id":"https:\/\/stourm.news\/#\/schema\/person\/c3e1dc65988632e190969234ef046cf9","name":"La r\u00e9daction","image":{"@type":"ImageObject","inLanguage":"fr-FR","@id":"https:\/\/stourm.news\/#\/schema\/person\/image\/","url":"https:\/\/secure.gravatar.com\/avatar\/7463443f194b6b5fb706b074ca0ef59a0cfcfd720cb47764b0ec5a952ce422b3?s=96&d=mm&r=g","contentUrl":"https:\/\/secure.gravatar.com\/avatar\/7463443f194b6b5fb706b074ca0ef59a0cfcfd720cb47764b0ec5a952ce422b3?s=96&d=mm&r=g","caption":"La r\u00e9daction"},"sameAs":["https:\/\/stourm.news"],"url":"https:\/\/stourm.news\/?author=1"}]}},"_links":{"self":[{"href":"https:\/\/stourm.news\/index.php?rest_route=\/wp\/v2\/posts\/1120","targetHints":{"allow":["GET"]}}],"collection":[{"href":"https:\/\/stourm.news\/index.php?rest_route=\/wp\/v2\/posts"}],"about":[{"href":"https:\/\/stourm.news\/index.php?rest_route=\/wp\/v2\/types\/post"}],"author":[{"embeddable":true,"href":"https:\/\/stourm.news\/index.php?rest_route=\/wp\/v2\/users\/1"}],"replies":[{"embeddable":true,"href":"https:\/\/stourm.news\/index.php?rest_route=%2Fwp%2Fv2%2Fcomments&post=1120"}],"version-history":[{"count":1,"href":"https:\/\/stourm.news\/index.php?rest_route=\/wp\/v2\/posts\/1120\/revisions"}],"predecessor-version":[{"id":1121,"href":"https:\/\/stourm.news\/index.php?rest_route=\/wp\/v2\/posts\/1120\/revisions\/1121"}],"wp:featuredmedia":[{"embeddable":true,"href":"https:\/\/stourm.news\/index.php?rest_route=\/wp\/v2\/media\/1122"}],"wp:attachment":[{"href":"https:\/\/stourm.news\/index.php?rest_route=%2Fwp%2Fv2%2Fmedia&parent=1120"}],"wp:term":[{"taxonomy":"category","embeddable":true,"href":"https:\/\/stourm.news\/index.php?rest_route=%2Fwp%2Fv2%2Fcategories&post=1120"},{"taxonomy":"post_tag","embeddable":true,"href":"https:\/\/stourm.news\/index.php?rest_route=%2Fwp%2Fv2%2Ftags&post=1120"}],"curies":[{"name":"wp","href":"https:\/\/api.w.org\/{rel}","templated":true}]}}