{"id":1184,"date":"2024-05-01T02:58:15","date_gmt":"2024-05-01T02:58:15","guid":{"rendered":"https:\/\/stourm.news\/?p=1184"},"modified":"2024-05-01T02:58:15","modified_gmt":"2024-05-01T02:58:15","slug":"immigration-face-a-la-crise-demographique-le-programme-radical-du-pnb","status":"publish","type":"post","link":"https:\/\/stourm.news\/?p=1184","title":{"rendered":"Immigration : face \u00e0 la crise d\u00e9mographique, le programme radical du PNB"},"content":{"rendered":"<p style=\"text-align: justify;\"><span style=\"color: #000000;\">Le programme du<strong>\u00a0Parti National Breton<\/strong>\u00a0diff\u00e8re fondamentalement des programmes des autres organisations politiques, qu\u2019elles soient fran\u00e7aises ou pr\u00e9tendument \u201cbretonnes\u201d. Toutes ses propositions sont en rupture radicale avec les id\u00e9es dominant la soci\u00e9t\u00e9 bretonne, elle-m\u00eame soumise \u00e0 l\u2019influence structurelle de l\u2019Etat fran\u00e7ais. Ce n\u2019est pas par esprit de contradiction, mais parce que la philosophie du PNB se veut \u00eatre la philosophie fondatrice de l\u2019Etat breton futur et qu\u2019elle ne peut \u00eatre \u00e0 cet \u00e9gard une simple d\u00e9clinaison des propositions existantes dans l\u2019ordre fran\u00e7ais. Si c\u2019\u00e9tait le cas, la soci\u00e9t\u00e9 bretonne resterait un d\u00e9calque de la soci\u00e9t\u00e9 fran\u00e7aise, partant, l\u2019ind\u00e9pendance et l\u2019Etat seraient inutiles.<\/span><\/p>\n<p style=\"text-align: justify;\"><span style=\"color: #000000;\">La raison d\u2019\u00eatre du PNB est de garantir la survie du peuple breton. Toute son activit\u00e9 se subordonne \u00e0 cette grande t\u00e2che. Pour r\u00e9aliser cette mission historique, le PNB se doit d\u2019inverser toutes les polarit\u00e9s sociales actuellement invers\u00e9es pour r\u00e9tablir les forces vitales qui se trouvent dans chaque peuple. Ainsi, par exemple, le programme du Parti affirme deux grands principes sociaux : l\u2019interdiction de l\u2019avortement et la restauration de la peine de mort par l\u2019Etat breton. Loin d\u2019\u00eatre des principes secondaires, ils d\u00e9terminent les grandes valeurs de l\u2019Etat, qui sont des valeurs de vie, pour les innocents, et de ch\u00e2timent pour les ennemis de l\u2019ordre social.\u00a0<\/span><\/p>\n<p style=\"text-align: justify;\"><span style=\"color: #000000;\">L\u2019Etat fran\u00e7ais consacre la protection de la canaille, tandis qu\u2019il d\u00e9truit activement la natalit\u00e9 de son peuple. Ces deux principes contre-nature placent un tel \u00e9tat sur le chemin de la perdition.\u00a0<\/span><\/p>\n<p style=\"text-align: justify;\"><span style=\"color: #000000;\">Il faut encore rappeler la gravit\u00e9 de la situation. La moyenne d\u2019\u00e2ge en Bretagne est de 44 ans, quand elle est de 27 ans en Alg\u00e9rie et de 20 ans au Congo. L\u2019Afrique, aux portes de l\u2019Europe, est lanc\u00e9e dans un doublement de sa population tous les 20 ans, avec 500 millions de naissances suppl\u00e9mentaires d\u2019ici 2035, soit davantage que toute la population de l\u2019UE. Sous l\u2019effet de l\u2019avortement de masse, la Bretagne perd 10,000 enfants par an, 100,000 par d\u00e9cennie, ce \u00e0 quoi il faut encore ajouter l\u2019\u00e9migration qui co\u00fbte 10,000 hommes \u00e0 la Bretagne chaque ann\u00e9e. C\u2019est donc une perte de 200,000 Bretons par d\u00e9cennie, 400,000 en 20 ans, c\u2019est-\u00e0-dire bien plus que la premi\u00e8re guerre mondiale. La nature ayant horreur du vide, le trop plein d\u00e9mographique africain se d\u00e9verse imperturbablement sur un continent europ\u00e9en devenu cacochyme, par ailleurs rong\u00e9 par l\u2019avidit\u00e9 capitaliste de court terme qui exige le maintien d\u2019une immigration de remplacement.<\/span><\/p>\n<p style=\"text-align: justify;\"><span style=\"color: #000000;\">Il est inutile de se lamenter sur le caract\u00e8re inassimilable de l\u2019islam si, dans le m\u00eame temps, les conditions de son d\u00e9veloppement, y compris en Bretagne, ne sont pas analys\u00e9es et trait\u00e9es. En particulier, si la natalit\u00e9 bretonne n\u2019est pas puissamment redress\u00e9e, les Bretons, invariablement, seront \u00e9vinc\u00e9s de leurs terres ancestrales par des \u00e9trangers plus prolifiques. Ainsi en d\u00e9cide la dure loi de la survie en ce bas monde, laquelle ne fait pas de sentimentalisme. Le choix qui se pose aux Bretons est donc un choix de vie ou de mort : veulent-ils conserver les habitudes morbides qui sont les leurs, avec la sexualit\u00e9 r\u00e9cr\u00e9ative et la masculinisation des femmes qu\u2019induit leur mise au travail par la soci\u00e9t\u00e9 capitaliste, ou auront-ils la force d\u2019\u00e2me de voir les choses comme elles sont et de prendre les mesures radicales dont leur survie, comme peuple, d\u00e9pend ?<\/span><\/p>\n<p style=\"text-align: justify;\"><span style=\"color: #000000;\">Le PNB r\u00e9pond en optant r\u00e9solument pour la voie de la vie. Il ne soucie pas des id\u00e9es dominantes, ni du consensus bourgeois \u00e0 propos du f\u00e9minisme, il avance r\u00e9solument sur la voie de la sagesse, celle qui s\u2019inscrit dans les lois \u00e9ternelles de la nature \u00e0 laquelle tous les peuples sont soumis. En plus d\u2019avoir la ferme conviction qu\u2019il s\u2019agit l\u00e0 de la seule voie possible, le Parti sait que, dans les ann\u00e9es \u00e0 venir, la crise d\u00e9mographique, entre vieillissement acc\u00e9l\u00e9r\u00e9 et immigration massive, d\u00e9clenchera une r\u00e9volution culturelle et une r\u00e9vision g\u00e9n\u00e9rale des perceptions. La valeur des enfants ira croissante, rendant l\u2019avortement toujours plus odieux \u00e0 un nombre croissant de Bretons. De la m\u00eame mani\u00e8re, et c\u2019est d\u00e9j\u00e0 une r\u00e9alit\u00e9, la peine de mort pour les \u00e9l\u00e9ments antisociaux fera \u00e0 nouveau majorit\u00e9.<\/span><\/p>\n<p style=\"text-align: justify;\"><span style=\"color: #000000;\">Il ne s\u2019agit pas d\u2019\u00eatre marginal ou provocateur, mais d\u2019\u00eatre r\u00e9volutionnaire pour garantir un avenir aux futures g\u00e9n\u00e9rations bretonnes. Le Parti ne se r\u00e9soudra jamais \u00e0 la capitulation sur ces principes sans lesquels il n\u2019y aura pas de salut, ni ne tol\u00e8rera que les causes du malheur d\u2019un nombre grandissant de jeunes Bretons aient cours. Il faut non seulement de l\u2019audace, mais du courage pour porter la voix d\u2019un peuple et le Parti National Breton entend le faire, sans exc\u00e8s de rh\u00e9torique, mais avec fermet\u00e9 et p\u00e9dagogie. Radicalit\u00e9 dans les buts, pragmatisme dans leur atteinte, telle est la ligne du Parti.<\/span><\/p>\n<p><span style=\"color: #000000;\">Source : <a href=\"https:\/\/partinationalbreton.com\/2024\/05\/01\/immigration-face-a-la-crise-demographique-le-programme-radical-du-pnb\/\">Parti National Breton<\/a><\/span><\/p>\n","protected":false},"excerpt":{"rendered":"<p>Le programme du\u00a0Parti National Breton\u00a0diff\u00e8re fondamentalement des programmes des autres organisations politiques, qu\u2019elles soient fran\u00e7aises ou pr\u00e9tendument \u201cbretonnes\u201d. Toutes ses propositions sont en rupture radicale avec les id\u00e9es dominant la soci\u00e9t\u00e9 bretonne, elle-m\u00eame soumise \u00e0 l\u2019influence structurelle de l\u2019Etat fran\u00e7ais. Ce n\u2019est pas par esprit de contradiction, mais parce que la philosophie du PNB se [&hellip;]<\/p>\n","protected":false},"author":1,"featured_media":1185,"comment_status":"open","ping_status":"open","sticky":false,"template":"","format":"standard","meta":{"sb_editor_width":"","footnotes":""},"categories":[58,49],"tags":[],"class_list":["post-1184","post","type-post","status-publish","format-standard","has-post-thumbnail","hentry","category-breizh","category-vie-du-parti"],"relative_dates":{"created":"2 ans ago","modified":"2 ans ago"},"yoast_head":"<!-- This site is optimized with the Yoast SEO plugin v26.3 - https:\/\/yoast.com\/wordpress\/plugins\/seo\/ -->\n<title>Immigration : face \u00e0 la crise d\u00e9mographique, le programme radical du PNB - STOURM<\/title>\n<meta name=\"robots\" content=\"index, follow, max-snippet:-1, max-image-preview:large, max-video-preview:-1\" \/>\n<link rel=\"canonical\" href=\"https:\/\/stourm.news\/?p=1184\" \/>\n<meta property=\"og:locale\" content=\"fr_FR\" \/>\n<meta property=\"og:type\" content=\"article\" \/>\n<meta property=\"og:title\" content=\"Immigration : face \u00e0 la crise d\u00e9mographique, le programme radical du PNB - STOURM\" \/>\n<meta property=\"og:description\" content=\"Le programme du\u00a0Parti National Breton\u00a0diff\u00e8re fondamentalement des programmes des autres organisations politiques, qu\u2019elles soient fran\u00e7aises ou pr\u00e9tendument \u201cbretonnes\u201d. Toutes ses propositions sont en rupture radicale avec les id\u00e9es dominant la soci\u00e9t\u00e9 bretonne, elle-m\u00eame soumise \u00e0 l\u2019influence structurelle de l\u2019Etat fran\u00e7ais. Ce n\u2019est pas par esprit de contradiction, mais parce que la philosophie du PNB se [&hellip;]\" \/>\n<meta property=\"og:url\" content=\"https:\/\/stourm.news\/?p=1184\" \/>\n<meta property=\"og:site_name\" content=\"STOURM\" \/>\n<meta property=\"article:publisher\" content=\"https:\/\/www.facebook.com\/stourmnews\/\" \/>\n<meta property=\"article:published_time\" content=\"2024-05-01T02:58:15+00:00\" \/>\n<meta property=\"og:image\" content=\"https:\/\/stourm.news\/wp-content\/uploads\/2024\/05\/Designer-97.jpg\" \/>\n\t<meta property=\"og:image:width\" content=\"1024\" \/>\n\t<meta property=\"og:image:height\" content=\"662\" \/>\n\t<meta property=\"og:image:type\" content=\"image\/jpeg\" \/>\n<meta name=\"author\" content=\"La r\u00e9daction\" \/>\n<meta name=\"twitter:card\" content=\"summary_large_image\" \/>\n<meta name=\"twitter:label1\" content=\"\u00c9crit par\" \/>\n\t<meta name=\"twitter:data1\" content=\"La r\u00e9daction\" \/>\n\t<meta name=\"twitter:label2\" content=\"Dur\u00e9e de lecture estim\u00e9e\" \/>\n\t<meta name=\"twitter:data2\" content=\"4 minutes\" \/>\n<script type=\"application\/ld+json\" class=\"yoast-schema-graph\">{\"@context\":\"https:\/\/schema.org\",\"@graph\":[{\"@type\":\"Article\",\"@id\":\"https:\/\/stourm.news\/?p=1184#article\",\"isPartOf\":{\"@id\":\"https:\/\/stourm.news\/?p=1184\"},\"author\":{\"name\":\"La r\u00e9daction\",\"@id\":\"https:\/\/stourm.news\/#\/schema\/person\/c3e1dc65988632e190969234ef046cf9\"},\"headline\":\"Immigration : face \u00e0 la crise d\u00e9mographique, le programme radical du PNB\",\"datePublished\":\"2024-05-01T02:58:15+00:00\",\"mainEntityOfPage\":{\"@id\":\"https:\/\/stourm.news\/?p=1184\"},\"wordCount\":886,\"commentCount\":0,\"publisher\":{\"@id\":\"https:\/\/stourm.news\/#organization\"},\"image\":{\"@id\":\"https:\/\/stourm.news\/?p=1184#primaryimage\"},\"thumbnailUrl\":\"https:\/\/stourm.news\/wp-content\/uploads\/2024\/05\/Designer-97.jpg\",\"articleSection\":[\"Breizh\",\"Vie du Parti\"],\"inLanguage\":\"fr-FR\",\"potentialAction\":[{\"@type\":\"CommentAction\",\"name\":\"Comment\",\"target\":[\"https:\/\/stourm.news\/?p=1184#respond\"]}]},{\"@type\":\"WebPage\",\"@id\":\"https:\/\/stourm.news\/?p=1184\",\"url\":\"https:\/\/stourm.news\/?p=1184\",\"name\":\"Immigration : face \u00e0 la crise d\u00e9mographique, le programme radical du PNB - STOURM\",\"isPartOf\":{\"@id\":\"https:\/\/stourm.news\/#website\"},\"primaryImageOfPage\":{\"@id\":\"https:\/\/stourm.news\/?p=1184#primaryimage\"},\"image\":{\"@id\":\"https:\/\/stourm.news\/?p=1184#primaryimage\"},\"thumbnailUrl\":\"https:\/\/stourm.news\/wp-content\/uploads\/2024\/05\/Designer-97.jpg\",\"datePublished\":\"2024-05-01T02:58:15+00:00\",\"breadcrumb\":{\"@id\":\"https:\/\/stourm.news\/?p=1184#breadcrumb\"},\"inLanguage\":\"fr-FR\",\"potentialAction\":[{\"@type\":\"ReadAction\",\"target\":[\"https:\/\/stourm.news\/?p=1184\"]}]},{\"@type\":\"ImageObject\",\"inLanguage\":\"fr-FR\",\"@id\":\"https:\/\/stourm.news\/?p=1184#primaryimage\",\"url\":\"https:\/\/stourm.news\/wp-content\/uploads\/2024\/05\/Designer-97.jpg\",\"contentUrl\":\"https:\/\/stourm.news\/wp-content\/uploads\/2024\/05\/Designer-97.jpg\",\"width\":1024,\"height\":662},{\"@type\":\"BreadcrumbList\",\"@id\":\"https:\/\/stourm.news\/?p=1184#breadcrumb\",\"itemListElement\":[{\"@type\":\"ListItem\",\"position\":1,\"name\":\"Accueil\",\"item\":\"https:\/\/stourm.news\/\"},{\"@type\":\"ListItem\",\"position\":2,\"name\":\"Immigration : face \u00e0 la crise d\u00e9mographique, le programme radical du PNB\"}]},{\"@type\":\"WebSite\",\"@id\":\"https:\/\/stourm.news\/#website\",\"url\":\"https:\/\/stourm.news\/\",\"name\":\"Stourm\",\"description\":\"Kazetenn Strollad Broadel Breizh\",\"publisher\":{\"@id\":\"https:\/\/stourm.news\/#organization\"},\"potentialAction\":[{\"@type\":\"SearchAction\",\"target\":{\"@type\":\"EntryPoint\",\"urlTemplate\":\"https:\/\/stourm.news\/?s={search_term_string}\"},\"query-input\":{\"@type\":\"PropertyValueSpecification\",\"valueRequired\":true,\"valueName\":\"search_term_string\"}}],\"inLanguage\":\"fr-FR\"},{\"@type\":\"Organization\",\"@id\":\"https:\/\/stourm.news\/#organization\",\"name\":\"Stourm\",\"url\":\"https:\/\/stourm.news\/\",\"logo\":{\"@type\":\"ImageObject\",\"inLanguage\":\"fr-FR\",\"@id\":\"https:\/\/stourm.news\/#\/schema\/logo\/image\/\",\"url\":\"https:\/\/stourm.news\/wp-content\/uploads\/2025\/11\/cropped-Capture-decran-2025-11-28-a-15.19.07.png\",\"contentUrl\":\"https:\/\/stourm.news\/wp-content\/uploads\/2025\/11\/cropped-Capture-decran-2025-11-28-a-15.19.07.png\",\"width\":1855,\"height\":383,\"caption\":\"Stourm\"},\"image\":{\"@id\":\"https:\/\/stourm.news\/#\/schema\/logo\/image\/\"},\"sameAs\":[\"https:\/\/www.facebook.com\/stourmnews\/\"]},{\"@type\":\"Person\",\"@id\":\"https:\/\/stourm.news\/#\/schema\/person\/c3e1dc65988632e190969234ef046cf9\",\"name\":\"La r\u00e9daction\",\"image\":{\"@type\":\"ImageObject\",\"inLanguage\":\"fr-FR\",\"@id\":\"https:\/\/stourm.news\/#\/schema\/person\/image\/\",\"url\":\"https:\/\/secure.gravatar.com\/avatar\/7463443f194b6b5fb706b074ca0ef59a0cfcfd720cb47764b0ec5a952ce422b3?s=96&d=mm&r=g\",\"contentUrl\":\"https:\/\/secure.gravatar.com\/avatar\/7463443f194b6b5fb706b074ca0ef59a0cfcfd720cb47764b0ec5a952ce422b3?s=96&d=mm&r=g\",\"caption\":\"La r\u00e9daction\"},\"sameAs\":[\"https:\/\/stourm.news\"],\"url\":\"https:\/\/stourm.news\/?author=1\"}]}<\/script>\n<!-- \/ Yoast SEO plugin. -->","yoast_head_json":{"title":"Immigration : face \u00e0 la crise d\u00e9mographique, le programme radical du PNB - STOURM","robots":{"index":"index","follow":"follow","max-snippet":"max-snippet:-1","max-image-preview":"max-image-preview:large","max-video-preview":"max-video-preview:-1"},"canonical":"https:\/\/stourm.news\/?p=1184","og_locale":"fr_FR","og_type":"article","og_title":"Immigration : face \u00e0 la crise d\u00e9mographique, le programme radical du PNB - STOURM","og_description":"Le programme du\u00a0Parti National Breton\u00a0diff\u00e8re fondamentalement des programmes des autres organisations politiques, qu\u2019elles soient fran\u00e7aises ou pr\u00e9tendument \u201cbretonnes\u201d. Toutes ses propositions sont en rupture radicale avec les id\u00e9es dominant la soci\u00e9t\u00e9 bretonne, elle-m\u00eame soumise \u00e0 l\u2019influence structurelle de l\u2019Etat fran\u00e7ais. Ce n\u2019est pas par esprit de contradiction, mais parce que la philosophie du PNB se [&hellip;]","og_url":"https:\/\/stourm.news\/?p=1184","og_site_name":"STOURM","article_publisher":"https:\/\/www.facebook.com\/stourmnews\/","article_published_time":"2024-05-01T02:58:15+00:00","og_image":[{"width":1024,"height":662,"url":"https:\/\/stourm.news\/wp-content\/uploads\/2024\/05\/Designer-97.jpg","type":"image\/jpeg"}],"author":"La r\u00e9daction","twitter_card":"summary_large_image","twitter_misc":{"\u00c9crit par":"La r\u00e9daction","Dur\u00e9e de lecture estim\u00e9e":"4 minutes"},"schema":{"@context":"https:\/\/schema.org","@graph":[{"@type":"Article","@id":"https:\/\/stourm.news\/?p=1184#article","isPartOf":{"@id":"https:\/\/stourm.news\/?p=1184"},"author":{"name":"La r\u00e9daction","@id":"https:\/\/stourm.news\/#\/schema\/person\/c3e1dc65988632e190969234ef046cf9"},"headline":"Immigration : face \u00e0 la crise d\u00e9mographique, le programme radical du PNB","datePublished":"2024-05-01T02:58:15+00:00","mainEntityOfPage":{"@id":"https:\/\/stourm.news\/?p=1184"},"wordCount":886,"commentCount":0,"publisher":{"@id":"https:\/\/stourm.news\/#organization"},"image":{"@id":"https:\/\/stourm.news\/?p=1184#primaryimage"},"thumbnailUrl":"https:\/\/stourm.news\/wp-content\/uploads\/2024\/05\/Designer-97.jpg","articleSection":["Breizh","Vie du Parti"],"inLanguage":"fr-FR","potentialAction":[{"@type":"CommentAction","name":"Comment","target":["https:\/\/stourm.news\/?p=1184#respond"]}]},{"@type":"WebPage","@id":"https:\/\/stourm.news\/?p=1184","url":"https:\/\/stourm.news\/?p=1184","name":"Immigration : face \u00e0 la crise d\u00e9mographique, le programme radical du PNB - STOURM","isPartOf":{"@id":"https:\/\/stourm.news\/#website"},"primaryImageOfPage":{"@id":"https:\/\/stourm.news\/?p=1184#primaryimage"},"image":{"@id":"https:\/\/stourm.news\/?p=1184#primaryimage"},"thumbnailUrl":"https:\/\/stourm.news\/wp-content\/uploads\/2024\/05\/Designer-97.jpg","datePublished":"2024-05-01T02:58:15+00:00","breadcrumb":{"@id":"https:\/\/stourm.news\/?p=1184#breadcrumb"},"inLanguage":"fr-FR","potentialAction":[{"@type":"ReadAction","target":["https:\/\/stourm.news\/?p=1184"]}]},{"@type":"ImageObject","inLanguage":"fr-FR","@id":"https:\/\/stourm.news\/?p=1184#primaryimage","url":"https:\/\/stourm.news\/wp-content\/uploads\/2024\/05\/Designer-97.jpg","contentUrl":"https:\/\/stourm.news\/wp-content\/uploads\/2024\/05\/Designer-97.jpg","width":1024,"height":662},{"@type":"BreadcrumbList","@id":"https:\/\/stourm.news\/?p=1184#breadcrumb","itemListElement":[{"@type":"ListItem","position":1,"name":"Accueil","item":"https:\/\/stourm.news\/"},{"@type":"ListItem","position":2,"name":"Immigration : face \u00e0 la crise d\u00e9mographique, le programme radical du PNB"}]},{"@type":"WebSite","@id":"https:\/\/stourm.news\/#website","url":"https:\/\/stourm.news\/","name":"Stourm","description":"Kazetenn Strollad Broadel Breizh","publisher":{"@id":"https:\/\/stourm.news\/#organization"},"potentialAction":[{"@type":"SearchAction","target":{"@type":"EntryPoint","urlTemplate":"https:\/\/stourm.news\/?s={search_term_string}"},"query-input":{"@type":"PropertyValueSpecification","valueRequired":true,"valueName":"search_term_string"}}],"inLanguage":"fr-FR"},{"@type":"Organization","@id":"https:\/\/stourm.news\/#organization","name":"Stourm","url":"https:\/\/stourm.news\/","logo":{"@type":"ImageObject","inLanguage":"fr-FR","@id":"https:\/\/stourm.news\/#\/schema\/logo\/image\/","url":"https:\/\/stourm.news\/wp-content\/uploads\/2025\/11\/cropped-Capture-decran-2025-11-28-a-15.19.07.png","contentUrl":"https:\/\/stourm.news\/wp-content\/uploads\/2025\/11\/cropped-Capture-decran-2025-11-28-a-15.19.07.png","width":1855,"height":383,"caption":"Stourm"},"image":{"@id":"https:\/\/stourm.news\/#\/schema\/logo\/image\/"},"sameAs":["https:\/\/www.facebook.com\/stourmnews\/"]},{"@type":"Person","@id":"https:\/\/stourm.news\/#\/schema\/person\/c3e1dc65988632e190969234ef046cf9","name":"La r\u00e9daction","image":{"@type":"ImageObject","inLanguage":"fr-FR","@id":"https:\/\/stourm.news\/#\/schema\/person\/image\/","url":"https:\/\/secure.gravatar.com\/avatar\/7463443f194b6b5fb706b074ca0ef59a0cfcfd720cb47764b0ec5a952ce422b3?s=96&d=mm&r=g","contentUrl":"https:\/\/secure.gravatar.com\/avatar\/7463443f194b6b5fb706b074ca0ef59a0cfcfd720cb47764b0ec5a952ce422b3?s=96&d=mm&r=g","caption":"La r\u00e9daction"},"sameAs":["https:\/\/stourm.news"],"url":"https:\/\/stourm.news\/?author=1"}]}},"_links":{"self":[{"href":"https:\/\/stourm.news\/index.php?rest_route=\/wp\/v2\/posts\/1184","targetHints":{"allow":["GET"]}}],"collection":[{"href":"https:\/\/stourm.news\/index.php?rest_route=\/wp\/v2\/posts"}],"about":[{"href":"https:\/\/stourm.news\/index.php?rest_route=\/wp\/v2\/types\/post"}],"author":[{"embeddable":true,"href":"https:\/\/stourm.news\/index.php?rest_route=\/wp\/v2\/users\/1"}],"replies":[{"embeddable":true,"href":"https:\/\/stourm.news\/index.php?rest_route=%2Fwp%2Fv2%2Fcomments&post=1184"}],"version-history":[{"count":1,"href":"https:\/\/stourm.news\/index.php?rest_route=\/wp\/v2\/posts\/1184\/revisions"}],"predecessor-version":[{"id":1186,"href":"https:\/\/stourm.news\/index.php?rest_route=\/wp\/v2\/posts\/1184\/revisions\/1186"}],"wp:featuredmedia":[{"embeddable":true,"href":"https:\/\/stourm.news\/index.php?rest_route=\/wp\/v2\/media\/1185"}],"wp:attachment":[{"href":"https:\/\/stourm.news\/index.php?rest_route=%2Fwp%2Fv2%2Fmedia&parent=1184"}],"wp:term":[{"taxonomy":"category","embeddable":true,"href":"https:\/\/stourm.news\/index.php?rest_route=%2Fwp%2Fv2%2Fcategories&post=1184"},{"taxonomy":"post_tag","embeddable":true,"href":"https:\/\/stourm.news\/index.php?rest_route=%2Fwp%2Fv2%2Ftags&post=1184"}],"curies":[{"name":"wp","href":"https:\/\/api.w.org\/{rel}","templated":true}]}}