{"id":1194,"date":"2024-05-01T03:18:55","date_gmt":"2024-05-01T03:18:55","guid":{"rendered":"https:\/\/stourm.news\/?p=1194"},"modified":"2024-05-01T03:18:55","modified_gmt":"2024-05-01T03:18:55","slug":"tregastel-un-collectif-se-mobilise-pour-empecher-lexpulsion-de-clandestins-albanais","status":"publish","type":"post","link":"https:\/\/stourm.news\/?p=1194","title":{"rendered":"Tr\u00e9gastel : un collectif se mobilise pour emp\u00eacher l&rsquo;expulsion de clandestins albanais"},"content":{"rendered":"<p style=\"text-align: justify;\">Rejet\u00e9s en <strong>Albanie<\/strong>, notamment \u00e0 cause du handicap du papa, une famille est accueillie <strong>\u00e0 Tr\u00e9gastel<\/strong> depuis deux ans maintenant. Menac\u00e9s <strong>d\u2019expulsion<\/strong>, ils sont d\u00e9sormais <strong>soutenus par un collectif tr\u00e9gorrois<\/strong> qui souhaite les aider \u00e0 obtenir des papiers.<\/p>\n<p style=\"text-align: justify;\">En avril 2022, la famille Shytani, compos\u00e9e d\u2019Alekx, 37 ans, Zogha, 42 ans et leurs deux enfants, Makelian, 13 ans et Griselt, 12 ans, est arriv\u00e9e <strong>d\u2019Albanie<\/strong> suite \u00e0 de grosses difficult\u00e9s dans son pays li\u00e9es \u00e0 un handicap physique du papa ; une grave maladie l\u2019ayant contraint \u00e0 l\u2019amputation d\u2019un bras. Rejet\u00e9s par leurs familles respectives et par la soci\u00e9t\u00e9 albanaise, ils ont trouv\u00e9 refuge <strong>\u00e0 Tr\u00e9gastel<\/strong>, \u00ab souhaitant un mieux vivre, surtout pour les enfants \u00bb.<\/p>\n<p>Source : <a href=\"https:\/\/www.letelegramme.fr\/cotes-d-armor\/tregastel-22730\/a-tregastel-une-famille-albanaise-menacee-dexpulsion-6575499.php\">Le T\u00e9l\u00e9gramme<\/a><\/p>\n","protected":false},"excerpt":{"rendered":"<p>Rejet\u00e9s en Albanie, notamment \u00e0 cause du handicap du papa, une famille est accueillie \u00e0 Tr\u00e9gastel depuis deux ans maintenant. Menac\u00e9s d\u2019expulsion, ils sont d\u00e9sormais soutenus par un collectif tr\u00e9gorrois qui souhaite les aider \u00e0 obtenir des papiers. En avril 2022, la famille Shytani, compos\u00e9e d\u2019Alekx, 37 ans, Zogha, 42 ans et leurs deux enfants, [&hellip;]<\/p>\n","protected":false},"author":1,"featured_media":1195,"comment_status":"open","ping_status":"open","sticky":false,"template":"","format":"standard","meta":{"sb_editor_width":"","footnotes":""},"categories":[39,33,62],"tags":[],"class_list":["post-1194","post","type-post","status-publish","format-standard","has-post-thumbnail","hentry","category-cotes-darmor","category-immigration","category-revue-de-presse"],"relative_dates":{"created":"2 ans ago","modified":"2 ans ago"},"yoast_head":"<!-- This site is optimized with the Yoast SEO plugin v26.3 - https:\/\/yoast.com\/wordpress\/plugins\/seo\/ -->\n<title>Tr\u00e9gastel : un collectif se mobilise pour emp\u00eacher l&#039;expulsion de clandestins albanais - STOURM<\/title>\n<meta name=\"robots\" content=\"index, follow, max-snippet:-1, max-image-preview:large, max-video-preview:-1\" \/>\n<link rel=\"canonical\" href=\"https:\/\/stourm.news\/?p=1194\" \/>\n<meta property=\"og:locale\" content=\"fr_FR\" \/>\n<meta property=\"og:type\" content=\"article\" \/>\n<meta property=\"og:title\" content=\"Tr\u00e9gastel : un collectif se mobilise pour emp\u00eacher l&#039;expulsion de clandestins albanais - STOURM\" \/>\n<meta property=\"og:description\" content=\"Rejet\u00e9s en Albanie, notamment \u00e0 cause du handicap du papa, une famille est accueillie \u00e0 Tr\u00e9gastel depuis deux ans maintenant. Menac\u00e9s d\u2019expulsion, ils sont d\u00e9sormais soutenus par un collectif tr\u00e9gorrois qui souhaite les aider \u00e0 obtenir des papiers. En avril 2022, la famille Shytani, compos\u00e9e d\u2019Alekx, 37 ans, Zogha, 42 ans et leurs deux enfants, [&hellip;]\" \/>\n<meta property=\"og:url\" content=\"https:\/\/stourm.news\/?p=1194\" \/>\n<meta property=\"og:site_name\" content=\"STOURM\" \/>\n<meta property=\"article:publisher\" content=\"https:\/\/www.facebook.com\/stourmnews\/\" \/>\n<meta property=\"article:published_time\" content=\"2024-05-01T03:18:55+00:00\" \/>\n<meta property=\"og:image\" content=\"https:\/\/stourm.news\/wp-content\/uploads\/2024\/05\/6630e2c53c3b3c4a6c0bb4da.jpg\" \/>\n\t<meta property=\"og:image:width\" content=\"960\" \/>\n\t<meta property=\"og:image:height\" content=\"600\" \/>\n\t<meta property=\"og:image:type\" content=\"image\/jpeg\" \/>\n<meta name=\"author\" content=\"La r\u00e9daction\" \/>\n<meta name=\"twitter:card\" content=\"summary_large_image\" \/>\n<meta name=\"twitter:label1\" content=\"\u00c9crit par\" \/>\n\t<meta name=\"twitter:data1\" content=\"La r\u00e9daction\" \/>\n\t<meta name=\"twitter:label2\" content=\"Dur\u00e9e de lecture estim\u00e9e\" \/>\n\t<meta name=\"twitter:data2\" content=\"1 minute\" \/>\n<script type=\"application\/ld+json\" class=\"yoast-schema-graph\">{\"@context\":\"https:\/\/schema.org\",\"@graph\":[{\"@type\":\"Article\",\"@id\":\"https:\/\/stourm.news\/?p=1194#article\",\"isPartOf\":{\"@id\":\"https:\/\/stourm.news\/?p=1194\"},\"author\":{\"name\":\"La r\u00e9daction\",\"@id\":\"https:\/\/stourm.news\/#\/schema\/person\/c3e1dc65988632e190969234ef046cf9\"},\"headline\":\"Tr\u00e9gastel : un collectif se mobilise pour emp\u00eacher l&rsquo;expulsion de clandestins albanais\",\"datePublished\":\"2024-05-01T03:18:55+00:00\",\"mainEntityOfPage\":{\"@id\":\"https:\/\/stourm.news\/?p=1194\"},\"wordCount\":138,\"commentCount\":0,\"publisher\":{\"@id\":\"https:\/\/stourm.news\/#organization\"},\"image\":{\"@id\":\"https:\/\/stourm.news\/?p=1194#primaryimage\"},\"thumbnailUrl\":\"https:\/\/stourm.news\/wp-content\/uploads\/2024\/05\/6630e2c53c3b3c4a6c0bb4da.jpg\",\"articleSection\":[\"C\u00f4tes d'Armor\",\"Immigration\",\"Revue de presse\"],\"inLanguage\":\"fr-FR\",\"potentialAction\":[{\"@type\":\"CommentAction\",\"name\":\"Comment\",\"target\":[\"https:\/\/stourm.news\/?p=1194#respond\"]}]},{\"@type\":\"WebPage\",\"@id\":\"https:\/\/stourm.news\/?p=1194\",\"url\":\"https:\/\/stourm.news\/?p=1194\",\"name\":\"Tr\u00e9gastel : un collectif se mobilise pour emp\u00eacher l'expulsion de clandestins albanais - STOURM\",\"isPartOf\":{\"@id\":\"https:\/\/stourm.news\/#website\"},\"primaryImageOfPage\":{\"@id\":\"https:\/\/stourm.news\/?p=1194#primaryimage\"},\"image\":{\"@id\":\"https:\/\/stourm.news\/?p=1194#primaryimage\"},\"thumbnailUrl\":\"https:\/\/stourm.news\/wp-content\/uploads\/2024\/05\/6630e2c53c3b3c4a6c0bb4da.jpg\",\"datePublished\":\"2024-05-01T03:18:55+00:00\",\"breadcrumb\":{\"@id\":\"https:\/\/stourm.news\/?p=1194#breadcrumb\"},\"inLanguage\":\"fr-FR\",\"potentialAction\":[{\"@type\":\"ReadAction\",\"target\":[\"https:\/\/stourm.news\/?p=1194\"]}]},{\"@type\":\"ImageObject\",\"inLanguage\":\"fr-FR\",\"@id\":\"https:\/\/stourm.news\/?p=1194#primaryimage\",\"url\":\"https:\/\/stourm.news\/wp-content\/uploads\/2024\/05\/6630e2c53c3b3c4a6c0bb4da.jpg\",\"contentUrl\":\"https:\/\/stourm.news\/wp-content\/uploads\/2024\/05\/6630e2c53c3b3c4a6c0bb4da.jpg\",\"width\":960,\"height\":600,\"caption\":\"Un collectif s'est constitu\u00e9 pour \u00e9viter l'expulsion de la famille albanaise\"},{\"@type\":\"BreadcrumbList\",\"@id\":\"https:\/\/stourm.news\/?p=1194#breadcrumb\",\"itemListElement\":[{\"@type\":\"ListItem\",\"position\":1,\"name\":\"Accueil\",\"item\":\"https:\/\/stourm.news\/\"},{\"@type\":\"ListItem\",\"position\":2,\"name\":\"Tr\u00e9gastel : un collectif se mobilise pour emp\u00eacher l&rsquo;expulsion de clandestins albanais\"}]},{\"@type\":\"WebSite\",\"@id\":\"https:\/\/stourm.news\/#website\",\"url\":\"https:\/\/stourm.news\/\",\"name\":\"Stourm\",\"description\":\"Kazetenn Strollad Broadel Breizh\",\"publisher\":{\"@id\":\"https:\/\/stourm.news\/#organization\"},\"potentialAction\":[{\"@type\":\"SearchAction\",\"target\":{\"@type\":\"EntryPoint\",\"urlTemplate\":\"https:\/\/stourm.news\/?s={search_term_string}\"},\"query-input\":{\"@type\":\"PropertyValueSpecification\",\"valueRequired\":true,\"valueName\":\"search_term_string\"}}],\"inLanguage\":\"fr-FR\"},{\"@type\":\"Organization\",\"@id\":\"https:\/\/stourm.news\/#organization\",\"name\":\"Stourm\",\"url\":\"https:\/\/stourm.news\/\",\"logo\":{\"@type\":\"ImageObject\",\"inLanguage\":\"fr-FR\",\"@id\":\"https:\/\/stourm.news\/#\/schema\/logo\/image\/\",\"url\":\"https:\/\/stourm.news\/wp-content\/uploads\/2025\/11\/cropped-Capture-decran-2025-11-28-a-15.19.07.png\",\"contentUrl\":\"https:\/\/stourm.news\/wp-content\/uploads\/2025\/11\/cropped-Capture-decran-2025-11-28-a-15.19.07.png\",\"width\":1855,\"height\":383,\"caption\":\"Stourm\"},\"image\":{\"@id\":\"https:\/\/stourm.news\/#\/schema\/logo\/image\/\"},\"sameAs\":[\"https:\/\/www.facebook.com\/stourmnews\/\"]},{\"@type\":\"Person\",\"@id\":\"https:\/\/stourm.news\/#\/schema\/person\/c3e1dc65988632e190969234ef046cf9\",\"name\":\"La r\u00e9daction\",\"image\":{\"@type\":\"ImageObject\",\"inLanguage\":\"fr-FR\",\"@id\":\"https:\/\/stourm.news\/#\/schema\/person\/image\/\",\"url\":\"https:\/\/secure.gravatar.com\/avatar\/7463443f194b6b5fb706b074ca0ef59a0cfcfd720cb47764b0ec5a952ce422b3?s=96&d=mm&r=g\",\"contentUrl\":\"https:\/\/secure.gravatar.com\/avatar\/7463443f194b6b5fb706b074ca0ef59a0cfcfd720cb47764b0ec5a952ce422b3?s=96&d=mm&r=g\",\"caption\":\"La r\u00e9daction\"},\"sameAs\":[\"https:\/\/stourm.news\"],\"url\":\"https:\/\/stourm.news\/?author=1\"}]}<\/script>\n<!-- \/ Yoast SEO plugin. -->","yoast_head_json":{"title":"Tr\u00e9gastel : un collectif se mobilise pour emp\u00eacher l'expulsion de clandestins albanais - STOURM","robots":{"index":"index","follow":"follow","max-snippet":"max-snippet:-1","max-image-preview":"max-image-preview:large","max-video-preview":"max-video-preview:-1"},"canonical":"https:\/\/stourm.news\/?p=1194","og_locale":"fr_FR","og_type":"article","og_title":"Tr\u00e9gastel : un collectif se mobilise pour emp\u00eacher l'expulsion de clandestins albanais - STOURM","og_description":"Rejet\u00e9s en Albanie, notamment \u00e0 cause du handicap du papa, une famille est accueillie \u00e0 Tr\u00e9gastel depuis deux ans maintenant. Menac\u00e9s d\u2019expulsion, ils sont d\u00e9sormais soutenus par un collectif tr\u00e9gorrois qui souhaite les aider \u00e0 obtenir des papiers. En avril 2022, la famille Shytani, compos\u00e9e d\u2019Alekx, 37 ans, Zogha, 42 ans et leurs deux enfants, [&hellip;]","og_url":"https:\/\/stourm.news\/?p=1194","og_site_name":"STOURM","article_publisher":"https:\/\/www.facebook.com\/stourmnews\/","article_published_time":"2024-05-01T03:18:55+00:00","og_image":[{"width":960,"height":600,"url":"https:\/\/stourm.news\/wp-content\/uploads\/2024\/05\/6630e2c53c3b3c4a6c0bb4da.jpg","type":"image\/jpeg"}],"author":"La r\u00e9daction","twitter_card":"summary_large_image","twitter_misc":{"\u00c9crit par":"La r\u00e9daction","Dur\u00e9e de lecture estim\u00e9e":"1 minute"},"schema":{"@context":"https:\/\/schema.org","@graph":[{"@type":"Article","@id":"https:\/\/stourm.news\/?p=1194#article","isPartOf":{"@id":"https:\/\/stourm.news\/?p=1194"},"author":{"name":"La r\u00e9daction","@id":"https:\/\/stourm.news\/#\/schema\/person\/c3e1dc65988632e190969234ef046cf9"},"headline":"Tr\u00e9gastel : un collectif se mobilise pour emp\u00eacher l&rsquo;expulsion de clandestins albanais","datePublished":"2024-05-01T03:18:55+00:00","mainEntityOfPage":{"@id":"https:\/\/stourm.news\/?p=1194"},"wordCount":138,"commentCount":0,"publisher":{"@id":"https:\/\/stourm.news\/#organization"},"image":{"@id":"https:\/\/stourm.news\/?p=1194#primaryimage"},"thumbnailUrl":"https:\/\/stourm.news\/wp-content\/uploads\/2024\/05\/6630e2c53c3b3c4a6c0bb4da.jpg","articleSection":["C\u00f4tes d'Armor","Immigration","Revue de presse"],"inLanguage":"fr-FR","potentialAction":[{"@type":"CommentAction","name":"Comment","target":["https:\/\/stourm.news\/?p=1194#respond"]}]},{"@type":"WebPage","@id":"https:\/\/stourm.news\/?p=1194","url":"https:\/\/stourm.news\/?p=1194","name":"Tr\u00e9gastel : un collectif se mobilise pour emp\u00eacher l'expulsion de clandestins albanais - STOURM","isPartOf":{"@id":"https:\/\/stourm.news\/#website"},"primaryImageOfPage":{"@id":"https:\/\/stourm.news\/?p=1194#primaryimage"},"image":{"@id":"https:\/\/stourm.news\/?p=1194#primaryimage"},"thumbnailUrl":"https:\/\/stourm.news\/wp-content\/uploads\/2024\/05\/6630e2c53c3b3c4a6c0bb4da.jpg","datePublished":"2024-05-01T03:18:55+00:00","breadcrumb":{"@id":"https:\/\/stourm.news\/?p=1194#breadcrumb"},"inLanguage":"fr-FR","potentialAction":[{"@type":"ReadAction","target":["https:\/\/stourm.news\/?p=1194"]}]},{"@type":"ImageObject","inLanguage":"fr-FR","@id":"https:\/\/stourm.news\/?p=1194#primaryimage","url":"https:\/\/stourm.news\/wp-content\/uploads\/2024\/05\/6630e2c53c3b3c4a6c0bb4da.jpg","contentUrl":"https:\/\/stourm.news\/wp-content\/uploads\/2024\/05\/6630e2c53c3b3c4a6c0bb4da.jpg","width":960,"height":600,"caption":"Un collectif s'est constitu\u00e9 pour \u00e9viter l'expulsion de la famille albanaise"},{"@type":"BreadcrumbList","@id":"https:\/\/stourm.news\/?p=1194#breadcrumb","itemListElement":[{"@type":"ListItem","position":1,"name":"Accueil","item":"https:\/\/stourm.news\/"},{"@type":"ListItem","position":2,"name":"Tr\u00e9gastel : un collectif se mobilise pour emp\u00eacher l&rsquo;expulsion de clandestins albanais"}]},{"@type":"WebSite","@id":"https:\/\/stourm.news\/#website","url":"https:\/\/stourm.news\/","name":"Stourm","description":"Kazetenn Strollad Broadel Breizh","publisher":{"@id":"https:\/\/stourm.news\/#organization"},"potentialAction":[{"@type":"SearchAction","target":{"@type":"EntryPoint","urlTemplate":"https:\/\/stourm.news\/?s={search_term_string}"},"query-input":{"@type":"PropertyValueSpecification","valueRequired":true,"valueName":"search_term_string"}}],"inLanguage":"fr-FR"},{"@type":"Organization","@id":"https:\/\/stourm.news\/#organization","name":"Stourm","url":"https:\/\/stourm.news\/","logo":{"@type":"ImageObject","inLanguage":"fr-FR","@id":"https:\/\/stourm.news\/#\/schema\/logo\/image\/","url":"https:\/\/stourm.news\/wp-content\/uploads\/2025\/11\/cropped-Capture-decran-2025-11-28-a-15.19.07.png","contentUrl":"https:\/\/stourm.news\/wp-content\/uploads\/2025\/11\/cropped-Capture-decran-2025-11-28-a-15.19.07.png","width":1855,"height":383,"caption":"Stourm"},"image":{"@id":"https:\/\/stourm.news\/#\/schema\/logo\/image\/"},"sameAs":["https:\/\/www.facebook.com\/stourmnews\/"]},{"@type":"Person","@id":"https:\/\/stourm.news\/#\/schema\/person\/c3e1dc65988632e190969234ef046cf9","name":"La r\u00e9daction","image":{"@type":"ImageObject","inLanguage":"fr-FR","@id":"https:\/\/stourm.news\/#\/schema\/person\/image\/","url":"https:\/\/secure.gravatar.com\/avatar\/7463443f194b6b5fb706b074ca0ef59a0cfcfd720cb47764b0ec5a952ce422b3?s=96&d=mm&r=g","contentUrl":"https:\/\/secure.gravatar.com\/avatar\/7463443f194b6b5fb706b074ca0ef59a0cfcfd720cb47764b0ec5a952ce422b3?s=96&d=mm&r=g","caption":"La r\u00e9daction"},"sameAs":["https:\/\/stourm.news"],"url":"https:\/\/stourm.news\/?author=1"}]}},"_links":{"self":[{"href":"https:\/\/stourm.news\/index.php?rest_route=\/wp\/v2\/posts\/1194","targetHints":{"allow":["GET"]}}],"collection":[{"href":"https:\/\/stourm.news\/index.php?rest_route=\/wp\/v2\/posts"}],"about":[{"href":"https:\/\/stourm.news\/index.php?rest_route=\/wp\/v2\/types\/post"}],"author":[{"embeddable":true,"href":"https:\/\/stourm.news\/index.php?rest_route=\/wp\/v2\/users\/1"}],"replies":[{"embeddable":true,"href":"https:\/\/stourm.news\/index.php?rest_route=%2Fwp%2Fv2%2Fcomments&post=1194"}],"version-history":[{"count":1,"href":"https:\/\/stourm.news\/index.php?rest_route=\/wp\/v2\/posts\/1194\/revisions"}],"predecessor-version":[{"id":1196,"href":"https:\/\/stourm.news\/index.php?rest_route=\/wp\/v2\/posts\/1194\/revisions\/1196"}],"wp:featuredmedia":[{"embeddable":true,"href":"https:\/\/stourm.news\/index.php?rest_route=\/wp\/v2\/media\/1195"}],"wp:attachment":[{"href":"https:\/\/stourm.news\/index.php?rest_route=%2Fwp%2Fv2%2Fmedia&parent=1194"}],"wp:term":[{"taxonomy":"category","embeddable":true,"href":"https:\/\/stourm.news\/index.php?rest_route=%2Fwp%2Fv2%2Fcategories&post=1194"},{"taxonomy":"post_tag","embeddable":true,"href":"https:\/\/stourm.news\/index.php?rest_route=%2Fwp%2Fv2%2Ftags&post=1194"}],"curies":[{"name":"wp","href":"https:\/\/api.w.org\/{rel}","templated":true}]}}