{"id":1200,"date":"2024-05-01T03:36:39","date_gmt":"2024-05-01T03:36:39","guid":{"rendered":"https:\/\/stourm.news\/?p=1200"},"modified":"2024-05-01T03:36:39","modified_gmt":"2024-05-01T03:36:39","slug":"un-rassemblement-contre-les-attaques-anti-trans-a-lorient-ce-dimanche-5-mai","status":"publish","type":"post","link":"https:\/\/stourm.news\/?p=1200","title":{"rendered":"Un rassemblement contre \u00ab les attaques anti-trans \u00bb \u00e0 Lorient ce dimanche 5 mai"},"content":{"rendered":"<p style=\"text-align: justify;\">L\u2019association Queer Asso appelle au <strong>rassemblement<\/strong>, ce dimanche 5 mai, <strong>\u00e0 Lorient<\/strong> pour faire \u00ab front contre les attaques anti-trans \u00bb r\u00e9pondant ainsi \u00e0 un appel national. \u00ab Nous, personnes concern\u00e9es LGBTQIA +, associations et collectifs du Grand Ouest qui luttons au quotidien pour d\u00e9fendre les droits de personnes LGBTQIA +, nous parents, proches ou amis de personnes trans, nous sommes r\u00e9volt\u00e9s de constater l\u2019augmentation et la banalisation de la <strong>transphobie<\/strong> ces derniers mois en France \u00bb, d\u00e9noncent les associations dans un communiqu\u00e9 indiquant que \u00ab les cas de transphobie ont augment\u00e9 de 35 % en deux ans (entre 2020 et 2022 selon un rapport de SOS Homophobie, NDLR) \u00bb.<\/p>\n<p>Source : <a href=\"https:\/\/www.letelegramme.fr\/morbihan\/lorient-56100\/un-rassemblement-contre-les-attaques-anti-trans-a-lorient-ce-dimanche-5-mai-6575527.php\">Le T\u00e9l\u00e9gramme<\/a><\/p>\n","protected":false},"excerpt":{"rendered":"<p>L\u2019association Queer Asso appelle au rassemblement, ce dimanche 5 mai, \u00e0 Lorient pour faire \u00ab front contre les attaques anti-trans \u00bb r\u00e9pondant ainsi \u00e0 un appel national. \u00ab Nous, personnes concern\u00e9es LGBTQIA +, associations et collectifs du Grand Ouest qui luttons au quotidien pour d\u00e9fendre les droits de personnes LGBTQIA +, nous parents, proches ou [&hellip;]<\/p>\n","protected":false},"author":1,"featured_media":1201,"comment_status":"open","ping_status":"open","sticky":false,"template":"","format":"standard","meta":{"sb_editor_width":"","footnotes":""},"categories":[36,40,62,54],"tags":[],"class_list":["post-1200","post","type-post","status-publish","format-standard","has-post-thumbnail","hentry","category-extreme-gauche","category-morbihan","category-revue-de-presse","category-societe"],"relative_dates":{"created":"2 ans ago","modified":"2 ans ago"},"yoast_head":"<!-- This site is optimized with the Yoast SEO plugin v26.3 - https:\/\/yoast.com\/wordpress\/plugins\/seo\/ -->\n<title>Un rassemblement contre \u00ab les attaques anti-trans \u00bb \u00e0 Lorient ce dimanche 5 mai - STOURM<\/title>\n<meta name=\"robots\" content=\"index, follow, max-snippet:-1, max-image-preview:large, max-video-preview:-1\" \/>\n<link rel=\"canonical\" href=\"https:\/\/stourm.news\/?p=1200\" \/>\n<meta property=\"og:locale\" content=\"fr_FR\" \/>\n<meta property=\"og:type\" content=\"article\" \/>\n<meta property=\"og:title\" content=\"Un rassemblement contre \u00ab les attaques anti-trans \u00bb \u00e0 Lorient ce dimanche 5 mai - STOURM\" \/>\n<meta property=\"og:description\" content=\"L\u2019association Queer Asso appelle au rassemblement, ce dimanche 5 mai, \u00e0 Lorient pour faire \u00ab front contre les attaques anti-trans \u00bb r\u00e9pondant ainsi \u00e0 un appel national. \u00ab Nous, personnes concern\u00e9es LGBTQIA +, associations et collectifs du Grand Ouest qui luttons au quotidien pour d\u00e9fendre les droits de personnes LGBTQIA +, nous parents, proches ou [&hellip;]\" \/>\n<meta property=\"og:url\" content=\"https:\/\/stourm.news\/?p=1200\" \/>\n<meta property=\"og:site_name\" content=\"STOURM\" \/>\n<meta property=\"article:publisher\" content=\"https:\/\/www.facebook.com\/stourmnews\/\" \/>\n<meta property=\"article:published_time\" content=\"2024-05-01T03:36:39+00:00\" \/>\n<meta property=\"og:image\" content=\"https:\/\/stourm.news\/wp-content\/uploads\/2024\/05\/663102e6cc45d73f333a46f9.jpg\" \/>\n\t<meta property=\"og:image:width\" content=\"960\" \/>\n\t<meta property=\"og:image:height\" content=\"600\" \/>\n\t<meta property=\"og:image:type\" content=\"image\/jpeg\" \/>\n<meta name=\"author\" content=\"La r\u00e9daction\" \/>\n<meta name=\"twitter:card\" content=\"summary_large_image\" \/>\n<meta name=\"twitter:label1\" content=\"\u00c9crit par\" \/>\n\t<meta name=\"twitter:data1\" content=\"La r\u00e9daction\" \/>\n\t<meta name=\"twitter:label2\" content=\"Dur\u00e9e de lecture estim\u00e9e\" \/>\n\t<meta name=\"twitter:data2\" content=\"1 minute\" \/>\n<script type=\"application\/ld+json\" class=\"yoast-schema-graph\">{\"@context\":\"https:\/\/schema.org\",\"@graph\":[{\"@type\":\"Article\",\"@id\":\"https:\/\/stourm.news\/?p=1200#article\",\"isPartOf\":{\"@id\":\"https:\/\/stourm.news\/?p=1200\"},\"author\":{\"name\":\"La r\u00e9daction\",\"@id\":\"https:\/\/stourm.news\/#\/schema\/person\/c3e1dc65988632e190969234ef046cf9\"},\"headline\":\"Un rassemblement contre \u00ab les attaques anti-trans \u00bb \u00e0 Lorient ce dimanche 5 mai\",\"datePublished\":\"2024-05-01T03:36:39+00:00\",\"mainEntityOfPage\":{\"@id\":\"https:\/\/stourm.news\/?p=1200\"},\"wordCount\":118,\"commentCount\":0,\"publisher\":{\"@id\":\"https:\/\/stourm.news\/#organization\"},\"image\":{\"@id\":\"https:\/\/stourm.news\/?p=1200#primaryimage\"},\"thumbnailUrl\":\"https:\/\/stourm.news\/wp-content\/uploads\/2024\/05\/663102e6cc45d73f333a46f9.jpg\",\"articleSection\":[\"Extr\u00eame-gauche\",\"Morbihan\",\"Revue de presse\",\"Soci\u00e9t\u00e9\"],\"inLanguage\":\"fr-FR\",\"potentialAction\":[{\"@type\":\"CommentAction\",\"name\":\"Comment\",\"target\":[\"https:\/\/stourm.news\/?p=1200#respond\"]}]},{\"@type\":\"WebPage\",\"@id\":\"https:\/\/stourm.news\/?p=1200\",\"url\":\"https:\/\/stourm.news\/?p=1200\",\"name\":\"Un rassemblement contre \u00ab les attaques anti-trans \u00bb \u00e0 Lorient ce dimanche 5 mai - STOURM\",\"isPartOf\":{\"@id\":\"https:\/\/stourm.news\/#website\"},\"primaryImageOfPage\":{\"@id\":\"https:\/\/stourm.news\/?p=1200#primaryimage\"},\"image\":{\"@id\":\"https:\/\/stourm.news\/?p=1200#primaryimage\"},\"thumbnailUrl\":\"https:\/\/stourm.news\/wp-content\/uploads\/2024\/05\/663102e6cc45d73f333a46f9.jpg\",\"datePublished\":\"2024-05-01T03:36:39+00:00\",\"breadcrumb\":{\"@id\":\"https:\/\/stourm.news\/?p=1200#breadcrumb\"},\"inLanguage\":\"fr-FR\",\"potentialAction\":[{\"@type\":\"ReadAction\",\"target\":[\"https:\/\/stourm.news\/?p=1200\"]}]},{\"@type\":\"ImageObject\",\"inLanguage\":\"fr-FR\",\"@id\":\"https:\/\/stourm.news\/?p=1200#primaryimage\",\"url\":\"https:\/\/stourm.news\/wp-content\/uploads\/2024\/05\/663102e6cc45d73f333a46f9.jpg\",\"contentUrl\":\"https:\/\/stourm.news\/wp-content\/uploads\/2024\/05\/663102e6cc45d73f333a46f9.jpg\",\"width\":960,\"height\":600,\"caption\":\"epa06745121 A person holds up trans and gender diverse flag during a rally in support of homosexual and transexual rights on the International Day against Homophobia and Transphobia in Berlin, Germany, 17 May 2018. The event wants to draw attention to the struggles and discriminations homosexual and transexual people face in society. The International Day Against Homophobia, Transphobia and Biphobia is being observed across the globe and activists hope it will raise awareness of lesbian, gay, bisexual, and transgender, (LGBT) rights EPA-EFE\/HAYOUNG JEON\"},{\"@type\":\"BreadcrumbList\",\"@id\":\"https:\/\/stourm.news\/?p=1200#breadcrumb\",\"itemListElement\":[{\"@type\":\"ListItem\",\"position\":1,\"name\":\"Accueil\",\"item\":\"https:\/\/stourm.news\/\"},{\"@type\":\"ListItem\",\"position\":2,\"name\":\"Un rassemblement contre \u00ab les attaques anti-trans \u00bb \u00e0 Lorient ce dimanche 5 mai\"}]},{\"@type\":\"WebSite\",\"@id\":\"https:\/\/stourm.news\/#website\",\"url\":\"https:\/\/stourm.news\/\",\"name\":\"Stourm\",\"description\":\"Kazetenn Strollad Broadel Breizh\",\"publisher\":{\"@id\":\"https:\/\/stourm.news\/#organization\"},\"potentialAction\":[{\"@type\":\"SearchAction\",\"target\":{\"@type\":\"EntryPoint\",\"urlTemplate\":\"https:\/\/stourm.news\/?s={search_term_string}\"},\"query-input\":{\"@type\":\"PropertyValueSpecification\",\"valueRequired\":true,\"valueName\":\"search_term_string\"}}],\"inLanguage\":\"fr-FR\"},{\"@type\":\"Organization\",\"@id\":\"https:\/\/stourm.news\/#organization\",\"name\":\"Stourm\",\"url\":\"https:\/\/stourm.news\/\",\"logo\":{\"@type\":\"ImageObject\",\"inLanguage\":\"fr-FR\",\"@id\":\"https:\/\/stourm.news\/#\/schema\/logo\/image\/\",\"url\":\"https:\/\/stourm.news\/wp-content\/uploads\/2025\/11\/cropped-Capture-decran-2025-11-28-a-15.19.07.png\",\"contentUrl\":\"https:\/\/stourm.news\/wp-content\/uploads\/2025\/11\/cropped-Capture-decran-2025-11-28-a-15.19.07.png\",\"width\":1855,\"height\":383,\"caption\":\"Stourm\"},\"image\":{\"@id\":\"https:\/\/stourm.news\/#\/schema\/logo\/image\/\"},\"sameAs\":[\"https:\/\/www.facebook.com\/stourmnews\/\"]},{\"@type\":\"Person\",\"@id\":\"https:\/\/stourm.news\/#\/schema\/person\/c3e1dc65988632e190969234ef046cf9\",\"name\":\"La r\u00e9daction\",\"image\":{\"@type\":\"ImageObject\",\"inLanguage\":\"fr-FR\",\"@id\":\"https:\/\/stourm.news\/#\/schema\/person\/image\/\",\"url\":\"https:\/\/secure.gravatar.com\/avatar\/7463443f194b6b5fb706b074ca0ef59a0cfcfd720cb47764b0ec5a952ce422b3?s=96&d=mm&r=g\",\"contentUrl\":\"https:\/\/secure.gravatar.com\/avatar\/7463443f194b6b5fb706b074ca0ef59a0cfcfd720cb47764b0ec5a952ce422b3?s=96&d=mm&r=g\",\"caption\":\"La r\u00e9daction\"},\"sameAs\":[\"https:\/\/stourm.news\"],\"url\":\"https:\/\/stourm.news\/?author=1\"}]}<\/script>\n<!-- \/ Yoast SEO plugin. -->","yoast_head_json":{"title":"Un rassemblement contre \u00ab les attaques anti-trans \u00bb \u00e0 Lorient ce dimanche 5 mai - STOURM","robots":{"index":"index","follow":"follow","max-snippet":"max-snippet:-1","max-image-preview":"max-image-preview:large","max-video-preview":"max-video-preview:-1"},"canonical":"https:\/\/stourm.news\/?p=1200","og_locale":"fr_FR","og_type":"article","og_title":"Un rassemblement contre \u00ab les attaques anti-trans \u00bb \u00e0 Lorient ce dimanche 5 mai - STOURM","og_description":"L\u2019association Queer Asso appelle au rassemblement, ce dimanche 5 mai, \u00e0 Lorient pour faire \u00ab front contre les attaques anti-trans \u00bb r\u00e9pondant ainsi \u00e0 un appel national. \u00ab Nous, personnes concern\u00e9es LGBTQIA +, associations et collectifs du Grand Ouest qui luttons au quotidien pour d\u00e9fendre les droits de personnes LGBTQIA +, nous parents, proches ou [&hellip;]","og_url":"https:\/\/stourm.news\/?p=1200","og_site_name":"STOURM","article_publisher":"https:\/\/www.facebook.com\/stourmnews\/","article_published_time":"2024-05-01T03:36:39+00:00","og_image":[{"width":960,"height":600,"url":"https:\/\/stourm.news\/wp-content\/uploads\/2024\/05\/663102e6cc45d73f333a46f9.jpg","type":"image\/jpeg"}],"author":"La r\u00e9daction","twitter_card":"summary_large_image","twitter_misc":{"\u00c9crit par":"La r\u00e9daction","Dur\u00e9e de lecture estim\u00e9e":"1 minute"},"schema":{"@context":"https:\/\/schema.org","@graph":[{"@type":"Article","@id":"https:\/\/stourm.news\/?p=1200#article","isPartOf":{"@id":"https:\/\/stourm.news\/?p=1200"},"author":{"name":"La r\u00e9daction","@id":"https:\/\/stourm.news\/#\/schema\/person\/c3e1dc65988632e190969234ef046cf9"},"headline":"Un rassemblement contre \u00ab les attaques anti-trans \u00bb \u00e0 Lorient ce dimanche 5 mai","datePublished":"2024-05-01T03:36:39+00:00","mainEntityOfPage":{"@id":"https:\/\/stourm.news\/?p=1200"},"wordCount":118,"commentCount":0,"publisher":{"@id":"https:\/\/stourm.news\/#organization"},"image":{"@id":"https:\/\/stourm.news\/?p=1200#primaryimage"},"thumbnailUrl":"https:\/\/stourm.news\/wp-content\/uploads\/2024\/05\/663102e6cc45d73f333a46f9.jpg","articleSection":["Extr\u00eame-gauche","Morbihan","Revue de presse","Soci\u00e9t\u00e9"],"inLanguage":"fr-FR","potentialAction":[{"@type":"CommentAction","name":"Comment","target":["https:\/\/stourm.news\/?p=1200#respond"]}]},{"@type":"WebPage","@id":"https:\/\/stourm.news\/?p=1200","url":"https:\/\/stourm.news\/?p=1200","name":"Un rassemblement contre \u00ab les attaques anti-trans \u00bb \u00e0 Lorient ce dimanche 5 mai - STOURM","isPartOf":{"@id":"https:\/\/stourm.news\/#website"},"primaryImageOfPage":{"@id":"https:\/\/stourm.news\/?p=1200#primaryimage"},"image":{"@id":"https:\/\/stourm.news\/?p=1200#primaryimage"},"thumbnailUrl":"https:\/\/stourm.news\/wp-content\/uploads\/2024\/05\/663102e6cc45d73f333a46f9.jpg","datePublished":"2024-05-01T03:36:39+00:00","breadcrumb":{"@id":"https:\/\/stourm.news\/?p=1200#breadcrumb"},"inLanguage":"fr-FR","potentialAction":[{"@type":"ReadAction","target":["https:\/\/stourm.news\/?p=1200"]}]},{"@type":"ImageObject","inLanguage":"fr-FR","@id":"https:\/\/stourm.news\/?p=1200#primaryimage","url":"https:\/\/stourm.news\/wp-content\/uploads\/2024\/05\/663102e6cc45d73f333a46f9.jpg","contentUrl":"https:\/\/stourm.news\/wp-content\/uploads\/2024\/05\/663102e6cc45d73f333a46f9.jpg","width":960,"height":600,"caption":"epa06745121 A person holds up trans and gender diverse flag during a rally in support of homosexual and transexual rights on the International Day against Homophobia and Transphobia in Berlin, Germany, 17 May 2018. The event wants to draw attention to the struggles and discriminations homosexual and transexual people face in society. The International Day Against Homophobia, Transphobia and Biphobia is being observed across the globe and activists hope it will raise awareness of lesbian, gay, bisexual, and transgender, (LGBT) rights EPA-EFE\/HAYOUNG JEON"},{"@type":"BreadcrumbList","@id":"https:\/\/stourm.news\/?p=1200#breadcrumb","itemListElement":[{"@type":"ListItem","position":1,"name":"Accueil","item":"https:\/\/stourm.news\/"},{"@type":"ListItem","position":2,"name":"Un rassemblement contre \u00ab les attaques anti-trans \u00bb \u00e0 Lorient ce dimanche 5 mai"}]},{"@type":"WebSite","@id":"https:\/\/stourm.news\/#website","url":"https:\/\/stourm.news\/","name":"Stourm","description":"Kazetenn Strollad Broadel Breizh","publisher":{"@id":"https:\/\/stourm.news\/#organization"},"potentialAction":[{"@type":"SearchAction","target":{"@type":"EntryPoint","urlTemplate":"https:\/\/stourm.news\/?s={search_term_string}"},"query-input":{"@type":"PropertyValueSpecification","valueRequired":true,"valueName":"search_term_string"}}],"inLanguage":"fr-FR"},{"@type":"Organization","@id":"https:\/\/stourm.news\/#organization","name":"Stourm","url":"https:\/\/stourm.news\/","logo":{"@type":"ImageObject","inLanguage":"fr-FR","@id":"https:\/\/stourm.news\/#\/schema\/logo\/image\/","url":"https:\/\/stourm.news\/wp-content\/uploads\/2025\/11\/cropped-Capture-decran-2025-11-28-a-15.19.07.png","contentUrl":"https:\/\/stourm.news\/wp-content\/uploads\/2025\/11\/cropped-Capture-decran-2025-11-28-a-15.19.07.png","width":1855,"height":383,"caption":"Stourm"},"image":{"@id":"https:\/\/stourm.news\/#\/schema\/logo\/image\/"},"sameAs":["https:\/\/www.facebook.com\/stourmnews\/"]},{"@type":"Person","@id":"https:\/\/stourm.news\/#\/schema\/person\/c3e1dc65988632e190969234ef046cf9","name":"La r\u00e9daction","image":{"@type":"ImageObject","inLanguage":"fr-FR","@id":"https:\/\/stourm.news\/#\/schema\/person\/image\/","url":"https:\/\/secure.gravatar.com\/avatar\/7463443f194b6b5fb706b074ca0ef59a0cfcfd720cb47764b0ec5a952ce422b3?s=96&d=mm&r=g","contentUrl":"https:\/\/secure.gravatar.com\/avatar\/7463443f194b6b5fb706b074ca0ef59a0cfcfd720cb47764b0ec5a952ce422b3?s=96&d=mm&r=g","caption":"La r\u00e9daction"},"sameAs":["https:\/\/stourm.news"],"url":"https:\/\/stourm.news\/?author=1"}]}},"_links":{"self":[{"href":"https:\/\/stourm.news\/index.php?rest_route=\/wp\/v2\/posts\/1200","targetHints":{"allow":["GET"]}}],"collection":[{"href":"https:\/\/stourm.news\/index.php?rest_route=\/wp\/v2\/posts"}],"about":[{"href":"https:\/\/stourm.news\/index.php?rest_route=\/wp\/v2\/types\/post"}],"author":[{"embeddable":true,"href":"https:\/\/stourm.news\/index.php?rest_route=\/wp\/v2\/users\/1"}],"replies":[{"embeddable":true,"href":"https:\/\/stourm.news\/index.php?rest_route=%2Fwp%2Fv2%2Fcomments&post=1200"}],"version-history":[{"count":1,"href":"https:\/\/stourm.news\/index.php?rest_route=\/wp\/v2\/posts\/1200\/revisions"}],"predecessor-version":[{"id":1202,"href":"https:\/\/stourm.news\/index.php?rest_route=\/wp\/v2\/posts\/1200\/revisions\/1202"}],"wp:featuredmedia":[{"embeddable":true,"href":"https:\/\/stourm.news\/index.php?rest_route=\/wp\/v2\/media\/1201"}],"wp:attachment":[{"href":"https:\/\/stourm.news\/index.php?rest_route=%2Fwp%2Fv2%2Fmedia&parent=1200"}],"wp:term":[{"taxonomy":"category","embeddable":true,"href":"https:\/\/stourm.news\/index.php?rest_route=%2Fwp%2Fv2%2Fcategories&post=1200"},{"taxonomy":"post_tag","embeddable":true,"href":"https:\/\/stourm.news\/index.php?rest_route=%2Fwp%2Fv2%2Ftags&post=1200"}],"curies":[{"name":"wp","href":"https:\/\/api.w.org\/{rel}","templated":true}]}}