{"id":1204,"date":"2024-05-01T03:43:20","date_gmt":"2024-05-01T03:43:20","guid":{"rendered":"https:\/\/stourm.news\/?p=1204"},"modified":"2024-05-01T03:43:20","modified_gmt":"2024-05-01T03:43:20","slug":"brest-lelu-socialiste-hosny-trabelsi-nie-fermement-les-accusations-dagressions-sexuelles","status":"publish","type":"post","link":"https:\/\/stourm.news\/?p=1204","title":{"rendered":"Brest : l\u2019\u00e9lu socialiste Hosny Trabelsi \u00ab nie fermement les accusations \u00bb d\u2019agressions sexuelles"},"content":{"rendered":"<p style=\"text-align: justify;\">Poursuivi pour agression sexuelle, l\u2019\u00e9lu brestois Hosny Trabelsi r\u00e9serve ses d\u00e9clarations au tribunal correctionnel, o\u00f9 il est convoqu\u00e9 le 24 juin 2024. Son conseil, Elma Kraisnik, assure qu\u2019il nie fermement les accusations.<\/p>\n<p style=\"text-align: justify;\">Maire-adjoint du quartier de l\u2019Europe depuis 2001, l\u2019\u00e9lu socialiste brestois Hosny Trabelsi est dans la tourmente depuis ce jeudi 7 mars 2024 et la r\u00e9v\u00e9lation des poursuites pour agression sexuelle dont il fait l\u2019objet.<\/p>\n<p>Source : <a href=\"https:\/\/www.letelegramme.fr\/finistere\/brest-29200\/lelu-brestois-hosny-trabelsi-nie-fermement-les-accusations-dagressions-sexuelles-6539891.php\">Le T\u00e9l\u00e9gramme<\/a><\/p>\n","protected":false},"excerpt":{"rendered":"<p>Poursuivi pour agression sexuelle, l\u2019\u00e9lu brestois Hosny Trabelsi r\u00e9serve ses d\u00e9clarations au tribunal correctionnel, o\u00f9 il est convoqu\u00e9 le 24 juin 2024. Son conseil, Elma Kraisnik, assure qu\u2019il nie fermement les accusations. Maire-adjoint du quartier de l\u2019Europe depuis 2001, l\u2019\u00e9lu socialiste brestois Hosny Trabelsi est dans la tourmente depuis ce jeudi 7 mars 2024 et [&hellip;]<\/p>\n","protected":false},"author":1,"featured_media":1205,"comment_status":"open","ping_status":"open","sticky":false,"template":"","format":"standard","meta":{"sb_editor_width":"","footnotes":""},"categories":[34,38,62],"tags":[],"class_list":["post-1204","post","type-post","status-publish","format-standard","has-post-thumbnail","hentry","category-agression-sexuelle","category-finistere","category-revue-de-presse"],"relative_dates":{"created":"2 ans ago","modified":"2 ans ago"},"yoast_head":"<!-- This site is optimized with the Yoast SEO plugin v26.3 - https:\/\/yoast.com\/wordpress\/plugins\/seo\/ -->\n<title>Brest : l\u2019\u00e9lu socialiste Hosny Trabelsi \u00ab nie fermement les accusations \u00bb d\u2019agressions sexuelles - STOURM<\/title>\n<meta name=\"robots\" content=\"index, follow, max-snippet:-1, max-image-preview:large, max-video-preview:-1\" \/>\n<link rel=\"canonical\" href=\"https:\/\/stourm.news\/?p=1204\" \/>\n<meta property=\"og:locale\" content=\"fr_FR\" \/>\n<meta property=\"og:type\" content=\"article\" \/>\n<meta property=\"og:title\" content=\"Brest : l\u2019\u00e9lu socialiste Hosny Trabelsi \u00ab nie fermement les accusations \u00bb d\u2019agressions sexuelles - STOURM\" \/>\n<meta property=\"og:description\" content=\"Poursuivi pour agression sexuelle, l\u2019\u00e9lu brestois Hosny Trabelsi r\u00e9serve ses d\u00e9clarations au tribunal correctionnel, o\u00f9 il est convoqu\u00e9 le 24 juin 2024. Son conseil, Elma Kraisnik, assure qu\u2019il nie fermement les accusations. Maire-adjoint du quartier de l\u2019Europe depuis 2001, l\u2019\u00e9lu socialiste brestois Hosny Trabelsi est dans la tourmente depuis ce jeudi 7 mars 2024 et [&hellip;]\" \/>\n<meta property=\"og:url\" content=\"https:\/\/stourm.news\/?p=1204\" \/>\n<meta property=\"og:site_name\" content=\"STOURM\" \/>\n<meta property=\"article:publisher\" content=\"https:\/\/www.facebook.com\/stourmnews\/\" \/>\n<meta property=\"article:published_time\" content=\"2024-05-01T03:43:20+00:00\" \/>\n<meta property=\"og:image\" content=\"https:\/\/stourm.news\/wp-content\/uploads\/2024\/05\/65eb439a6044ce152147450f.jpg\" \/>\n\t<meta property=\"og:image:width\" content=\"960\" \/>\n\t<meta property=\"og:image:height\" content=\"600\" \/>\n\t<meta property=\"og:image:type\" content=\"image\/jpeg\" \/>\n<meta name=\"author\" content=\"La r\u00e9daction\" \/>\n<meta name=\"twitter:card\" content=\"summary_large_image\" \/>\n<meta name=\"twitter:label1\" content=\"\u00c9crit par\" \/>\n\t<meta name=\"twitter:data1\" content=\"La r\u00e9daction\" \/>\n\t<meta name=\"twitter:label2\" content=\"Dur\u00e9e de lecture estim\u00e9e\" \/>\n\t<meta name=\"twitter:data2\" content=\"1 minute\" \/>\n<script type=\"application\/ld+json\" class=\"yoast-schema-graph\">{\"@context\":\"https:\/\/schema.org\",\"@graph\":[{\"@type\":\"Article\",\"@id\":\"https:\/\/stourm.news\/?p=1204#article\",\"isPartOf\":{\"@id\":\"https:\/\/stourm.news\/?p=1204\"},\"author\":{\"name\":\"La r\u00e9daction\",\"@id\":\"https:\/\/stourm.news\/#\/schema\/person\/c3e1dc65988632e190969234ef046cf9\"},\"headline\":\"Brest : l\u2019\u00e9lu socialiste Hosny Trabelsi \u00ab nie fermement les accusations \u00bb d\u2019agressions sexuelles\",\"datePublished\":\"2024-05-01T03:43:20+00:00\",\"mainEntityOfPage\":{\"@id\":\"https:\/\/stourm.news\/?p=1204\"},\"wordCount\":88,\"commentCount\":0,\"publisher\":{\"@id\":\"https:\/\/stourm.news\/#organization\"},\"image\":{\"@id\":\"https:\/\/stourm.news\/?p=1204#primaryimage\"},\"thumbnailUrl\":\"https:\/\/stourm.news\/wp-content\/uploads\/2024\/05\/65eb439a6044ce152147450f.jpg\",\"articleSection\":[\"Agression sexuelle\",\"Finist\u00e8re\",\"Revue de presse\"],\"inLanguage\":\"fr-FR\",\"potentialAction\":[{\"@type\":\"CommentAction\",\"name\":\"Comment\",\"target\":[\"https:\/\/stourm.news\/?p=1204#respond\"]}]},{\"@type\":\"WebPage\",\"@id\":\"https:\/\/stourm.news\/?p=1204\",\"url\":\"https:\/\/stourm.news\/?p=1204\",\"name\":\"Brest : l\u2019\u00e9lu socialiste Hosny Trabelsi \u00ab nie fermement les accusations \u00bb d\u2019agressions sexuelles - STOURM\",\"isPartOf\":{\"@id\":\"https:\/\/stourm.news\/#website\"},\"primaryImageOfPage\":{\"@id\":\"https:\/\/stourm.news\/?p=1204#primaryimage\"},\"image\":{\"@id\":\"https:\/\/stourm.news\/?p=1204#primaryimage\"},\"thumbnailUrl\":\"https:\/\/stourm.news\/wp-content\/uploads\/2024\/05\/65eb439a6044ce152147450f.jpg\",\"datePublished\":\"2024-05-01T03:43:20+00:00\",\"breadcrumb\":{\"@id\":\"https:\/\/stourm.news\/?p=1204#breadcrumb\"},\"inLanguage\":\"fr-FR\",\"potentialAction\":[{\"@type\":\"ReadAction\",\"target\":[\"https:\/\/stourm.news\/?p=1204\"]}]},{\"@type\":\"ImageObject\",\"inLanguage\":\"fr-FR\",\"@id\":\"https:\/\/stourm.news\/?p=1204#primaryimage\",\"url\":\"https:\/\/stourm.news\/wp-content\/uploads\/2024\/05\/65eb439a6044ce152147450f.jpg\",\"contentUrl\":\"https:\/\/stourm.news\/wp-content\/uploads\/2024\/05\/65eb439a6044ce152147450f.jpg\",\"width\":960,\"height\":600},{\"@type\":\"BreadcrumbList\",\"@id\":\"https:\/\/stourm.news\/?p=1204#breadcrumb\",\"itemListElement\":[{\"@type\":\"ListItem\",\"position\":1,\"name\":\"Accueil\",\"item\":\"https:\/\/stourm.news\/\"},{\"@type\":\"ListItem\",\"position\":2,\"name\":\"Brest : l\u2019\u00e9lu socialiste Hosny Trabelsi \u00ab nie fermement les accusations \u00bb d\u2019agressions sexuelles\"}]},{\"@type\":\"WebSite\",\"@id\":\"https:\/\/stourm.news\/#website\",\"url\":\"https:\/\/stourm.news\/\",\"name\":\"Stourm\",\"description\":\"Kazetenn Strollad Broadel Breizh\",\"publisher\":{\"@id\":\"https:\/\/stourm.news\/#organization\"},\"potentialAction\":[{\"@type\":\"SearchAction\",\"target\":{\"@type\":\"EntryPoint\",\"urlTemplate\":\"https:\/\/stourm.news\/?s={search_term_string}\"},\"query-input\":{\"@type\":\"PropertyValueSpecification\",\"valueRequired\":true,\"valueName\":\"search_term_string\"}}],\"inLanguage\":\"fr-FR\"},{\"@type\":\"Organization\",\"@id\":\"https:\/\/stourm.news\/#organization\",\"name\":\"Stourm\",\"url\":\"https:\/\/stourm.news\/\",\"logo\":{\"@type\":\"ImageObject\",\"inLanguage\":\"fr-FR\",\"@id\":\"https:\/\/stourm.news\/#\/schema\/logo\/image\/\",\"url\":\"https:\/\/stourm.news\/wp-content\/uploads\/2025\/11\/cropped-Capture-decran-2025-11-28-a-15.19.07.png\",\"contentUrl\":\"https:\/\/stourm.news\/wp-content\/uploads\/2025\/11\/cropped-Capture-decran-2025-11-28-a-15.19.07.png\",\"width\":1855,\"height\":383,\"caption\":\"Stourm\"},\"image\":{\"@id\":\"https:\/\/stourm.news\/#\/schema\/logo\/image\/\"},\"sameAs\":[\"https:\/\/www.facebook.com\/stourmnews\/\"]},{\"@type\":\"Person\",\"@id\":\"https:\/\/stourm.news\/#\/schema\/person\/c3e1dc65988632e190969234ef046cf9\",\"name\":\"La r\u00e9daction\",\"image\":{\"@type\":\"ImageObject\",\"inLanguage\":\"fr-FR\",\"@id\":\"https:\/\/stourm.news\/#\/schema\/person\/image\/\",\"url\":\"https:\/\/secure.gravatar.com\/avatar\/7463443f194b6b5fb706b074ca0ef59a0cfcfd720cb47764b0ec5a952ce422b3?s=96&d=mm&r=g\",\"contentUrl\":\"https:\/\/secure.gravatar.com\/avatar\/7463443f194b6b5fb706b074ca0ef59a0cfcfd720cb47764b0ec5a952ce422b3?s=96&d=mm&r=g\",\"caption\":\"La r\u00e9daction\"},\"sameAs\":[\"https:\/\/stourm.news\"],\"url\":\"https:\/\/stourm.news\/?author=1\"}]}<\/script>\n<!-- \/ Yoast SEO plugin. -->","yoast_head_json":{"title":"Brest : l\u2019\u00e9lu socialiste Hosny Trabelsi \u00ab nie fermement les accusations \u00bb d\u2019agressions sexuelles - STOURM","robots":{"index":"index","follow":"follow","max-snippet":"max-snippet:-1","max-image-preview":"max-image-preview:large","max-video-preview":"max-video-preview:-1"},"canonical":"https:\/\/stourm.news\/?p=1204","og_locale":"fr_FR","og_type":"article","og_title":"Brest : l\u2019\u00e9lu socialiste Hosny Trabelsi \u00ab nie fermement les accusations \u00bb d\u2019agressions sexuelles - STOURM","og_description":"Poursuivi pour agression sexuelle, l\u2019\u00e9lu brestois Hosny Trabelsi r\u00e9serve ses d\u00e9clarations au tribunal correctionnel, o\u00f9 il est convoqu\u00e9 le 24 juin 2024. Son conseil, Elma Kraisnik, assure qu\u2019il nie fermement les accusations. Maire-adjoint du quartier de l\u2019Europe depuis 2001, l\u2019\u00e9lu socialiste brestois Hosny Trabelsi est dans la tourmente depuis ce jeudi 7 mars 2024 et [&hellip;]","og_url":"https:\/\/stourm.news\/?p=1204","og_site_name":"STOURM","article_publisher":"https:\/\/www.facebook.com\/stourmnews\/","article_published_time":"2024-05-01T03:43:20+00:00","og_image":[{"width":960,"height":600,"url":"https:\/\/stourm.news\/wp-content\/uploads\/2024\/05\/65eb439a6044ce152147450f.jpg","type":"image\/jpeg"}],"author":"La r\u00e9daction","twitter_card":"summary_large_image","twitter_misc":{"\u00c9crit par":"La r\u00e9daction","Dur\u00e9e de lecture estim\u00e9e":"1 minute"},"schema":{"@context":"https:\/\/schema.org","@graph":[{"@type":"Article","@id":"https:\/\/stourm.news\/?p=1204#article","isPartOf":{"@id":"https:\/\/stourm.news\/?p=1204"},"author":{"name":"La r\u00e9daction","@id":"https:\/\/stourm.news\/#\/schema\/person\/c3e1dc65988632e190969234ef046cf9"},"headline":"Brest : l\u2019\u00e9lu socialiste Hosny Trabelsi \u00ab nie fermement les accusations \u00bb d\u2019agressions sexuelles","datePublished":"2024-05-01T03:43:20+00:00","mainEntityOfPage":{"@id":"https:\/\/stourm.news\/?p=1204"},"wordCount":88,"commentCount":0,"publisher":{"@id":"https:\/\/stourm.news\/#organization"},"image":{"@id":"https:\/\/stourm.news\/?p=1204#primaryimage"},"thumbnailUrl":"https:\/\/stourm.news\/wp-content\/uploads\/2024\/05\/65eb439a6044ce152147450f.jpg","articleSection":["Agression sexuelle","Finist\u00e8re","Revue de presse"],"inLanguage":"fr-FR","potentialAction":[{"@type":"CommentAction","name":"Comment","target":["https:\/\/stourm.news\/?p=1204#respond"]}]},{"@type":"WebPage","@id":"https:\/\/stourm.news\/?p=1204","url":"https:\/\/stourm.news\/?p=1204","name":"Brest : l\u2019\u00e9lu socialiste Hosny Trabelsi \u00ab nie fermement les accusations \u00bb d\u2019agressions sexuelles - STOURM","isPartOf":{"@id":"https:\/\/stourm.news\/#website"},"primaryImageOfPage":{"@id":"https:\/\/stourm.news\/?p=1204#primaryimage"},"image":{"@id":"https:\/\/stourm.news\/?p=1204#primaryimage"},"thumbnailUrl":"https:\/\/stourm.news\/wp-content\/uploads\/2024\/05\/65eb439a6044ce152147450f.jpg","datePublished":"2024-05-01T03:43:20+00:00","breadcrumb":{"@id":"https:\/\/stourm.news\/?p=1204#breadcrumb"},"inLanguage":"fr-FR","potentialAction":[{"@type":"ReadAction","target":["https:\/\/stourm.news\/?p=1204"]}]},{"@type":"ImageObject","inLanguage":"fr-FR","@id":"https:\/\/stourm.news\/?p=1204#primaryimage","url":"https:\/\/stourm.news\/wp-content\/uploads\/2024\/05\/65eb439a6044ce152147450f.jpg","contentUrl":"https:\/\/stourm.news\/wp-content\/uploads\/2024\/05\/65eb439a6044ce152147450f.jpg","width":960,"height":600},{"@type":"BreadcrumbList","@id":"https:\/\/stourm.news\/?p=1204#breadcrumb","itemListElement":[{"@type":"ListItem","position":1,"name":"Accueil","item":"https:\/\/stourm.news\/"},{"@type":"ListItem","position":2,"name":"Brest : l\u2019\u00e9lu socialiste Hosny Trabelsi \u00ab nie fermement les accusations \u00bb d\u2019agressions sexuelles"}]},{"@type":"WebSite","@id":"https:\/\/stourm.news\/#website","url":"https:\/\/stourm.news\/","name":"Stourm","description":"Kazetenn Strollad Broadel Breizh","publisher":{"@id":"https:\/\/stourm.news\/#organization"},"potentialAction":[{"@type":"SearchAction","target":{"@type":"EntryPoint","urlTemplate":"https:\/\/stourm.news\/?s={search_term_string}"},"query-input":{"@type":"PropertyValueSpecification","valueRequired":true,"valueName":"search_term_string"}}],"inLanguage":"fr-FR"},{"@type":"Organization","@id":"https:\/\/stourm.news\/#organization","name":"Stourm","url":"https:\/\/stourm.news\/","logo":{"@type":"ImageObject","inLanguage":"fr-FR","@id":"https:\/\/stourm.news\/#\/schema\/logo\/image\/","url":"https:\/\/stourm.news\/wp-content\/uploads\/2025\/11\/cropped-Capture-decran-2025-11-28-a-15.19.07.png","contentUrl":"https:\/\/stourm.news\/wp-content\/uploads\/2025\/11\/cropped-Capture-decran-2025-11-28-a-15.19.07.png","width":1855,"height":383,"caption":"Stourm"},"image":{"@id":"https:\/\/stourm.news\/#\/schema\/logo\/image\/"},"sameAs":["https:\/\/www.facebook.com\/stourmnews\/"]},{"@type":"Person","@id":"https:\/\/stourm.news\/#\/schema\/person\/c3e1dc65988632e190969234ef046cf9","name":"La r\u00e9daction","image":{"@type":"ImageObject","inLanguage":"fr-FR","@id":"https:\/\/stourm.news\/#\/schema\/person\/image\/","url":"https:\/\/secure.gravatar.com\/avatar\/7463443f194b6b5fb706b074ca0ef59a0cfcfd720cb47764b0ec5a952ce422b3?s=96&d=mm&r=g","contentUrl":"https:\/\/secure.gravatar.com\/avatar\/7463443f194b6b5fb706b074ca0ef59a0cfcfd720cb47764b0ec5a952ce422b3?s=96&d=mm&r=g","caption":"La r\u00e9daction"},"sameAs":["https:\/\/stourm.news"],"url":"https:\/\/stourm.news\/?author=1"}]}},"_links":{"self":[{"href":"https:\/\/stourm.news\/index.php?rest_route=\/wp\/v2\/posts\/1204","targetHints":{"allow":["GET"]}}],"collection":[{"href":"https:\/\/stourm.news\/index.php?rest_route=\/wp\/v2\/posts"}],"about":[{"href":"https:\/\/stourm.news\/index.php?rest_route=\/wp\/v2\/types\/post"}],"author":[{"embeddable":true,"href":"https:\/\/stourm.news\/index.php?rest_route=\/wp\/v2\/users\/1"}],"replies":[{"embeddable":true,"href":"https:\/\/stourm.news\/index.php?rest_route=%2Fwp%2Fv2%2Fcomments&post=1204"}],"version-history":[{"count":1,"href":"https:\/\/stourm.news\/index.php?rest_route=\/wp\/v2\/posts\/1204\/revisions"}],"predecessor-version":[{"id":1206,"href":"https:\/\/stourm.news\/index.php?rest_route=\/wp\/v2\/posts\/1204\/revisions\/1206"}],"wp:featuredmedia":[{"embeddable":true,"href":"https:\/\/stourm.news\/index.php?rest_route=\/wp\/v2\/media\/1205"}],"wp:attachment":[{"href":"https:\/\/stourm.news\/index.php?rest_route=%2Fwp%2Fv2%2Fmedia&parent=1204"}],"wp:term":[{"taxonomy":"category","embeddable":true,"href":"https:\/\/stourm.news\/index.php?rest_route=%2Fwp%2Fv2%2Fcategories&post=1204"},{"taxonomy":"post_tag","embeddable":true,"href":"https:\/\/stourm.news\/index.php?rest_route=%2Fwp%2Fv2%2Ftags&post=1204"}],"curies":[{"name":"wp","href":"https:\/\/api.w.org\/{rel}","templated":true}]}}