{"id":1214,"date":"2024-05-01T16:29:36","date_gmt":"2024-05-01T16:29:36","guid":{"rendered":"https:\/\/stourm.news\/?p=1214"},"modified":"2024-05-01T16:43:11","modified_gmt":"2024-05-01T16:43:11","slug":"nantes-pour-le-1er-mai-lultra-gauche-saccage-le-centre-ville-videos","status":"publish","type":"post","link":"https:\/\/stourm.news\/?p=1214","title":{"rendered":"Nantes : pour le 1er mai, l&rsquo;ultra-gauche saccage le centre-ville (vid\u00e9os)"},"content":{"rendered":"<p style=\"text-align: justify;\">Lors du d\u00e9fil\u00e9 du 1er mai, \u00e0 Nantes, 300 individus d&rsquo;ultra-gauche ont vandalis\u00e9 le centre-ville, d\u00e9gradant de nombreux commerces.<\/p>\n<blockquote class=\"twitter-tweet\">\n<p dir=\"ltr\" lang=\"fr\">Cette fois-ci, une bagarre a \u00e9clat\u00e9 en marge de la manifestation. L&rsquo;un des individus aurait une arme blanche et serait recherch\u00e9 par la police dans les rues de Bouffay. Le contexte est encore incertain quant \u00e0 l&rsquo;origine de l&rsquo;altercation.<a href=\"https:\/\/twitter.com\/hashtag\/Nantes?src=hash&amp;ref_src=twsrc%5Etfw\">#Nantes<\/a> <a href=\"https:\/\/t.co\/LI8qJvZ2eE\">pic.twitter.com\/LI8qJvZ2eE<\/a><\/p>\n<p>\u2014 INF Nantes (@InfNantes) <a href=\"https:\/\/twitter.com\/InfNantes\/status\/1785645836593975675?ref_src=twsrc%5Etfw\">May 1, 2024<\/a><\/p><\/blockquote>\n<p><script async src=\"https:\/\/platform.twitter.com\/widgets.js\" charset=\"utf-8\"><\/script><\/p>\n<blockquote class=\"twitter-tweet\">\n<p dir=\"ltr\" lang=\"fr\">Nouvelles tensions \u00e0 Nantes avec les forces de l\u2019ordre, utilisation de gaz lacrymog\u00e8nes. L\u2019ambiance est tendue apr\u00e8s que des habitants ont jet\u00e9 des projectiles sur des manifestants.<a href=\"https:\/\/twitter.com\/hashtag\/Nantes?src=hash&amp;ref_src=twsrc%5Etfw\">#Nantes<\/a> <a href=\"https:\/\/twitter.com\/hashtag\/1ermai?src=hash&amp;ref_src=twsrc%5Etfw\">#1ermai<\/a> <a href=\"https:\/\/t.co\/kBiOAmVx7L\">pic.twitter.com\/kBiOAmVx7L<\/a><\/p>\n<p>\u2014 INF Nantes (@InfNantes) <a href=\"https:\/\/twitter.com\/InfNantes\/status\/1785642773602799945?ref_src=twsrc%5Etfw\">May 1, 2024<\/a><\/p><\/blockquote>\n<p><script async src=\"https:\/\/platform.twitter.com\/widgets.js\" charset=\"utf-8\"><\/script><\/p>\n<blockquote class=\"twitter-tweet\">\n<p dir=\"ltr\" lang=\"fr\">Une Banque Populaire est pris pour cible, pr\u00e8s de 200 \u00e0 300 personnes sont dans le Black Bloc.<a href=\"https:\/\/twitter.com\/hashtag\/Nantes?src=hash&amp;ref_src=twsrc%5Etfw\">#Nantes<\/a> <a href=\"https:\/\/twitter.com\/hashtag\/1ermai?src=hash&amp;ref_src=twsrc%5Etfw\">#1ermai<\/a> <a href=\"https:\/\/t.co\/vxl88leV6m\">pic.twitter.com\/vxl88leV6m<\/a><\/p>\n<p>\u2014 INF Nantes (@InfNantes) <a href=\"https:\/\/twitter.com\/InfNantes\/status\/1785621874325573997?ref_src=twsrc%5Etfw\">May 1, 2024<\/a><\/p><\/blockquote>\n<p><script async src=\"https:\/\/platform.twitter.com\/widgets.js\" charset=\"utf-8\"><\/script><\/p>\n<blockquote class=\"twitter-tweet\">\n<p dir=\"ltr\" lang=\"fr\">Et maintenant, c\u2019est un Leclerc qui est pris pour cible. Aucun magasin ne s\u2019\u00e9tait barricad\u00e9 et pr\u00e9par\u00e9 face \u00e0 la manifestation, qui est plus importante que pr\u00e9vu.<a href=\"https:\/\/twitter.com\/hashtag\/Nantes?src=hash&amp;ref_src=twsrc%5Etfw\">#Nantes<\/a> <a href=\"https:\/\/twitter.com\/hashtag\/1ermai?src=hash&amp;ref_src=twsrc%5Etfw\">#1ermai<\/a> <a href=\"https:\/\/t.co\/xSjPEkeRjP\">pic.twitter.com\/xSjPEkeRjP<\/a><\/p>\n<p>\u2014 INF Nantes (@InfNantes) <a href=\"https:\/\/twitter.com\/InfNantes\/status\/1785621171418886561?ref_src=twsrc%5Etfw\">May 1, 2024<\/a><\/p><\/blockquote>\n<p><script async src=\"https:\/\/platform.twitter.com\/widgets.js\" charset=\"utf-8\"><\/script><\/p>\n<blockquote class=\"twitter-tweet\">\n<p dir=\"ltr\" lang=\"fr\">Un Carrefour est pris pour cible par le black bloc \u00e0 <a href=\"https:\/\/twitter.com\/hashtag\/Nantes?src=hash&amp;ref_src=twsrc%5Etfw\">#Nantes<\/a>.<a href=\"https:\/\/twitter.com\/hashtag\/1ermai?src=hash&amp;ref_src=twsrc%5Etfw\">#1ermai<\/a> <a href=\"https:\/\/t.co\/MO3yZfjmUd\">pic.twitter.com\/MO3yZfjmUd<\/a><\/p>\n<p>\u2014 INF Nantes (@InfNantes) <a href=\"https:\/\/twitter.com\/InfNantes\/status\/1785616759254327523?ref_src=twsrc%5Etfw\">May 1, 2024<\/a><\/p><\/blockquote>\n<p><script async src=\"https:\/\/platform.twitter.com\/widgets.js\" charset=\"utf-8\"><\/script><\/p>\n<blockquote class=\"twitter-tweet\">\n<p dir=\"ltr\" lang=\"fr\">Un cr\u00e9dit agricole est attaqu\u00e9 \u00e0 <a href=\"https:\/\/twitter.com\/hashtag\/Nantes?src=hash&amp;ref_src=twsrc%5Etfw\">#Nantes<\/a> pour le <a href=\"https:\/\/twitter.com\/hashtag\/1erMai?src=hash&amp;ref_src=twsrc%5Etfw\">#1erMai<\/a>.<\/p>\n<p>Un black-bloc avec une centaine de personne s\u2019est form\u00e9. <a href=\"https:\/\/twitter.com\/hashtag\/FeteDuTravail?src=hash&amp;ref_src=twsrc%5Etfw\">#FeteDuTravail<\/a> <a href=\"https:\/\/t.co\/NHED8O7Kor\">pic.twitter.com\/NHED8O7Kor<\/a><\/p>\n<p>\u2014 INF Nantes (@InfNantes) <a href=\"https:\/\/twitter.com\/InfNantes\/status\/1785610077824512394?ref_src=twsrc%5Etfw\">May 1, 2024<\/a><\/p><\/blockquote>\n<p><script async src=\"https:\/\/platform.twitter.com\/widgets.js\" charset=\"utf-8\"><\/script><\/p>\n","protected":false},"excerpt":{"rendered":"<p>Lors du d\u00e9fil\u00e9 du 1er mai, \u00e0 Nantes, 300 individus d&rsquo;ultra-gauche ont vandalis\u00e9 le centre-ville, d\u00e9gradant de nombreux commerces. Cette fois-ci, une bagarre a \u00e9clat\u00e9 en marge de la manifestation. L&rsquo;un des individus aurait une arme blanche et serait recherch\u00e9 par la police dans les rues de Bouffay. Le contexte est encore incertain quant \u00e0 [&hellip;]<\/p>\n","protected":false},"author":1,"featured_media":1217,"comment_status":"open","ping_status":"open","sticky":false,"template":"","format":"standard","meta":{"sb_editor_width":"","footnotes":""},"categories":[36,42,62],"tags":[],"class_list":["post-1214","post","type-post","status-publish","format-standard","has-post-thumbnail","hentry","category-extreme-gauche","category-loire-atlantique","category-revue-de-presse"],"relative_dates":{"created":"2 ans ago","modified":"2 ans ago"},"yoast_head":"<!-- This site is optimized with the Yoast SEO plugin v26.3 - https:\/\/yoast.com\/wordpress\/plugins\/seo\/ -->\n<title>Nantes : pour le 1er mai, l&#039;ultra-gauche saccage le centre-ville (vid\u00e9os) - STOURM<\/title>\n<meta name=\"robots\" content=\"index, follow, max-snippet:-1, max-image-preview:large, max-video-preview:-1\" \/>\n<link rel=\"canonical\" href=\"https:\/\/stourm.news\/?p=1214\" \/>\n<meta property=\"og:locale\" content=\"fr_FR\" \/>\n<meta property=\"og:type\" content=\"article\" \/>\n<meta property=\"og:title\" content=\"Nantes : pour le 1er mai, l&#039;ultra-gauche saccage le centre-ville (vid\u00e9os) - STOURM\" \/>\n<meta property=\"og:description\" content=\"Lors du d\u00e9fil\u00e9 du 1er mai, \u00e0 Nantes, 300 individus d&rsquo;ultra-gauche ont vandalis\u00e9 le centre-ville, d\u00e9gradant de nombreux commerces. Cette fois-ci, une bagarre a \u00e9clat\u00e9 en marge de la manifestation. L&rsquo;un des individus aurait une arme blanche et serait recherch\u00e9 par la police dans les rues de Bouffay. Le contexte est encore incertain quant \u00e0 [&hellip;]\" \/>\n<meta property=\"og:url\" content=\"https:\/\/stourm.news\/?p=1214\" \/>\n<meta property=\"og:site_name\" content=\"STOURM\" \/>\n<meta property=\"article:publisher\" content=\"https:\/\/www.facebook.com\/stourmnews\/\" \/>\n<meta property=\"article:published_time\" content=\"2024-05-01T16:29:36+00:00\" \/>\n<meta property=\"article:modified_time\" content=\"2024-05-01T16:43:11+00:00\" \/>\n<meta property=\"og:image\" content=\"https:\/\/stourm.news\/wp-content\/uploads\/2024\/05\/Capture-decran-2007.png\" \/>\n\t<meta property=\"og:image:width\" content=\"835\" \/>\n\t<meta property=\"og:image:height\" content=\"517\" \/>\n\t<meta property=\"og:image:type\" content=\"image\/png\" \/>\n<meta name=\"author\" content=\"La r\u00e9daction\" \/>\n<meta name=\"twitter:card\" content=\"summary_large_image\" \/>\n<meta name=\"twitter:label1\" content=\"\u00c9crit par\" \/>\n\t<meta name=\"twitter:data1\" content=\"La r\u00e9daction\" \/>\n\t<meta name=\"twitter:label2\" content=\"Dur\u00e9e de lecture estim\u00e9e\" \/>\n\t<meta name=\"twitter:data2\" content=\"1 minute\" \/>\n<script type=\"application\/ld+json\" class=\"yoast-schema-graph\">{\"@context\":\"https:\/\/schema.org\",\"@graph\":[{\"@type\":\"Article\",\"@id\":\"https:\/\/stourm.news\/?p=1214#article\",\"isPartOf\":{\"@id\":\"https:\/\/stourm.news\/?p=1214\"},\"author\":{\"name\":\"La r\u00e9daction\",\"@id\":\"https:\/\/stourm.news\/#\/schema\/person\/c3e1dc65988632e190969234ef046cf9\"},\"headline\":\"Nantes : pour le 1er mai, l&rsquo;ultra-gauche saccage le centre-ville (vid\u00e9os)\",\"datePublished\":\"2024-05-01T16:29:36+00:00\",\"dateModified\":\"2024-05-01T16:43:11+00:00\",\"mainEntityOfPage\":{\"@id\":\"https:\/\/stourm.news\/?p=1214\"},\"wordCount\":245,\"commentCount\":0,\"publisher\":{\"@id\":\"https:\/\/stourm.news\/#organization\"},\"image\":{\"@id\":\"https:\/\/stourm.news\/?p=1214#primaryimage\"},\"thumbnailUrl\":\"https:\/\/stourm.news\/wp-content\/uploads\/2024\/05\/Capture-decran-2007.png\",\"articleSection\":[\"Extr\u00eame-gauche\",\"Loire-Atlantique\",\"Revue de presse\"],\"inLanguage\":\"fr-FR\",\"potentialAction\":[{\"@type\":\"CommentAction\",\"name\":\"Comment\",\"target\":[\"https:\/\/stourm.news\/?p=1214#respond\"]}]},{\"@type\":\"WebPage\",\"@id\":\"https:\/\/stourm.news\/?p=1214\",\"url\":\"https:\/\/stourm.news\/?p=1214\",\"name\":\"Nantes : pour le 1er mai, l'ultra-gauche saccage le centre-ville (vid\u00e9os) - STOURM\",\"isPartOf\":{\"@id\":\"https:\/\/stourm.news\/#website\"},\"primaryImageOfPage\":{\"@id\":\"https:\/\/stourm.news\/?p=1214#primaryimage\"},\"image\":{\"@id\":\"https:\/\/stourm.news\/?p=1214#primaryimage\"},\"thumbnailUrl\":\"https:\/\/stourm.news\/wp-content\/uploads\/2024\/05\/Capture-decran-2007.png\",\"datePublished\":\"2024-05-01T16:29:36+00:00\",\"dateModified\":\"2024-05-01T16:43:11+00:00\",\"breadcrumb\":{\"@id\":\"https:\/\/stourm.news\/?p=1214#breadcrumb\"},\"inLanguage\":\"fr-FR\",\"potentialAction\":[{\"@type\":\"ReadAction\",\"target\":[\"https:\/\/stourm.news\/?p=1214\"]}]},{\"@type\":\"ImageObject\",\"inLanguage\":\"fr-FR\",\"@id\":\"https:\/\/stourm.news\/?p=1214#primaryimage\",\"url\":\"https:\/\/stourm.news\/wp-content\/uploads\/2024\/05\/Capture-decran-2007.png\",\"contentUrl\":\"https:\/\/stourm.news\/wp-content\/uploads\/2024\/05\/Capture-decran-2007.png\",\"width\":835,\"height\":517},{\"@type\":\"BreadcrumbList\",\"@id\":\"https:\/\/stourm.news\/?p=1214#breadcrumb\",\"itemListElement\":[{\"@type\":\"ListItem\",\"position\":1,\"name\":\"Accueil\",\"item\":\"https:\/\/stourm.news\/\"},{\"@type\":\"ListItem\",\"position\":2,\"name\":\"Nantes : pour le 1er mai, l&rsquo;ultra-gauche saccage le centre-ville (vid\u00e9os)\"}]},{\"@type\":\"WebSite\",\"@id\":\"https:\/\/stourm.news\/#website\",\"url\":\"https:\/\/stourm.news\/\",\"name\":\"Stourm\",\"description\":\"Kazetenn Strollad Broadel Breizh\",\"publisher\":{\"@id\":\"https:\/\/stourm.news\/#organization\"},\"potentialAction\":[{\"@type\":\"SearchAction\",\"target\":{\"@type\":\"EntryPoint\",\"urlTemplate\":\"https:\/\/stourm.news\/?s={search_term_string}\"},\"query-input\":{\"@type\":\"PropertyValueSpecification\",\"valueRequired\":true,\"valueName\":\"search_term_string\"}}],\"inLanguage\":\"fr-FR\"},{\"@type\":\"Organization\",\"@id\":\"https:\/\/stourm.news\/#organization\",\"name\":\"Stourm\",\"url\":\"https:\/\/stourm.news\/\",\"logo\":{\"@type\":\"ImageObject\",\"inLanguage\":\"fr-FR\",\"@id\":\"https:\/\/stourm.news\/#\/schema\/logo\/image\/\",\"url\":\"https:\/\/stourm.news\/wp-content\/uploads\/2025\/11\/cropped-Capture-decran-2025-11-28-a-15.19.07.png\",\"contentUrl\":\"https:\/\/stourm.news\/wp-content\/uploads\/2025\/11\/cropped-Capture-decran-2025-11-28-a-15.19.07.png\",\"width\":1855,\"height\":383,\"caption\":\"Stourm\"},\"image\":{\"@id\":\"https:\/\/stourm.news\/#\/schema\/logo\/image\/\"},\"sameAs\":[\"https:\/\/www.facebook.com\/stourmnews\/\"]},{\"@type\":\"Person\",\"@id\":\"https:\/\/stourm.news\/#\/schema\/person\/c3e1dc65988632e190969234ef046cf9\",\"name\":\"La r\u00e9daction\",\"image\":{\"@type\":\"ImageObject\",\"inLanguage\":\"fr-FR\",\"@id\":\"https:\/\/stourm.news\/#\/schema\/person\/image\/\",\"url\":\"https:\/\/secure.gravatar.com\/avatar\/7463443f194b6b5fb706b074ca0ef59a0cfcfd720cb47764b0ec5a952ce422b3?s=96&d=mm&r=g\",\"contentUrl\":\"https:\/\/secure.gravatar.com\/avatar\/7463443f194b6b5fb706b074ca0ef59a0cfcfd720cb47764b0ec5a952ce422b3?s=96&d=mm&r=g\",\"caption\":\"La r\u00e9daction\"},\"sameAs\":[\"https:\/\/stourm.news\"],\"url\":\"https:\/\/stourm.news\/?author=1\"}]}<\/script>\n<!-- \/ Yoast SEO plugin. -->","yoast_head_json":{"title":"Nantes : pour le 1er mai, l'ultra-gauche saccage le centre-ville (vid\u00e9os) - STOURM","robots":{"index":"index","follow":"follow","max-snippet":"max-snippet:-1","max-image-preview":"max-image-preview:large","max-video-preview":"max-video-preview:-1"},"canonical":"https:\/\/stourm.news\/?p=1214","og_locale":"fr_FR","og_type":"article","og_title":"Nantes : pour le 1er mai, l'ultra-gauche saccage le centre-ville (vid\u00e9os) - STOURM","og_description":"Lors du d\u00e9fil\u00e9 du 1er mai, \u00e0 Nantes, 300 individus d&rsquo;ultra-gauche ont vandalis\u00e9 le centre-ville, d\u00e9gradant de nombreux commerces. Cette fois-ci, une bagarre a \u00e9clat\u00e9 en marge de la manifestation. L&rsquo;un des individus aurait une arme blanche et serait recherch\u00e9 par la police dans les rues de Bouffay. Le contexte est encore incertain quant \u00e0 [&hellip;]","og_url":"https:\/\/stourm.news\/?p=1214","og_site_name":"STOURM","article_publisher":"https:\/\/www.facebook.com\/stourmnews\/","article_published_time":"2024-05-01T16:29:36+00:00","article_modified_time":"2024-05-01T16:43:11+00:00","og_image":[{"width":835,"height":517,"url":"https:\/\/stourm.news\/wp-content\/uploads\/2024\/05\/Capture-decran-2007.png","type":"image\/png"}],"author":"La r\u00e9daction","twitter_card":"summary_large_image","twitter_misc":{"\u00c9crit par":"La r\u00e9daction","Dur\u00e9e de lecture estim\u00e9e":"1 minute"},"schema":{"@context":"https:\/\/schema.org","@graph":[{"@type":"Article","@id":"https:\/\/stourm.news\/?p=1214#article","isPartOf":{"@id":"https:\/\/stourm.news\/?p=1214"},"author":{"name":"La r\u00e9daction","@id":"https:\/\/stourm.news\/#\/schema\/person\/c3e1dc65988632e190969234ef046cf9"},"headline":"Nantes : pour le 1er mai, l&rsquo;ultra-gauche saccage le centre-ville (vid\u00e9os)","datePublished":"2024-05-01T16:29:36+00:00","dateModified":"2024-05-01T16:43:11+00:00","mainEntityOfPage":{"@id":"https:\/\/stourm.news\/?p=1214"},"wordCount":245,"commentCount":0,"publisher":{"@id":"https:\/\/stourm.news\/#organization"},"image":{"@id":"https:\/\/stourm.news\/?p=1214#primaryimage"},"thumbnailUrl":"https:\/\/stourm.news\/wp-content\/uploads\/2024\/05\/Capture-decran-2007.png","articleSection":["Extr\u00eame-gauche","Loire-Atlantique","Revue de presse"],"inLanguage":"fr-FR","potentialAction":[{"@type":"CommentAction","name":"Comment","target":["https:\/\/stourm.news\/?p=1214#respond"]}]},{"@type":"WebPage","@id":"https:\/\/stourm.news\/?p=1214","url":"https:\/\/stourm.news\/?p=1214","name":"Nantes : pour le 1er mai, l'ultra-gauche saccage le centre-ville (vid\u00e9os) - STOURM","isPartOf":{"@id":"https:\/\/stourm.news\/#website"},"primaryImageOfPage":{"@id":"https:\/\/stourm.news\/?p=1214#primaryimage"},"image":{"@id":"https:\/\/stourm.news\/?p=1214#primaryimage"},"thumbnailUrl":"https:\/\/stourm.news\/wp-content\/uploads\/2024\/05\/Capture-decran-2007.png","datePublished":"2024-05-01T16:29:36+00:00","dateModified":"2024-05-01T16:43:11+00:00","breadcrumb":{"@id":"https:\/\/stourm.news\/?p=1214#breadcrumb"},"inLanguage":"fr-FR","potentialAction":[{"@type":"ReadAction","target":["https:\/\/stourm.news\/?p=1214"]}]},{"@type":"ImageObject","inLanguage":"fr-FR","@id":"https:\/\/stourm.news\/?p=1214#primaryimage","url":"https:\/\/stourm.news\/wp-content\/uploads\/2024\/05\/Capture-decran-2007.png","contentUrl":"https:\/\/stourm.news\/wp-content\/uploads\/2024\/05\/Capture-decran-2007.png","width":835,"height":517},{"@type":"BreadcrumbList","@id":"https:\/\/stourm.news\/?p=1214#breadcrumb","itemListElement":[{"@type":"ListItem","position":1,"name":"Accueil","item":"https:\/\/stourm.news\/"},{"@type":"ListItem","position":2,"name":"Nantes : pour le 1er mai, l&rsquo;ultra-gauche saccage le centre-ville (vid\u00e9os)"}]},{"@type":"WebSite","@id":"https:\/\/stourm.news\/#website","url":"https:\/\/stourm.news\/","name":"Stourm","description":"Kazetenn Strollad Broadel Breizh","publisher":{"@id":"https:\/\/stourm.news\/#organization"},"potentialAction":[{"@type":"SearchAction","target":{"@type":"EntryPoint","urlTemplate":"https:\/\/stourm.news\/?s={search_term_string}"},"query-input":{"@type":"PropertyValueSpecification","valueRequired":true,"valueName":"search_term_string"}}],"inLanguage":"fr-FR"},{"@type":"Organization","@id":"https:\/\/stourm.news\/#organization","name":"Stourm","url":"https:\/\/stourm.news\/","logo":{"@type":"ImageObject","inLanguage":"fr-FR","@id":"https:\/\/stourm.news\/#\/schema\/logo\/image\/","url":"https:\/\/stourm.news\/wp-content\/uploads\/2025\/11\/cropped-Capture-decran-2025-11-28-a-15.19.07.png","contentUrl":"https:\/\/stourm.news\/wp-content\/uploads\/2025\/11\/cropped-Capture-decran-2025-11-28-a-15.19.07.png","width":1855,"height":383,"caption":"Stourm"},"image":{"@id":"https:\/\/stourm.news\/#\/schema\/logo\/image\/"},"sameAs":["https:\/\/www.facebook.com\/stourmnews\/"]},{"@type":"Person","@id":"https:\/\/stourm.news\/#\/schema\/person\/c3e1dc65988632e190969234ef046cf9","name":"La r\u00e9daction","image":{"@type":"ImageObject","inLanguage":"fr-FR","@id":"https:\/\/stourm.news\/#\/schema\/person\/image\/","url":"https:\/\/secure.gravatar.com\/avatar\/7463443f194b6b5fb706b074ca0ef59a0cfcfd720cb47764b0ec5a952ce422b3?s=96&d=mm&r=g","contentUrl":"https:\/\/secure.gravatar.com\/avatar\/7463443f194b6b5fb706b074ca0ef59a0cfcfd720cb47764b0ec5a952ce422b3?s=96&d=mm&r=g","caption":"La r\u00e9daction"},"sameAs":["https:\/\/stourm.news"],"url":"https:\/\/stourm.news\/?author=1"}]}},"_links":{"self":[{"href":"https:\/\/stourm.news\/index.php?rest_route=\/wp\/v2\/posts\/1214","targetHints":{"allow":["GET"]}}],"collection":[{"href":"https:\/\/stourm.news\/index.php?rest_route=\/wp\/v2\/posts"}],"about":[{"href":"https:\/\/stourm.news\/index.php?rest_route=\/wp\/v2\/types\/post"}],"author":[{"embeddable":true,"href":"https:\/\/stourm.news\/index.php?rest_route=\/wp\/v2\/users\/1"}],"replies":[{"embeddable":true,"href":"https:\/\/stourm.news\/index.php?rest_route=%2Fwp%2Fv2%2Fcomments&post=1214"}],"version-history":[{"count":1,"href":"https:\/\/stourm.news\/index.php?rest_route=\/wp\/v2\/posts\/1214\/revisions"}],"predecessor-version":[{"id":1216,"href":"https:\/\/stourm.news\/index.php?rest_route=\/wp\/v2\/posts\/1214\/revisions\/1216"}],"wp:featuredmedia":[{"embeddable":true,"href":"https:\/\/stourm.news\/index.php?rest_route=\/wp\/v2\/media\/1217"}],"wp:attachment":[{"href":"https:\/\/stourm.news\/index.php?rest_route=%2Fwp%2Fv2%2Fmedia&parent=1214"}],"wp:term":[{"taxonomy":"category","embeddable":true,"href":"https:\/\/stourm.news\/index.php?rest_route=%2Fwp%2Fv2%2Fcategories&post=1214"},{"taxonomy":"post_tag","embeddable":true,"href":"https:\/\/stourm.news\/index.php?rest_route=%2Fwp%2Fv2%2Ftags&post=1214"}],"curies":[{"name":"wp","href":"https:\/\/api.w.org\/{rel}","templated":true}]}}