{"id":1218,"date":"2024-05-02T05:57:36","date_gmt":"2024-05-02T05:57:36","guid":{"rendered":"https:\/\/stourm.news\/?p=1218"},"modified":"2024-05-02T05:57:36","modified_gmt":"2024-05-02T05:57:36","slug":"a-brest-un-touriste-belge-agresse-au-couteau-par-un-desequilibre","status":"publish","type":"post","link":"https:\/\/stourm.news\/?p=1218","title":{"rendered":"\u00c0 Brest, un touriste belge agress\u00e9 au couteau par un d\u00e9s\u00e9quilibr\u00e9"},"content":{"rendered":"<p style=\"text-align: justify;\">Manquant \u00e0 l\u2019appel de <strong>l\u2019h\u00f4pital psychiatrique<\/strong> de Bohars depuis le 28 avril, ce Brestois de 31 ans a ressurgi ce mercredi 1er mai 2024, sur les coups de 10 h 30, \u00e0 Brest, au jardin des Explorateurs, dans le quartier de Recouvrance. Pour des raisons restant ind\u00e9termin\u00e9es, il s\u2019est pr\u00e9cipit\u00e9 sur un homme de 29 ans, et lui a ass\u00e9n\u00e9 au moins <strong>deux coups de couteau<\/strong>.<\/p>\n<p style=\"text-align: justify;\">Ce<strong> touriste belge<\/strong> n\u2019a fort heureusement pas \u00e9t\u00e9 trop gravement atteint. Conduit vers l\u2019h\u00f4pital des arm\u00e9es, il a quitt\u00e9 l\u2019\u00e9tablissement dans la journ\u00e9e, une fois ses deux plaies soign\u00e9es. Le d\u00e9s\u00e9quilibr\u00e9 a \u00e9t\u00e9 rapidement interpell\u00e9 puis aussit\u00f4t remis en unit\u00e9 psychiatrique, <strong>son \u00e9tat mental<\/strong> ne lui permettant pas de subir une garde \u00e0 vue.<\/p>\n<p>Source : <a href=\"https:\/\/www.letelegramme.fr\/finistere\/brest-29200\/a-brest-un-touriste-belge-agresse-au-couteau-par-un-desequilibre-6576158.php\">Le T\u00e9l\u00e9gramme<\/a><\/p>\n","protected":false},"excerpt":{"rendered":"<p>Manquant \u00e0 l\u2019appel de l\u2019h\u00f4pital psychiatrique de Bohars depuis le 28 avril, ce Brestois de 31 ans a ressurgi ce mercredi 1er mai 2024, sur les coups de 10 h 30, \u00e0 Brest, au jardin des Explorateurs, dans le quartier de Recouvrance. Pour des raisons restant ind\u00e9termin\u00e9es, il s\u2019est pr\u00e9cipit\u00e9 sur un homme de 29 [&hellip;]<\/p>\n","protected":false},"author":1,"featured_media":1219,"comment_status":"open","ping_status":"open","sticky":false,"template":"","format":"standard","meta":{"sb_editor_width":"","footnotes":""},"categories":[31,38,62],"tags":[],"class_list":["post-1218","post","type-post","status-publish","format-standard","has-post-thumbnail","hentry","category-agression","category-finistere","category-revue-de-presse"],"relative_dates":{"created":"2 ans ago","modified":"2 ans ago"},"yoast_head":"<!-- This site is optimized with the Yoast SEO plugin v26.3 - https:\/\/yoast.com\/wordpress\/plugins\/seo\/ -->\n<title>\u00c0 Brest, un touriste belge agress\u00e9 au couteau par un d\u00e9s\u00e9quilibr\u00e9 - STOURM<\/title>\n<meta name=\"robots\" content=\"index, follow, max-snippet:-1, max-image-preview:large, max-video-preview:-1\" \/>\n<link rel=\"canonical\" href=\"https:\/\/stourm.news\/?p=1218\" \/>\n<meta property=\"og:locale\" content=\"fr_FR\" \/>\n<meta property=\"og:type\" content=\"article\" \/>\n<meta property=\"og:title\" content=\"\u00c0 Brest, un touriste belge agress\u00e9 au couteau par un d\u00e9s\u00e9quilibr\u00e9 - STOURM\" \/>\n<meta property=\"og:description\" content=\"Manquant \u00e0 l\u2019appel de l\u2019h\u00f4pital psychiatrique de Bohars depuis le 28 avril, ce Brestois de 31 ans a ressurgi ce mercredi 1er mai 2024, sur les coups de 10 h 30, \u00e0 Brest, au jardin des Explorateurs, dans le quartier de Recouvrance. Pour des raisons restant ind\u00e9termin\u00e9es, il s\u2019est pr\u00e9cipit\u00e9 sur un homme de 29 [&hellip;]\" \/>\n<meta property=\"og:url\" content=\"https:\/\/stourm.news\/?p=1218\" \/>\n<meta property=\"og:site_name\" content=\"STOURM\" \/>\n<meta property=\"article:publisher\" content=\"https:\/\/www.facebook.com\/stourmnews\/\" \/>\n<meta property=\"article:published_time\" content=\"2024-05-02T05:57:36+00:00\" \/>\n<meta property=\"og:image\" content=\"https:\/\/stourm.news\/wp-content\/uploads\/2024\/05\/663278ec1b627309e073b82a.jpg\" \/>\n\t<meta property=\"og:image:width\" content=\"960\" \/>\n\t<meta property=\"og:image:height\" content=\"600\" \/>\n\t<meta property=\"og:image:type\" content=\"image\/jpeg\" \/>\n<meta name=\"author\" content=\"La r\u00e9daction\" \/>\n<meta name=\"twitter:card\" content=\"summary_large_image\" \/>\n<meta name=\"twitter:label1\" content=\"\u00c9crit par\" \/>\n\t<meta name=\"twitter:data1\" content=\"La r\u00e9daction\" \/>\n\t<meta name=\"twitter:label2\" content=\"Dur\u00e9e de lecture estim\u00e9e\" \/>\n\t<meta name=\"twitter:data2\" content=\"1 minute\" \/>\n<script type=\"application\/ld+json\" class=\"yoast-schema-graph\">{\"@context\":\"https:\/\/schema.org\",\"@graph\":[{\"@type\":\"Article\",\"@id\":\"https:\/\/stourm.news\/?p=1218#article\",\"isPartOf\":{\"@id\":\"https:\/\/stourm.news\/?p=1218\"},\"author\":{\"name\":\"La r\u00e9daction\",\"@id\":\"https:\/\/stourm.news\/#\/schema\/person\/c3e1dc65988632e190969234ef046cf9\"},\"headline\":\"\u00c0 Brest, un touriste belge agress\u00e9 au couteau par un d\u00e9s\u00e9quilibr\u00e9\",\"datePublished\":\"2024-05-02T05:57:36+00:00\",\"mainEntityOfPage\":{\"@id\":\"https:\/\/stourm.news\/?p=1218\"},\"wordCount\":146,\"commentCount\":0,\"publisher\":{\"@id\":\"https:\/\/stourm.news\/#organization\"},\"image\":{\"@id\":\"https:\/\/stourm.news\/?p=1218#primaryimage\"},\"thumbnailUrl\":\"https:\/\/stourm.news\/wp-content\/uploads\/2024\/05\/663278ec1b627309e073b82a.jpg\",\"articleSection\":[\"Agression\",\"Finist\u00e8re\",\"Revue de presse\"],\"inLanguage\":\"fr-FR\",\"potentialAction\":[{\"@type\":\"CommentAction\",\"name\":\"Comment\",\"target\":[\"https:\/\/stourm.news\/?p=1218#respond\"]}]},{\"@type\":\"WebPage\",\"@id\":\"https:\/\/stourm.news\/?p=1218\",\"url\":\"https:\/\/stourm.news\/?p=1218\",\"name\":\"\u00c0 Brest, un touriste belge agress\u00e9 au couteau par un d\u00e9s\u00e9quilibr\u00e9 - STOURM\",\"isPartOf\":{\"@id\":\"https:\/\/stourm.news\/#website\"},\"primaryImageOfPage\":{\"@id\":\"https:\/\/stourm.news\/?p=1218#primaryimage\"},\"image\":{\"@id\":\"https:\/\/stourm.news\/?p=1218#primaryimage\"},\"thumbnailUrl\":\"https:\/\/stourm.news\/wp-content\/uploads\/2024\/05\/663278ec1b627309e073b82a.jpg\",\"datePublished\":\"2024-05-02T05:57:36+00:00\",\"breadcrumb\":{\"@id\":\"https:\/\/stourm.news\/?p=1218#breadcrumb\"},\"inLanguage\":\"fr-FR\",\"potentialAction\":[{\"@type\":\"ReadAction\",\"target\":[\"https:\/\/stourm.news\/?p=1218\"]}]},{\"@type\":\"ImageObject\",\"inLanguage\":\"fr-FR\",\"@id\":\"https:\/\/stourm.news\/?p=1218#primaryimage\",\"url\":\"https:\/\/stourm.news\/wp-content\/uploads\/2024\/05\/663278ec1b627309e073b82a.jpg\",\"contentUrl\":\"https:\/\/stourm.news\/wp-content\/uploads\/2024\/05\/663278ec1b627309e073b82a.jpg\",\"width\":960,\"height\":600,\"caption\":\"PHOTO CLAUDE PRIGENT \/ LE TELEGRAMME. MORLAIX (29) : Police Nationale .\"},{\"@type\":\"BreadcrumbList\",\"@id\":\"https:\/\/stourm.news\/?p=1218#breadcrumb\",\"itemListElement\":[{\"@type\":\"ListItem\",\"position\":1,\"name\":\"Accueil\",\"item\":\"https:\/\/stourm.news\/\"},{\"@type\":\"ListItem\",\"position\":2,\"name\":\"\u00c0 Brest, un touriste belge agress\u00e9 au couteau par un d\u00e9s\u00e9quilibr\u00e9\"}]},{\"@type\":\"WebSite\",\"@id\":\"https:\/\/stourm.news\/#website\",\"url\":\"https:\/\/stourm.news\/\",\"name\":\"Stourm\",\"description\":\"Kazetenn Strollad Broadel Breizh\",\"publisher\":{\"@id\":\"https:\/\/stourm.news\/#organization\"},\"potentialAction\":[{\"@type\":\"SearchAction\",\"target\":{\"@type\":\"EntryPoint\",\"urlTemplate\":\"https:\/\/stourm.news\/?s={search_term_string}\"},\"query-input\":{\"@type\":\"PropertyValueSpecification\",\"valueRequired\":true,\"valueName\":\"search_term_string\"}}],\"inLanguage\":\"fr-FR\"},{\"@type\":\"Organization\",\"@id\":\"https:\/\/stourm.news\/#organization\",\"name\":\"Stourm\",\"url\":\"https:\/\/stourm.news\/\",\"logo\":{\"@type\":\"ImageObject\",\"inLanguage\":\"fr-FR\",\"@id\":\"https:\/\/stourm.news\/#\/schema\/logo\/image\/\",\"url\":\"https:\/\/stourm.news\/wp-content\/uploads\/2025\/11\/cropped-Capture-decran-2025-11-28-a-15.19.07.png\",\"contentUrl\":\"https:\/\/stourm.news\/wp-content\/uploads\/2025\/11\/cropped-Capture-decran-2025-11-28-a-15.19.07.png\",\"width\":1855,\"height\":383,\"caption\":\"Stourm\"},\"image\":{\"@id\":\"https:\/\/stourm.news\/#\/schema\/logo\/image\/\"},\"sameAs\":[\"https:\/\/www.facebook.com\/stourmnews\/\"]},{\"@type\":\"Person\",\"@id\":\"https:\/\/stourm.news\/#\/schema\/person\/c3e1dc65988632e190969234ef046cf9\",\"name\":\"La r\u00e9daction\",\"image\":{\"@type\":\"ImageObject\",\"inLanguage\":\"fr-FR\",\"@id\":\"https:\/\/stourm.news\/#\/schema\/person\/image\/\",\"url\":\"https:\/\/secure.gravatar.com\/avatar\/7463443f194b6b5fb706b074ca0ef59a0cfcfd720cb47764b0ec5a952ce422b3?s=96&d=mm&r=g\",\"contentUrl\":\"https:\/\/secure.gravatar.com\/avatar\/7463443f194b6b5fb706b074ca0ef59a0cfcfd720cb47764b0ec5a952ce422b3?s=96&d=mm&r=g\",\"caption\":\"La r\u00e9daction\"},\"sameAs\":[\"https:\/\/stourm.news\"],\"url\":\"https:\/\/stourm.news\/?author=1\"}]}<\/script>\n<!-- \/ Yoast SEO plugin. -->","yoast_head_json":{"title":"\u00c0 Brest, un touriste belge agress\u00e9 au couteau par un d\u00e9s\u00e9quilibr\u00e9 - STOURM","robots":{"index":"index","follow":"follow","max-snippet":"max-snippet:-1","max-image-preview":"max-image-preview:large","max-video-preview":"max-video-preview:-1"},"canonical":"https:\/\/stourm.news\/?p=1218","og_locale":"fr_FR","og_type":"article","og_title":"\u00c0 Brest, un touriste belge agress\u00e9 au couteau par un d\u00e9s\u00e9quilibr\u00e9 - STOURM","og_description":"Manquant \u00e0 l\u2019appel de l\u2019h\u00f4pital psychiatrique de Bohars depuis le 28 avril, ce Brestois de 31 ans a ressurgi ce mercredi 1er mai 2024, sur les coups de 10 h 30, \u00e0 Brest, au jardin des Explorateurs, dans le quartier de Recouvrance. Pour des raisons restant ind\u00e9termin\u00e9es, il s\u2019est pr\u00e9cipit\u00e9 sur un homme de 29 [&hellip;]","og_url":"https:\/\/stourm.news\/?p=1218","og_site_name":"STOURM","article_publisher":"https:\/\/www.facebook.com\/stourmnews\/","article_published_time":"2024-05-02T05:57:36+00:00","og_image":[{"width":960,"height":600,"url":"https:\/\/stourm.news\/wp-content\/uploads\/2024\/05\/663278ec1b627309e073b82a.jpg","type":"image\/jpeg"}],"author":"La r\u00e9daction","twitter_card":"summary_large_image","twitter_misc":{"\u00c9crit par":"La r\u00e9daction","Dur\u00e9e de lecture estim\u00e9e":"1 minute"},"schema":{"@context":"https:\/\/schema.org","@graph":[{"@type":"Article","@id":"https:\/\/stourm.news\/?p=1218#article","isPartOf":{"@id":"https:\/\/stourm.news\/?p=1218"},"author":{"name":"La r\u00e9daction","@id":"https:\/\/stourm.news\/#\/schema\/person\/c3e1dc65988632e190969234ef046cf9"},"headline":"\u00c0 Brest, un touriste belge agress\u00e9 au couteau par un d\u00e9s\u00e9quilibr\u00e9","datePublished":"2024-05-02T05:57:36+00:00","mainEntityOfPage":{"@id":"https:\/\/stourm.news\/?p=1218"},"wordCount":146,"commentCount":0,"publisher":{"@id":"https:\/\/stourm.news\/#organization"},"image":{"@id":"https:\/\/stourm.news\/?p=1218#primaryimage"},"thumbnailUrl":"https:\/\/stourm.news\/wp-content\/uploads\/2024\/05\/663278ec1b627309e073b82a.jpg","articleSection":["Agression","Finist\u00e8re","Revue de presse"],"inLanguage":"fr-FR","potentialAction":[{"@type":"CommentAction","name":"Comment","target":["https:\/\/stourm.news\/?p=1218#respond"]}]},{"@type":"WebPage","@id":"https:\/\/stourm.news\/?p=1218","url":"https:\/\/stourm.news\/?p=1218","name":"\u00c0 Brest, un touriste belge agress\u00e9 au couteau par un d\u00e9s\u00e9quilibr\u00e9 - STOURM","isPartOf":{"@id":"https:\/\/stourm.news\/#website"},"primaryImageOfPage":{"@id":"https:\/\/stourm.news\/?p=1218#primaryimage"},"image":{"@id":"https:\/\/stourm.news\/?p=1218#primaryimage"},"thumbnailUrl":"https:\/\/stourm.news\/wp-content\/uploads\/2024\/05\/663278ec1b627309e073b82a.jpg","datePublished":"2024-05-02T05:57:36+00:00","breadcrumb":{"@id":"https:\/\/stourm.news\/?p=1218#breadcrumb"},"inLanguage":"fr-FR","potentialAction":[{"@type":"ReadAction","target":["https:\/\/stourm.news\/?p=1218"]}]},{"@type":"ImageObject","inLanguage":"fr-FR","@id":"https:\/\/stourm.news\/?p=1218#primaryimage","url":"https:\/\/stourm.news\/wp-content\/uploads\/2024\/05\/663278ec1b627309e073b82a.jpg","contentUrl":"https:\/\/stourm.news\/wp-content\/uploads\/2024\/05\/663278ec1b627309e073b82a.jpg","width":960,"height":600,"caption":"PHOTO CLAUDE PRIGENT \/ LE TELEGRAMME. MORLAIX (29) : Police Nationale ."},{"@type":"BreadcrumbList","@id":"https:\/\/stourm.news\/?p=1218#breadcrumb","itemListElement":[{"@type":"ListItem","position":1,"name":"Accueil","item":"https:\/\/stourm.news\/"},{"@type":"ListItem","position":2,"name":"\u00c0 Brest, un touriste belge agress\u00e9 au couteau par un d\u00e9s\u00e9quilibr\u00e9"}]},{"@type":"WebSite","@id":"https:\/\/stourm.news\/#website","url":"https:\/\/stourm.news\/","name":"Stourm","description":"Kazetenn Strollad Broadel Breizh","publisher":{"@id":"https:\/\/stourm.news\/#organization"},"potentialAction":[{"@type":"SearchAction","target":{"@type":"EntryPoint","urlTemplate":"https:\/\/stourm.news\/?s={search_term_string}"},"query-input":{"@type":"PropertyValueSpecification","valueRequired":true,"valueName":"search_term_string"}}],"inLanguage":"fr-FR"},{"@type":"Organization","@id":"https:\/\/stourm.news\/#organization","name":"Stourm","url":"https:\/\/stourm.news\/","logo":{"@type":"ImageObject","inLanguage":"fr-FR","@id":"https:\/\/stourm.news\/#\/schema\/logo\/image\/","url":"https:\/\/stourm.news\/wp-content\/uploads\/2025\/11\/cropped-Capture-decran-2025-11-28-a-15.19.07.png","contentUrl":"https:\/\/stourm.news\/wp-content\/uploads\/2025\/11\/cropped-Capture-decran-2025-11-28-a-15.19.07.png","width":1855,"height":383,"caption":"Stourm"},"image":{"@id":"https:\/\/stourm.news\/#\/schema\/logo\/image\/"},"sameAs":["https:\/\/www.facebook.com\/stourmnews\/"]},{"@type":"Person","@id":"https:\/\/stourm.news\/#\/schema\/person\/c3e1dc65988632e190969234ef046cf9","name":"La r\u00e9daction","image":{"@type":"ImageObject","inLanguage":"fr-FR","@id":"https:\/\/stourm.news\/#\/schema\/person\/image\/","url":"https:\/\/secure.gravatar.com\/avatar\/7463443f194b6b5fb706b074ca0ef59a0cfcfd720cb47764b0ec5a952ce422b3?s=96&d=mm&r=g","contentUrl":"https:\/\/secure.gravatar.com\/avatar\/7463443f194b6b5fb706b074ca0ef59a0cfcfd720cb47764b0ec5a952ce422b3?s=96&d=mm&r=g","caption":"La r\u00e9daction"},"sameAs":["https:\/\/stourm.news"],"url":"https:\/\/stourm.news\/?author=1"}]}},"_links":{"self":[{"href":"https:\/\/stourm.news\/index.php?rest_route=\/wp\/v2\/posts\/1218","targetHints":{"allow":["GET"]}}],"collection":[{"href":"https:\/\/stourm.news\/index.php?rest_route=\/wp\/v2\/posts"}],"about":[{"href":"https:\/\/stourm.news\/index.php?rest_route=\/wp\/v2\/types\/post"}],"author":[{"embeddable":true,"href":"https:\/\/stourm.news\/index.php?rest_route=\/wp\/v2\/users\/1"}],"replies":[{"embeddable":true,"href":"https:\/\/stourm.news\/index.php?rest_route=%2Fwp%2Fv2%2Fcomments&post=1218"}],"version-history":[{"count":1,"href":"https:\/\/stourm.news\/index.php?rest_route=\/wp\/v2\/posts\/1218\/revisions"}],"predecessor-version":[{"id":1220,"href":"https:\/\/stourm.news\/index.php?rest_route=\/wp\/v2\/posts\/1218\/revisions\/1220"}],"wp:featuredmedia":[{"embeddable":true,"href":"https:\/\/stourm.news\/index.php?rest_route=\/wp\/v2\/media\/1219"}],"wp:attachment":[{"href":"https:\/\/stourm.news\/index.php?rest_route=%2Fwp%2Fv2%2Fmedia&parent=1218"}],"wp:term":[{"taxonomy":"category","embeddable":true,"href":"https:\/\/stourm.news\/index.php?rest_route=%2Fwp%2Fv2%2Fcategories&post=1218"},{"taxonomy":"post_tag","embeddable":true,"href":"https:\/\/stourm.news\/index.php?rest_route=%2Fwp%2Fv2%2Ftags&post=1218"}],"curies":[{"name":"wp","href":"https:\/\/api.w.org\/{rel}","templated":true}]}}