{"id":1230,"date":"2024-05-02T06:42:32","date_gmt":"2024-05-02T06:42:32","guid":{"rendered":"https:\/\/stourm.news\/?p=1230"},"modified":"2024-05-02T08:40:35","modified_gmt":"2024-05-02T08:40:35","slug":"1er-mai-a-nantes-limpunite-revendiquee-de-lultra-gauche","status":"publish","type":"post","link":"https:\/\/stourm.news\/?p=1230","title":{"rendered":"1er mai \u00e0 Nantes : l&rsquo;impunit\u00e9 revendiqu\u00e9e de l&rsquo;ultra-gauche"},"content":{"rendered":"<p style=\"text-align: justify;\">Face \u00e0 la col\u00e8re grandissante de la population nantaise, l&rsquo;Etat fran\u00e7ais avait pr\u00e9tendu vouloir en finir avec la violence de l&rsquo;extr\u00eame-gauche hexagonale \u00e9tablie dans la capitale bretonne. En 2022, G\u00e9rald Darmanin, ministre de l&rsquo;int\u00e9rieur fran\u00e7ais, avait annonc\u00e9 <a href=\"https:\/\/www.lemonde.fr\/societe\/article\/2022\/01\/25\/gerald-darmanin-lance-la-procedure-de-dissolution-du-groupe-d-extreme-gauche-nantes-revoltee_6110957_3224.html#:~:text=Le%20ministre%20de%20l'int%C3%A9rieur%2C%20G%C3%A9rald%20Darmanin%2C%20a%20annonc%C3%A9,Etat%2C%20contre%20les%20policiers%20%C2%BB.\">la dissolution<\/a> de l&rsquo;organisation d&rsquo;ultra-gauche \u00ab\u00a0Nantes R\u00e9volt\u00e9e\u00a0\u00bb, une dissolution &#8211; fait exceptionnel &#8211; qui ne fut jamais suivie d&rsquo;effet.<\/p>\n<p style=\"text-align: justify;\">Visiblement s\u00fbre de son impunit\u00e9, la m\u00eame n\u00e9buleuse anarcho-communiste s&rsquo;est r\u00e9unie hier, mercredi 1er mai, pour se livrer \u00e0 de nouvelles violences de rue contre divers commerces nantais. Sur Twitter, les membres de Nantes R\u00e9volt\u00e9e n&rsquo;ont pas cach\u00e9 leur proximit\u00e9 avec les \u00e9v\u00e8nements.<\/p>\n<blockquote class=\"twitter-tweet\">\n<p dir=\"ltr\" lang=\"fr\">\ud83d\udca5 1ER MAI R\u00c9VOLT\u00c9 \u00c0 NANTES<\/p>\n<p>Ce <a href=\"https:\/\/twitter.com\/hashtag\/1erMai2024?src=hash&amp;ref_src=twsrc%5Etfw\">#1erMai2024<\/a> \u00e0 <a href=\"https:\/\/twitter.com\/hashtag\/Nantes?src=hash&amp;ref_src=twsrc%5Etfw\">#Nantes<\/a>, au moins 5000 personnes dans les rues, dans une ambiance d\u00e9termin\u00e9e.<\/p>\n<p>1\/2 \u2935\ufe0f <a href=\"https:\/\/t.co\/MRH3qH6YWL\">pic.twitter.com\/MRH3qH6YWL<\/a><\/p>\n<p>\u2014 Contre Attaque (@ContreAttaque_) <a href=\"https:\/\/twitter.com\/ContreAttaque_\/status\/1785714969381650731?ref_src=twsrc%5Etfw\">May 1, 2024<\/a><\/p><\/blockquote>\n<p style=\"text-align: justify;\"><script async src=\"https:\/\/platform.twitter.com\/widgets.js\" charset=\"utf-8\"><\/script>Au total, l&rsquo;ultra-gauche a rassembl\u00e9 environ 200 personnes \u00e0 Nantes pour se livrer \u00e0 d&rsquo;intol\u00e9rables violences de rue.<\/p>\n<blockquote class=\"twitter-tweet\">\n<p dir=\"ltr\" lang=\"fr\">Une Banque Populaire est pris pour cible, pr\u00e8s de 200 \u00e0 300 personnes sont dans le Black Bloc.<a href=\"https:\/\/twitter.com\/hashtag\/Nantes?src=hash&amp;ref_src=twsrc%5Etfw\">#Nantes<\/a> <a href=\"https:\/\/twitter.com\/hashtag\/1ermai?src=hash&amp;ref_src=twsrc%5Etfw\">#1ermai<\/a> <a href=\"https:\/\/t.co\/vxl88leV6m\">pic.twitter.com\/vxl88leV6m<\/a><\/p>\n<p>\u2014 INF Nantes (@InfNantes) <a href=\"https:\/\/twitter.com\/InfNantes\/status\/1785621874325573997?ref_src=twsrc%5Etfw\">May 1, 2024<\/a><\/p><\/blockquote>\n<p style=\"text-align: justify;\"><script async src=\"https:\/\/platform.twitter.com\/widgets.js\" charset=\"utf-8\"><\/script>La maire franco-socialiste Johanna Rolland a r\u00e9agi comme \u00e0 son habitude par une protestation de pure forme, sa majorit\u00e9 comportant des \u00e9l\u00e9ments proches de l&rsquo;ultra-gauche.<\/p>\n<p style=\"text-align: justify;\">Pour rendre Nantes aux Bretons, c&rsquo;est bien \u00e0 la constitution d&rsquo;un mouvement nationaliste fort qu&rsquo;il faut oeuvrer. C&rsquo;est en s&rsquo;attelant \u00e0 ce travail de salubrit\u00e9 publique que la frange antisociale qui s\u00e9vit dans notre belle ville de Nantes sera d\u00e9finitivement mis hors d&rsquo;\u00e9tat de nuire.<\/p>\n<p style=\"text-align: right;\"><strong>Ewen Broc&rsquo;han<\/strong><\/p>\n","protected":false},"excerpt":{"rendered":"<p>Face \u00e0 la col\u00e8re grandissante de la population nantaise, l&rsquo;Etat fran\u00e7ais avait pr\u00e9tendu vouloir en finir avec la violence de l&rsquo;extr\u00eame-gauche hexagonale \u00e9tablie dans la capitale bretonne. En 2022, G\u00e9rald Darmanin, ministre de l&rsquo;int\u00e9rieur fran\u00e7ais, avait annonc\u00e9 la dissolution de l&rsquo;organisation d&rsquo;ultra-gauche \u00ab\u00a0Nantes R\u00e9volt\u00e9e\u00a0\u00bb, une dissolution &#8211; fait exceptionnel &#8211; qui ne fut jamais suivie [&hellip;]<\/p>\n","protected":false},"author":1,"featured_media":1237,"comment_status":"open","ping_status":"open","sticky":false,"template":"","format":"standard","meta":{"sb_editor_width":"","footnotes":""},"categories":[63,36,67,65],"tags":[],"class_list":["post-1230","post","type-post","status-publish","format-standard","has-post-thumbnail","hentry","category-editorial","category-extreme-gauche","category-politique","category-principale"],"relative_dates":{"created":"2 ans ago","modified":"2 ans ago"},"yoast_head":"<!-- This site is optimized with the Yoast SEO plugin v26.3 - https:\/\/yoast.com\/wordpress\/plugins\/seo\/ -->\n<title>1er mai \u00e0 Nantes : l&#039;impunit\u00e9 revendiqu\u00e9e de l&#039;ultra-gauche - STOURM<\/title>\n<meta name=\"robots\" content=\"index, follow, max-snippet:-1, max-image-preview:large, max-video-preview:-1\" \/>\n<link rel=\"canonical\" href=\"https:\/\/stourm.news\/?p=1230\" \/>\n<meta property=\"og:locale\" content=\"fr_FR\" \/>\n<meta property=\"og:type\" content=\"article\" \/>\n<meta property=\"og:title\" content=\"1er mai \u00e0 Nantes : l&#039;impunit\u00e9 revendiqu\u00e9e de l&#039;ultra-gauche - STOURM\" \/>\n<meta property=\"og:description\" content=\"Face \u00e0 la col\u00e8re grandissante de la population nantaise, l&rsquo;Etat fran\u00e7ais avait pr\u00e9tendu vouloir en finir avec la violence de l&rsquo;extr\u00eame-gauche hexagonale \u00e9tablie dans la capitale bretonne. En 2022, G\u00e9rald Darmanin, ministre de l&rsquo;int\u00e9rieur fran\u00e7ais, avait annonc\u00e9 la dissolution de l&rsquo;organisation d&rsquo;ultra-gauche \u00ab\u00a0Nantes R\u00e9volt\u00e9e\u00a0\u00bb, une dissolution &#8211; fait exceptionnel &#8211; qui ne fut jamais suivie [&hellip;]\" \/>\n<meta property=\"og:url\" content=\"https:\/\/stourm.news\/?p=1230\" \/>\n<meta property=\"og:site_name\" content=\"STOURM\" \/>\n<meta property=\"article:publisher\" content=\"https:\/\/www.facebook.com\/stourmnews\/\" \/>\n<meta property=\"article:published_time\" content=\"2024-05-02T06:42:32+00:00\" \/>\n<meta property=\"article:modified_time\" content=\"2024-05-02T08:40:35+00:00\" \/>\n<meta property=\"og:image\" content=\"https:\/\/stourm.news\/wp-content\/uploads\/2024\/05\/1200x680_sc_img20240501130708.jpg\" \/>\n\t<meta property=\"og:image:width\" content=\"1200\" \/>\n\t<meta property=\"og:image:height\" content=\"680\" \/>\n\t<meta property=\"og:image:type\" content=\"image\/jpeg\" \/>\n<meta name=\"author\" content=\"La r\u00e9daction\" \/>\n<meta name=\"twitter:card\" content=\"summary_large_image\" \/>\n<meta name=\"twitter:label1\" content=\"\u00c9crit par\" \/>\n\t<meta name=\"twitter:data1\" content=\"La r\u00e9daction\" \/>\n\t<meta name=\"twitter:label2\" content=\"Dur\u00e9e de lecture estim\u00e9e\" \/>\n\t<meta name=\"twitter:data2\" content=\"2 minutes\" \/>\n<script type=\"application\/ld+json\" class=\"yoast-schema-graph\">{\"@context\":\"https:\/\/schema.org\",\"@graph\":[{\"@type\":\"Article\",\"@id\":\"https:\/\/stourm.news\/?p=1230#article\",\"isPartOf\":{\"@id\":\"https:\/\/stourm.news\/?p=1230\"},\"author\":{\"name\":\"La r\u00e9daction\",\"@id\":\"https:\/\/stourm.news\/#\/schema\/person\/c3e1dc65988632e190969234ef046cf9\"},\"headline\":\"1er mai \u00e0 Nantes : l&rsquo;impunit\u00e9 revendiqu\u00e9e de l&rsquo;ultra-gauche\",\"datePublished\":\"2024-05-02T06:42:32+00:00\",\"dateModified\":\"2024-05-02T08:40:35+00:00\",\"mainEntityOfPage\":{\"@id\":\"https:\/\/stourm.news\/?p=1230\"},\"wordCount\":287,\"commentCount\":0,\"publisher\":{\"@id\":\"https:\/\/stourm.news\/#organization\"},\"image\":{\"@id\":\"https:\/\/stourm.news\/?p=1230#primaryimage\"},\"thumbnailUrl\":\"https:\/\/stourm.news\/wp-content\/uploads\/2024\/05\/1200x680_sc_img20240501130708.jpg\",\"articleSection\":[\"Editorial\",\"Extr\u00eame-gauche\",\"Politique\",\"Principale\"],\"inLanguage\":\"fr-FR\",\"potentialAction\":[{\"@type\":\"CommentAction\",\"name\":\"Comment\",\"target\":[\"https:\/\/stourm.news\/?p=1230#respond\"]}]},{\"@type\":\"WebPage\",\"@id\":\"https:\/\/stourm.news\/?p=1230\",\"url\":\"https:\/\/stourm.news\/?p=1230\",\"name\":\"1er mai \u00e0 Nantes : l'impunit\u00e9 revendiqu\u00e9e de l'ultra-gauche - STOURM\",\"isPartOf\":{\"@id\":\"https:\/\/stourm.news\/#website\"},\"primaryImageOfPage\":{\"@id\":\"https:\/\/stourm.news\/?p=1230#primaryimage\"},\"image\":{\"@id\":\"https:\/\/stourm.news\/?p=1230#primaryimage\"},\"thumbnailUrl\":\"https:\/\/stourm.news\/wp-content\/uploads\/2024\/05\/1200x680_sc_img20240501130708.jpg\",\"datePublished\":\"2024-05-02T06:42:32+00:00\",\"dateModified\":\"2024-05-02T08:40:35+00:00\",\"breadcrumb\":{\"@id\":\"https:\/\/stourm.news\/?p=1230#breadcrumb\"},\"inLanguage\":\"fr-FR\",\"potentialAction\":[{\"@type\":\"ReadAction\",\"target\":[\"https:\/\/stourm.news\/?p=1230\"]}]},{\"@type\":\"ImageObject\",\"inLanguage\":\"fr-FR\",\"@id\":\"https:\/\/stourm.news\/?p=1230#primaryimage\",\"url\":\"https:\/\/stourm.news\/wp-content\/uploads\/2024\/05\/1200x680_sc_img20240501130708.jpg\",\"contentUrl\":\"https:\/\/stourm.news\/wp-content\/uploads\/2024\/05\/1200x680_sc_img20240501130708.jpg\",\"width\":1200,\"height\":680},{\"@type\":\"BreadcrumbList\",\"@id\":\"https:\/\/stourm.news\/?p=1230#breadcrumb\",\"itemListElement\":[{\"@type\":\"ListItem\",\"position\":1,\"name\":\"Accueil\",\"item\":\"https:\/\/stourm.news\/\"},{\"@type\":\"ListItem\",\"position\":2,\"name\":\"1er mai \u00e0 Nantes : l&rsquo;impunit\u00e9 revendiqu\u00e9e de l&rsquo;ultra-gauche\"}]},{\"@type\":\"WebSite\",\"@id\":\"https:\/\/stourm.news\/#website\",\"url\":\"https:\/\/stourm.news\/\",\"name\":\"Stourm\",\"description\":\"Kazetenn Strollad Broadel Breizh\",\"publisher\":{\"@id\":\"https:\/\/stourm.news\/#organization\"},\"potentialAction\":[{\"@type\":\"SearchAction\",\"target\":{\"@type\":\"EntryPoint\",\"urlTemplate\":\"https:\/\/stourm.news\/?s={search_term_string}\"},\"query-input\":{\"@type\":\"PropertyValueSpecification\",\"valueRequired\":true,\"valueName\":\"search_term_string\"}}],\"inLanguage\":\"fr-FR\"},{\"@type\":\"Organization\",\"@id\":\"https:\/\/stourm.news\/#organization\",\"name\":\"Stourm\",\"url\":\"https:\/\/stourm.news\/\",\"logo\":{\"@type\":\"ImageObject\",\"inLanguage\":\"fr-FR\",\"@id\":\"https:\/\/stourm.news\/#\/schema\/logo\/image\/\",\"url\":\"https:\/\/stourm.news\/wp-content\/uploads\/2025\/11\/cropped-Capture-decran-2025-11-28-a-15.19.07.png\",\"contentUrl\":\"https:\/\/stourm.news\/wp-content\/uploads\/2025\/11\/cropped-Capture-decran-2025-11-28-a-15.19.07.png\",\"width\":1855,\"height\":383,\"caption\":\"Stourm\"},\"image\":{\"@id\":\"https:\/\/stourm.news\/#\/schema\/logo\/image\/\"},\"sameAs\":[\"https:\/\/www.facebook.com\/stourmnews\/\"]},{\"@type\":\"Person\",\"@id\":\"https:\/\/stourm.news\/#\/schema\/person\/c3e1dc65988632e190969234ef046cf9\",\"name\":\"La r\u00e9daction\",\"image\":{\"@type\":\"ImageObject\",\"inLanguage\":\"fr-FR\",\"@id\":\"https:\/\/stourm.news\/#\/schema\/person\/image\/\",\"url\":\"https:\/\/secure.gravatar.com\/avatar\/7463443f194b6b5fb706b074ca0ef59a0cfcfd720cb47764b0ec5a952ce422b3?s=96&d=mm&r=g\",\"contentUrl\":\"https:\/\/secure.gravatar.com\/avatar\/7463443f194b6b5fb706b074ca0ef59a0cfcfd720cb47764b0ec5a952ce422b3?s=96&d=mm&r=g\",\"caption\":\"La r\u00e9daction\"},\"sameAs\":[\"https:\/\/stourm.news\"],\"url\":\"https:\/\/stourm.news\/?author=1\"}]}<\/script>\n<!-- \/ Yoast SEO plugin. -->","yoast_head_json":{"title":"1er mai \u00e0 Nantes : l'impunit\u00e9 revendiqu\u00e9e de l'ultra-gauche - STOURM","robots":{"index":"index","follow":"follow","max-snippet":"max-snippet:-1","max-image-preview":"max-image-preview:large","max-video-preview":"max-video-preview:-1"},"canonical":"https:\/\/stourm.news\/?p=1230","og_locale":"fr_FR","og_type":"article","og_title":"1er mai \u00e0 Nantes : l'impunit\u00e9 revendiqu\u00e9e de l'ultra-gauche - STOURM","og_description":"Face \u00e0 la col\u00e8re grandissante de la population nantaise, l&rsquo;Etat fran\u00e7ais avait pr\u00e9tendu vouloir en finir avec la violence de l&rsquo;extr\u00eame-gauche hexagonale \u00e9tablie dans la capitale bretonne. En 2022, G\u00e9rald Darmanin, ministre de l&rsquo;int\u00e9rieur fran\u00e7ais, avait annonc\u00e9 la dissolution de l&rsquo;organisation d&rsquo;ultra-gauche \u00ab\u00a0Nantes R\u00e9volt\u00e9e\u00a0\u00bb, une dissolution &#8211; fait exceptionnel &#8211; qui ne fut jamais suivie [&hellip;]","og_url":"https:\/\/stourm.news\/?p=1230","og_site_name":"STOURM","article_publisher":"https:\/\/www.facebook.com\/stourmnews\/","article_published_time":"2024-05-02T06:42:32+00:00","article_modified_time":"2024-05-02T08:40:35+00:00","og_image":[{"width":1200,"height":680,"url":"https:\/\/stourm.news\/wp-content\/uploads\/2024\/05\/1200x680_sc_img20240501130708.jpg","type":"image\/jpeg"}],"author":"La r\u00e9daction","twitter_card":"summary_large_image","twitter_misc":{"\u00c9crit par":"La r\u00e9daction","Dur\u00e9e de lecture estim\u00e9e":"2 minutes"},"schema":{"@context":"https:\/\/schema.org","@graph":[{"@type":"Article","@id":"https:\/\/stourm.news\/?p=1230#article","isPartOf":{"@id":"https:\/\/stourm.news\/?p=1230"},"author":{"name":"La r\u00e9daction","@id":"https:\/\/stourm.news\/#\/schema\/person\/c3e1dc65988632e190969234ef046cf9"},"headline":"1er mai \u00e0 Nantes : l&rsquo;impunit\u00e9 revendiqu\u00e9e de l&rsquo;ultra-gauche","datePublished":"2024-05-02T06:42:32+00:00","dateModified":"2024-05-02T08:40:35+00:00","mainEntityOfPage":{"@id":"https:\/\/stourm.news\/?p=1230"},"wordCount":287,"commentCount":0,"publisher":{"@id":"https:\/\/stourm.news\/#organization"},"image":{"@id":"https:\/\/stourm.news\/?p=1230#primaryimage"},"thumbnailUrl":"https:\/\/stourm.news\/wp-content\/uploads\/2024\/05\/1200x680_sc_img20240501130708.jpg","articleSection":["Editorial","Extr\u00eame-gauche","Politique","Principale"],"inLanguage":"fr-FR","potentialAction":[{"@type":"CommentAction","name":"Comment","target":["https:\/\/stourm.news\/?p=1230#respond"]}]},{"@type":"WebPage","@id":"https:\/\/stourm.news\/?p=1230","url":"https:\/\/stourm.news\/?p=1230","name":"1er mai \u00e0 Nantes : l'impunit\u00e9 revendiqu\u00e9e de l'ultra-gauche - STOURM","isPartOf":{"@id":"https:\/\/stourm.news\/#website"},"primaryImageOfPage":{"@id":"https:\/\/stourm.news\/?p=1230#primaryimage"},"image":{"@id":"https:\/\/stourm.news\/?p=1230#primaryimage"},"thumbnailUrl":"https:\/\/stourm.news\/wp-content\/uploads\/2024\/05\/1200x680_sc_img20240501130708.jpg","datePublished":"2024-05-02T06:42:32+00:00","dateModified":"2024-05-02T08:40:35+00:00","breadcrumb":{"@id":"https:\/\/stourm.news\/?p=1230#breadcrumb"},"inLanguage":"fr-FR","potentialAction":[{"@type":"ReadAction","target":["https:\/\/stourm.news\/?p=1230"]}]},{"@type":"ImageObject","inLanguage":"fr-FR","@id":"https:\/\/stourm.news\/?p=1230#primaryimage","url":"https:\/\/stourm.news\/wp-content\/uploads\/2024\/05\/1200x680_sc_img20240501130708.jpg","contentUrl":"https:\/\/stourm.news\/wp-content\/uploads\/2024\/05\/1200x680_sc_img20240501130708.jpg","width":1200,"height":680},{"@type":"BreadcrumbList","@id":"https:\/\/stourm.news\/?p=1230#breadcrumb","itemListElement":[{"@type":"ListItem","position":1,"name":"Accueil","item":"https:\/\/stourm.news\/"},{"@type":"ListItem","position":2,"name":"1er mai \u00e0 Nantes : l&rsquo;impunit\u00e9 revendiqu\u00e9e de l&rsquo;ultra-gauche"}]},{"@type":"WebSite","@id":"https:\/\/stourm.news\/#website","url":"https:\/\/stourm.news\/","name":"Stourm","description":"Kazetenn Strollad Broadel Breizh","publisher":{"@id":"https:\/\/stourm.news\/#organization"},"potentialAction":[{"@type":"SearchAction","target":{"@type":"EntryPoint","urlTemplate":"https:\/\/stourm.news\/?s={search_term_string}"},"query-input":{"@type":"PropertyValueSpecification","valueRequired":true,"valueName":"search_term_string"}}],"inLanguage":"fr-FR"},{"@type":"Organization","@id":"https:\/\/stourm.news\/#organization","name":"Stourm","url":"https:\/\/stourm.news\/","logo":{"@type":"ImageObject","inLanguage":"fr-FR","@id":"https:\/\/stourm.news\/#\/schema\/logo\/image\/","url":"https:\/\/stourm.news\/wp-content\/uploads\/2025\/11\/cropped-Capture-decran-2025-11-28-a-15.19.07.png","contentUrl":"https:\/\/stourm.news\/wp-content\/uploads\/2025\/11\/cropped-Capture-decran-2025-11-28-a-15.19.07.png","width":1855,"height":383,"caption":"Stourm"},"image":{"@id":"https:\/\/stourm.news\/#\/schema\/logo\/image\/"},"sameAs":["https:\/\/www.facebook.com\/stourmnews\/"]},{"@type":"Person","@id":"https:\/\/stourm.news\/#\/schema\/person\/c3e1dc65988632e190969234ef046cf9","name":"La r\u00e9daction","image":{"@type":"ImageObject","inLanguage":"fr-FR","@id":"https:\/\/stourm.news\/#\/schema\/person\/image\/","url":"https:\/\/secure.gravatar.com\/avatar\/7463443f194b6b5fb706b074ca0ef59a0cfcfd720cb47764b0ec5a952ce422b3?s=96&d=mm&r=g","contentUrl":"https:\/\/secure.gravatar.com\/avatar\/7463443f194b6b5fb706b074ca0ef59a0cfcfd720cb47764b0ec5a952ce422b3?s=96&d=mm&r=g","caption":"La r\u00e9daction"},"sameAs":["https:\/\/stourm.news"],"url":"https:\/\/stourm.news\/?author=1"}]}},"_links":{"self":[{"href":"https:\/\/stourm.news\/index.php?rest_route=\/wp\/v2\/posts\/1230","targetHints":{"allow":["GET"]}}],"collection":[{"href":"https:\/\/stourm.news\/index.php?rest_route=\/wp\/v2\/posts"}],"about":[{"href":"https:\/\/stourm.news\/index.php?rest_route=\/wp\/v2\/types\/post"}],"author":[{"embeddable":true,"href":"https:\/\/stourm.news\/index.php?rest_route=\/wp\/v2\/users\/1"}],"replies":[{"embeddable":true,"href":"https:\/\/stourm.news\/index.php?rest_route=%2Fwp%2Fv2%2Fcomments&post=1230"}],"version-history":[{"count":1,"href":"https:\/\/stourm.news\/index.php?rest_route=\/wp\/v2\/posts\/1230\/revisions"}],"predecessor-version":[{"id":1232,"href":"https:\/\/stourm.news\/index.php?rest_route=\/wp\/v2\/posts\/1230\/revisions\/1232"}],"wp:featuredmedia":[{"embeddable":true,"href":"https:\/\/stourm.news\/index.php?rest_route=\/wp\/v2\/media\/1237"}],"wp:attachment":[{"href":"https:\/\/stourm.news\/index.php?rest_route=%2Fwp%2Fv2%2Fmedia&parent=1230"}],"wp:term":[{"taxonomy":"category","embeddable":true,"href":"https:\/\/stourm.news\/index.php?rest_route=%2Fwp%2Fv2%2Fcategories&post=1230"},{"taxonomy":"post_tag","embeddable":true,"href":"https:\/\/stourm.news\/index.php?rest_route=%2Fwp%2Fv2%2Ftags&post=1230"}],"curies":[{"name":"wp","href":"https:\/\/api.w.org\/{rel}","templated":true}]}}