{"id":1245,"date":"2024-05-04T03:57:25","date_gmt":"2024-05-04T03:57:25","guid":{"rendered":"https:\/\/stourm.news\/?p=1245"},"modified":"2024-05-04T03:57:25","modified_gmt":"2024-05-04T03:57:25","slug":"saint-brieuc-la-police-enquete-sur-deux-possibles-viols-deux-migrants-clandestins-recherches","status":"publish","type":"post","link":"https:\/\/stourm.news\/?p=1245","title":{"rendered":"Saint-Brieuc : la police enqu\u00eate sur deux possibles viols, deux migrants clandestins recherch\u00e9s"},"content":{"rendered":"<p style=\"text-align: justify;\">La police enqu\u00eate sur deux faits de <strong>viols<\/strong> dont aurait \u00e9t\u00e9 victime une jeune femme, au d\u00e9but du mois de mars 2024, dans le secteur de Gou\u00e9dic, \u00e0 Saint-Brieuc.<strong> Deux mineurs non accompagn\u00e9s<\/strong> et un majeur sont mis en cause. Une quatri\u00e8me personne n\u2019a pas encore \u00e9t\u00e9 identifi\u00e9e.<\/p>\n<p style=\"text-align: justify;\">Le crime n\u2019est, pour le moment, pas caract\u00e9ris\u00e9. Mais plusieurs sources polici\u00e8res, ainsi que le parquet de Saint-Brieuc, confirment au T\u00e9l\u00e9gramme qu\u2019une enqu\u00eate est bien en cours pour deux faits de <strong>viols<\/strong> qui auraient \u00e9t\u00e9 commis \u00e0 Saint-Brieuc, il y a deux mois, soit au d\u00e9but du mois de mars 2024. Les faits, dont la nature exacte reste \u00e0 d\u00e9terminer, se sont d\u00e9roul\u00e9s dans le secteur de Gou\u00e9dic, \u00e0 Saint-Brieuc.<\/p>\n<p style=\"text-align: justify;\">Source : <a href=\"https:\/\/www.letelegramme.fr\/cotes-d-armor\/saint-brieuc-22000\/a-saint-brieuc-la-police-enquete-sur-deux-possibles-viols-commis-dans-le-secteur-de-gouedic-6577093.php\">Le T\u00e9l\u00e9gramme<\/a><\/p>\n","protected":false},"excerpt":{"rendered":"<p>La police enqu\u00eate sur deux faits de viols dont aurait \u00e9t\u00e9 victime une jeune femme, au d\u00e9but du mois de mars 2024, dans le secteur de Gou\u00e9dic, \u00e0 Saint-Brieuc. Deux mineurs non accompagn\u00e9s et un majeur sont mis en cause. Une quatri\u00e8me personne n\u2019a pas encore \u00e9t\u00e9 identifi\u00e9e. Le crime n\u2019est, pour le moment, pas [&hellip;]<\/p>\n","protected":false},"author":1,"featured_media":1246,"comment_status":"open","ping_status":"open","sticky":false,"template":"","format":"standard","meta":{"sb_editor_width":"","footnotes":""},"categories":[39,62,30],"tags":[],"class_list":["post-1245","post","type-post","status-publish","format-standard","has-post-thumbnail","hentry","category-cotes-darmor","category-revue-de-presse","category-viol"],"relative_dates":{"created":"2 ans ago","modified":"2 ans ago"},"yoast_head":"<!-- This site is optimized with the Yoast SEO plugin v26.3 - https:\/\/yoast.com\/wordpress\/plugins\/seo\/ -->\n<title>Saint-Brieuc : la police enqu\u00eate sur deux possibles viols, deux migrants clandestins recherch\u00e9s - STOURM<\/title>\n<meta name=\"robots\" content=\"index, follow, max-snippet:-1, max-image-preview:large, max-video-preview:-1\" \/>\n<link rel=\"canonical\" href=\"https:\/\/stourm.news\/?p=1245\" \/>\n<meta property=\"og:locale\" content=\"fr_FR\" \/>\n<meta property=\"og:type\" content=\"article\" \/>\n<meta property=\"og:title\" content=\"Saint-Brieuc : la police enqu\u00eate sur deux possibles viols, deux migrants clandestins recherch\u00e9s - STOURM\" \/>\n<meta property=\"og:description\" content=\"La police enqu\u00eate sur deux faits de viols dont aurait \u00e9t\u00e9 victime une jeune femme, au d\u00e9but du mois de mars 2024, dans le secteur de Gou\u00e9dic, \u00e0 Saint-Brieuc. Deux mineurs non accompagn\u00e9s et un majeur sont mis en cause. Une quatri\u00e8me personne n\u2019a pas encore \u00e9t\u00e9 identifi\u00e9e. Le crime n\u2019est, pour le moment, pas [&hellip;]\" \/>\n<meta property=\"og:url\" content=\"https:\/\/stourm.news\/?p=1245\" \/>\n<meta property=\"og:site_name\" content=\"STOURM\" \/>\n<meta property=\"article:publisher\" content=\"https:\/\/www.facebook.com\/stourmnews\/\" \/>\n<meta property=\"article:published_time\" content=\"2024-05-04T03:57:25+00:00\" \/>\n<meta property=\"og:image\" content=\"https:\/\/stourm.news\/wp-content\/uploads\/2024\/05\/66351dd2e2f054775136c32b.jpg\" \/>\n\t<meta property=\"og:image:width\" content=\"960\" \/>\n\t<meta property=\"og:image:height\" content=\"600\" \/>\n\t<meta property=\"og:image:type\" content=\"image\/jpeg\" \/>\n<meta name=\"author\" content=\"La r\u00e9daction\" \/>\n<meta name=\"twitter:card\" content=\"summary_large_image\" \/>\n<meta name=\"twitter:label1\" content=\"\u00c9crit par\" \/>\n\t<meta name=\"twitter:data1\" content=\"La r\u00e9daction\" \/>\n\t<meta name=\"twitter:label2\" content=\"Dur\u00e9e de lecture estim\u00e9e\" \/>\n\t<meta name=\"twitter:data2\" content=\"1 minute\" \/>\n<script type=\"application\/ld+json\" class=\"yoast-schema-graph\">{\"@context\":\"https:\/\/schema.org\",\"@graph\":[{\"@type\":\"Article\",\"@id\":\"https:\/\/stourm.news\/?p=1245#article\",\"isPartOf\":{\"@id\":\"https:\/\/stourm.news\/?p=1245\"},\"author\":{\"name\":\"La r\u00e9daction\",\"@id\":\"https:\/\/stourm.news\/#\/schema\/person\/c3e1dc65988632e190969234ef046cf9\"},\"headline\":\"Saint-Brieuc : la police enqu\u00eate sur deux possibles viols, deux migrants clandestins recherch\u00e9s\",\"datePublished\":\"2024-05-04T03:57:25+00:00\",\"mainEntityOfPage\":{\"@id\":\"https:\/\/stourm.news\/?p=1245\"},\"wordCount\":150,\"commentCount\":0,\"publisher\":{\"@id\":\"https:\/\/stourm.news\/#organization\"},\"image\":{\"@id\":\"https:\/\/stourm.news\/?p=1245#primaryimage\"},\"thumbnailUrl\":\"https:\/\/stourm.news\/wp-content\/uploads\/2024\/05\/66351dd2e2f054775136c32b.jpg\",\"articleSection\":[\"C\u00f4tes d'Armor\",\"Revue de presse\",\"Viol\"],\"inLanguage\":\"fr-FR\",\"potentialAction\":[{\"@type\":\"CommentAction\",\"name\":\"Comment\",\"target\":[\"https:\/\/stourm.news\/?p=1245#respond\"]}]},{\"@type\":\"WebPage\",\"@id\":\"https:\/\/stourm.news\/?p=1245\",\"url\":\"https:\/\/stourm.news\/?p=1245\",\"name\":\"Saint-Brieuc : la police enqu\u00eate sur deux possibles viols, deux migrants clandestins recherch\u00e9s - STOURM\",\"isPartOf\":{\"@id\":\"https:\/\/stourm.news\/#website\"},\"primaryImageOfPage\":{\"@id\":\"https:\/\/stourm.news\/?p=1245#primaryimage\"},\"image\":{\"@id\":\"https:\/\/stourm.news\/?p=1245#primaryimage\"},\"thumbnailUrl\":\"https:\/\/stourm.news\/wp-content\/uploads\/2024\/05\/66351dd2e2f054775136c32b.jpg\",\"datePublished\":\"2024-05-04T03:57:25+00:00\",\"breadcrumb\":{\"@id\":\"https:\/\/stourm.news\/?p=1245#breadcrumb\"},\"inLanguage\":\"fr-FR\",\"potentialAction\":[{\"@type\":\"ReadAction\",\"target\":[\"https:\/\/stourm.news\/?p=1245\"]}]},{\"@type\":\"ImageObject\",\"inLanguage\":\"fr-FR\",\"@id\":\"https:\/\/stourm.news\/?p=1245#primaryimage\",\"url\":\"https:\/\/stourm.news\/wp-content\/uploads\/2024\/05\/66351dd2e2f054775136c32b.jpg\",\"contentUrl\":\"https:\/\/stourm.news\/wp-content\/uploads\/2024\/05\/66351dd2e2f054775136c32b.jpg\",\"width\":960,\"height\":600},{\"@type\":\"BreadcrumbList\",\"@id\":\"https:\/\/stourm.news\/?p=1245#breadcrumb\",\"itemListElement\":[{\"@type\":\"ListItem\",\"position\":1,\"name\":\"Accueil\",\"item\":\"https:\/\/stourm.news\/\"},{\"@type\":\"ListItem\",\"position\":2,\"name\":\"Saint-Brieuc : la police enqu\u00eate sur deux possibles viols, deux migrants clandestins recherch\u00e9s\"}]},{\"@type\":\"WebSite\",\"@id\":\"https:\/\/stourm.news\/#website\",\"url\":\"https:\/\/stourm.news\/\",\"name\":\"Stourm\",\"description\":\"Kazetenn Strollad Broadel Breizh\",\"publisher\":{\"@id\":\"https:\/\/stourm.news\/#organization\"},\"potentialAction\":[{\"@type\":\"SearchAction\",\"target\":{\"@type\":\"EntryPoint\",\"urlTemplate\":\"https:\/\/stourm.news\/?s={search_term_string}\"},\"query-input\":{\"@type\":\"PropertyValueSpecification\",\"valueRequired\":true,\"valueName\":\"search_term_string\"}}],\"inLanguage\":\"fr-FR\"},{\"@type\":\"Organization\",\"@id\":\"https:\/\/stourm.news\/#organization\",\"name\":\"Stourm\",\"url\":\"https:\/\/stourm.news\/\",\"logo\":{\"@type\":\"ImageObject\",\"inLanguage\":\"fr-FR\",\"@id\":\"https:\/\/stourm.news\/#\/schema\/logo\/image\/\",\"url\":\"https:\/\/stourm.news\/wp-content\/uploads\/2025\/11\/cropped-Capture-decran-2025-11-28-a-15.19.07.png\",\"contentUrl\":\"https:\/\/stourm.news\/wp-content\/uploads\/2025\/11\/cropped-Capture-decran-2025-11-28-a-15.19.07.png\",\"width\":1855,\"height\":383,\"caption\":\"Stourm\"},\"image\":{\"@id\":\"https:\/\/stourm.news\/#\/schema\/logo\/image\/\"},\"sameAs\":[\"https:\/\/www.facebook.com\/stourmnews\/\"]},{\"@type\":\"Person\",\"@id\":\"https:\/\/stourm.news\/#\/schema\/person\/c3e1dc65988632e190969234ef046cf9\",\"name\":\"La r\u00e9daction\",\"image\":{\"@type\":\"ImageObject\",\"inLanguage\":\"fr-FR\",\"@id\":\"https:\/\/stourm.news\/#\/schema\/person\/image\/\",\"url\":\"https:\/\/secure.gravatar.com\/avatar\/7463443f194b6b5fb706b074ca0ef59a0cfcfd720cb47764b0ec5a952ce422b3?s=96&d=mm&r=g\",\"contentUrl\":\"https:\/\/secure.gravatar.com\/avatar\/7463443f194b6b5fb706b074ca0ef59a0cfcfd720cb47764b0ec5a952ce422b3?s=96&d=mm&r=g\",\"caption\":\"La r\u00e9daction\"},\"sameAs\":[\"https:\/\/stourm.news\"],\"url\":\"https:\/\/stourm.news\/?author=1\"}]}<\/script>\n<!-- \/ Yoast SEO plugin. -->","yoast_head_json":{"title":"Saint-Brieuc : la police enqu\u00eate sur deux possibles viols, deux migrants clandestins recherch\u00e9s - STOURM","robots":{"index":"index","follow":"follow","max-snippet":"max-snippet:-1","max-image-preview":"max-image-preview:large","max-video-preview":"max-video-preview:-1"},"canonical":"https:\/\/stourm.news\/?p=1245","og_locale":"fr_FR","og_type":"article","og_title":"Saint-Brieuc : la police enqu\u00eate sur deux possibles viols, deux migrants clandestins recherch\u00e9s - STOURM","og_description":"La police enqu\u00eate sur deux faits de viols dont aurait \u00e9t\u00e9 victime une jeune femme, au d\u00e9but du mois de mars 2024, dans le secteur de Gou\u00e9dic, \u00e0 Saint-Brieuc. Deux mineurs non accompagn\u00e9s et un majeur sont mis en cause. Une quatri\u00e8me personne n\u2019a pas encore \u00e9t\u00e9 identifi\u00e9e. Le crime n\u2019est, pour le moment, pas [&hellip;]","og_url":"https:\/\/stourm.news\/?p=1245","og_site_name":"STOURM","article_publisher":"https:\/\/www.facebook.com\/stourmnews\/","article_published_time":"2024-05-04T03:57:25+00:00","og_image":[{"width":960,"height":600,"url":"https:\/\/stourm.news\/wp-content\/uploads\/2024\/05\/66351dd2e2f054775136c32b.jpg","type":"image\/jpeg"}],"author":"La r\u00e9daction","twitter_card":"summary_large_image","twitter_misc":{"\u00c9crit par":"La r\u00e9daction","Dur\u00e9e de lecture estim\u00e9e":"1 minute"},"schema":{"@context":"https:\/\/schema.org","@graph":[{"@type":"Article","@id":"https:\/\/stourm.news\/?p=1245#article","isPartOf":{"@id":"https:\/\/stourm.news\/?p=1245"},"author":{"name":"La r\u00e9daction","@id":"https:\/\/stourm.news\/#\/schema\/person\/c3e1dc65988632e190969234ef046cf9"},"headline":"Saint-Brieuc : la police enqu\u00eate sur deux possibles viols, deux migrants clandestins recherch\u00e9s","datePublished":"2024-05-04T03:57:25+00:00","mainEntityOfPage":{"@id":"https:\/\/stourm.news\/?p=1245"},"wordCount":150,"commentCount":0,"publisher":{"@id":"https:\/\/stourm.news\/#organization"},"image":{"@id":"https:\/\/stourm.news\/?p=1245#primaryimage"},"thumbnailUrl":"https:\/\/stourm.news\/wp-content\/uploads\/2024\/05\/66351dd2e2f054775136c32b.jpg","articleSection":["C\u00f4tes d'Armor","Revue de presse","Viol"],"inLanguage":"fr-FR","potentialAction":[{"@type":"CommentAction","name":"Comment","target":["https:\/\/stourm.news\/?p=1245#respond"]}]},{"@type":"WebPage","@id":"https:\/\/stourm.news\/?p=1245","url":"https:\/\/stourm.news\/?p=1245","name":"Saint-Brieuc : la police enqu\u00eate sur deux possibles viols, deux migrants clandestins recherch\u00e9s - STOURM","isPartOf":{"@id":"https:\/\/stourm.news\/#website"},"primaryImageOfPage":{"@id":"https:\/\/stourm.news\/?p=1245#primaryimage"},"image":{"@id":"https:\/\/stourm.news\/?p=1245#primaryimage"},"thumbnailUrl":"https:\/\/stourm.news\/wp-content\/uploads\/2024\/05\/66351dd2e2f054775136c32b.jpg","datePublished":"2024-05-04T03:57:25+00:00","breadcrumb":{"@id":"https:\/\/stourm.news\/?p=1245#breadcrumb"},"inLanguage":"fr-FR","potentialAction":[{"@type":"ReadAction","target":["https:\/\/stourm.news\/?p=1245"]}]},{"@type":"ImageObject","inLanguage":"fr-FR","@id":"https:\/\/stourm.news\/?p=1245#primaryimage","url":"https:\/\/stourm.news\/wp-content\/uploads\/2024\/05\/66351dd2e2f054775136c32b.jpg","contentUrl":"https:\/\/stourm.news\/wp-content\/uploads\/2024\/05\/66351dd2e2f054775136c32b.jpg","width":960,"height":600},{"@type":"BreadcrumbList","@id":"https:\/\/stourm.news\/?p=1245#breadcrumb","itemListElement":[{"@type":"ListItem","position":1,"name":"Accueil","item":"https:\/\/stourm.news\/"},{"@type":"ListItem","position":2,"name":"Saint-Brieuc : la police enqu\u00eate sur deux possibles viols, deux migrants clandestins recherch\u00e9s"}]},{"@type":"WebSite","@id":"https:\/\/stourm.news\/#website","url":"https:\/\/stourm.news\/","name":"Stourm","description":"Kazetenn Strollad Broadel Breizh","publisher":{"@id":"https:\/\/stourm.news\/#organization"},"potentialAction":[{"@type":"SearchAction","target":{"@type":"EntryPoint","urlTemplate":"https:\/\/stourm.news\/?s={search_term_string}"},"query-input":{"@type":"PropertyValueSpecification","valueRequired":true,"valueName":"search_term_string"}}],"inLanguage":"fr-FR"},{"@type":"Organization","@id":"https:\/\/stourm.news\/#organization","name":"Stourm","url":"https:\/\/stourm.news\/","logo":{"@type":"ImageObject","inLanguage":"fr-FR","@id":"https:\/\/stourm.news\/#\/schema\/logo\/image\/","url":"https:\/\/stourm.news\/wp-content\/uploads\/2025\/11\/cropped-Capture-decran-2025-11-28-a-15.19.07.png","contentUrl":"https:\/\/stourm.news\/wp-content\/uploads\/2025\/11\/cropped-Capture-decran-2025-11-28-a-15.19.07.png","width":1855,"height":383,"caption":"Stourm"},"image":{"@id":"https:\/\/stourm.news\/#\/schema\/logo\/image\/"},"sameAs":["https:\/\/www.facebook.com\/stourmnews\/"]},{"@type":"Person","@id":"https:\/\/stourm.news\/#\/schema\/person\/c3e1dc65988632e190969234ef046cf9","name":"La r\u00e9daction","image":{"@type":"ImageObject","inLanguage":"fr-FR","@id":"https:\/\/stourm.news\/#\/schema\/person\/image\/","url":"https:\/\/secure.gravatar.com\/avatar\/7463443f194b6b5fb706b074ca0ef59a0cfcfd720cb47764b0ec5a952ce422b3?s=96&d=mm&r=g","contentUrl":"https:\/\/secure.gravatar.com\/avatar\/7463443f194b6b5fb706b074ca0ef59a0cfcfd720cb47764b0ec5a952ce422b3?s=96&d=mm&r=g","caption":"La r\u00e9daction"},"sameAs":["https:\/\/stourm.news"],"url":"https:\/\/stourm.news\/?author=1"}]}},"_links":{"self":[{"href":"https:\/\/stourm.news\/index.php?rest_route=\/wp\/v2\/posts\/1245","targetHints":{"allow":["GET"]}}],"collection":[{"href":"https:\/\/stourm.news\/index.php?rest_route=\/wp\/v2\/posts"}],"about":[{"href":"https:\/\/stourm.news\/index.php?rest_route=\/wp\/v2\/types\/post"}],"author":[{"embeddable":true,"href":"https:\/\/stourm.news\/index.php?rest_route=\/wp\/v2\/users\/1"}],"replies":[{"embeddable":true,"href":"https:\/\/stourm.news\/index.php?rest_route=%2Fwp%2Fv2%2Fcomments&post=1245"}],"version-history":[{"count":1,"href":"https:\/\/stourm.news\/index.php?rest_route=\/wp\/v2\/posts\/1245\/revisions"}],"predecessor-version":[{"id":1247,"href":"https:\/\/stourm.news\/index.php?rest_route=\/wp\/v2\/posts\/1245\/revisions\/1247"}],"wp:featuredmedia":[{"embeddable":true,"href":"https:\/\/stourm.news\/index.php?rest_route=\/wp\/v2\/media\/1246"}],"wp:attachment":[{"href":"https:\/\/stourm.news\/index.php?rest_route=%2Fwp%2Fv2%2Fmedia&parent=1245"}],"wp:term":[{"taxonomy":"category","embeddable":true,"href":"https:\/\/stourm.news\/index.php?rest_route=%2Fwp%2Fv2%2Fcategories&post=1245"},{"taxonomy":"post_tag","embeddable":true,"href":"https:\/\/stourm.news\/index.php?rest_route=%2Fwp%2Fv2%2Ftags&post=1245"}],"curies":[{"name":"wp","href":"https:\/\/api.w.org\/{rel}","templated":true}]}}