{"id":1254,"date":"2024-05-05T03:34:56","date_gmt":"2024-05-05T03:34:56","guid":{"rendered":"https:\/\/stourm.news\/?p=1254"},"modified":"2024-05-05T03:34:56","modified_gmt":"2024-05-05T03:34:56","slug":"quemper-guezennec-hommage-du-pnb-a-labbe-lechvien-lachement-assassine-par-les-bandits-communistes-francais","status":"publish","type":"post","link":"https:\/\/stourm.news\/?p=1254","title":{"rendered":"Quemper-Guezennec : hommage du PNB \u00e0 l&rsquo;Abb\u00e9 Lec&rsquo;hvien, l\u00e2chement assassin\u00e9 par les bandits communistes fran\u00e7ais"},"content":{"rendered":"<p style=\"text-align: justify;\">Pour le 1er mai, f\u00eate des travailleurs bretons, le Parti National Breton organisait l&rsquo;une de ses traditionnelles journ\u00e9es militantes. Venus de toute la Bretagne, des membres du Parti se sont r\u00e9unis dans le Tr\u00e9gor pour une journ\u00e9e de formation politique et de camaraderie.<\/p>\n<p><img fetchpriority=\"high\" decoding=\"async\" class=\"alignnone wp-image-1134 size-full\" src=\"https:\/\/stourm.news\/wp-content\/uploads\/2024\/04\/GMJSR7abEAAEs-2.jpg\" alt=\"\" width=\"680\" height=\"680\" srcset=\"https:\/\/stourm.news\/wp-content\/uploads\/2024\/04\/GMJSR7abEAAEs-2.jpg 680w, https:\/\/stourm.news\/wp-content\/uploads\/2024\/04\/GMJSR7abEAAEs-2-300x300.jpg 300w, https:\/\/stourm.news\/wp-content\/uploads\/2024\/04\/GMJSR7abEAAEs-2-150x150.jpg 150w, https:\/\/stourm.news\/wp-content\/uploads\/2024\/04\/GMJSR7abEAAEs-2-500x500.jpg 500w\" sizes=\"(max-width: 680px) 100vw, 680px\" \/><\/p>\n<p style=\"text-align: justify;\">Cette session de formation avait pour th\u00e8me \u00ab\u00a0L&rsquo;esprit guerrier breton, fondateur de la Bretagne\u00a0\u00bb. Apr\u00e8s un repas patriotique entre camarades nationalistes, la fondation de la Bretagne par les guerriers bretons, du 4\u00e8me au 10\u00e8me si\u00e8cle, a \u00e9t\u00e9 longuement abord\u00e9e. Des rites militaires bretons \u00e0 l&rsquo;onomastique en passant par les grands chefs bretons qui ont r\u00e9sist\u00e9 et repouss\u00e9 l&rsquo;invasion franque, c&rsquo;est l&rsquo;\u00e9pop\u00e9e fondatrice de la Bretagne qui a \u00e9t\u00e9 discut\u00e9e par les camarades pr\u00e9sents. Ce travail de formation historique est crucial pour d\u00e9velopper le champ de la conscience bretonne chez chaque patriote.<\/p>\n<p><img decoding=\"async\" class=\"alignnone wp-image-1258 size-full\" src=\"https:\/\/stourm.news\/wp-content\/uploads\/2024\/05\/Capture-decran-2017.png\" alt=\"\" width=\"1151\" height=\"777\" srcset=\"https:\/\/stourm.news\/wp-content\/uploads\/2024\/05\/Capture-decran-2017.png 1151w, https:\/\/stourm.news\/wp-content\/uploads\/2024\/05\/Capture-decran-2017-300x203.png 300w, https:\/\/stourm.news\/wp-content\/uploads\/2024\/05\/Capture-decran-2017-1024x691.png 1024w, https:\/\/stourm.news\/wp-content\/uploads\/2024\/05\/Capture-decran-2017-768x518.png 768w\" sizes=\"(max-width: 1151px) 100vw, 1151px\" \/><\/p>\n<p style=\"text-align: justify;\">Le Parti National Breton a \u00e9galement souhait\u00e9 rendre hommage \u00e0 l&rsquo;Abb\u00e9 Per-V\u00e2ri Lec&rsquo;hvien, militant du Bleun Brug et recteur de Quemper-Guezennec l\u00e2chement assassin\u00e9 par les bandits communistes fran\u00e7ais le 10 ao\u00fbt 1944. Artisan de Feiz ha Breizh aux c\u00f4t\u00e9s de l&rsquo;Abb\u00e9 Yann-Vari Perrot, l&rsquo;Abb\u00e9 Lec&rsquo;hvien est tomb\u00e9 en martyr pour la patrie bretonne, victime de son engagement total pour que renaissance la nation bretonne. Ce sacrifice devait \u00eatre comm\u00e9mor\u00e9 pour les 80 ans du drame et un message sans ambigu\u00eft\u00e9 a \u00e9t\u00e9 adress\u00e9 aux derniers nostalgiques du marxisme : les nationalistes bretons n&rsquo;oublient pas !<img decoding=\"async\" class=\"aligncenter wp-image-1255\" src=\"https:\/\/stourm.news\/wp-content\/uploads\/2024\/05\/HommageAbbeLechvien-scaled.jpg\" alt=\"\" width=\"463\" height=\"650\" srcset=\"https:\/\/stourm.news\/wp-content\/uploads\/2024\/05\/HommageAbbeLechvien-scaled.jpg 1825w, https:\/\/stourm.news\/wp-content\/uploads\/2024\/05\/HommageAbbeLechvien-214x300.jpg 214w, https:\/\/stourm.news\/wp-content\/uploads\/2024\/05\/HommageAbbeLechvien-730x1024.jpg 730w, https:\/\/stourm.news\/wp-content\/uploads\/2024\/05\/HommageAbbeLechvien-768x1077.jpg 768w, https:\/\/stourm.news\/wp-content\/uploads\/2024\/05\/HommageAbbeLechvien-1095x1536.jpg 1095w, https:\/\/stourm.news\/wp-content\/uploads\/2024\/05\/HommageAbbeLechvien-1460x2048.jpg 1460w\" sizes=\"(max-width: 463px) 100vw, 463px\" \/><\/p>\n<p style=\"text-align: justify;\">Un tractage a \u00e9t\u00e9 r\u00e9alis\u00e9 \u00e0 Quemper-Guezennec pour expliquer l&rsquo;action du PNB \u00e0 la population bretonne, puis, banni\u00e8res du Parti d\u00e9ploy\u00e9es, un rassemblement symbolique a eu lieu l\u00e0 o\u00f9 l&rsquo;Abb\u00e9 est tomb\u00e9 pour Breizh.<\/p>\n<p><img loading=\"lazy\" decoding=\"async\" class=\"alignnone wp-image-1256 size-full\" src=\"https:\/\/stourm.news\/wp-content\/uploads\/2024\/05\/Capture-decran-2019.png\" alt=\"\" width=\"711\" height=\"754\" srcset=\"https:\/\/stourm.news\/wp-content\/uploads\/2024\/05\/Capture-decran-2019.png 711w, https:\/\/stourm.news\/wp-content\/uploads\/2024\/05\/Capture-decran-2019-283x300.png 283w\" sizes=\"(max-width: 711px) 100vw, 711px\" \/><\/p>\n<p><img loading=\"lazy\" decoding=\"async\" class=\"alignnone wp-image-1259 size-full\" src=\"https:\/\/stourm.news\/wp-content\/uploads\/2024\/05\/Capture-decran-2015.png\" alt=\"\" width=\"1161\" height=\"911\" srcset=\"https:\/\/stourm.news\/wp-content\/uploads\/2024\/05\/Capture-decran-2015.png 1161w, https:\/\/stourm.news\/wp-content\/uploads\/2024\/05\/Capture-decran-2015-300x235.png 300w, https:\/\/stourm.news\/wp-content\/uploads\/2024\/05\/Capture-decran-2015-1024x804.png 1024w, https:\/\/stourm.news\/wp-content\/uploads\/2024\/05\/Capture-decran-2015-768x603.png 768w\" sizes=\"(max-width: 1161px) 100vw, 1161px\" \/><\/p>\n<p style=\"text-align: justify;\">Le Parti National Breton appelle tous les patriotes bretons \u00e0 rejoindre ses rangs pour porter l&rsquo;effort de renaissance nationale, avec unit\u00e9, foi et discipline. Il ne tient qu&rsquo;\u00e0 une avant-garde militante d&rsquo;\u00e9veiller la conscience nationale bretonne et de la porter \u00e0 sa conclusion politique logique : l&rsquo;ind\u00e9pendance de la Bretagne.<\/p>\n<p style=\"text-align: right;\"><strong>Budig Gourmaelon<\/strong><\/p>\n<p>&nbsp;<\/p>\n","protected":false},"excerpt":{"rendered":"<p>Pour le 1er mai, f\u00eate des travailleurs bretons, le Parti National Breton organisait l&rsquo;une de ses traditionnelles journ\u00e9es militantes. Venus de toute la Bretagne, des membres du Parti se sont r\u00e9unis dans le Tr\u00e9gor pour une journ\u00e9e de formation politique et de camaraderie. Cette session de formation avait pour th\u00e8me \u00ab\u00a0L&rsquo;esprit guerrier breton, fondateur de [&hellip;]<\/p>\n","protected":false},"author":1,"featured_media":1257,"comment_status":"open","ping_status":"open","sticky":false,"template":"","format":"standard","meta":{"sb_editor_width":"","footnotes":""},"categories":[58,65,49],"tags":[],"class_list":["post-1254","post","type-post","status-publish","format-standard","has-post-thumbnail","hentry","category-breizh","category-principale","category-vie-du-parti"],"relative_dates":{"created":"2 ans ago","modified":"2 ans ago"},"yoast_head":"<!-- This site is optimized with the Yoast SEO plugin v26.3 - https:\/\/yoast.com\/wordpress\/plugins\/seo\/ -->\n<title>Quemper-Guezennec : hommage du PNB \u00e0 l&#039;Abb\u00e9 Lec&#039;hvien, l\u00e2chement assassin\u00e9 par les bandits communistes fran\u00e7ais - STOURM<\/title>\n<meta name=\"robots\" content=\"index, follow, max-snippet:-1, max-image-preview:large, max-video-preview:-1\" \/>\n<link rel=\"canonical\" href=\"https:\/\/stourm.news\/?p=1254\" \/>\n<meta property=\"og:locale\" content=\"fr_FR\" \/>\n<meta property=\"og:type\" content=\"article\" \/>\n<meta property=\"og:title\" content=\"Quemper-Guezennec : hommage du PNB \u00e0 l&#039;Abb\u00e9 Lec&#039;hvien, l\u00e2chement assassin\u00e9 par les bandits communistes fran\u00e7ais - STOURM\" \/>\n<meta property=\"og:description\" content=\"Pour le 1er mai, f\u00eate des travailleurs bretons, le Parti National Breton organisait l&rsquo;une de ses traditionnelles journ\u00e9es militantes. Venus de toute la Bretagne, des membres du Parti se sont r\u00e9unis dans le Tr\u00e9gor pour une journ\u00e9e de formation politique et de camaraderie. Cette session de formation avait pour th\u00e8me \u00ab\u00a0L&rsquo;esprit guerrier breton, fondateur de [&hellip;]\" \/>\n<meta property=\"og:url\" content=\"https:\/\/stourm.news\/?p=1254\" \/>\n<meta property=\"og:site_name\" content=\"STOURM\" \/>\n<meta property=\"article:publisher\" content=\"https:\/\/www.facebook.com\/stourmnews\/\" \/>\n<meta property=\"article:published_time\" content=\"2024-05-05T03:34:56+00:00\" \/>\n<meta property=\"og:image\" content=\"https:\/\/stourm.news\/wp-content\/uploads\/2024\/05\/Capture-decran-2018.png\" \/>\n\t<meta property=\"og:image:width\" content=\"999\" \/>\n\t<meta property=\"og:image:height\" content=\"661\" \/>\n\t<meta property=\"og:image:type\" content=\"image\/png\" \/>\n<meta name=\"author\" content=\"La r\u00e9daction\" \/>\n<meta name=\"twitter:card\" content=\"summary_large_image\" \/>\n<meta name=\"twitter:label1\" content=\"\u00c9crit par\" \/>\n\t<meta name=\"twitter:data1\" content=\"La r\u00e9daction\" \/>\n\t<meta name=\"twitter:label2\" content=\"Dur\u00e9e de lecture estim\u00e9e\" \/>\n\t<meta name=\"twitter:data2\" content=\"3 minutes\" \/>\n<script type=\"application\/ld+json\" class=\"yoast-schema-graph\">{\"@context\":\"https:\/\/schema.org\",\"@graph\":[{\"@type\":\"Article\",\"@id\":\"https:\/\/stourm.news\/?p=1254#article\",\"isPartOf\":{\"@id\":\"https:\/\/stourm.news\/?p=1254\"},\"author\":{\"name\":\"La r\u00e9daction\",\"@id\":\"https:\/\/stourm.news\/#\/schema\/person\/c3e1dc65988632e190969234ef046cf9\"},\"headline\":\"Quemper-Guezennec : hommage du PNB \u00e0 l&rsquo;Abb\u00e9 Lec&rsquo;hvien, l\u00e2chement assassin\u00e9 par les bandits communistes fran\u00e7ais\",\"datePublished\":\"2024-05-05T03:34:56+00:00\",\"mainEntityOfPage\":{\"@id\":\"https:\/\/stourm.news\/?p=1254\"},\"wordCount\":365,\"commentCount\":0,\"publisher\":{\"@id\":\"https:\/\/stourm.news\/#organization\"},\"image\":{\"@id\":\"https:\/\/stourm.news\/?p=1254#primaryimage\"},\"thumbnailUrl\":\"https:\/\/stourm.news\/wp-content\/uploads\/2024\/05\/Capture-decran-2018.png\",\"articleSection\":[\"Breizh\",\"Principale\",\"Vie du Parti\"],\"inLanguage\":\"fr-FR\",\"potentialAction\":[{\"@type\":\"CommentAction\",\"name\":\"Comment\",\"target\":[\"https:\/\/stourm.news\/?p=1254#respond\"]}]},{\"@type\":\"WebPage\",\"@id\":\"https:\/\/stourm.news\/?p=1254\",\"url\":\"https:\/\/stourm.news\/?p=1254\",\"name\":\"Quemper-Guezennec : hommage du PNB \u00e0 l'Abb\u00e9 Lec'hvien, l\u00e2chement assassin\u00e9 par les bandits communistes fran\u00e7ais - STOURM\",\"isPartOf\":{\"@id\":\"https:\/\/stourm.news\/#website\"},\"primaryImageOfPage\":{\"@id\":\"https:\/\/stourm.news\/?p=1254#primaryimage\"},\"image\":{\"@id\":\"https:\/\/stourm.news\/?p=1254#primaryimage\"},\"thumbnailUrl\":\"https:\/\/stourm.news\/wp-content\/uploads\/2024\/05\/Capture-decran-2018.png\",\"datePublished\":\"2024-05-05T03:34:56+00:00\",\"breadcrumb\":{\"@id\":\"https:\/\/stourm.news\/?p=1254#breadcrumb\"},\"inLanguage\":\"fr-FR\",\"potentialAction\":[{\"@type\":\"ReadAction\",\"target\":[\"https:\/\/stourm.news\/?p=1254\"]}]},{\"@type\":\"ImageObject\",\"inLanguage\":\"fr-FR\",\"@id\":\"https:\/\/stourm.news\/?p=1254#primaryimage\",\"url\":\"https:\/\/stourm.news\/wp-content\/uploads\/2024\/05\/Capture-decran-2018.png\",\"contentUrl\":\"https:\/\/stourm.news\/wp-content\/uploads\/2024\/05\/Capture-decran-2018.png\",\"width\":999,\"height\":661},{\"@type\":\"BreadcrumbList\",\"@id\":\"https:\/\/stourm.news\/?p=1254#breadcrumb\",\"itemListElement\":[{\"@type\":\"ListItem\",\"position\":1,\"name\":\"Accueil\",\"item\":\"https:\/\/stourm.news\/\"},{\"@type\":\"ListItem\",\"position\":2,\"name\":\"Quemper-Guezennec : hommage du PNB \u00e0 l&rsquo;Abb\u00e9 Lec&rsquo;hvien, l\u00e2chement assassin\u00e9 par les bandits communistes fran\u00e7ais\"}]},{\"@type\":\"WebSite\",\"@id\":\"https:\/\/stourm.news\/#website\",\"url\":\"https:\/\/stourm.news\/\",\"name\":\"Stourm\",\"description\":\"Kazetenn Strollad Broadel Breizh\",\"publisher\":{\"@id\":\"https:\/\/stourm.news\/#organization\"},\"potentialAction\":[{\"@type\":\"SearchAction\",\"target\":{\"@type\":\"EntryPoint\",\"urlTemplate\":\"https:\/\/stourm.news\/?s={search_term_string}\"},\"query-input\":{\"@type\":\"PropertyValueSpecification\",\"valueRequired\":true,\"valueName\":\"search_term_string\"}}],\"inLanguage\":\"fr-FR\"},{\"@type\":\"Organization\",\"@id\":\"https:\/\/stourm.news\/#organization\",\"name\":\"Stourm\",\"url\":\"https:\/\/stourm.news\/\",\"logo\":{\"@type\":\"ImageObject\",\"inLanguage\":\"fr-FR\",\"@id\":\"https:\/\/stourm.news\/#\/schema\/logo\/image\/\",\"url\":\"https:\/\/stourm.news\/wp-content\/uploads\/2025\/11\/cropped-Capture-decran-2025-11-28-a-15.19.07.png\",\"contentUrl\":\"https:\/\/stourm.news\/wp-content\/uploads\/2025\/11\/cropped-Capture-decran-2025-11-28-a-15.19.07.png\",\"width\":1855,\"height\":383,\"caption\":\"Stourm\"},\"image\":{\"@id\":\"https:\/\/stourm.news\/#\/schema\/logo\/image\/\"},\"sameAs\":[\"https:\/\/www.facebook.com\/stourmnews\/\"]},{\"@type\":\"Person\",\"@id\":\"https:\/\/stourm.news\/#\/schema\/person\/c3e1dc65988632e190969234ef046cf9\",\"name\":\"La r\u00e9daction\",\"image\":{\"@type\":\"ImageObject\",\"inLanguage\":\"fr-FR\",\"@id\":\"https:\/\/stourm.news\/#\/schema\/person\/image\/\",\"url\":\"https:\/\/secure.gravatar.com\/avatar\/7463443f194b6b5fb706b074ca0ef59a0cfcfd720cb47764b0ec5a952ce422b3?s=96&d=mm&r=g\",\"contentUrl\":\"https:\/\/secure.gravatar.com\/avatar\/7463443f194b6b5fb706b074ca0ef59a0cfcfd720cb47764b0ec5a952ce422b3?s=96&d=mm&r=g\",\"caption\":\"La r\u00e9daction\"},\"sameAs\":[\"https:\/\/stourm.news\"],\"url\":\"https:\/\/stourm.news\/?author=1\"}]}<\/script>\n<!-- \/ Yoast SEO plugin. -->","yoast_head_json":{"title":"Quemper-Guezennec : hommage du PNB \u00e0 l'Abb\u00e9 Lec'hvien, l\u00e2chement assassin\u00e9 par les bandits communistes fran\u00e7ais - STOURM","robots":{"index":"index","follow":"follow","max-snippet":"max-snippet:-1","max-image-preview":"max-image-preview:large","max-video-preview":"max-video-preview:-1"},"canonical":"https:\/\/stourm.news\/?p=1254","og_locale":"fr_FR","og_type":"article","og_title":"Quemper-Guezennec : hommage du PNB \u00e0 l'Abb\u00e9 Lec'hvien, l\u00e2chement assassin\u00e9 par les bandits communistes fran\u00e7ais - STOURM","og_description":"Pour le 1er mai, f\u00eate des travailleurs bretons, le Parti National Breton organisait l&rsquo;une de ses traditionnelles journ\u00e9es militantes. Venus de toute la Bretagne, des membres du Parti se sont r\u00e9unis dans le Tr\u00e9gor pour une journ\u00e9e de formation politique et de camaraderie. Cette session de formation avait pour th\u00e8me \u00ab\u00a0L&rsquo;esprit guerrier breton, fondateur de [&hellip;]","og_url":"https:\/\/stourm.news\/?p=1254","og_site_name":"STOURM","article_publisher":"https:\/\/www.facebook.com\/stourmnews\/","article_published_time":"2024-05-05T03:34:56+00:00","og_image":[{"width":999,"height":661,"url":"https:\/\/stourm.news\/wp-content\/uploads\/2024\/05\/Capture-decran-2018.png","type":"image\/png"}],"author":"La r\u00e9daction","twitter_card":"summary_large_image","twitter_misc":{"\u00c9crit par":"La r\u00e9daction","Dur\u00e9e de lecture estim\u00e9e":"3 minutes"},"schema":{"@context":"https:\/\/schema.org","@graph":[{"@type":"Article","@id":"https:\/\/stourm.news\/?p=1254#article","isPartOf":{"@id":"https:\/\/stourm.news\/?p=1254"},"author":{"name":"La r\u00e9daction","@id":"https:\/\/stourm.news\/#\/schema\/person\/c3e1dc65988632e190969234ef046cf9"},"headline":"Quemper-Guezennec : hommage du PNB \u00e0 l&rsquo;Abb\u00e9 Lec&rsquo;hvien, l\u00e2chement assassin\u00e9 par les bandits communistes fran\u00e7ais","datePublished":"2024-05-05T03:34:56+00:00","mainEntityOfPage":{"@id":"https:\/\/stourm.news\/?p=1254"},"wordCount":365,"commentCount":0,"publisher":{"@id":"https:\/\/stourm.news\/#organization"},"image":{"@id":"https:\/\/stourm.news\/?p=1254#primaryimage"},"thumbnailUrl":"https:\/\/stourm.news\/wp-content\/uploads\/2024\/05\/Capture-decran-2018.png","articleSection":["Breizh","Principale","Vie du Parti"],"inLanguage":"fr-FR","potentialAction":[{"@type":"CommentAction","name":"Comment","target":["https:\/\/stourm.news\/?p=1254#respond"]}]},{"@type":"WebPage","@id":"https:\/\/stourm.news\/?p=1254","url":"https:\/\/stourm.news\/?p=1254","name":"Quemper-Guezennec : hommage du PNB \u00e0 l'Abb\u00e9 Lec'hvien, l\u00e2chement assassin\u00e9 par les bandits communistes fran\u00e7ais - STOURM","isPartOf":{"@id":"https:\/\/stourm.news\/#website"},"primaryImageOfPage":{"@id":"https:\/\/stourm.news\/?p=1254#primaryimage"},"image":{"@id":"https:\/\/stourm.news\/?p=1254#primaryimage"},"thumbnailUrl":"https:\/\/stourm.news\/wp-content\/uploads\/2024\/05\/Capture-decran-2018.png","datePublished":"2024-05-05T03:34:56+00:00","breadcrumb":{"@id":"https:\/\/stourm.news\/?p=1254#breadcrumb"},"inLanguage":"fr-FR","potentialAction":[{"@type":"ReadAction","target":["https:\/\/stourm.news\/?p=1254"]}]},{"@type":"ImageObject","inLanguage":"fr-FR","@id":"https:\/\/stourm.news\/?p=1254#primaryimage","url":"https:\/\/stourm.news\/wp-content\/uploads\/2024\/05\/Capture-decran-2018.png","contentUrl":"https:\/\/stourm.news\/wp-content\/uploads\/2024\/05\/Capture-decran-2018.png","width":999,"height":661},{"@type":"BreadcrumbList","@id":"https:\/\/stourm.news\/?p=1254#breadcrumb","itemListElement":[{"@type":"ListItem","position":1,"name":"Accueil","item":"https:\/\/stourm.news\/"},{"@type":"ListItem","position":2,"name":"Quemper-Guezennec : hommage du PNB \u00e0 l&rsquo;Abb\u00e9 Lec&rsquo;hvien, l\u00e2chement assassin\u00e9 par les bandits communistes fran\u00e7ais"}]},{"@type":"WebSite","@id":"https:\/\/stourm.news\/#website","url":"https:\/\/stourm.news\/","name":"Stourm","description":"Kazetenn Strollad Broadel Breizh","publisher":{"@id":"https:\/\/stourm.news\/#organization"},"potentialAction":[{"@type":"SearchAction","target":{"@type":"EntryPoint","urlTemplate":"https:\/\/stourm.news\/?s={search_term_string}"},"query-input":{"@type":"PropertyValueSpecification","valueRequired":true,"valueName":"search_term_string"}}],"inLanguage":"fr-FR"},{"@type":"Organization","@id":"https:\/\/stourm.news\/#organization","name":"Stourm","url":"https:\/\/stourm.news\/","logo":{"@type":"ImageObject","inLanguage":"fr-FR","@id":"https:\/\/stourm.news\/#\/schema\/logo\/image\/","url":"https:\/\/stourm.news\/wp-content\/uploads\/2025\/11\/cropped-Capture-decran-2025-11-28-a-15.19.07.png","contentUrl":"https:\/\/stourm.news\/wp-content\/uploads\/2025\/11\/cropped-Capture-decran-2025-11-28-a-15.19.07.png","width":1855,"height":383,"caption":"Stourm"},"image":{"@id":"https:\/\/stourm.news\/#\/schema\/logo\/image\/"},"sameAs":["https:\/\/www.facebook.com\/stourmnews\/"]},{"@type":"Person","@id":"https:\/\/stourm.news\/#\/schema\/person\/c3e1dc65988632e190969234ef046cf9","name":"La r\u00e9daction","image":{"@type":"ImageObject","inLanguage":"fr-FR","@id":"https:\/\/stourm.news\/#\/schema\/person\/image\/","url":"https:\/\/secure.gravatar.com\/avatar\/7463443f194b6b5fb706b074ca0ef59a0cfcfd720cb47764b0ec5a952ce422b3?s=96&d=mm&r=g","contentUrl":"https:\/\/secure.gravatar.com\/avatar\/7463443f194b6b5fb706b074ca0ef59a0cfcfd720cb47764b0ec5a952ce422b3?s=96&d=mm&r=g","caption":"La r\u00e9daction"},"sameAs":["https:\/\/stourm.news"],"url":"https:\/\/stourm.news\/?author=1"}]}},"_links":{"self":[{"href":"https:\/\/stourm.news\/index.php?rest_route=\/wp\/v2\/posts\/1254","targetHints":{"allow":["GET"]}}],"collection":[{"href":"https:\/\/stourm.news\/index.php?rest_route=\/wp\/v2\/posts"}],"about":[{"href":"https:\/\/stourm.news\/index.php?rest_route=\/wp\/v2\/types\/post"}],"author":[{"embeddable":true,"href":"https:\/\/stourm.news\/index.php?rest_route=\/wp\/v2\/users\/1"}],"replies":[{"embeddable":true,"href":"https:\/\/stourm.news\/index.php?rest_route=%2Fwp%2Fv2%2Fcomments&post=1254"}],"version-history":[{"count":1,"href":"https:\/\/stourm.news\/index.php?rest_route=\/wp\/v2\/posts\/1254\/revisions"}],"predecessor-version":[{"id":1261,"href":"https:\/\/stourm.news\/index.php?rest_route=\/wp\/v2\/posts\/1254\/revisions\/1261"}],"wp:featuredmedia":[{"embeddable":true,"href":"https:\/\/stourm.news\/index.php?rest_route=\/wp\/v2\/media\/1257"}],"wp:attachment":[{"href":"https:\/\/stourm.news\/index.php?rest_route=%2Fwp%2Fv2%2Fmedia&parent=1254"}],"wp:term":[{"taxonomy":"category","embeddable":true,"href":"https:\/\/stourm.news\/index.php?rest_route=%2Fwp%2Fv2%2Fcategories&post=1254"},{"taxonomy":"post_tag","embeddable":true,"href":"https:\/\/stourm.news\/index.php?rest_route=%2Fwp%2Fv2%2Ftags&post=1254"}],"curies":[{"name":"wp","href":"https:\/\/api.w.org\/{rel}","templated":true}]}}