{"id":1263,"date":"2024-05-06T02:38:31","date_gmt":"2024-05-06T02:38:31","guid":{"rendered":"https:\/\/stourm.news\/?p=1263"},"modified":"2024-05-06T02:38:31","modified_gmt":"2024-05-06T02:38:31","slug":"squat-de-migrants-dans-un-batiment-de-la-region-a-rennes-on-espere-pouvoir-rester","status":"publish","type":"post","link":"https:\/\/stourm.news\/?p=1263","title":{"rendered":"Squat de migrants dans un b\u00e2timent de la R\u00e9gion, \u00e0 Rennes : \u00ab On esp\u00e8re pouvoir rester \u00bb"},"content":{"rendered":"<p style=\"text-align: justify;\">Depuis le mois de janvier, \u00e0 Rennes, <strong>des migrants<\/strong> <strong>occupent<\/strong> un b\u00e2timent vide, propri\u00e9t\u00e9 de la R\u00e9gion qui souhaite le vendre. La <strong>soixantaine de personnes<\/strong> qui y vivent redoutent d\u2019en \u00eatre expuls\u00e9es.<\/p>\n<p style=\"text-align: justify;\">Ce dimanche un repas \u00e9tait organis\u00e9 pour soutenir <strong>les sans papiers<\/strong> qui ont trouv\u00e9 refuge dans les anciens locaux de la direction des voies navigables du Conseil r\u00e9gional de Bretagne, situ\u00e9 rue Armand Rebillon, pr\u00e8s du canal Saint-Martin, \u00e0 Rennes. Une op\u00e9ration de visibilit\u00e9 aussi pour<strong> la soixantaine de personnes<\/strong> dont trois familles et cinq enfants qui occupent ainsi <strong>ill\u00e9galement<\/strong> les lieux depuis le 12 janvier avec le concours de l\u2019interorganisation de soutien aux personnes exil\u00e9es.<\/p>\n<p>Source : <a href=\"https:\/\/www.letelegramme.fr\/ille-et-vilaine\/rennes-35000\/squat-de-migrants-dans-un-batiment-de-la-region-on-espere-pouvoir-rester-6578298.php\">Le T\u00e9l\u00e9gramme<\/a><\/p>\n","protected":false},"excerpt":{"rendered":"<p>Depuis le mois de janvier, \u00e0 Rennes, des migrants occupent un b\u00e2timent vide, propri\u00e9t\u00e9 de la R\u00e9gion qui souhaite le vendre. La soixantaine de personnes qui y vivent redoutent d\u2019en \u00eatre expuls\u00e9es. Ce dimanche un repas \u00e9tait organis\u00e9 pour soutenir les sans papiers qui ont trouv\u00e9 refuge dans les anciens locaux de la direction des [&hellip;]<\/p>\n","protected":false},"author":1,"featured_media":1264,"comment_status":"open","ping_status":"open","sticky":false,"template":"","format":"standard","meta":{"sb_editor_width":"","footnotes":""},"categories":[41,33,62],"tags":[],"class_list":["post-1263","post","type-post","status-publish","format-standard","has-post-thumbnail","hentry","category-ille-et-vilaine","category-immigration","category-revue-de-presse"],"relative_dates":{"created":"2 ans ago","modified":"2 ans ago"},"yoast_head":"<!-- This site is optimized with the Yoast SEO plugin v26.3 - https:\/\/yoast.com\/wordpress\/plugins\/seo\/ -->\n<title>Squat de migrants dans un b\u00e2timent de la R\u00e9gion, \u00e0 Rennes : \u00ab On esp\u00e8re pouvoir rester \u00bb - STOURM<\/title>\n<meta name=\"robots\" content=\"index, follow, max-snippet:-1, max-image-preview:large, max-video-preview:-1\" \/>\n<link rel=\"canonical\" href=\"https:\/\/stourm.news\/?p=1263\" \/>\n<meta property=\"og:locale\" content=\"fr_FR\" \/>\n<meta property=\"og:type\" content=\"article\" \/>\n<meta property=\"og:title\" content=\"Squat de migrants dans un b\u00e2timent de la R\u00e9gion, \u00e0 Rennes : \u00ab On esp\u00e8re pouvoir rester \u00bb - STOURM\" \/>\n<meta property=\"og:description\" content=\"Depuis le mois de janvier, \u00e0 Rennes, des migrants occupent un b\u00e2timent vide, propri\u00e9t\u00e9 de la R\u00e9gion qui souhaite le vendre. La soixantaine de personnes qui y vivent redoutent d\u2019en \u00eatre expuls\u00e9es. Ce dimanche un repas \u00e9tait organis\u00e9 pour soutenir les sans papiers qui ont trouv\u00e9 refuge dans les anciens locaux de la direction des [&hellip;]\" \/>\n<meta property=\"og:url\" content=\"https:\/\/stourm.news\/?p=1263\" \/>\n<meta property=\"og:site_name\" content=\"STOURM\" \/>\n<meta property=\"article:publisher\" content=\"https:\/\/www.facebook.com\/stourmnews\/\" \/>\n<meta property=\"article:published_time\" content=\"2024-05-06T02:38:31+00:00\" \/>\n<meta property=\"og:image\" content=\"https:\/\/stourm.news\/wp-content\/uploads\/2024\/05\/6637aeeeee56646009137e87.jpg\" \/>\n\t<meta property=\"og:image:width\" content=\"960\" \/>\n\t<meta property=\"og:image:height\" content=\"600\" \/>\n\t<meta property=\"og:image:type\" content=\"image\/jpeg\" \/>\n<meta name=\"author\" content=\"La r\u00e9daction\" \/>\n<meta name=\"twitter:card\" content=\"summary_large_image\" \/>\n<meta name=\"twitter:label1\" content=\"\u00c9crit par\" \/>\n\t<meta name=\"twitter:data1\" content=\"La r\u00e9daction\" \/>\n\t<meta name=\"twitter:label2\" content=\"Dur\u00e9e de lecture estim\u00e9e\" \/>\n\t<meta name=\"twitter:data2\" content=\"1 minute\" \/>\n<script type=\"application\/ld+json\" class=\"yoast-schema-graph\">{\"@context\":\"https:\/\/schema.org\",\"@graph\":[{\"@type\":\"Article\",\"@id\":\"https:\/\/stourm.news\/?p=1263#article\",\"isPartOf\":{\"@id\":\"https:\/\/stourm.news\/?p=1263\"},\"author\":{\"name\":\"La r\u00e9daction\",\"@id\":\"https:\/\/stourm.news\/#\/schema\/person\/c3e1dc65988632e190969234ef046cf9\"},\"headline\":\"Squat de migrants dans un b\u00e2timent de la R\u00e9gion, \u00e0 Rennes : \u00ab On esp\u00e8re pouvoir rester \u00bb\",\"datePublished\":\"2024-05-06T02:38:31+00:00\",\"mainEntityOfPage\":{\"@id\":\"https:\/\/stourm.news\/?p=1263\"},\"wordCount\":138,\"commentCount\":0,\"publisher\":{\"@id\":\"https:\/\/stourm.news\/#organization\"},\"image\":{\"@id\":\"https:\/\/stourm.news\/?p=1263#primaryimage\"},\"thumbnailUrl\":\"https:\/\/stourm.news\/wp-content\/uploads\/2024\/05\/6637aeeeee56646009137e87.jpg\",\"articleSection\":[\"Ille-et-Vilaine\",\"Immigration\",\"Revue de presse\"],\"inLanguage\":\"fr-FR\",\"potentialAction\":[{\"@type\":\"CommentAction\",\"name\":\"Comment\",\"target\":[\"https:\/\/stourm.news\/?p=1263#respond\"]}]},{\"@type\":\"WebPage\",\"@id\":\"https:\/\/stourm.news\/?p=1263\",\"url\":\"https:\/\/stourm.news\/?p=1263\",\"name\":\"Squat de migrants dans un b\u00e2timent de la R\u00e9gion, \u00e0 Rennes : \u00ab On esp\u00e8re pouvoir rester \u00bb - STOURM\",\"isPartOf\":{\"@id\":\"https:\/\/stourm.news\/#website\"},\"primaryImageOfPage\":{\"@id\":\"https:\/\/stourm.news\/?p=1263#primaryimage\"},\"image\":{\"@id\":\"https:\/\/stourm.news\/?p=1263#primaryimage\"},\"thumbnailUrl\":\"https:\/\/stourm.news\/wp-content\/uploads\/2024\/05\/6637aeeeee56646009137e87.jpg\",\"datePublished\":\"2024-05-06T02:38:31+00:00\",\"breadcrumb\":{\"@id\":\"https:\/\/stourm.news\/?p=1263#breadcrumb\"},\"inLanguage\":\"fr-FR\",\"potentialAction\":[{\"@type\":\"ReadAction\",\"target\":[\"https:\/\/stourm.news\/?p=1263\"]}]},{\"@type\":\"ImageObject\",\"inLanguage\":\"fr-FR\",\"@id\":\"https:\/\/stourm.news\/?p=1263#primaryimage\",\"url\":\"https:\/\/stourm.news\/wp-content\/uploads\/2024\/05\/6637aeeeee56646009137e87.jpg\",\"contentUrl\":\"https:\/\/stourm.news\/wp-content\/uploads\/2024\/05\/6637aeeeee56646009137e87.jpg\",\"width\":960,\"height\":600},{\"@type\":\"BreadcrumbList\",\"@id\":\"https:\/\/stourm.news\/?p=1263#breadcrumb\",\"itemListElement\":[{\"@type\":\"ListItem\",\"position\":1,\"name\":\"Accueil\",\"item\":\"https:\/\/stourm.news\/\"},{\"@type\":\"ListItem\",\"position\":2,\"name\":\"Squat de migrants dans un b\u00e2timent de la R\u00e9gion, \u00e0 Rennes : \u00ab On esp\u00e8re pouvoir rester \u00bb\"}]},{\"@type\":\"WebSite\",\"@id\":\"https:\/\/stourm.news\/#website\",\"url\":\"https:\/\/stourm.news\/\",\"name\":\"Stourm\",\"description\":\"Kazetenn Strollad Broadel Breizh\",\"publisher\":{\"@id\":\"https:\/\/stourm.news\/#organization\"},\"potentialAction\":[{\"@type\":\"SearchAction\",\"target\":{\"@type\":\"EntryPoint\",\"urlTemplate\":\"https:\/\/stourm.news\/?s={search_term_string}\"},\"query-input\":{\"@type\":\"PropertyValueSpecification\",\"valueRequired\":true,\"valueName\":\"search_term_string\"}}],\"inLanguage\":\"fr-FR\"},{\"@type\":\"Organization\",\"@id\":\"https:\/\/stourm.news\/#organization\",\"name\":\"Stourm\",\"url\":\"https:\/\/stourm.news\/\",\"logo\":{\"@type\":\"ImageObject\",\"inLanguage\":\"fr-FR\",\"@id\":\"https:\/\/stourm.news\/#\/schema\/logo\/image\/\",\"url\":\"https:\/\/stourm.news\/wp-content\/uploads\/2025\/11\/cropped-Capture-decran-2025-11-28-a-15.19.07.png\",\"contentUrl\":\"https:\/\/stourm.news\/wp-content\/uploads\/2025\/11\/cropped-Capture-decran-2025-11-28-a-15.19.07.png\",\"width\":1855,\"height\":383,\"caption\":\"Stourm\"},\"image\":{\"@id\":\"https:\/\/stourm.news\/#\/schema\/logo\/image\/\"},\"sameAs\":[\"https:\/\/www.facebook.com\/stourmnews\/\"]},{\"@type\":\"Person\",\"@id\":\"https:\/\/stourm.news\/#\/schema\/person\/c3e1dc65988632e190969234ef046cf9\",\"name\":\"La r\u00e9daction\",\"image\":{\"@type\":\"ImageObject\",\"inLanguage\":\"fr-FR\",\"@id\":\"https:\/\/stourm.news\/#\/schema\/person\/image\/\",\"url\":\"https:\/\/secure.gravatar.com\/avatar\/7463443f194b6b5fb706b074ca0ef59a0cfcfd720cb47764b0ec5a952ce422b3?s=96&d=mm&r=g\",\"contentUrl\":\"https:\/\/secure.gravatar.com\/avatar\/7463443f194b6b5fb706b074ca0ef59a0cfcfd720cb47764b0ec5a952ce422b3?s=96&d=mm&r=g\",\"caption\":\"La r\u00e9daction\"},\"sameAs\":[\"https:\/\/stourm.news\"],\"url\":\"https:\/\/stourm.news\/?author=1\"}]}<\/script>\n<!-- \/ Yoast SEO plugin. -->","yoast_head_json":{"title":"Squat de migrants dans un b\u00e2timent de la R\u00e9gion, \u00e0 Rennes : \u00ab On esp\u00e8re pouvoir rester \u00bb - STOURM","robots":{"index":"index","follow":"follow","max-snippet":"max-snippet:-1","max-image-preview":"max-image-preview:large","max-video-preview":"max-video-preview:-1"},"canonical":"https:\/\/stourm.news\/?p=1263","og_locale":"fr_FR","og_type":"article","og_title":"Squat de migrants dans un b\u00e2timent de la R\u00e9gion, \u00e0 Rennes : \u00ab On esp\u00e8re pouvoir rester \u00bb - STOURM","og_description":"Depuis le mois de janvier, \u00e0 Rennes, des migrants occupent un b\u00e2timent vide, propri\u00e9t\u00e9 de la R\u00e9gion qui souhaite le vendre. La soixantaine de personnes qui y vivent redoutent d\u2019en \u00eatre expuls\u00e9es. Ce dimanche un repas \u00e9tait organis\u00e9 pour soutenir les sans papiers qui ont trouv\u00e9 refuge dans les anciens locaux de la direction des [&hellip;]","og_url":"https:\/\/stourm.news\/?p=1263","og_site_name":"STOURM","article_publisher":"https:\/\/www.facebook.com\/stourmnews\/","article_published_time":"2024-05-06T02:38:31+00:00","og_image":[{"width":960,"height":600,"url":"https:\/\/stourm.news\/wp-content\/uploads\/2024\/05\/6637aeeeee56646009137e87.jpg","type":"image\/jpeg"}],"author":"La r\u00e9daction","twitter_card":"summary_large_image","twitter_misc":{"\u00c9crit par":"La r\u00e9daction","Dur\u00e9e de lecture estim\u00e9e":"1 minute"},"schema":{"@context":"https:\/\/schema.org","@graph":[{"@type":"Article","@id":"https:\/\/stourm.news\/?p=1263#article","isPartOf":{"@id":"https:\/\/stourm.news\/?p=1263"},"author":{"name":"La r\u00e9daction","@id":"https:\/\/stourm.news\/#\/schema\/person\/c3e1dc65988632e190969234ef046cf9"},"headline":"Squat de migrants dans un b\u00e2timent de la R\u00e9gion, \u00e0 Rennes : \u00ab On esp\u00e8re pouvoir rester \u00bb","datePublished":"2024-05-06T02:38:31+00:00","mainEntityOfPage":{"@id":"https:\/\/stourm.news\/?p=1263"},"wordCount":138,"commentCount":0,"publisher":{"@id":"https:\/\/stourm.news\/#organization"},"image":{"@id":"https:\/\/stourm.news\/?p=1263#primaryimage"},"thumbnailUrl":"https:\/\/stourm.news\/wp-content\/uploads\/2024\/05\/6637aeeeee56646009137e87.jpg","articleSection":["Ille-et-Vilaine","Immigration","Revue de presse"],"inLanguage":"fr-FR","potentialAction":[{"@type":"CommentAction","name":"Comment","target":["https:\/\/stourm.news\/?p=1263#respond"]}]},{"@type":"WebPage","@id":"https:\/\/stourm.news\/?p=1263","url":"https:\/\/stourm.news\/?p=1263","name":"Squat de migrants dans un b\u00e2timent de la R\u00e9gion, \u00e0 Rennes : \u00ab On esp\u00e8re pouvoir rester \u00bb - STOURM","isPartOf":{"@id":"https:\/\/stourm.news\/#website"},"primaryImageOfPage":{"@id":"https:\/\/stourm.news\/?p=1263#primaryimage"},"image":{"@id":"https:\/\/stourm.news\/?p=1263#primaryimage"},"thumbnailUrl":"https:\/\/stourm.news\/wp-content\/uploads\/2024\/05\/6637aeeeee56646009137e87.jpg","datePublished":"2024-05-06T02:38:31+00:00","breadcrumb":{"@id":"https:\/\/stourm.news\/?p=1263#breadcrumb"},"inLanguage":"fr-FR","potentialAction":[{"@type":"ReadAction","target":["https:\/\/stourm.news\/?p=1263"]}]},{"@type":"ImageObject","inLanguage":"fr-FR","@id":"https:\/\/stourm.news\/?p=1263#primaryimage","url":"https:\/\/stourm.news\/wp-content\/uploads\/2024\/05\/6637aeeeee56646009137e87.jpg","contentUrl":"https:\/\/stourm.news\/wp-content\/uploads\/2024\/05\/6637aeeeee56646009137e87.jpg","width":960,"height":600},{"@type":"BreadcrumbList","@id":"https:\/\/stourm.news\/?p=1263#breadcrumb","itemListElement":[{"@type":"ListItem","position":1,"name":"Accueil","item":"https:\/\/stourm.news\/"},{"@type":"ListItem","position":2,"name":"Squat de migrants dans un b\u00e2timent de la R\u00e9gion, \u00e0 Rennes : \u00ab On esp\u00e8re pouvoir rester \u00bb"}]},{"@type":"WebSite","@id":"https:\/\/stourm.news\/#website","url":"https:\/\/stourm.news\/","name":"Stourm","description":"Kazetenn Strollad Broadel Breizh","publisher":{"@id":"https:\/\/stourm.news\/#organization"},"potentialAction":[{"@type":"SearchAction","target":{"@type":"EntryPoint","urlTemplate":"https:\/\/stourm.news\/?s={search_term_string}"},"query-input":{"@type":"PropertyValueSpecification","valueRequired":true,"valueName":"search_term_string"}}],"inLanguage":"fr-FR"},{"@type":"Organization","@id":"https:\/\/stourm.news\/#organization","name":"Stourm","url":"https:\/\/stourm.news\/","logo":{"@type":"ImageObject","inLanguage":"fr-FR","@id":"https:\/\/stourm.news\/#\/schema\/logo\/image\/","url":"https:\/\/stourm.news\/wp-content\/uploads\/2025\/11\/cropped-Capture-decran-2025-11-28-a-15.19.07.png","contentUrl":"https:\/\/stourm.news\/wp-content\/uploads\/2025\/11\/cropped-Capture-decran-2025-11-28-a-15.19.07.png","width":1855,"height":383,"caption":"Stourm"},"image":{"@id":"https:\/\/stourm.news\/#\/schema\/logo\/image\/"},"sameAs":["https:\/\/www.facebook.com\/stourmnews\/"]},{"@type":"Person","@id":"https:\/\/stourm.news\/#\/schema\/person\/c3e1dc65988632e190969234ef046cf9","name":"La r\u00e9daction","image":{"@type":"ImageObject","inLanguage":"fr-FR","@id":"https:\/\/stourm.news\/#\/schema\/person\/image\/","url":"https:\/\/secure.gravatar.com\/avatar\/7463443f194b6b5fb706b074ca0ef59a0cfcfd720cb47764b0ec5a952ce422b3?s=96&d=mm&r=g","contentUrl":"https:\/\/secure.gravatar.com\/avatar\/7463443f194b6b5fb706b074ca0ef59a0cfcfd720cb47764b0ec5a952ce422b3?s=96&d=mm&r=g","caption":"La r\u00e9daction"},"sameAs":["https:\/\/stourm.news"],"url":"https:\/\/stourm.news\/?author=1"}]}},"_links":{"self":[{"href":"https:\/\/stourm.news\/index.php?rest_route=\/wp\/v2\/posts\/1263","targetHints":{"allow":["GET"]}}],"collection":[{"href":"https:\/\/stourm.news\/index.php?rest_route=\/wp\/v2\/posts"}],"about":[{"href":"https:\/\/stourm.news\/index.php?rest_route=\/wp\/v2\/types\/post"}],"author":[{"embeddable":true,"href":"https:\/\/stourm.news\/index.php?rest_route=\/wp\/v2\/users\/1"}],"replies":[{"embeddable":true,"href":"https:\/\/stourm.news\/index.php?rest_route=%2Fwp%2Fv2%2Fcomments&post=1263"}],"version-history":[{"count":1,"href":"https:\/\/stourm.news\/index.php?rest_route=\/wp\/v2\/posts\/1263\/revisions"}],"predecessor-version":[{"id":1265,"href":"https:\/\/stourm.news\/index.php?rest_route=\/wp\/v2\/posts\/1263\/revisions\/1265"}],"wp:featuredmedia":[{"embeddable":true,"href":"https:\/\/stourm.news\/index.php?rest_route=\/wp\/v2\/media\/1264"}],"wp:attachment":[{"href":"https:\/\/stourm.news\/index.php?rest_route=%2Fwp%2Fv2%2Fmedia&parent=1263"}],"wp:term":[{"taxonomy":"category","embeddable":true,"href":"https:\/\/stourm.news\/index.php?rest_route=%2Fwp%2Fv2%2Fcategories&post=1263"},{"taxonomy":"post_tag","embeddable":true,"href":"https:\/\/stourm.news\/index.php?rest_route=%2Fwp%2Fv2%2Ftags&post=1263"}],"curies":[{"name":"wp","href":"https:\/\/api.w.org\/{rel}","templated":true}]}}