{"id":1266,"date":"2024-05-06T02:42:11","date_gmt":"2024-05-06T02:42:11","guid":{"rendered":"https:\/\/stourm.news\/?p=1266"},"modified":"2024-05-06T02:42:11","modified_gmt":"2024-05-06T02:42:11","slug":"a-rennes-une-manifestation-contre-la-transphobie","status":"publish","type":"post","link":"https:\/\/stourm.news\/?p=1266","title":{"rendered":"\u00c0 Rennes, une manifestation contre la transphobie"},"content":{"rendered":"<p style=\"text-align: justify;\">Les manifestants se sont rassembl\u00e9s en fin d\u2019apr\u00e8s-midi sur la place de la R\u00e9publique. Ils r\u00e9pondaient ainsi \u00e0 un appel \u00e0 la mobilisation comme dans plusieurs villes de l\u2019Hexagone pour dire non \u00e0 la <strong>transphobie<\/strong>. \u00ab Ces derni\u00e8res semaines l\u2019offensive r\u00e9actionnaire anti-trans s\u2019est intensifi\u00e9e en France \u00bb ont expliqu\u00e9 les intervenants lors de prises de parole. Les manifestants pointent du doigt notamment une proposition de loi du groupe Les R\u00e9publicains au S\u00e9nat, en date du mois de mars, visant \u00e0 interdire toutes d\u00e9marches de transition m\u00e9dicale pour<strong> les mineurs<\/strong> en leur refusant l\u2019acc\u00e8s aux bloqueurs de pubert\u00e9s, traitements hormonaux et chirurgies de r\u00e9assignation. \u00ab Lutter contre notre acc\u00e8s aux soins, contre nos reconnaissances sociales, c\u2019est lutter pour notre effacement. C\u2019est un processus qui vise \u00e0 augmenter les violences envers les trans et \u00e0 augmenter les suicides d\u00e9j\u00e0 beaucoup trop nombreux \u00bb ont r\u00e9agi les repr\u00e9sentants d\u2019associations pr\u00e9sents. \u00c0 l\u2019issue du rassemblement un cort\u00e8ge s\u2019est form\u00e9, vers 19 h o\u00f9 l\u2019on pouvait voir des banderoles comme \u00ab Nos corps, nos choix, nos droits \u00bb. Les manifestants ont ensuite d\u00e9fil\u00e9, jusque 20 h, dans les rues du centre-ville.<\/p>\n<p>Source : <a href=\"https:\/\/www.letelegramme.fr\/ille-et-vilaine\/rennes-35000\/a-rennes-une-manifestation-contre-la-transphobie-6578050.php\">Le T\u00e9l\u00e9gramme<\/a><\/p>\n","protected":false},"excerpt":{"rendered":"<p>Les manifestants se sont rassembl\u00e9s en fin d\u2019apr\u00e8s-midi sur la place de la R\u00e9publique. Ils r\u00e9pondaient ainsi \u00e0 un appel \u00e0 la mobilisation comme dans plusieurs villes de l\u2019Hexagone pour dire non \u00e0 la transphobie. \u00ab Ces derni\u00e8res semaines l\u2019offensive r\u00e9actionnaire anti-trans s\u2019est intensifi\u00e9e en France \u00bb ont expliqu\u00e9 les intervenants lors de prises de [&hellip;]<\/p>\n","protected":false},"author":1,"featured_media":1267,"comment_status":"open","ping_status":"open","sticky":false,"template":"","format":"standard","meta":{"sb_editor_width":"","footnotes":""},"categories":[41,62,54],"tags":[],"class_list":["post-1266","post","type-post","status-publish","format-standard","has-post-thumbnail","hentry","category-ille-et-vilaine","category-revue-de-presse","category-societe"],"relative_dates":{"created":"2 ans ago","modified":"2 ans ago"},"yoast_head":"<!-- This site is optimized with the Yoast SEO plugin v26.3 - https:\/\/yoast.com\/wordpress\/plugins\/seo\/ -->\n<title>\u00c0 Rennes, une manifestation contre la transphobie - STOURM<\/title>\n<meta name=\"robots\" content=\"index, follow, max-snippet:-1, max-image-preview:large, max-video-preview:-1\" \/>\n<link rel=\"canonical\" href=\"https:\/\/stourm.news\/?p=1266\" \/>\n<meta property=\"og:locale\" content=\"fr_FR\" \/>\n<meta property=\"og:type\" content=\"article\" \/>\n<meta property=\"og:title\" content=\"\u00c0 Rennes, une manifestation contre la transphobie - STOURM\" \/>\n<meta property=\"og:description\" content=\"Les manifestants se sont rassembl\u00e9s en fin d\u2019apr\u00e8s-midi sur la place de la R\u00e9publique. Ils r\u00e9pondaient ainsi \u00e0 un appel \u00e0 la mobilisation comme dans plusieurs villes de l\u2019Hexagone pour dire non \u00e0 la transphobie. \u00ab Ces derni\u00e8res semaines l\u2019offensive r\u00e9actionnaire anti-trans s\u2019est intensifi\u00e9e en France \u00bb ont expliqu\u00e9 les intervenants lors de prises de [&hellip;]\" \/>\n<meta property=\"og:url\" content=\"https:\/\/stourm.news\/?p=1266\" \/>\n<meta property=\"og:site_name\" content=\"STOURM\" \/>\n<meta property=\"article:publisher\" content=\"https:\/\/www.facebook.com\/stourmnews\/\" \/>\n<meta property=\"article:published_time\" content=\"2024-05-06T02:42:11+00:00\" \/>\n<meta property=\"og:image\" content=\"https:\/\/stourm.news\/wp-content\/uploads\/2024\/05\/663763a6f6db7036e51a5abb.jpg\" \/>\n\t<meta property=\"og:image:width\" content=\"960\" \/>\n\t<meta property=\"og:image:height\" content=\"600\" \/>\n\t<meta property=\"og:image:type\" content=\"image\/jpeg\" \/>\n<meta name=\"author\" content=\"La r\u00e9daction\" \/>\n<meta name=\"twitter:card\" content=\"summary_large_image\" \/>\n<meta name=\"twitter:label1\" content=\"\u00c9crit par\" \/>\n\t<meta name=\"twitter:data1\" content=\"La r\u00e9daction\" \/>\n\t<meta name=\"twitter:label2\" content=\"Dur\u00e9e de lecture estim\u00e9e\" \/>\n\t<meta name=\"twitter:data2\" content=\"1 minute\" \/>\n<script type=\"application\/ld+json\" class=\"yoast-schema-graph\">{\"@context\":\"https:\/\/schema.org\",\"@graph\":[{\"@type\":\"Article\",\"@id\":\"https:\/\/stourm.news\/?p=1266#article\",\"isPartOf\":{\"@id\":\"https:\/\/stourm.news\/?p=1266\"},\"author\":{\"name\":\"La r\u00e9daction\",\"@id\":\"https:\/\/stourm.news\/#\/schema\/person\/c3e1dc65988632e190969234ef046cf9\"},\"headline\":\"\u00c0 Rennes, une manifestation contre la transphobie\",\"datePublished\":\"2024-05-06T02:42:11+00:00\",\"mainEntityOfPage\":{\"@id\":\"https:\/\/stourm.news\/?p=1266\"},\"wordCount\":214,\"commentCount\":0,\"publisher\":{\"@id\":\"https:\/\/stourm.news\/#organization\"},\"image\":{\"@id\":\"https:\/\/stourm.news\/?p=1266#primaryimage\"},\"thumbnailUrl\":\"https:\/\/stourm.news\/wp-content\/uploads\/2024\/05\/663763a6f6db7036e51a5abb.jpg\",\"articleSection\":[\"Ille-et-Vilaine\",\"Revue de presse\",\"Soci\u00e9t\u00e9\"],\"inLanguage\":\"fr-FR\",\"potentialAction\":[{\"@type\":\"CommentAction\",\"name\":\"Comment\",\"target\":[\"https:\/\/stourm.news\/?p=1266#respond\"]}]},{\"@type\":\"WebPage\",\"@id\":\"https:\/\/stourm.news\/?p=1266\",\"url\":\"https:\/\/stourm.news\/?p=1266\",\"name\":\"\u00c0 Rennes, une manifestation contre la transphobie - STOURM\",\"isPartOf\":{\"@id\":\"https:\/\/stourm.news\/#website\"},\"primaryImageOfPage\":{\"@id\":\"https:\/\/stourm.news\/?p=1266#primaryimage\"},\"image\":{\"@id\":\"https:\/\/stourm.news\/?p=1266#primaryimage\"},\"thumbnailUrl\":\"https:\/\/stourm.news\/wp-content\/uploads\/2024\/05\/663763a6f6db7036e51a5abb.jpg\",\"datePublished\":\"2024-05-06T02:42:11+00:00\",\"breadcrumb\":{\"@id\":\"https:\/\/stourm.news\/?p=1266#breadcrumb\"},\"inLanguage\":\"fr-FR\",\"potentialAction\":[{\"@type\":\"ReadAction\",\"target\":[\"https:\/\/stourm.news\/?p=1266\"]}]},{\"@type\":\"ImageObject\",\"inLanguage\":\"fr-FR\",\"@id\":\"https:\/\/stourm.news\/?p=1266#primaryimage\",\"url\":\"https:\/\/stourm.news\/wp-content\/uploads\/2024\/05\/663763a6f6db7036e51a5abb.jpg\",\"contentUrl\":\"https:\/\/stourm.news\/wp-content\/uploads\/2024\/05\/663763a6f6db7036e51a5abb.jpg\",\"width\":960,\"height\":600},{\"@type\":\"BreadcrumbList\",\"@id\":\"https:\/\/stourm.news\/?p=1266#breadcrumb\",\"itemListElement\":[{\"@type\":\"ListItem\",\"position\":1,\"name\":\"Accueil\",\"item\":\"https:\/\/stourm.news\/\"},{\"@type\":\"ListItem\",\"position\":2,\"name\":\"\u00c0 Rennes, une manifestation contre la transphobie\"}]},{\"@type\":\"WebSite\",\"@id\":\"https:\/\/stourm.news\/#website\",\"url\":\"https:\/\/stourm.news\/\",\"name\":\"Stourm\",\"description\":\"Kazetenn Strollad Broadel Breizh\",\"publisher\":{\"@id\":\"https:\/\/stourm.news\/#organization\"},\"potentialAction\":[{\"@type\":\"SearchAction\",\"target\":{\"@type\":\"EntryPoint\",\"urlTemplate\":\"https:\/\/stourm.news\/?s={search_term_string}\"},\"query-input\":{\"@type\":\"PropertyValueSpecification\",\"valueRequired\":true,\"valueName\":\"search_term_string\"}}],\"inLanguage\":\"fr-FR\"},{\"@type\":\"Organization\",\"@id\":\"https:\/\/stourm.news\/#organization\",\"name\":\"Stourm\",\"url\":\"https:\/\/stourm.news\/\",\"logo\":{\"@type\":\"ImageObject\",\"inLanguage\":\"fr-FR\",\"@id\":\"https:\/\/stourm.news\/#\/schema\/logo\/image\/\",\"url\":\"https:\/\/stourm.news\/wp-content\/uploads\/2025\/11\/cropped-Capture-decran-2025-11-28-a-15.19.07.png\",\"contentUrl\":\"https:\/\/stourm.news\/wp-content\/uploads\/2025\/11\/cropped-Capture-decran-2025-11-28-a-15.19.07.png\",\"width\":1855,\"height\":383,\"caption\":\"Stourm\"},\"image\":{\"@id\":\"https:\/\/stourm.news\/#\/schema\/logo\/image\/\"},\"sameAs\":[\"https:\/\/www.facebook.com\/stourmnews\/\"]},{\"@type\":\"Person\",\"@id\":\"https:\/\/stourm.news\/#\/schema\/person\/c3e1dc65988632e190969234ef046cf9\",\"name\":\"La r\u00e9daction\",\"image\":{\"@type\":\"ImageObject\",\"inLanguage\":\"fr-FR\",\"@id\":\"https:\/\/stourm.news\/#\/schema\/person\/image\/\",\"url\":\"https:\/\/secure.gravatar.com\/avatar\/7463443f194b6b5fb706b074ca0ef59a0cfcfd720cb47764b0ec5a952ce422b3?s=96&d=mm&r=g\",\"contentUrl\":\"https:\/\/secure.gravatar.com\/avatar\/7463443f194b6b5fb706b074ca0ef59a0cfcfd720cb47764b0ec5a952ce422b3?s=96&d=mm&r=g\",\"caption\":\"La r\u00e9daction\"},\"sameAs\":[\"https:\/\/stourm.news\"],\"url\":\"https:\/\/stourm.news\/?author=1\"}]}<\/script>\n<!-- \/ Yoast SEO plugin. -->","yoast_head_json":{"title":"\u00c0 Rennes, une manifestation contre la transphobie - STOURM","robots":{"index":"index","follow":"follow","max-snippet":"max-snippet:-1","max-image-preview":"max-image-preview:large","max-video-preview":"max-video-preview:-1"},"canonical":"https:\/\/stourm.news\/?p=1266","og_locale":"fr_FR","og_type":"article","og_title":"\u00c0 Rennes, une manifestation contre la transphobie - STOURM","og_description":"Les manifestants se sont rassembl\u00e9s en fin d\u2019apr\u00e8s-midi sur la place de la R\u00e9publique. Ils r\u00e9pondaient ainsi \u00e0 un appel \u00e0 la mobilisation comme dans plusieurs villes de l\u2019Hexagone pour dire non \u00e0 la transphobie. \u00ab Ces derni\u00e8res semaines l\u2019offensive r\u00e9actionnaire anti-trans s\u2019est intensifi\u00e9e en France \u00bb ont expliqu\u00e9 les intervenants lors de prises de [&hellip;]","og_url":"https:\/\/stourm.news\/?p=1266","og_site_name":"STOURM","article_publisher":"https:\/\/www.facebook.com\/stourmnews\/","article_published_time":"2024-05-06T02:42:11+00:00","og_image":[{"width":960,"height":600,"url":"https:\/\/stourm.news\/wp-content\/uploads\/2024\/05\/663763a6f6db7036e51a5abb.jpg","type":"image\/jpeg"}],"author":"La r\u00e9daction","twitter_card":"summary_large_image","twitter_misc":{"\u00c9crit par":"La r\u00e9daction","Dur\u00e9e de lecture estim\u00e9e":"1 minute"},"schema":{"@context":"https:\/\/schema.org","@graph":[{"@type":"Article","@id":"https:\/\/stourm.news\/?p=1266#article","isPartOf":{"@id":"https:\/\/stourm.news\/?p=1266"},"author":{"name":"La r\u00e9daction","@id":"https:\/\/stourm.news\/#\/schema\/person\/c3e1dc65988632e190969234ef046cf9"},"headline":"\u00c0 Rennes, une manifestation contre la transphobie","datePublished":"2024-05-06T02:42:11+00:00","mainEntityOfPage":{"@id":"https:\/\/stourm.news\/?p=1266"},"wordCount":214,"commentCount":0,"publisher":{"@id":"https:\/\/stourm.news\/#organization"},"image":{"@id":"https:\/\/stourm.news\/?p=1266#primaryimage"},"thumbnailUrl":"https:\/\/stourm.news\/wp-content\/uploads\/2024\/05\/663763a6f6db7036e51a5abb.jpg","articleSection":["Ille-et-Vilaine","Revue de presse","Soci\u00e9t\u00e9"],"inLanguage":"fr-FR","potentialAction":[{"@type":"CommentAction","name":"Comment","target":["https:\/\/stourm.news\/?p=1266#respond"]}]},{"@type":"WebPage","@id":"https:\/\/stourm.news\/?p=1266","url":"https:\/\/stourm.news\/?p=1266","name":"\u00c0 Rennes, une manifestation contre la transphobie - STOURM","isPartOf":{"@id":"https:\/\/stourm.news\/#website"},"primaryImageOfPage":{"@id":"https:\/\/stourm.news\/?p=1266#primaryimage"},"image":{"@id":"https:\/\/stourm.news\/?p=1266#primaryimage"},"thumbnailUrl":"https:\/\/stourm.news\/wp-content\/uploads\/2024\/05\/663763a6f6db7036e51a5abb.jpg","datePublished":"2024-05-06T02:42:11+00:00","breadcrumb":{"@id":"https:\/\/stourm.news\/?p=1266#breadcrumb"},"inLanguage":"fr-FR","potentialAction":[{"@type":"ReadAction","target":["https:\/\/stourm.news\/?p=1266"]}]},{"@type":"ImageObject","inLanguage":"fr-FR","@id":"https:\/\/stourm.news\/?p=1266#primaryimage","url":"https:\/\/stourm.news\/wp-content\/uploads\/2024\/05\/663763a6f6db7036e51a5abb.jpg","contentUrl":"https:\/\/stourm.news\/wp-content\/uploads\/2024\/05\/663763a6f6db7036e51a5abb.jpg","width":960,"height":600},{"@type":"BreadcrumbList","@id":"https:\/\/stourm.news\/?p=1266#breadcrumb","itemListElement":[{"@type":"ListItem","position":1,"name":"Accueil","item":"https:\/\/stourm.news\/"},{"@type":"ListItem","position":2,"name":"\u00c0 Rennes, une manifestation contre la transphobie"}]},{"@type":"WebSite","@id":"https:\/\/stourm.news\/#website","url":"https:\/\/stourm.news\/","name":"Stourm","description":"Kazetenn Strollad Broadel Breizh","publisher":{"@id":"https:\/\/stourm.news\/#organization"},"potentialAction":[{"@type":"SearchAction","target":{"@type":"EntryPoint","urlTemplate":"https:\/\/stourm.news\/?s={search_term_string}"},"query-input":{"@type":"PropertyValueSpecification","valueRequired":true,"valueName":"search_term_string"}}],"inLanguage":"fr-FR"},{"@type":"Organization","@id":"https:\/\/stourm.news\/#organization","name":"Stourm","url":"https:\/\/stourm.news\/","logo":{"@type":"ImageObject","inLanguage":"fr-FR","@id":"https:\/\/stourm.news\/#\/schema\/logo\/image\/","url":"https:\/\/stourm.news\/wp-content\/uploads\/2025\/11\/cropped-Capture-decran-2025-11-28-a-15.19.07.png","contentUrl":"https:\/\/stourm.news\/wp-content\/uploads\/2025\/11\/cropped-Capture-decran-2025-11-28-a-15.19.07.png","width":1855,"height":383,"caption":"Stourm"},"image":{"@id":"https:\/\/stourm.news\/#\/schema\/logo\/image\/"},"sameAs":["https:\/\/www.facebook.com\/stourmnews\/"]},{"@type":"Person","@id":"https:\/\/stourm.news\/#\/schema\/person\/c3e1dc65988632e190969234ef046cf9","name":"La r\u00e9daction","image":{"@type":"ImageObject","inLanguage":"fr-FR","@id":"https:\/\/stourm.news\/#\/schema\/person\/image\/","url":"https:\/\/secure.gravatar.com\/avatar\/7463443f194b6b5fb706b074ca0ef59a0cfcfd720cb47764b0ec5a952ce422b3?s=96&d=mm&r=g","contentUrl":"https:\/\/secure.gravatar.com\/avatar\/7463443f194b6b5fb706b074ca0ef59a0cfcfd720cb47764b0ec5a952ce422b3?s=96&d=mm&r=g","caption":"La r\u00e9daction"},"sameAs":["https:\/\/stourm.news"],"url":"https:\/\/stourm.news\/?author=1"}]}},"_links":{"self":[{"href":"https:\/\/stourm.news\/index.php?rest_route=\/wp\/v2\/posts\/1266","targetHints":{"allow":["GET"]}}],"collection":[{"href":"https:\/\/stourm.news\/index.php?rest_route=\/wp\/v2\/posts"}],"about":[{"href":"https:\/\/stourm.news\/index.php?rest_route=\/wp\/v2\/types\/post"}],"author":[{"embeddable":true,"href":"https:\/\/stourm.news\/index.php?rest_route=\/wp\/v2\/users\/1"}],"replies":[{"embeddable":true,"href":"https:\/\/stourm.news\/index.php?rest_route=%2Fwp%2Fv2%2Fcomments&post=1266"}],"version-history":[{"count":1,"href":"https:\/\/stourm.news\/index.php?rest_route=\/wp\/v2\/posts\/1266\/revisions"}],"predecessor-version":[{"id":1268,"href":"https:\/\/stourm.news\/index.php?rest_route=\/wp\/v2\/posts\/1266\/revisions\/1268"}],"wp:featuredmedia":[{"embeddable":true,"href":"https:\/\/stourm.news\/index.php?rest_route=\/wp\/v2\/media\/1267"}],"wp:attachment":[{"href":"https:\/\/stourm.news\/index.php?rest_route=%2Fwp%2Fv2%2Fmedia&parent=1266"}],"wp:term":[{"taxonomy":"category","embeddable":true,"href":"https:\/\/stourm.news\/index.php?rest_route=%2Fwp%2Fv2%2Fcategories&post=1266"},{"taxonomy":"post_tag","embeddable":true,"href":"https:\/\/stourm.news\/index.php?rest_route=%2Fwp%2Fv2%2Ftags&post=1266"}],"curies":[{"name":"wp","href":"https:\/\/api.w.org\/{rel}","templated":true}]}}