{"id":1269,"date":"2024-05-06T03:09:56","date_gmt":"2024-05-06T03:09:56","guid":{"rendered":"https:\/\/stourm.news\/?p=1269"},"modified":"2024-05-06T03:09:56","modified_gmt":"2024-05-06T03:09:56","slug":"mort-de-cecile-le-lirzin-suite-a-un-rodeo-le-maire-ps-de-brest-poursuivi-pour-injure-par-un-militant-turc-qui-denonce-linsecurite","status":"publish","type":"post","link":"https:\/\/stourm.news\/?p=1269","title":{"rendered":"Mort de C\u00e9cile Le Lirzin suite \u00e0 un rod\u00e9o : le maire PS de Brest poursuivi pour injure par un militant turc qui d\u00e9nonce l&rsquo;ins\u00e9curit\u00e9"},"content":{"rendered":"<p style=\"text-align: justify;\">\u00ab\u00a0Derri\u00e8re le masque du berger se cache l&rsquo;extr\u00eame droite <strong>turque<\/strong> la plus violente qui puisse exister\u00a0\u00bb. C&rsquo;est par cette phrase que le maire (PS) de Brest <strong>Fran\u00e7ois Cuillandre<\/strong> avait mis fin \u00e0 l&rsquo;intervention impromptue de <strong>Nazim Yenier<\/strong> en pleine s\u00e9ance du conseil municipal le 6 f\u00e9vrier 2024. A la t\u00eate du collectif \u00ab\u00a0les Bergers du quartier\u00a0\u00bb qu&rsquo;il a fond\u00e9 en 2021, il venait de prendre la parole depuis les rangs du public pour fustiger l&rsquo;inaction -selon lui- de la municipalit\u00e9 apr\u00e8s le dramatique accident <strong>qui a co\u00fbt\u00e9 la vie \u00e0 C\u00e9cile Le Lirzin, 84 ans, renvers\u00e9e par deux jeunes \u00e0 moto le 23 mars 2023 \u00e0 Pontan\u00e9zen<\/strong>. Le militant de 43 ans n&rsquo;en est pas \u00e0 son coup d&rsquo;essai : il multiplie les vid\u00e9os d\u00e9non\u00e7ant la d\u00e9linquance et l&rsquo;ins\u00e9curit\u00e9 \u00e0 Brest.<\/p>\n<p style=\"text-align: justify;\">Ulc\u00e9r\u00e9 par l&rsquo;attaque gratuite -et selon lui infond\u00e9e- de Fran\u00e7ois Cuillandre, <strong>Nazim Yenier<\/strong> avait exig\u00e9 en vain des excuses publiques, avant d&rsquo;attaquer en justice par le moyen d&rsquo;une citation directe. Ce n&rsquo;est donc pas le parquet qui a engag\u00e9 les poursuites. Ce lundi \u00e0 13h30, une audience de consignation fixera la date du proc\u00e8s, qui devra se tenir d&rsquo;ici trois mois. \u00ab\u00a0Il s&rsquo;agit clairement d&rsquo;une injure \u00e0 caract\u00e8re raciste, en plus de faire r\u00e9f\u00e9rence \u00e0 des g\u00e9nocidaires\u00a0\u00bb, s&rsquo;indigne l&rsquo;avocat du plaignant, citoyen fran\u00e7ais depuis 2014. Me Pierre-Hector Rustique va jusqu&rsquo;\u00e0 qualifier le maire de \u00ab\u00a0repris de justice\u00a0\u00bb.<\/p>\n<p style=\"text-align: justify;\">D\u00e9j\u00e0 <strong>condamn\u00e9<\/strong> en novembre 2023 \u00e0 10.000 euros d&rsquo;amende dont 7.000 avec sursis <strong>pour recel d&rsquo;abus de confiance<\/strong>, Fran\u00e7ois Cuillandre esp\u00e8re cette fois \u00eatre relax\u00e9. Son avocat, Me Dominique Leyer, invoquera notamment l&rsquo;article 10 de la Convention europ\u00e9enne des droits de l&rsquo;Homme, qui prot\u00e8ge la libert\u00e9 d&rsquo;expression. En cas de condamnation du maire, le plaignant envisage de saisir le tribunal administratif de Rennes pour demander des dommages et int\u00e9r\u00eats.<\/p>\n<p style=\"text-align: justify;\">Source : <a href=\"https:\/\/www.francebleu.fr\/infos\/faits-divers-justice\/le-maire-de-brest-francois-cuillandre-sera-juge-pour-injure-publique-9978819\">France Bleu<\/a><\/p>\n","protected":false},"excerpt":{"rendered":"<p>\u00ab\u00a0Derri\u00e8re le masque du berger se cache l&rsquo;extr\u00eame droite turque la plus violente qui puisse exister\u00a0\u00bb. C&rsquo;est par cette phrase que le maire (PS) de Brest Fran\u00e7ois Cuillandre avait mis fin \u00e0 l&rsquo;intervention impromptue de Nazim Yenier en pleine s\u00e9ance du conseil municipal le 6 f\u00e9vrier 2024. A la t\u00eate du collectif \u00ab\u00a0les Bergers du [&hellip;]<\/p>\n","protected":false},"author":1,"featured_media":1270,"comment_status":"open","ping_status":"open","sticky":false,"template":"","format":"standard","meta":{"sb_editor_width":"","footnotes":""},"categories":[38,67,62],"tags":[],"class_list":["post-1269","post","type-post","status-publish","format-standard","has-post-thumbnail","hentry","category-finistere","category-politique","category-revue-de-presse"],"relative_dates":{"created":"2 ans ago","modified":"2 ans ago"},"yoast_head":"<!-- This site is optimized with the Yoast SEO plugin v26.3 - https:\/\/yoast.com\/wordpress\/plugins\/seo\/ -->\n<title>Mort de C\u00e9cile Le Lirzin suite \u00e0 un rod\u00e9o : le maire PS de Brest poursuivi pour injure par un militant turc qui d\u00e9nonce l&#039;ins\u00e9curit\u00e9 - STOURM<\/title>\n<meta name=\"robots\" content=\"index, follow, max-snippet:-1, max-image-preview:large, max-video-preview:-1\" \/>\n<link rel=\"canonical\" href=\"https:\/\/stourm.news\/?p=1269\" \/>\n<meta property=\"og:locale\" content=\"fr_FR\" \/>\n<meta property=\"og:type\" content=\"article\" \/>\n<meta property=\"og:title\" content=\"Mort de C\u00e9cile Le Lirzin suite \u00e0 un rod\u00e9o : le maire PS de Brest poursuivi pour injure par un militant turc qui d\u00e9nonce l&#039;ins\u00e9curit\u00e9 - STOURM\" \/>\n<meta property=\"og:description\" content=\"\u00ab\u00a0Derri\u00e8re le masque du berger se cache l&rsquo;extr\u00eame droite turque la plus violente qui puisse exister\u00a0\u00bb. C&rsquo;est par cette phrase que le maire (PS) de Brest Fran\u00e7ois Cuillandre avait mis fin \u00e0 l&rsquo;intervention impromptue de Nazim Yenier en pleine s\u00e9ance du conseil municipal le 6 f\u00e9vrier 2024. A la t\u00eate du collectif \u00ab\u00a0les Bergers du [&hellip;]\" \/>\n<meta property=\"og:url\" content=\"https:\/\/stourm.news\/?p=1269\" \/>\n<meta property=\"og:site_name\" content=\"STOURM\" \/>\n<meta property=\"article:publisher\" content=\"https:\/\/www.facebook.com\/stourmnews\/\" \/>\n<meta property=\"article:published_time\" content=\"2024-05-06T03:09:56+00:00\" \/>\n<meta property=\"og:image\" content=\"https:\/\/stourm.news\/wp-content\/uploads\/2024\/05\/1200x680_sc_img-3223.jpg\" \/>\n\t<meta property=\"og:image:width\" content=\"1200\" \/>\n\t<meta property=\"og:image:height\" content=\"680\" \/>\n\t<meta property=\"og:image:type\" content=\"image\/jpeg\" \/>\n<meta name=\"author\" content=\"La r\u00e9daction\" \/>\n<meta name=\"twitter:card\" content=\"summary_large_image\" \/>\n<meta name=\"twitter:label1\" content=\"\u00c9crit par\" \/>\n\t<meta name=\"twitter:data1\" content=\"La r\u00e9daction\" \/>\n\t<meta name=\"twitter:label2\" content=\"Dur\u00e9e de lecture estim\u00e9e\" \/>\n\t<meta name=\"twitter:data2\" content=\"2 minutes\" \/>\n<script type=\"application\/ld+json\" class=\"yoast-schema-graph\">{\"@context\":\"https:\/\/schema.org\",\"@graph\":[{\"@type\":\"Article\",\"@id\":\"https:\/\/stourm.news\/?p=1269#article\",\"isPartOf\":{\"@id\":\"https:\/\/stourm.news\/?p=1269\"},\"author\":{\"name\":\"La r\u00e9daction\",\"@id\":\"https:\/\/stourm.news\/#\/schema\/person\/c3e1dc65988632e190969234ef046cf9\"},\"headline\":\"Mort de C\u00e9cile Le Lirzin suite \u00e0 un rod\u00e9o : le maire PS de Brest poursuivi pour injure par un militant turc qui d\u00e9nonce l&rsquo;ins\u00e9curit\u00e9\",\"datePublished\":\"2024-05-06T03:09:56+00:00\",\"mainEntityOfPage\":{\"@id\":\"https:\/\/stourm.news\/?p=1269\"},\"wordCount\":359,\"commentCount\":0,\"publisher\":{\"@id\":\"https:\/\/stourm.news\/#organization\"},\"image\":{\"@id\":\"https:\/\/stourm.news\/?p=1269#primaryimage\"},\"thumbnailUrl\":\"https:\/\/stourm.news\/wp-content\/uploads\/2024\/05\/1200x680_sc_img-3223.jpg\",\"articleSection\":[\"Finist\u00e8re\",\"Politique\",\"Revue de presse\"],\"inLanguage\":\"fr-FR\",\"potentialAction\":[{\"@type\":\"CommentAction\",\"name\":\"Comment\",\"target\":[\"https:\/\/stourm.news\/?p=1269#respond\"]}]},{\"@type\":\"WebPage\",\"@id\":\"https:\/\/stourm.news\/?p=1269\",\"url\":\"https:\/\/stourm.news\/?p=1269\",\"name\":\"Mort de C\u00e9cile Le Lirzin suite \u00e0 un rod\u00e9o : le maire PS de Brest poursuivi pour injure par un militant turc qui d\u00e9nonce l'ins\u00e9curit\u00e9 - STOURM\",\"isPartOf\":{\"@id\":\"https:\/\/stourm.news\/#website\"},\"primaryImageOfPage\":{\"@id\":\"https:\/\/stourm.news\/?p=1269#primaryimage\"},\"image\":{\"@id\":\"https:\/\/stourm.news\/?p=1269#primaryimage\"},\"thumbnailUrl\":\"https:\/\/stourm.news\/wp-content\/uploads\/2024\/05\/1200x680_sc_img-3223.jpg\",\"datePublished\":\"2024-05-06T03:09:56+00:00\",\"breadcrumb\":{\"@id\":\"https:\/\/stourm.news\/?p=1269#breadcrumb\"},\"inLanguage\":\"fr-FR\",\"potentialAction\":[{\"@type\":\"ReadAction\",\"target\":[\"https:\/\/stourm.news\/?p=1269\"]}]},{\"@type\":\"ImageObject\",\"inLanguage\":\"fr-FR\",\"@id\":\"https:\/\/stourm.news\/?p=1269#primaryimage\",\"url\":\"https:\/\/stourm.news\/wp-content\/uploads\/2024\/05\/1200x680_sc_img-3223.jpg\",\"contentUrl\":\"https:\/\/stourm.news\/wp-content\/uploads\/2024\/05\/1200x680_sc_img-3223.jpg\",\"width\":1200,\"height\":680},{\"@type\":\"BreadcrumbList\",\"@id\":\"https:\/\/stourm.news\/?p=1269#breadcrumb\",\"itemListElement\":[{\"@type\":\"ListItem\",\"position\":1,\"name\":\"Accueil\",\"item\":\"https:\/\/stourm.news\/\"},{\"@type\":\"ListItem\",\"position\":2,\"name\":\"Mort de C\u00e9cile Le Lirzin suite \u00e0 un rod\u00e9o : le maire PS de Brest poursuivi pour injure par un militant turc qui d\u00e9nonce l&rsquo;ins\u00e9curit\u00e9\"}]},{\"@type\":\"WebSite\",\"@id\":\"https:\/\/stourm.news\/#website\",\"url\":\"https:\/\/stourm.news\/\",\"name\":\"Stourm\",\"description\":\"Kazetenn Strollad Broadel Breizh\",\"publisher\":{\"@id\":\"https:\/\/stourm.news\/#organization\"},\"potentialAction\":[{\"@type\":\"SearchAction\",\"target\":{\"@type\":\"EntryPoint\",\"urlTemplate\":\"https:\/\/stourm.news\/?s={search_term_string}\"},\"query-input\":{\"@type\":\"PropertyValueSpecification\",\"valueRequired\":true,\"valueName\":\"search_term_string\"}}],\"inLanguage\":\"fr-FR\"},{\"@type\":\"Organization\",\"@id\":\"https:\/\/stourm.news\/#organization\",\"name\":\"Stourm\",\"url\":\"https:\/\/stourm.news\/\",\"logo\":{\"@type\":\"ImageObject\",\"inLanguage\":\"fr-FR\",\"@id\":\"https:\/\/stourm.news\/#\/schema\/logo\/image\/\",\"url\":\"https:\/\/stourm.news\/wp-content\/uploads\/2025\/11\/cropped-Capture-decran-2025-11-28-a-15.19.07.png\",\"contentUrl\":\"https:\/\/stourm.news\/wp-content\/uploads\/2025\/11\/cropped-Capture-decran-2025-11-28-a-15.19.07.png\",\"width\":1855,\"height\":383,\"caption\":\"Stourm\"},\"image\":{\"@id\":\"https:\/\/stourm.news\/#\/schema\/logo\/image\/\"},\"sameAs\":[\"https:\/\/www.facebook.com\/stourmnews\/\"]},{\"@type\":\"Person\",\"@id\":\"https:\/\/stourm.news\/#\/schema\/person\/c3e1dc65988632e190969234ef046cf9\",\"name\":\"La r\u00e9daction\",\"image\":{\"@type\":\"ImageObject\",\"inLanguage\":\"fr-FR\",\"@id\":\"https:\/\/stourm.news\/#\/schema\/person\/image\/\",\"url\":\"https:\/\/secure.gravatar.com\/avatar\/7463443f194b6b5fb706b074ca0ef59a0cfcfd720cb47764b0ec5a952ce422b3?s=96&d=mm&r=g\",\"contentUrl\":\"https:\/\/secure.gravatar.com\/avatar\/7463443f194b6b5fb706b074ca0ef59a0cfcfd720cb47764b0ec5a952ce422b3?s=96&d=mm&r=g\",\"caption\":\"La r\u00e9daction\"},\"sameAs\":[\"https:\/\/stourm.news\"],\"url\":\"https:\/\/stourm.news\/?author=1\"}]}<\/script>\n<!-- \/ Yoast SEO plugin. -->","yoast_head_json":{"title":"Mort de C\u00e9cile Le Lirzin suite \u00e0 un rod\u00e9o : le maire PS de Brest poursuivi pour injure par un militant turc qui d\u00e9nonce l'ins\u00e9curit\u00e9 - STOURM","robots":{"index":"index","follow":"follow","max-snippet":"max-snippet:-1","max-image-preview":"max-image-preview:large","max-video-preview":"max-video-preview:-1"},"canonical":"https:\/\/stourm.news\/?p=1269","og_locale":"fr_FR","og_type":"article","og_title":"Mort de C\u00e9cile Le Lirzin suite \u00e0 un rod\u00e9o : le maire PS de Brest poursuivi pour injure par un militant turc qui d\u00e9nonce l'ins\u00e9curit\u00e9 - STOURM","og_description":"\u00ab\u00a0Derri\u00e8re le masque du berger se cache l&rsquo;extr\u00eame droite turque la plus violente qui puisse exister\u00a0\u00bb. C&rsquo;est par cette phrase que le maire (PS) de Brest Fran\u00e7ois Cuillandre avait mis fin \u00e0 l&rsquo;intervention impromptue de Nazim Yenier en pleine s\u00e9ance du conseil municipal le 6 f\u00e9vrier 2024. A la t\u00eate du collectif \u00ab\u00a0les Bergers du [&hellip;]","og_url":"https:\/\/stourm.news\/?p=1269","og_site_name":"STOURM","article_publisher":"https:\/\/www.facebook.com\/stourmnews\/","article_published_time":"2024-05-06T03:09:56+00:00","og_image":[{"width":1200,"height":680,"url":"https:\/\/stourm.news\/wp-content\/uploads\/2024\/05\/1200x680_sc_img-3223.jpg","type":"image\/jpeg"}],"author":"La r\u00e9daction","twitter_card":"summary_large_image","twitter_misc":{"\u00c9crit par":"La r\u00e9daction","Dur\u00e9e de lecture estim\u00e9e":"2 minutes"},"schema":{"@context":"https:\/\/schema.org","@graph":[{"@type":"Article","@id":"https:\/\/stourm.news\/?p=1269#article","isPartOf":{"@id":"https:\/\/stourm.news\/?p=1269"},"author":{"name":"La r\u00e9daction","@id":"https:\/\/stourm.news\/#\/schema\/person\/c3e1dc65988632e190969234ef046cf9"},"headline":"Mort de C\u00e9cile Le Lirzin suite \u00e0 un rod\u00e9o : le maire PS de Brest poursuivi pour injure par un militant turc qui d\u00e9nonce l&rsquo;ins\u00e9curit\u00e9","datePublished":"2024-05-06T03:09:56+00:00","mainEntityOfPage":{"@id":"https:\/\/stourm.news\/?p=1269"},"wordCount":359,"commentCount":0,"publisher":{"@id":"https:\/\/stourm.news\/#organization"},"image":{"@id":"https:\/\/stourm.news\/?p=1269#primaryimage"},"thumbnailUrl":"https:\/\/stourm.news\/wp-content\/uploads\/2024\/05\/1200x680_sc_img-3223.jpg","articleSection":["Finist\u00e8re","Politique","Revue de presse"],"inLanguage":"fr-FR","potentialAction":[{"@type":"CommentAction","name":"Comment","target":["https:\/\/stourm.news\/?p=1269#respond"]}]},{"@type":"WebPage","@id":"https:\/\/stourm.news\/?p=1269","url":"https:\/\/stourm.news\/?p=1269","name":"Mort de C\u00e9cile Le Lirzin suite \u00e0 un rod\u00e9o : le maire PS de Brest poursuivi pour injure par un militant turc qui d\u00e9nonce l'ins\u00e9curit\u00e9 - STOURM","isPartOf":{"@id":"https:\/\/stourm.news\/#website"},"primaryImageOfPage":{"@id":"https:\/\/stourm.news\/?p=1269#primaryimage"},"image":{"@id":"https:\/\/stourm.news\/?p=1269#primaryimage"},"thumbnailUrl":"https:\/\/stourm.news\/wp-content\/uploads\/2024\/05\/1200x680_sc_img-3223.jpg","datePublished":"2024-05-06T03:09:56+00:00","breadcrumb":{"@id":"https:\/\/stourm.news\/?p=1269#breadcrumb"},"inLanguage":"fr-FR","potentialAction":[{"@type":"ReadAction","target":["https:\/\/stourm.news\/?p=1269"]}]},{"@type":"ImageObject","inLanguage":"fr-FR","@id":"https:\/\/stourm.news\/?p=1269#primaryimage","url":"https:\/\/stourm.news\/wp-content\/uploads\/2024\/05\/1200x680_sc_img-3223.jpg","contentUrl":"https:\/\/stourm.news\/wp-content\/uploads\/2024\/05\/1200x680_sc_img-3223.jpg","width":1200,"height":680},{"@type":"BreadcrumbList","@id":"https:\/\/stourm.news\/?p=1269#breadcrumb","itemListElement":[{"@type":"ListItem","position":1,"name":"Accueil","item":"https:\/\/stourm.news\/"},{"@type":"ListItem","position":2,"name":"Mort de C\u00e9cile Le Lirzin suite \u00e0 un rod\u00e9o : le maire PS de Brest poursuivi pour injure par un militant turc qui d\u00e9nonce l&rsquo;ins\u00e9curit\u00e9"}]},{"@type":"WebSite","@id":"https:\/\/stourm.news\/#website","url":"https:\/\/stourm.news\/","name":"Stourm","description":"Kazetenn Strollad Broadel Breizh","publisher":{"@id":"https:\/\/stourm.news\/#organization"},"potentialAction":[{"@type":"SearchAction","target":{"@type":"EntryPoint","urlTemplate":"https:\/\/stourm.news\/?s={search_term_string}"},"query-input":{"@type":"PropertyValueSpecification","valueRequired":true,"valueName":"search_term_string"}}],"inLanguage":"fr-FR"},{"@type":"Organization","@id":"https:\/\/stourm.news\/#organization","name":"Stourm","url":"https:\/\/stourm.news\/","logo":{"@type":"ImageObject","inLanguage":"fr-FR","@id":"https:\/\/stourm.news\/#\/schema\/logo\/image\/","url":"https:\/\/stourm.news\/wp-content\/uploads\/2025\/11\/cropped-Capture-decran-2025-11-28-a-15.19.07.png","contentUrl":"https:\/\/stourm.news\/wp-content\/uploads\/2025\/11\/cropped-Capture-decran-2025-11-28-a-15.19.07.png","width":1855,"height":383,"caption":"Stourm"},"image":{"@id":"https:\/\/stourm.news\/#\/schema\/logo\/image\/"},"sameAs":["https:\/\/www.facebook.com\/stourmnews\/"]},{"@type":"Person","@id":"https:\/\/stourm.news\/#\/schema\/person\/c3e1dc65988632e190969234ef046cf9","name":"La r\u00e9daction","image":{"@type":"ImageObject","inLanguage":"fr-FR","@id":"https:\/\/stourm.news\/#\/schema\/person\/image\/","url":"https:\/\/secure.gravatar.com\/avatar\/7463443f194b6b5fb706b074ca0ef59a0cfcfd720cb47764b0ec5a952ce422b3?s=96&d=mm&r=g","contentUrl":"https:\/\/secure.gravatar.com\/avatar\/7463443f194b6b5fb706b074ca0ef59a0cfcfd720cb47764b0ec5a952ce422b3?s=96&d=mm&r=g","caption":"La r\u00e9daction"},"sameAs":["https:\/\/stourm.news"],"url":"https:\/\/stourm.news\/?author=1"}]}},"_links":{"self":[{"href":"https:\/\/stourm.news\/index.php?rest_route=\/wp\/v2\/posts\/1269","targetHints":{"allow":["GET"]}}],"collection":[{"href":"https:\/\/stourm.news\/index.php?rest_route=\/wp\/v2\/posts"}],"about":[{"href":"https:\/\/stourm.news\/index.php?rest_route=\/wp\/v2\/types\/post"}],"author":[{"embeddable":true,"href":"https:\/\/stourm.news\/index.php?rest_route=\/wp\/v2\/users\/1"}],"replies":[{"embeddable":true,"href":"https:\/\/stourm.news\/index.php?rest_route=%2Fwp%2Fv2%2Fcomments&post=1269"}],"version-history":[{"count":1,"href":"https:\/\/stourm.news\/index.php?rest_route=\/wp\/v2\/posts\/1269\/revisions"}],"predecessor-version":[{"id":1271,"href":"https:\/\/stourm.news\/index.php?rest_route=\/wp\/v2\/posts\/1269\/revisions\/1271"}],"wp:featuredmedia":[{"embeddable":true,"href":"https:\/\/stourm.news\/index.php?rest_route=\/wp\/v2\/media\/1270"}],"wp:attachment":[{"href":"https:\/\/stourm.news\/index.php?rest_route=%2Fwp%2Fv2%2Fmedia&parent=1269"}],"wp:term":[{"taxonomy":"category","embeddable":true,"href":"https:\/\/stourm.news\/index.php?rest_route=%2Fwp%2Fv2%2Fcategories&post=1269"},{"taxonomy":"post_tag","embeddable":true,"href":"https:\/\/stourm.news\/index.php?rest_route=%2Fwp%2Fv2%2Ftags&post=1269"}],"curies":[{"name":"wp","href":"https:\/\/api.w.org\/{rel}","templated":true}]}}