{"id":1275,"date":"2024-05-07T13:56:32","date_gmt":"2024-05-07T13:56:32","guid":{"rendered":"https:\/\/stourm.news\/?p=1275"},"modified":"2024-05-07T13:56:32","modified_gmt":"2024-05-07T13:56:32","slug":"vannes-le-realisateur-philippe-lucas-presente-son-film-pro-immigration-clandestine-try-a-la-garenne","status":"publish","type":"post","link":"https:\/\/stourm.news\/?p=1275","title":{"rendered":"Vannes : le r\u00e9alisateur Philippe Lucas pr\u00e9sente son film pro-immigration clandestine \u00ab Try \u00bb \u00e0 La Garenne"},"content":{"rendered":"<p style=\"text-align: justify;\">Philippe Lucas a suivi pendant trois semaines les b\u00e9n\u00e9voles de l\u2018association Utopia 56 aupr\u00e8s des <strong>exil\u00e9s<\/strong> \u00e0 Grande-Synthe, pr\u00e8s de Dunkerque. Le r\u00e9alisateur vannetais avait envie de comprendre ce qui pousse des jeunes \u00e0 s\u2019engager, \u00e0 choisir cette exp\u00e9rience, plong\u00e9e brutale dans la d\u00e9tresse, plut\u00f4t que des vacances \u00e0 Ibiza ou \u00e0 La Baule.<\/p>\n<p style=\"text-align: justify;\">\u00ab L\u2019espace de quelques jours ou quelques semaines, ces jeunes devront faire face \u00e0 leurs propres \u00e9motions, leurs col\u00e8res, leurs r\u00eaves d\u2019un monde meilleur, et \u00e0 leurs capacit\u00e9s d\u2019adaptation face \u00e0 une r\u00e9alit\u00e9 dont on ne sort jamais indemne \u00bb, constate Philippe Lucas.<\/p>\n<p style=\"text-align: justify;\">Lundi 13 mai \u00e0 20 h 30 au Cin\u00e9ville Garenne de Vannes, il sera pr\u00e9sent pour \u00e9changer avec le public \u00e0 l\u2018issue de la projection de \u00ab Try \u00bb.<\/p>\n<p>Source : <a href=\"https:\/\/www.letelegramme.fr\/morbihan\/vannes-56000\/a-vannes-le-realisateur-philippe-lucas-presente-try-a-la-garenne-6579806.php\">Le T\u00e9l\u00e9gramme<\/a><\/p>\n","protected":false},"excerpt":{"rendered":"<p>Philippe Lucas a suivi pendant trois semaines les b\u00e9n\u00e9voles de l\u2018association Utopia 56 aupr\u00e8s des exil\u00e9s \u00e0 Grande-Synthe, pr\u00e8s de Dunkerque. Le r\u00e9alisateur vannetais avait envie de comprendre ce qui pousse des jeunes \u00e0 s\u2019engager, \u00e0 choisir cette exp\u00e9rience, plong\u00e9e brutale dans la d\u00e9tresse, plut\u00f4t que des vacances \u00e0 Ibiza ou \u00e0 La Baule. \u00ab [&hellip;]<\/p>\n","protected":false},"author":1,"featured_media":1276,"comment_status":"open","ping_status":"open","sticky":false,"template":"","format":"standard","meta":{"sb_editor_width":"","footnotes":""},"categories":[33,40,62],"tags":[],"class_list":["post-1275","post","type-post","status-publish","format-standard","has-post-thumbnail","hentry","category-immigration","category-morbihan","category-revue-de-presse"],"relative_dates":{"created":"2 ans ago","modified":"2 ans ago"},"yoast_head":"<!-- This site is optimized with the Yoast SEO plugin v26.3 - https:\/\/yoast.com\/wordpress\/plugins\/seo\/ -->\n<title>Vannes : le r\u00e9alisateur Philippe Lucas pr\u00e9sente son film pro-immigration clandestine \u00ab Try \u00bb \u00e0 La Garenne - STOURM<\/title>\n<meta name=\"robots\" content=\"index, follow, max-snippet:-1, max-image-preview:large, max-video-preview:-1\" \/>\n<link rel=\"canonical\" href=\"https:\/\/stourm.news\/?p=1275\" \/>\n<meta property=\"og:locale\" content=\"fr_FR\" \/>\n<meta property=\"og:type\" content=\"article\" \/>\n<meta property=\"og:title\" content=\"Vannes : le r\u00e9alisateur Philippe Lucas pr\u00e9sente son film pro-immigration clandestine \u00ab Try \u00bb \u00e0 La Garenne - STOURM\" \/>\n<meta property=\"og:description\" content=\"Philippe Lucas a suivi pendant trois semaines les b\u00e9n\u00e9voles de l\u2018association Utopia 56 aupr\u00e8s des exil\u00e9s \u00e0 Grande-Synthe, pr\u00e8s de Dunkerque. Le r\u00e9alisateur vannetais avait envie de comprendre ce qui pousse des jeunes \u00e0 s\u2019engager, \u00e0 choisir cette exp\u00e9rience, plong\u00e9e brutale dans la d\u00e9tresse, plut\u00f4t que des vacances \u00e0 Ibiza ou \u00e0 La Baule. \u00ab [&hellip;]\" \/>\n<meta property=\"og:url\" content=\"https:\/\/stourm.news\/?p=1275\" \/>\n<meta property=\"og:site_name\" content=\"STOURM\" \/>\n<meta property=\"article:publisher\" content=\"https:\/\/www.facebook.com\/stourmnews\/\" \/>\n<meta property=\"article:published_time\" content=\"2024-05-07T13:56:32+00:00\" \/>\n<meta property=\"og:image\" content=\"https:\/\/stourm.news\/wp-content\/uploads\/2024\/05\/6639ee16b4f25b6eff5464c9.png\" \/>\n\t<meta property=\"og:image:width\" content=\"960\" \/>\n\t<meta property=\"og:image:height\" content=\"600\" \/>\n\t<meta property=\"og:image:type\" content=\"image\/png\" \/>\n<meta name=\"author\" content=\"La r\u00e9daction\" \/>\n<meta name=\"twitter:card\" content=\"summary_large_image\" \/>\n<meta name=\"twitter:label1\" content=\"\u00c9crit par\" \/>\n\t<meta name=\"twitter:data1\" content=\"La r\u00e9daction\" \/>\n\t<meta name=\"twitter:label2\" content=\"Dur\u00e9e de lecture estim\u00e9e\" \/>\n\t<meta name=\"twitter:data2\" content=\"1 minute\" \/>\n<script type=\"application\/ld+json\" class=\"yoast-schema-graph\">{\"@context\":\"https:\/\/schema.org\",\"@graph\":[{\"@type\":\"Article\",\"@id\":\"https:\/\/stourm.news\/?p=1275#article\",\"isPartOf\":{\"@id\":\"https:\/\/stourm.news\/?p=1275\"},\"author\":{\"name\":\"La r\u00e9daction\",\"@id\":\"https:\/\/stourm.news\/#\/schema\/person\/c3e1dc65988632e190969234ef046cf9\"},\"headline\":\"Vannes : le r\u00e9alisateur Philippe Lucas pr\u00e9sente son film pro-immigration clandestine \u00ab Try \u00bb \u00e0 La Garenne\",\"datePublished\":\"2024-05-07T13:56:32+00:00\",\"mainEntityOfPage\":{\"@id\":\"https:\/\/stourm.news\/?p=1275\"},\"wordCount\":150,\"commentCount\":0,\"publisher\":{\"@id\":\"https:\/\/stourm.news\/#organization\"},\"image\":{\"@id\":\"https:\/\/stourm.news\/?p=1275#primaryimage\"},\"thumbnailUrl\":\"https:\/\/stourm.news\/wp-content\/uploads\/2024\/05\/6639ee16b4f25b6eff5464c9.png\",\"articleSection\":[\"Immigration\",\"Morbihan\",\"Revue de presse\"],\"inLanguage\":\"fr-FR\",\"potentialAction\":[{\"@type\":\"CommentAction\",\"name\":\"Comment\",\"target\":[\"https:\/\/stourm.news\/?p=1275#respond\"]}]},{\"@type\":\"WebPage\",\"@id\":\"https:\/\/stourm.news\/?p=1275\",\"url\":\"https:\/\/stourm.news\/?p=1275\",\"name\":\"Vannes : le r\u00e9alisateur Philippe Lucas pr\u00e9sente son film pro-immigration clandestine \u00ab Try \u00bb \u00e0 La Garenne - STOURM\",\"isPartOf\":{\"@id\":\"https:\/\/stourm.news\/#website\"},\"primaryImageOfPage\":{\"@id\":\"https:\/\/stourm.news\/?p=1275#primaryimage\"},\"image\":{\"@id\":\"https:\/\/stourm.news\/?p=1275#primaryimage\"},\"thumbnailUrl\":\"https:\/\/stourm.news\/wp-content\/uploads\/2024\/05\/6639ee16b4f25b6eff5464c9.png\",\"datePublished\":\"2024-05-07T13:56:32+00:00\",\"breadcrumb\":{\"@id\":\"https:\/\/stourm.news\/?p=1275#breadcrumb\"},\"inLanguage\":\"fr-FR\",\"potentialAction\":[{\"@type\":\"ReadAction\",\"target\":[\"https:\/\/stourm.news\/?p=1275\"]}]},{\"@type\":\"ImageObject\",\"inLanguage\":\"fr-FR\",\"@id\":\"https:\/\/stourm.news\/?p=1275#primaryimage\",\"url\":\"https:\/\/stourm.news\/wp-content\/uploads\/2024\/05\/6639ee16b4f25b6eff5464c9.png\",\"contentUrl\":\"https:\/\/stourm.news\/wp-content\/uploads\/2024\/05\/6639ee16b4f25b6eff5464c9.png\",\"width\":960,\"height\":600},{\"@type\":\"BreadcrumbList\",\"@id\":\"https:\/\/stourm.news\/?p=1275#breadcrumb\",\"itemListElement\":[{\"@type\":\"ListItem\",\"position\":1,\"name\":\"Accueil\",\"item\":\"https:\/\/stourm.news\/\"},{\"@type\":\"ListItem\",\"position\":2,\"name\":\"Vannes : le r\u00e9alisateur Philippe Lucas pr\u00e9sente son film pro-immigration clandestine \u00ab Try \u00bb \u00e0 La Garenne\"}]},{\"@type\":\"WebSite\",\"@id\":\"https:\/\/stourm.news\/#website\",\"url\":\"https:\/\/stourm.news\/\",\"name\":\"Stourm\",\"description\":\"Kazetenn Strollad Broadel Breizh\",\"publisher\":{\"@id\":\"https:\/\/stourm.news\/#organization\"},\"potentialAction\":[{\"@type\":\"SearchAction\",\"target\":{\"@type\":\"EntryPoint\",\"urlTemplate\":\"https:\/\/stourm.news\/?s={search_term_string}\"},\"query-input\":{\"@type\":\"PropertyValueSpecification\",\"valueRequired\":true,\"valueName\":\"search_term_string\"}}],\"inLanguage\":\"fr-FR\"},{\"@type\":\"Organization\",\"@id\":\"https:\/\/stourm.news\/#organization\",\"name\":\"Stourm\",\"url\":\"https:\/\/stourm.news\/\",\"logo\":{\"@type\":\"ImageObject\",\"inLanguage\":\"fr-FR\",\"@id\":\"https:\/\/stourm.news\/#\/schema\/logo\/image\/\",\"url\":\"https:\/\/stourm.news\/wp-content\/uploads\/2025\/11\/cropped-Capture-decran-2025-11-28-a-15.19.07.png\",\"contentUrl\":\"https:\/\/stourm.news\/wp-content\/uploads\/2025\/11\/cropped-Capture-decran-2025-11-28-a-15.19.07.png\",\"width\":1855,\"height\":383,\"caption\":\"Stourm\"},\"image\":{\"@id\":\"https:\/\/stourm.news\/#\/schema\/logo\/image\/\"},\"sameAs\":[\"https:\/\/www.facebook.com\/stourmnews\/\"]},{\"@type\":\"Person\",\"@id\":\"https:\/\/stourm.news\/#\/schema\/person\/c3e1dc65988632e190969234ef046cf9\",\"name\":\"La r\u00e9daction\",\"image\":{\"@type\":\"ImageObject\",\"inLanguage\":\"fr-FR\",\"@id\":\"https:\/\/stourm.news\/#\/schema\/person\/image\/\",\"url\":\"https:\/\/secure.gravatar.com\/avatar\/7463443f194b6b5fb706b074ca0ef59a0cfcfd720cb47764b0ec5a952ce422b3?s=96&d=mm&r=g\",\"contentUrl\":\"https:\/\/secure.gravatar.com\/avatar\/7463443f194b6b5fb706b074ca0ef59a0cfcfd720cb47764b0ec5a952ce422b3?s=96&d=mm&r=g\",\"caption\":\"La r\u00e9daction\"},\"sameAs\":[\"https:\/\/stourm.news\"],\"url\":\"https:\/\/stourm.news\/?author=1\"}]}<\/script>\n<!-- \/ Yoast SEO plugin. -->","yoast_head_json":{"title":"Vannes : le r\u00e9alisateur Philippe Lucas pr\u00e9sente son film pro-immigration clandestine \u00ab Try \u00bb \u00e0 La Garenne - STOURM","robots":{"index":"index","follow":"follow","max-snippet":"max-snippet:-1","max-image-preview":"max-image-preview:large","max-video-preview":"max-video-preview:-1"},"canonical":"https:\/\/stourm.news\/?p=1275","og_locale":"fr_FR","og_type":"article","og_title":"Vannes : le r\u00e9alisateur Philippe Lucas pr\u00e9sente son film pro-immigration clandestine \u00ab Try \u00bb \u00e0 La Garenne - STOURM","og_description":"Philippe Lucas a suivi pendant trois semaines les b\u00e9n\u00e9voles de l\u2018association Utopia 56 aupr\u00e8s des exil\u00e9s \u00e0 Grande-Synthe, pr\u00e8s de Dunkerque. Le r\u00e9alisateur vannetais avait envie de comprendre ce qui pousse des jeunes \u00e0 s\u2019engager, \u00e0 choisir cette exp\u00e9rience, plong\u00e9e brutale dans la d\u00e9tresse, plut\u00f4t que des vacances \u00e0 Ibiza ou \u00e0 La Baule. \u00ab [&hellip;]","og_url":"https:\/\/stourm.news\/?p=1275","og_site_name":"STOURM","article_publisher":"https:\/\/www.facebook.com\/stourmnews\/","article_published_time":"2024-05-07T13:56:32+00:00","og_image":[{"width":960,"height":600,"url":"https:\/\/stourm.news\/wp-content\/uploads\/2024\/05\/6639ee16b4f25b6eff5464c9.png","type":"image\/png"}],"author":"La r\u00e9daction","twitter_card":"summary_large_image","twitter_misc":{"\u00c9crit par":"La r\u00e9daction","Dur\u00e9e de lecture estim\u00e9e":"1 minute"},"schema":{"@context":"https:\/\/schema.org","@graph":[{"@type":"Article","@id":"https:\/\/stourm.news\/?p=1275#article","isPartOf":{"@id":"https:\/\/stourm.news\/?p=1275"},"author":{"name":"La r\u00e9daction","@id":"https:\/\/stourm.news\/#\/schema\/person\/c3e1dc65988632e190969234ef046cf9"},"headline":"Vannes : le r\u00e9alisateur Philippe Lucas pr\u00e9sente son film pro-immigration clandestine \u00ab Try \u00bb \u00e0 La Garenne","datePublished":"2024-05-07T13:56:32+00:00","mainEntityOfPage":{"@id":"https:\/\/stourm.news\/?p=1275"},"wordCount":150,"commentCount":0,"publisher":{"@id":"https:\/\/stourm.news\/#organization"},"image":{"@id":"https:\/\/stourm.news\/?p=1275#primaryimage"},"thumbnailUrl":"https:\/\/stourm.news\/wp-content\/uploads\/2024\/05\/6639ee16b4f25b6eff5464c9.png","articleSection":["Immigration","Morbihan","Revue de presse"],"inLanguage":"fr-FR","potentialAction":[{"@type":"CommentAction","name":"Comment","target":["https:\/\/stourm.news\/?p=1275#respond"]}]},{"@type":"WebPage","@id":"https:\/\/stourm.news\/?p=1275","url":"https:\/\/stourm.news\/?p=1275","name":"Vannes : le r\u00e9alisateur Philippe Lucas pr\u00e9sente son film pro-immigration clandestine \u00ab Try \u00bb \u00e0 La Garenne - STOURM","isPartOf":{"@id":"https:\/\/stourm.news\/#website"},"primaryImageOfPage":{"@id":"https:\/\/stourm.news\/?p=1275#primaryimage"},"image":{"@id":"https:\/\/stourm.news\/?p=1275#primaryimage"},"thumbnailUrl":"https:\/\/stourm.news\/wp-content\/uploads\/2024\/05\/6639ee16b4f25b6eff5464c9.png","datePublished":"2024-05-07T13:56:32+00:00","breadcrumb":{"@id":"https:\/\/stourm.news\/?p=1275#breadcrumb"},"inLanguage":"fr-FR","potentialAction":[{"@type":"ReadAction","target":["https:\/\/stourm.news\/?p=1275"]}]},{"@type":"ImageObject","inLanguage":"fr-FR","@id":"https:\/\/stourm.news\/?p=1275#primaryimage","url":"https:\/\/stourm.news\/wp-content\/uploads\/2024\/05\/6639ee16b4f25b6eff5464c9.png","contentUrl":"https:\/\/stourm.news\/wp-content\/uploads\/2024\/05\/6639ee16b4f25b6eff5464c9.png","width":960,"height":600},{"@type":"BreadcrumbList","@id":"https:\/\/stourm.news\/?p=1275#breadcrumb","itemListElement":[{"@type":"ListItem","position":1,"name":"Accueil","item":"https:\/\/stourm.news\/"},{"@type":"ListItem","position":2,"name":"Vannes : le r\u00e9alisateur Philippe Lucas pr\u00e9sente son film pro-immigration clandestine \u00ab Try \u00bb \u00e0 La Garenne"}]},{"@type":"WebSite","@id":"https:\/\/stourm.news\/#website","url":"https:\/\/stourm.news\/","name":"Stourm","description":"Kazetenn Strollad Broadel Breizh","publisher":{"@id":"https:\/\/stourm.news\/#organization"},"potentialAction":[{"@type":"SearchAction","target":{"@type":"EntryPoint","urlTemplate":"https:\/\/stourm.news\/?s={search_term_string}"},"query-input":{"@type":"PropertyValueSpecification","valueRequired":true,"valueName":"search_term_string"}}],"inLanguage":"fr-FR"},{"@type":"Organization","@id":"https:\/\/stourm.news\/#organization","name":"Stourm","url":"https:\/\/stourm.news\/","logo":{"@type":"ImageObject","inLanguage":"fr-FR","@id":"https:\/\/stourm.news\/#\/schema\/logo\/image\/","url":"https:\/\/stourm.news\/wp-content\/uploads\/2025\/11\/cropped-Capture-decran-2025-11-28-a-15.19.07.png","contentUrl":"https:\/\/stourm.news\/wp-content\/uploads\/2025\/11\/cropped-Capture-decran-2025-11-28-a-15.19.07.png","width":1855,"height":383,"caption":"Stourm"},"image":{"@id":"https:\/\/stourm.news\/#\/schema\/logo\/image\/"},"sameAs":["https:\/\/www.facebook.com\/stourmnews\/"]},{"@type":"Person","@id":"https:\/\/stourm.news\/#\/schema\/person\/c3e1dc65988632e190969234ef046cf9","name":"La r\u00e9daction","image":{"@type":"ImageObject","inLanguage":"fr-FR","@id":"https:\/\/stourm.news\/#\/schema\/person\/image\/","url":"https:\/\/secure.gravatar.com\/avatar\/7463443f194b6b5fb706b074ca0ef59a0cfcfd720cb47764b0ec5a952ce422b3?s=96&d=mm&r=g","contentUrl":"https:\/\/secure.gravatar.com\/avatar\/7463443f194b6b5fb706b074ca0ef59a0cfcfd720cb47764b0ec5a952ce422b3?s=96&d=mm&r=g","caption":"La r\u00e9daction"},"sameAs":["https:\/\/stourm.news"],"url":"https:\/\/stourm.news\/?author=1"}]}},"_links":{"self":[{"href":"https:\/\/stourm.news\/index.php?rest_route=\/wp\/v2\/posts\/1275","targetHints":{"allow":["GET"]}}],"collection":[{"href":"https:\/\/stourm.news\/index.php?rest_route=\/wp\/v2\/posts"}],"about":[{"href":"https:\/\/stourm.news\/index.php?rest_route=\/wp\/v2\/types\/post"}],"author":[{"embeddable":true,"href":"https:\/\/stourm.news\/index.php?rest_route=\/wp\/v2\/users\/1"}],"replies":[{"embeddable":true,"href":"https:\/\/stourm.news\/index.php?rest_route=%2Fwp%2Fv2%2Fcomments&post=1275"}],"version-history":[{"count":1,"href":"https:\/\/stourm.news\/index.php?rest_route=\/wp\/v2\/posts\/1275\/revisions"}],"predecessor-version":[{"id":1277,"href":"https:\/\/stourm.news\/index.php?rest_route=\/wp\/v2\/posts\/1275\/revisions\/1277"}],"wp:featuredmedia":[{"embeddable":true,"href":"https:\/\/stourm.news\/index.php?rest_route=\/wp\/v2\/media\/1276"}],"wp:attachment":[{"href":"https:\/\/stourm.news\/index.php?rest_route=%2Fwp%2Fv2%2Fmedia&parent=1275"}],"wp:term":[{"taxonomy":"category","embeddable":true,"href":"https:\/\/stourm.news\/index.php?rest_route=%2Fwp%2Fv2%2Fcategories&post=1275"},{"taxonomy":"post_tag","embeddable":true,"href":"https:\/\/stourm.news\/index.php?rest_route=%2Fwp%2Fv2%2Ftags&post=1275"}],"curies":[{"name":"wp","href":"https:\/\/api.w.org\/{rel}","templated":true}]}}