{"id":1281,"date":"2024-05-07T14:32:34","date_gmt":"2024-05-07T14:32:34","guid":{"rendered":"https:\/\/stourm.news\/?p=1281"},"modified":"2024-05-07T14:32:34","modified_gmt":"2024-05-07T14:32:34","slug":"le-nouveau-premier-ministre-ecossais-fait-de-lindependance-du-pays-son-objectif-prioritaire","status":"publish","type":"post","link":"https:\/\/stourm.news\/?p=1281","title":{"rendered":"Le nouveau premier ministre \u00e9cossais fait de l&rsquo;ind\u00e9pendance du pays son objectif prioritaire"},"content":{"rendered":"<p style=\"text-align: justify;\">La transition politique aura \u00e9t\u00e9 de courte dur\u00e9e \u00e0 Edimbourg. Une semaine apr\u00e8s la d\u00e9mission du Premier ministre <strong>Humza Yousaf<\/strong>, les ind\u00e9pendantistes \u00e9cossais ont trouv\u00e9 son successeur. John Swinney, un v\u00e9t\u00e9ran du Scottish National Party (SNP), va \u00eatre nomm\u00e9 \u00ab first minister \u00bb de la province cette semaine, seul en lice pour prendre la t\u00eate du parti \u00e0 l&rsquo;issue de la p\u00e9riode de cl\u00f4ture des candidatures lundi midi.<\/p>\n<p style=\"text-align: justify;\">Parmi les autres candidats potentiels, Kate Forbes, ancienne ministre des Finances de l&rsquo;Ecosse, avait annonc\u00e9 en fin de semaine derni\u00e8re qu&rsquo;elle ne se lancerait pas dans la course \u00e0 la t\u00eate du parti comme elle l&rsquo;avait fait l&rsquo;an dernier face \u00e0 <strong>Humza Yousaf<\/strong>. Une candidature de derni\u00e8re minute a failli \u00e9merger de la part d&rsquo;un militant, Graeme McCormick, ouvertement critique sur l&rsquo;actuel gouvernement \u00e9cossais, mais ce dernier a finalement recul\u00e9 \u00ab apr\u00e8s une longue et fructueuse conversation \u00bb avec John Swinney, a-t-il d\u00e9clar\u00e9.<\/p>\n<p style=\"text-align: justify;\">Apr\u00e8s une ann\u00e9e de turbulences, marqu\u00e9e par la d\u00e9mission de Nicola Sturgeon sur fond d&rsquo;enqu\u00eate judiciaire sur les finances du parti, puis le d\u00e9part brutal de son successeur<strong> Humza Yousaf<\/strong> apr\u00e8s la fin de sa coalition avec les Verts, John Swinney veut tourner la page de cette succession de crises en restaurant l&rsquo;unit\u00e9 au sein du SNP. \u00ab Je n&rsquo;ai pas \u00e9t\u00e9 candidat par ambition, mais par sens du devoir, a-t-il d\u00e9clar\u00e9 lundi apr\u00e8s l&rsquo;annonce de sa nomination. Rejoignez-moi, ne laissez pas nos d\u00e9saccords prendre le dessus. \u00bb<\/p>\n<p style=\"text-align: justify;\">L&rsquo;an dernier, John Swinney avait renonc\u00e9 \u00e0 se pr\u00e9senter \u00e0 l&rsquo;\u00e9lection interne ayant suivi la d\u00e9mission de Nicola Sturgeon , et qui avait vu la victoire de <strong>Humza Yousaf<\/strong>, plaidant \u00e0 l&rsquo;\u00e9poque pour l&rsquo;arriv\u00e9e au pouvoir d&rsquo;une \u00ab nouvelle g\u00e9n\u00e9ration \u00bb.<\/p>\n<p style=\"text-align: justify;\">C&rsquo;est donc un retour aux affaires inattendu pour cette personnalit\u00e9 <strong>exp\u00e9riment\u00e9e<\/strong>, proche de l&rsquo;ex-Premi\u00e8re ministre, et qui a occup\u00e9 le poste de vice-Premier ministre de 2014 \u00e0 2023 durant le mandat de Nicola Sturgeon. John Swinney avait \u00e9galement dirig\u00e9 le SNP entre 2000 et 2004, lorsque ce parti \u00e9tait dans l&rsquo;opposition en Ecosse.<\/p>\n<p style=\"text-align: justify;\">Plus encore que <strong>Humza Yousaf<\/strong>, il incarne la continuit\u00e9 au sein d&rsquo;un SNP en perte de vitesse et menac\u00e9 par le retour en force du Parti travailliste \u00e0 quelques mois des \u00e9lections l\u00e9gislatives britanniques.<\/p>\n<p style=\"text-align: justify;\"><strong>D\u00e9fis de taille<\/strong><\/p>\n<p style=\"text-align: justify;\">John Swinney devra affronter des d\u00e9fis de taille, apr\u00e8s le revers subi par la cause ind\u00e9pendantiste depuis le v\u00e9to de la Cour supr\u00eame de Londres sur la tenue <strong>d&rsquo;un nouveau r\u00e9f\u00e9rendum<\/strong>. Sans s&rsquo;engager sur la poursuite de ce processus, ce militant ind\u00e9pendantiste de la premi\u00e8re heure &#8211; il est entr\u00e9 au SNP \u00e0 l&rsquo;\u00e2ge de 15 ans &#8211; estime qu&rsquo;il faut d\u00e9sormais \u00ab passer plus de temps sur la persuasion et les arguments <strong>en faveur de l&rsquo;ind\u00e9pendance<\/strong>, que sur la question du processus. \u00bb<\/p>\n<p style=\"text-align: justify;\">A plus court terme, il devra apporter des r\u00e9ponses aux pr\u00e9occupations directes des Ecossais sur la crise du pouvoir d&rsquo;achat et les difficult\u00e9s du syst\u00e8me de sant\u00e9, et ce, sans disposer d&rsquo;une majorit\u00e9 au parlement. Il a en effet exclu lors de sa conf\u00e9rence de presse de revenir \u00e0 la coalition avec le parti \u00e9cologiste, dont l&rsquo;explosion avait provoqu\u00e9 le d\u00e9part de son pr\u00e9d\u00e9cesseur.<\/p>\n<p style=\"text-align: justify;\">Malgr\u00e9 les conditions de son arriv\u00e9e au pouvoir, John Swinney a assur\u00e9 qu&rsquo;il n&rsquo;est pas juste l\u00e0 pour \u00eatre \u00ab un leader par int\u00e9rim \u00bb ou \u00ab un chef de gouvernement provisoire \u00bb, en attendant les prochaines \u00e9lections \u00e0 Westminster, d&rsquo;ici \u00e0 janvier 2025, ou celles au parlement d&rsquo;Edimbourg, pr\u00e9vues pour 2026.<\/p>\n<p>Source : <a href=\"https:\/\/www.lesechos.fr\/monde\/europe\/un-nouveau-premier-ministre-independantiste-a-la-tete-de-lecosse-2093232\">Les Echos<\/a><\/p>\n","protected":false},"excerpt":{"rendered":"<p>La transition politique aura \u00e9t\u00e9 de courte dur\u00e9e \u00e0 Edimbourg. Une semaine apr\u00e8s la d\u00e9mission du Premier ministre Humza Yousaf, les ind\u00e9pendantistes \u00e9cossais ont trouv\u00e9 son successeur. John Swinney, un v\u00e9t\u00e9ran du Scottish National Party (SNP), va \u00eatre nomm\u00e9 \u00ab first minister \u00bb de la province cette semaine, seul en lice pour prendre la t\u00eate [&hellip;]<\/p>\n","protected":false},"author":1,"featured_media":1282,"comment_status":"open","ping_status":"open","sticky":false,"template":"","format":"standard","meta":{"sb_editor_width":"","footnotes":""},"categories":[66,65],"tags":[],"class_list":["post-1281","post","type-post","status-publish","format-standard","has-post-thumbnail","hentry","category-international","category-principale"],"relative_dates":{"created":"2 ans ago","modified":"2 ans ago"},"yoast_head":"<!-- This site is optimized with the Yoast SEO plugin v26.3 - https:\/\/yoast.com\/wordpress\/plugins\/seo\/ -->\n<title>Le nouveau premier ministre \u00e9cossais fait de l&#039;ind\u00e9pendance du pays son objectif prioritaire - STOURM<\/title>\n<meta name=\"robots\" content=\"index, follow, max-snippet:-1, max-image-preview:large, max-video-preview:-1\" \/>\n<link rel=\"canonical\" href=\"https:\/\/stourm.news\/?p=1281\" \/>\n<meta property=\"og:locale\" content=\"fr_FR\" \/>\n<meta property=\"og:type\" content=\"article\" \/>\n<meta property=\"og:title\" content=\"Le nouveau premier ministre \u00e9cossais fait de l&#039;ind\u00e9pendance du pays son objectif prioritaire - STOURM\" \/>\n<meta property=\"og:description\" content=\"La transition politique aura \u00e9t\u00e9 de courte dur\u00e9e \u00e0 Edimbourg. Une semaine apr\u00e8s la d\u00e9mission du Premier ministre Humza Yousaf, les ind\u00e9pendantistes \u00e9cossais ont trouv\u00e9 son successeur. John Swinney, un v\u00e9t\u00e9ran du Scottish National Party (SNP), va \u00eatre nomm\u00e9 \u00ab first minister \u00bb de la province cette semaine, seul en lice pour prendre la t\u00eate [&hellip;]\" \/>\n<meta property=\"og:url\" content=\"https:\/\/stourm.news\/?p=1281\" \/>\n<meta property=\"og:site_name\" content=\"STOURM\" \/>\n<meta property=\"article:publisher\" content=\"https:\/\/www.facebook.com\/stourmnews\/\" \/>\n<meta property=\"article:published_time\" content=\"2024-05-07T14:32:34+00:00\" \/>\n<meta property=\"og:image\" content=\"https:\/\/stourm.news\/wp-content\/uploads\/2024\/05\/5ece0a50-0bcc-11ef-8ec5-677d4a6448ea.jpg\" \/>\n\t<meta property=\"og:image:width\" content=\"2048\" \/>\n\t<meta property=\"og:image:height\" content=\"1152\" \/>\n\t<meta property=\"og:image:type\" content=\"image\/jpeg\" \/>\n<meta name=\"author\" content=\"La r\u00e9daction\" \/>\n<meta name=\"twitter:card\" content=\"summary_large_image\" \/>\n<meta name=\"twitter:label1\" content=\"\u00c9crit par\" \/>\n\t<meta name=\"twitter:data1\" content=\"La r\u00e9daction\" \/>\n\t<meta name=\"twitter:label2\" content=\"Dur\u00e9e de lecture estim\u00e9e\" \/>\n\t<meta name=\"twitter:data2\" content=\"3 minutes\" \/>\n<script type=\"application\/ld+json\" class=\"yoast-schema-graph\">{\"@context\":\"https:\/\/schema.org\",\"@graph\":[{\"@type\":\"Article\",\"@id\":\"https:\/\/stourm.news\/?p=1281#article\",\"isPartOf\":{\"@id\":\"https:\/\/stourm.news\/?p=1281\"},\"author\":{\"name\":\"La r\u00e9daction\",\"@id\":\"https:\/\/stourm.news\/#\/schema\/person\/c3e1dc65988632e190969234ef046cf9\"},\"headline\":\"Le nouveau premier ministre \u00e9cossais fait de l&rsquo;ind\u00e9pendance du pays son objectif prioritaire\",\"datePublished\":\"2024-05-07T14:32:34+00:00\",\"mainEntityOfPage\":{\"@id\":\"https:\/\/stourm.news\/?p=1281\"},\"wordCount\":641,\"commentCount\":0,\"publisher\":{\"@id\":\"https:\/\/stourm.news\/#organization\"},\"image\":{\"@id\":\"https:\/\/stourm.news\/?p=1281#primaryimage\"},\"thumbnailUrl\":\"https:\/\/stourm.news\/wp-content\/uploads\/2024\/05\/5ece0a50-0bcc-11ef-8ec5-677d4a6448ea.jpg\",\"articleSection\":[\"International\",\"Principale\"],\"inLanguage\":\"fr-FR\",\"potentialAction\":[{\"@type\":\"CommentAction\",\"name\":\"Comment\",\"target\":[\"https:\/\/stourm.news\/?p=1281#respond\"]}]},{\"@type\":\"WebPage\",\"@id\":\"https:\/\/stourm.news\/?p=1281\",\"url\":\"https:\/\/stourm.news\/?p=1281\",\"name\":\"Le nouveau premier ministre \u00e9cossais fait de l'ind\u00e9pendance du pays son objectif prioritaire - STOURM\",\"isPartOf\":{\"@id\":\"https:\/\/stourm.news\/#website\"},\"primaryImageOfPage\":{\"@id\":\"https:\/\/stourm.news\/?p=1281#primaryimage\"},\"image\":{\"@id\":\"https:\/\/stourm.news\/?p=1281#primaryimage\"},\"thumbnailUrl\":\"https:\/\/stourm.news\/wp-content\/uploads\/2024\/05\/5ece0a50-0bcc-11ef-8ec5-677d4a6448ea.jpg\",\"datePublished\":\"2024-05-07T14:32:34+00:00\",\"breadcrumb\":{\"@id\":\"https:\/\/stourm.news\/?p=1281#breadcrumb\"},\"inLanguage\":\"fr-FR\",\"potentialAction\":[{\"@type\":\"ReadAction\",\"target\":[\"https:\/\/stourm.news\/?p=1281\"]}]},{\"@type\":\"ImageObject\",\"inLanguage\":\"fr-FR\",\"@id\":\"https:\/\/stourm.news\/?p=1281#primaryimage\",\"url\":\"https:\/\/stourm.news\/wp-content\/uploads\/2024\/05\/5ece0a50-0bcc-11ef-8ec5-677d4a6448ea.jpg\",\"contentUrl\":\"https:\/\/stourm.news\/wp-content\/uploads\/2024\/05\/5ece0a50-0bcc-11ef-8ec5-677d4a6448ea.jpg\",\"width\":2048,\"height\":1152},{\"@type\":\"BreadcrumbList\",\"@id\":\"https:\/\/stourm.news\/?p=1281#breadcrumb\",\"itemListElement\":[{\"@type\":\"ListItem\",\"position\":1,\"name\":\"Accueil\",\"item\":\"https:\/\/stourm.news\/\"},{\"@type\":\"ListItem\",\"position\":2,\"name\":\"Le nouveau premier ministre \u00e9cossais fait de l&rsquo;ind\u00e9pendance du pays son objectif prioritaire\"}]},{\"@type\":\"WebSite\",\"@id\":\"https:\/\/stourm.news\/#website\",\"url\":\"https:\/\/stourm.news\/\",\"name\":\"Stourm\",\"description\":\"Kazetenn Strollad Broadel Breizh\",\"publisher\":{\"@id\":\"https:\/\/stourm.news\/#organization\"},\"potentialAction\":[{\"@type\":\"SearchAction\",\"target\":{\"@type\":\"EntryPoint\",\"urlTemplate\":\"https:\/\/stourm.news\/?s={search_term_string}\"},\"query-input\":{\"@type\":\"PropertyValueSpecification\",\"valueRequired\":true,\"valueName\":\"search_term_string\"}}],\"inLanguage\":\"fr-FR\"},{\"@type\":\"Organization\",\"@id\":\"https:\/\/stourm.news\/#organization\",\"name\":\"Stourm\",\"url\":\"https:\/\/stourm.news\/\",\"logo\":{\"@type\":\"ImageObject\",\"inLanguage\":\"fr-FR\",\"@id\":\"https:\/\/stourm.news\/#\/schema\/logo\/image\/\",\"url\":\"https:\/\/stourm.news\/wp-content\/uploads\/2025\/11\/cropped-Capture-decran-2025-11-28-a-15.19.07.png\",\"contentUrl\":\"https:\/\/stourm.news\/wp-content\/uploads\/2025\/11\/cropped-Capture-decran-2025-11-28-a-15.19.07.png\",\"width\":1855,\"height\":383,\"caption\":\"Stourm\"},\"image\":{\"@id\":\"https:\/\/stourm.news\/#\/schema\/logo\/image\/\"},\"sameAs\":[\"https:\/\/www.facebook.com\/stourmnews\/\"]},{\"@type\":\"Person\",\"@id\":\"https:\/\/stourm.news\/#\/schema\/person\/c3e1dc65988632e190969234ef046cf9\",\"name\":\"La r\u00e9daction\",\"image\":{\"@type\":\"ImageObject\",\"inLanguage\":\"fr-FR\",\"@id\":\"https:\/\/stourm.news\/#\/schema\/person\/image\/\",\"url\":\"https:\/\/secure.gravatar.com\/avatar\/7463443f194b6b5fb706b074ca0ef59a0cfcfd720cb47764b0ec5a952ce422b3?s=96&d=mm&r=g\",\"contentUrl\":\"https:\/\/secure.gravatar.com\/avatar\/7463443f194b6b5fb706b074ca0ef59a0cfcfd720cb47764b0ec5a952ce422b3?s=96&d=mm&r=g\",\"caption\":\"La r\u00e9daction\"},\"sameAs\":[\"https:\/\/stourm.news\"],\"url\":\"https:\/\/stourm.news\/?author=1\"}]}<\/script>\n<!-- \/ Yoast SEO plugin. -->","yoast_head_json":{"title":"Le nouveau premier ministre \u00e9cossais fait de l'ind\u00e9pendance du pays son objectif prioritaire - STOURM","robots":{"index":"index","follow":"follow","max-snippet":"max-snippet:-1","max-image-preview":"max-image-preview:large","max-video-preview":"max-video-preview:-1"},"canonical":"https:\/\/stourm.news\/?p=1281","og_locale":"fr_FR","og_type":"article","og_title":"Le nouveau premier ministre \u00e9cossais fait de l'ind\u00e9pendance du pays son objectif prioritaire - STOURM","og_description":"La transition politique aura \u00e9t\u00e9 de courte dur\u00e9e \u00e0 Edimbourg. Une semaine apr\u00e8s la d\u00e9mission du Premier ministre Humza Yousaf, les ind\u00e9pendantistes \u00e9cossais ont trouv\u00e9 son successeur. John Swinney, un v\u00e9t\u00e9ran du Scottish National Party (SNP), va \u00eatre nomm\u00e9 \u00ab first minister \u00bb de la province cette semaine, seul en lice pour prendre la t\u00eate [&hellip;]","og_url":"https:\/\/stourm.news\/?p=1281","og_site_name":"STOURM","article_publisher":"https:\/\/www.facebook.com\/stourmnews\/","article_published_time":"2024-05-07T14:32:34+00:00","og_image":[{"width":2048,"height":1152,"url":"https:\/\/stourm.news\/wp-content\/uploads\/2024\/05\/5ece0a50-0bcc-11ef-8ec5-677d4a6448ea.jpg","type":"image\/jpeg"}],"author":"La r\u00e9daction","twitter_card":"summary_large_image","twitter_misc":{"\u00c9crit par":"La r\u00e9daction","Dur\u00e9e de lecture estim\u00e9e":"3 minutes"},"schema":{"@context":"https:\/\/schema.org","@graph":[{"@type":"Article","@id":"https:\/\/stourm.news\/?p=1281#article","isPartOf":{"@id":"https:\/\/stourm.news\/?p=1281"},"author":{"name":"La r\u00e9daction","@id":"https:\/\/stourm.news\/#\/schema\/person\/c3e1dc65988632e190969234ef046cf9"},"headline":"Le nouveau premier ministre \u00e9cossais fait de l&rsquo;ind\u00e9pendance du pays son objectif prioritaire","datePublished":"2024-05-07T14:32:34+00:00","mainEntityOfPage":{"@id":"https:\/\/stourm.news\/?p=1281"},"wordCount":641,"commentCount":0,"publisher":{"@id":"https:\/\/stourm.news\/#organization"},"image":{"@id":"https:\/\/stourm.news\/?p=1281#primaryimage"},"thumbnailUrl":"https:\/\/stourm.news\/wp-content\/uploads\/2024\/05\/5ece0a50-0bcc-11ef-8ec5-677d4a6448ea.jpg","articleSection":["International","Principale"],"inLanguage":"fr-FR","potentialAction":[{"@type":"CommentAction","name":"Comment","target":["https:\/\/stourm.news\/?p=1281#respond"]}]},{"@type":"WebPage","@id":"https:\/\/stourm.news\/?p=1281","url":"https:\/\/stourm.news\/?p=1281","name":"Le nouveau premier ministre \u00e9cossais fait de l'ind\u00e9pendance du pays son objectif prioritaire - STOURM","isPartOf":{"@id":"https:\/\/stourm.news\/#website"},"primaryImageOfPage":{"@id":"https:\/\/stourm.news\/?p=1281#primaryimage"},"image":{"@id":"https:\/\/stourm.news\/?p=1281#primaryimage"},"thumbnailUrl":"https:\/\/stourm.news\/wp-content\/uploads\/2024\/05\/5ece0a50-0bcc-11ef-8ec5-677d4a6448ea.jpg","datePublished":"2024-05-07T14:32:34+00:00","breadcrumb":{"@id":"https:\/\/stourm.news\/?p=1281#breadcrumb"},"inLanguage":"fr-FR","potentialAction":[{"@type":"ReadAction","target":["https:\/\/stourm.news\/?p=1281"]}]},{"@type":"ImageObject","inLanguage":"fr-FR","@id":"https:\/\/stourm.news\/?p=1281#primaryimage","url":"https:\/\/stourm.news\/wp-content\/uploads\/2024\/05\/5ece0a50-0bcc-11ef-8ec5-677d4a6448ea.jpg","contentUrl":"https:\/\/stourm.news\/wp-content\/uploads\/2024\/05\/5ece0a50-0bcc-11ef-8ec5-677d4a6448ea.jpg","width":2048,"height":1152},{"@type":"BreadcrumbList","@id":"https:\/\/stourm.news\/?p=1281#breadcrumb","itemListElement":[{"@type":"ListItem","position":1,"name":"Accueil","item":"https:\/\/stourm.news\/"},{"@type":"ListItem","position":2,"name":"Le nouveau premier ministre \u00e9cossais fait de l&rsquo;ind\u00e9pendance du pays son objectif prioritaire"}]},{"@type":"WebSite","@id":"https:\/\/stourm.news\/#website","url":"https:\/\/stourm.news\/","name":"Stourm","description":"Kazetenn Strollad Broadel Breizh","publisher":{"@id":"https:\/\/stourm.news\/#organization"},"potentialAction":[{"@type":"SearchAction","target":{"@type":"EntryPoint","urlTemplate":"https:\/\/stourm.news\/?s={search_term_string}"},"query-input":{"@type":"PropertyValueSpecification","valueRequired":true,"valueName":"search_term_string"}}],"inLanguage":"fr-FR"},{"@type":"Organization","@id":"https:\/\/stourm.news\/#organization","name":"Stourm","url":"https:\/\/stourm.news\/","logo":{"@type":"ImageObject","inLanguage":"fr-FR","@id":"https:\/\/stourm.news\/#\/schema\/logo\/image\/","url":"https:\/\/stourm.news\/wp-content\/uploads\/2025\/11\/cropped-Capture-decran-2025-11-28-a-15.19.07.png","contentUrl":"https:\/\/stourm.news\/wp-content\/uploads\/2025\/11\/cropped-Capture-decran-2025-11-28-a-15.19.07.png","width":1855,"height":383,"caption":"Stourm"},"image":{"@id":"https:\/\/stourm.news\/#\/schema\/logo\/image\/"},"sameAs":["https:\/\/www.facebook.com\/stourmnews\/"]},{"@type":"Person","@id":"https:\/\/stourm.news\/#\/schema\/person\/c3e1dc65988632e190969234ef046cf9","name":"La r\u00e9daction","image":{"@type":"ImageObject","inLanguage":"fr-FR","@id":"https:\/\/stourm.news\/#\/schema\/person\/image\/","url":"https:\/\/secure.gravatar.com\/avatar\/7463443f194b6b5fb706b074ca0ef59a0cfcfd720cb47764b0ec5a952ce422b3?s=96&d=mm&r=g","contentUrl":"https:\/\/secure.gravatar.com\/avatar\/7463443f194b6b5fb706b074ca0ef59a0cfcfd720cb47764b0ec5a952ce422b3?s=96&d=mm&r=g","caption":"La r\u00e9daction"},"sameAs":["https:\/\/stourm.news"],"url":"https:\/\/stourm.news\/?author=1"}]}},"_links":{"self":[{"href":"https:\/\/stourm.news\/index.php?rest_route=\/wp\/v2\/posts\/1281","targetHints":{"allow":["GET"]}}],"collection":[{"href":"https:\/\/stourm.news\/index.php?rest_route=\/wp\/v2\/posts"}],"about":[{"href":"https:\/\/stourm.news\/index.php?rest_route=\/wp\/v2\/types\/post"}],"author":[{"embeddable":true,"href":"https:\/\/stourm.news\/index.php?rest_route=\/wp\/v2\/users\/1"}],"replies":[{"embeddable":true,"href":"https:\/\/stourm.news\/index.php?rest_route=%2Fwp%2Fv2%2Fcomments&post=1281"}],"version-history":[{"count":1,"href":"https:\/\/stourm.news\/index.php?rest_route=\/wp\/v2\/posts\/1281\/revisions"}],"predecessor-version":[{"id":1283,"href":"https:\/\/stourm.news\/index.php?rest_route=\/wp\/v2\/posts\/1281\/revisions\/1283"}],"wp:featuredmedia":[{"embeddable":true,"href":"https:\/\/stourm.news\/index.php?rest_route=\/wp\/v2\/media\/1282"}],"wp:attachment":[{"href":"https:\/\/stourm.news\/index.php?rest_route=%2Fwp%2Fv2%2Fmedia&parent=1281"}],"wp:term":[{"taxonomy":"category","embeddable":true,"href":"https:\/\/stourm.news\/index.php?rest_route=%2Fwp%2Fv2%2Fcategories&post=1281"},{"taxonomy":"post_tag","embeddable":true,"href":"https:\/\/stourm.news\/index.php?rest_route=%2Fwp%2Fv2%2Ftags&post=1281"}],"curies":[{"name":"wp","href":"https:\/\/api.w.org\/{rel}","templated":true}]}}