{"id":1284,"date":"2024-05-07T14:51:48","date_gmt":"2024-05-07T14:51:48","guid":{"rendered":"https:\/\/stourm.news\/?p=1284"},"modified":"2024-05-07T15:36:05","modified_gmt":"2024-05-07T15:36:05","slug":"le-peuple-irlandais-se-mobilise-en-masse-contre-limmigration-de-peuplement","status":"publish","type":"post","link":"https:\/\/stourm.news\/?p=1284","title":{"rendered":"Le peuple irlandais se mobilise en masse contre la politique d&rsquo;immigration"},"content":{"rendered":"<p style=\"text-align: justify;\">C&rsquo;est une r\u00e9volution culturelle et politique qui prend forme en Irlande. Son moteur est le rejet de l&rsquo;immigration de remplacement promue et organis\u00e9e par l&rsquo;ensemble des partis au pouvoir \u00e0 Dublin, de gauche et de droite. Hier, lors d&rsquo;une manifestation patriotique dans la capitale irlandaise, de tr\u00e8s nombreux Irlandais ont exprim\u00e9 sans d\u00e9tour leur rejet d&rsquo;un r\u00e9gime politique corrompu qui vend l&rsquo;Irlande au grand capitalisme, v\u00e9ritable d\u00e9cideur de l&rsquo;ouverture totale des fronti\u00e8res.<\/p>\n<blockquote class=\"twitter-tweet\">\n<p dir=\"ltr\" lang=\"en\">Easily 15,000 here today. <a href=\"https:\/\/t.co\/tJc43mRjCX\">pic.twitter.com\/tJc43mRjCX<\/a><\/p>\n<p>\u2014 MichaeloKeeffe (@Mick_O_Keeffe) <a href=\"https:\/\/twitter.com\/Mick_O_Keeffe\/status\/1787483871023411281?ref_src=twsrc%5Etfw\">May 6, 2024<\/a><\/p><\/blockquote>\n<p style=\"text-align: justify;\"><script async src=\"https:\/\/platform.twitter.com\/widgets.js\" charset=\"utf-8\"><\/script>Signe puissant de ce qu&rsquo;il se produit, le Sinn Fein, parti historiquement li\u00e9 \u00e0 l&rsquo;ind\u00e9pendance de la nation irlandaise, est d\u00e9nonc\u00e9 comme un parti de \u00ab\u00a0traitres\u00a0\u00bb par les masses populaires.<\/p>\n<blockquote class=\"twitter-tweet\">\n<p dir=\"ltr\" lang=\"en\">\u201cSinn Fein are traitors!\u201d<\/p>\n<p>Wow.<\/p>\n<p>Ireland is not taking mass migration lying down. <a href=\"https:\/\/t.co\/pgtxMI9WrB\">pic.twitter.com\/pgtxMI9WrB<\/a><\/p>\n<p>\u2014 Darren Grimes (@darrengrimes_) <a href=\"https:\/\/twitter.com\/darrengrimes_\/status\/1787504619507032140?ref_src=twsrc%5Etfw\">May 6, 2024<\/a><\/p><\/blockquote>\n<p style=\"text-align: justify;\">C&rsquo;est le r\u00e9sultat d&rsquo;une d\u00e9rive progressive vers l&rsquo;extr\u00eame-gauche qui a pouss\u00e9 le Sinn Fein \u00e0 adopter la pr\u00e9f\u00e9rence \u00e9trang\u00e8re, \u00e0 tous les niveaux. Une d\u00e9rive compatible avec les buts de l&rsquo;oligarchie dublinoise, adepte du dumping fiscal et social, y compris gr\u00e2ce \u00e0 l&rsquo;arme de l&rsquo;immigration de masse.<\/p>\n<p style=\"text-align: justify;\">L&rsquo;attitude du gouvernement en place, de plus en plus autoritaire sur la question de l&rsquo;immigration de masse, a achev\u00e9 de pousser les Irlandais dans la rue. Le peuple irlandais est en train d&rsquo;\u00e9crire une nouvelle page de l&rsquo;histoire de l&rsquo;Irlande et les Bretons devraient en prendre bonne note.<\/p>\n<p style=\"text-align: right;\"><strong>Ewen Broc&rsquo;han<\/strong><\/p>\n","protected":false},"excerpt":{"rendered":"<p>C&rsquo;est une r\u00e9volution culturelle et politique qui prend forme en Irlande. Son moteur est le rejet de l&rsquo;immigration de remplacement promue et organis\u00e9e par l&rsquo;ensemble des partis au pouvoir \u00e0 Dublin, de gauche et de droite. Hier, lors d&rsquo;une manifestation patriotique dans la capitale irlandaise, de tr\u00e8s nombreux Irlandais ont exprim\u00e9 sans d\u00e9tour leur rejet [&hellip;]<\/p>\n","protected":false},"author":1,"featured_media":1285,"comment_status":"open","ping_status":"open","sticky":false,"template":"","format":"standard","meta":{"sb_editor_width":"","footnotes":""},"categories":[33,66,65],"tags":[],"class_list":["post-1284","post","type-post","status-publish","format-standard","has-post-thumbnail","hentry","category-immigration","category-international","category-principale"],"relative_dates":{"created":"2 ans ago","modified":"2 ans ago"},"yoast_head":"<!-- This site is optimized with the Yoast SEO plugin v26.3 - https:\/\/yoast.com\/wordpress\/plugins\/seo\/ -->\n<title>Le peuple irlandais se mobilise en masse contre la politique d&#039;immigration - STOURM<\/title>\n<meta name=\"robots\" content=\"index, follow, max-snippet:-1, max-image-preview:large, max-video-preview:-1\" \/>\n<link rel=\"canonical\" href=\"https:\/\/stourm.news\/?p=1284\" \/>\n<meta property=\"og:locale\" content=\"fr_FR\" \/>\n<meta property=\"og:type\" content=\"article\" \/>\n<meta property=\"og:title\" content=\"Le peuple irlandais se mobilise en masse contre la politique d&#039;immigration - STOURM\" \/>\n<meta property=\"og:description\" content=\"C&rsquo;est une r\u00e9volution culturelle et politique qui prend forme en Irlande. Son moteur est le rejet de l&rsquo;immigration de remplacement promue et organis\u00e9e par l&rsquo;ensemble des partis au pouvoir \u00e0 Dublin, de gauche et de droite. Hier, lors d&rsquo;une manifestation patriotique dans la capitale irlandaise, de tr\u00e8s nombreux Irlandais ont exprim\u00e9 sans d\u00e9tour leur rejet [&hellip;]\" \/>\n<meta property=\"og:url\" content=\"https:\/\/stourm.news\/?p=1284\" \/>\n<meta property=\"og:site_name\" content=\"STOURM\" \/>\n<meta property=\"article:publisher\" content=\"https:\/\/www.facebook.com\/stourmnews\/\" \/>\n<meta property=\"article:published_time\" content=\"2024-05-07T14:51:48+00:00\" \/>\n<meta property=\"article:modified_time\" content=\"2024-05-07T15:36:05+00:00\" \/>\n<meta property=\"og:image\" content=\"https:\/\/stourm.news\/wp-content\/uploads\/2024\/05\/5ytIOlb6.jpg\" \/>\n\t<meta property=\"og:image:width\" content=\"1200\" \/>\n\t<meta property=\"og:image:height\" content=\"630\" \/>\n\t<meta property=\"og:image:type\" content=\"image\/jpeg\" \/>\n<meta name=\"author\" content=\"La r\u00e9daction\" \/>\n<meta name=\"twitter:card\" content=\"summary_large_image\" \/>\n<meta name=\"twitter:label1\" content=\"\u00c9crit par\" \/>\n\t<meta name=\"twitter:data1\" content=\"La r\u00e9daction\" \/>\n\t<meta name=\"twitter:label2\" content=\"Dur\u00e9e de lecture estim\u00e9e\" \/>\n\t<meta name=\"twitter:data2\" content=\"2 minutes\" \/>\n<script type=\"application\/ld+json\" class=\"yoast-schema-graph\">{\"@context\":\"https:\/\/schema.org\",\"@graph\":[{\"@type\":\"Article\",\"@id\":\"https:\/\/stourm.news\/?p=1284#article\",\"isPartOf\":{\"@id\":\"https:\/\/stourm.news\/?p=1284\"},\"author\":{\"name\":\"La r\u00e9daction\",\"@id\":\"https:\/\/stourm.news\/#\/schema\/person\/c3e1dc65988632e190969234ef046cf9\"},\"headline\":\"Le peuple irlandais se mobilise en masse contre la politique d&rsquo;immigration\",\"datePublished\":\"2024-05-07T14:51:48+00:00\",\"dateModified\":\"2024-05-07T15:36:05+00:00\",\"mainEntityOfPage\":{\"@id\":\"https:\/\/stourm.news\/?p=1284\"},\"wordCount\":280,\"commentCount\":0,\"publisher\":{\"@id\":\"https:\/\/stourm.news\/#organization\"},\"image\":{\"@id\":\"https:\/\/stourm.news\/?p=1284#primaryimage\"},\"thumbnailUrl\":\"https:\/\/stourm.news\/wp-content\/uploads\/2024\/05\/5ytIOlb6.jpg\",\"articleSection\":[\"Immigration\",\"International\",\"Principale\"],\"inLanguage\":\"fr-FR\",\"potentialAction\":[{\"@type\":\"CommentAction\",\"name\":\"Comment\",\"target\":[\"https:\/\/stourm.news\/?p=1284#respond\"]}]},{\"@type\":\"WebPage\",\"@id\":\"https:\/\/stourm.news\/?p=1284\",\"url\":\"https:\/\/stourm.news\/?p=1284\",\"name\":\"Le peuple irlandais se mobilise en masse contre la politique d'immigration - STOURM\",\"isPartOf\":{\"@id\":\"https:\/\/stourm.news\/#website\"},\"primaryImageOfPage\":{\"@id\":\"https:\/\/stourm.news\/?p=1284#primaryimage\"},\"image\":{\"@id\":\"https:\/\/stourm.news\/?p=1284#primaryimage\"},\"thumbnailUrl\":\"https:\/\/stourm.news\/wp-content\/uploads\/2024\/05\/5ytIOlb6.jpg\",\"datePublished\":\"2024-05-07T14:51:48+00:00\",\"dateModified\":\"2024-05-07T15:36:05+00:00\",\"breadcrumb\":{\"@id\":\"https:\/\/stourm.news\/?p=1284#breadcrumb\"},\"inLanguage\":\"fr-FR\",\"potentialAction\":[{\"@type\":\"ReadAction\",\"target\":[\"https:\/\/stourm.news\/?p=1284\"]}]},{\"@type\":\"ImageObject\",\"inLanguage\":\"fr-FR\",\"@id\":\"https:\/\/stourm.news\/?p=1284#primaryimage\",\"url\":\"https:\/\/stourm.news\/wp-content\/uploads\/2024\/05\/5ytIOlb6.jpg\",\"contentUrl\":\"https:\/\/stourm.news\/wp-content\/uploads\/2024\/05\/5ytIOlb6.jpg\",\"width\":1200,\"height\":630},{\"@type\":\"BreadcrumbList\",\"@id\":\"https:\/\/stourm.news\/?p=1284#breadcrumb\",\"itemListElement\":[{\"@type\":\"ListItem\",\"position\":1,\"name\":\"Accueil\",\"item\":\"https:\/\/stourm.news\/\"},{\"@type\":\"ListItem\",\"position\":2,\"name\":\"Le peuple irlandais se mobilise en masse contre la politique d&rsquo;immigration\"}]},{\"@type\":\"WebSite\",\"@id\":\"https:\/\/stourm.news\/#website\",\"url\":\"https:\/\/stourm.news\/\",\"name\":\"Stourm\",\"description\":\"Kazetenn Strollad Broadel Breizh\",\"publisher\":{\"@id\":\"https:\/\/stourm.news\/#organization\"},\"potentialAction\":[{\"@type\":\"SearchAction\",\"target\":{\"@type\":\"EntryPoint\",\"urlTemplate\":\"https:\/\/stourm.news\/?s={search_term_string}\"},\"query-input\":{\"@type\":\"PropertyValueSpecification\",\"valueRequired\":true,\"valueName\":\"search_term_string\"}}],\"inLanguage\":\"fr-FR\"},{\"@type\":\"Organization\",\"@id\":\"https:\/\/stourm.news\/#organization\",\"name\":\"Stourm\",\"url\":\"https:\/\/stourm.news\/\",\"logo\":{\"@type\":\"ImageObject\",\"inLanguage\":\"fr-FR\",\"@id\":\"https:\/\/stourm.news\/#\/schema\/logo\/image\/\",\"url\":\"https:\/\/stourm.news\/wp-content\/uploads\/2025\/11\/cropped-Capture-decran-2025-11-28-a-15.19.07.png\",\"contentUrl\":\"https:\/\/stourm.news\/wp-content\/uploads\/2025\/11\/cropped-Capture-decran-2025-11-28-a-15.19.07.png\",\"width\":1855,\"height\":383,\"caption\":\"Stourm\"},\"image\":{\"@id\":\"https:\/\/stourm.news\/#\/schema\/logo\/image\/\"},\"sameAs\":[\"https:\/\/www.facebook.com\/stourmnews\/\"]},{\"@type\":\"Person\",\"@id\":\"https:\/\/stourm.news\/#\/schema\/person\/c3e1dc65988632e190969234ef046cf9\",\"name\":\"La r\u00e9daction\",\"image\":{\"@type\":\"ImageObject\",\"inLanguage\":\"fr-FR\",\"@id\":\"https:\/\/stourm.news\/#\/schema\/person\/image\/\",\"url\":\"https:\/\/secure.gravatar.com\/avatar\/7463443f194b6b5fb706b074ca0ef59a0cfcfd720cb47764b0ec5a952ce422b3?s=96&d=mm&r=g\",\"contentUrl\":\"https:\/\/secure.gravatar.com\/avatar\/7463443f194b6b5fb706b074ca0ef59a0cfcfd720cb47764b0ec5a952ce422b3?s=96&d=mm&r=g\",\"caption\":\"La r\u00e9daction\"},\"sameAs\":[\"https:\/\/stourm.news\"],\"url\":\"https:\/\/stourm.news\/?author=1\"}]}<\/script>\n<!-- \/ Yoast SEO plugin. -->","yoast_head_json":{"title":"Le peuple irlandais se mobilise en masse contre la politique d'immigration - STOURM","robots":{"index":"index","follow":"follow","max-snippet":"max-snippet:-1","max-image-preview":"max-image-preview:large","max-video-preview":"max-video-preview:-1"},"canonical":"https:\/\/stourm.news\/?p=1284","og_locale":"fr_FR","og_type":"article","og_title":"Le peuple irlandais se mobilise en masse contre la politique d'immigration - STOURM","og_description":"C&rsquo;est une r\u00e9volution culturelle et politique qui prend forme en Irlande. Son moteur est le rejet de l&rsquo;immigration de remplacement promue et organis\u00e9e par l&rsquo;ensemble des partis au pouvoir \u00e0 Dublin, de gauche et de droite. Hier, lors d&rsquo;une manifestation patriotique dans la capitale irlandaise, de tr\u00e8s nombreux Irlandais ont exprim\u00e9 sans d\u00e9tour leur rejet [&hellip;]","og_url":"https:\/\/stourm.news\/?p=1284","og_site_name":"STOURM","article_publisher":"https:\/\/www.facebook.com\/stourmnews\/","article_published_time":"2024-05-07T14:51:48+00:00","article_modified_time":"2024-05-07T15:36:05+00:00","og_image":[{"width":1200,"height":630,"url":"https:\/\/stourm.news\/wp-content\/uploads\/2024\/05\/5ytIOlb6.jpg","type":"image\/jpeg"}],"author":"La r\u00e9daction","twitter_card":"summary_large_image","twitter_misc":{"\u00c9crit par":"La r\u00e9daction","Dur\u00e9e de lecture estim\u00e9e":"2 minutes"},"schema":{"@context":"https:\/\/schema.org","@graph":[{"@type":"Article","@id":"https:\/\/stourm.news\/?p=1284#article","isPartOf":{"@id":"https:\/\/stourm.news\/?p=1284"},"author":{"name":"La r\u00e9daction","@id":"https:\/\/stourm.news\/#\/schema\/person\/c3e1dc65988632e190969234ef046cf9"},"headline":"Le peuple irlandais se mobilise en masse contre la politique d&rsquo;immigration","datePublished":"2024-05-07T14:51:48+00:00","dateModified":"2024-05-07T15:36:05+00:00","mainEntityOfPage":{"@id":"https:\/\/stourm.news\/?p=1284"},"wordCount":280,"commentCount":0,"publisher":{"@id":"https:\/\/stourm.news\/#organization"},"image":{"@id":"https:\/\/stourm.news\/?p=1284#primaryimage"},"thumbnailUrl":"https:\/\/stourm.news\/wp-content\/uploads\/2024\/05\/5ytIOlb6.jpg","articleSection":["Immigration","International","Principale"],"inLanguage":"fr-FR","potentialAction":[{"@type":"CommentAction","name":"Comment","target":["https:\/\/stourm.news\/?p=1284#respond"]}]},{"@type":"WebPage","@id":"https:\/\/stourm.news\/?p=1284","url":"https:\/\/stourm.news\/?p=1284","name":"Le peuple irlandais se mobilise en masse contre la politique d'immigration - STOURM","isPartOf":{"@id":"https:\/\/stourm.news\/#website"},"primaryImageOfPage":{"@id":"https:\/\/stourm.news\/?p=1284#primaryimage"},"image":{"@id":"https:\/\/stourm.news\/?p=1284#primaryimage"},"thumbnailUrl":"https:\/\/stourm.news\/wp-content\/uploads\/2024\/05\/5ytIOlb6.jpg","datePublished":"2024-05-07T14:51:48+00:00","dateModified":"2024-05-07T15:36:05+00:00","breadcrumb":{"@id":"https:\/\/stourm.news\/?p=1284#breadcrumb"},"inLanguage":"fr-FR","potentialAction":[{"@type":"ReadAction","target":["https:\/\/stourm.news\/?p=1284"]}]},{"@type":"ImageObject","inLanguage":"fr-FR","@id":"https:\/\/stourm.news\/?p=1284#primaryimage","url":"https:\/\/stourm.news\/wp-content\/uploads\/2024\/05\/5ytIOlb6.jpg","contentUrl":"https:\/\/stourm.news\/wp-content\/uploads\/2024\/05\/5ytIOlb6.jpg","width":1200,"height":630},{"@type":"BreadcrumbList","@id":"https:\/\/stourm.news\/?p=1284#breadcrumb","itemListElement":[{"@type":"ListItem","position":1,"name":"Accueil","item":"https:\/\/stourm.news\/"},{"@type":"ListItem","position":2,"name":"Le peuple irlandais se mobilise en masse contre la politique d&rsquo;immigration"}]},{"@type":"WebSite","@id":"https:\/\/stourm.news\/#website","url":"https:\/\/stourm.news\/","name":"Stourm","description":"Kazetenn Strollad Broadel Breizh","publisher":{"@id":"https:\/\/stourm.news\/#organization"},"potentialAction":[{"@type":"SearchAction","target":{"@type":"EntryPoint","urlTemplate":"https:\/\/stourm.news\/?s={search_term_string}"},"query-input":{"@type":"PropertyValueSpecification","valueRequired":true,"valueName":"search_term_string"}}],"inLanguage":"fr-FR"},{"@type":"Organization","@id":"https:\/\/stourm.news\/#organization","name":"Stourm","url":"https:\/\/stourm.news\/","logo":{"@type":"ImageObject","inLanguage":"fr-FR","@id":"https:\/\/stourm.news\/#\/schema\/logo\/image\/","url":"https:\/\/stourm.news\/wp-content\/uploads\/2025\/11\/cropped-Capture-decran-2025-11-28-a-15.19.07.png","contentUrl":"https:\/\/stourm.news\/wp-content\/uploads\/2025\/11\/cropped-Capture-decran-2025-11-28-a-15.19.07.png","width":1855,"height":383,"caption":"Stourm"},"image":{"@id":"https:\/\/stourm.news\/#\/schema\/logo\/image\/"},"sameAs":["https:\/\/www.facebook.com\/stourmnews\/"]},{"@type":"Person","@id":"https:\/\/stourm.news\/#\/schema\/person\/c3e1dc65988632e190969234ef046cf9","name":"La r\u00e9daction","image":{"@type":"ImageObject","inLanguage":"fr-FR","@id":"https:\/\/stourm.news\/#\/schema\/person\/image\/","url":"https:\/\/secure.gravatar.com\/avatar\/7463443f194b6b5fb706b074ca0ef59a0cfcfd720cb47764b0ec5a952ce422b3?s=96&d=mm&r=g","contentUrl":"https:\/\/secure.gravatar.com\/avatar\/7463443f194b6b5fb706b074ca0ef59a0cfcfd720cb47764b0ec5a952ce422b3?s=96&d=mm&r=g","caption":"La r\u00e9daction"},"sameAs":["https:\/\/stourm.news"],"url":"https:\/\/stourm.news\/?author=1"}]}},"_links":{"self":[{"href":"https:\/\/stourm.news\/index.php?rest_route=\/wp\/v2\/posts\/1284","targetHints":{"allow":["GET"]}}],"collection":[{"href":"https:\/\/stourm.news\/index.php?rest_route=\/wp\/v2\/posts"}],"about":[{"href":"https:\/\/stourm.news\/index.php?rest_route=\/wp\/v2\/types\/post"}],"author":[{"embeddable":true,"href":"https:\/\/stourm.news\/index.php?rest_route=\/wp\/v2\/users\/1"}],"replies":[{"embeddable":true,"href":"https:\/\/stourm.news\/index.php?rest_route=%2Fwp%2Fv2%2Fcomments&post=1284"}],"version-history":[{"count":3,"href":"https:\/\/stourm.news\/index.php?rest_route=\/wp\/v2\/posts\/1284\/revisions"}],"predecessor-version":[{"id":1288,"href":"https:\/\/stourm.news\/index.php?rest_route=\/wp\/v2\/posts\/1284\/revisions\/1288"}],"wp:featuredmedia":[{"embeddable":true,"href":"https:\/\/stourm.news\/index.php?rest_route=\/wp\/v2\/media\/1285"}],"wp:attachment":[{"href":"https:\/\/stourm.news\/index.php?rest_route=%2Fwp%2Fv2%2Fmedia&parent=1284"}],"wp:term":[{"taxonomy":"category","embeddable":true,"href":"https:\/\/stourm.news\/index.php?rest_route=%2Fwp%2Fv2%2Fcategories&post=1284"},{"taxonomy":"post_tag","embeddable":true,"href":"https:\/\/stourm.news\/index.php?rest_route=%2Fwp%2Fv2%2Ftags&post=1284"}],"curies":[{"name":"wp","href":"https:\/\/api.w.org\/{rel}","templated":true}]}}