{"id":1289,"date":"2024-05-08T10:13:11","date_gmt":"2024-05-08T10:13:11","guid":{"rendered":"https:\/\/stourm.news\/?p=1289"},"modified":"2024-05-08T10:13:11","modified_gmt":"2024-05-08T10:13:11","slug":"vannes-concours-de-dessin-au-college-jules-simon-les-eleves-loubna-et-yousra-denoncent-les-prejuges-contre-les-femmes-voilees","status":"publish","type":"post","link":"https:\/\/stourm.news\/?p=1289","title":{"rendered":"Vannes : concours de dessin au coll\u00e8ge Jules Simon, les \u00e9l\u00e8ves Loubna et Yousra d\u00e9noncent les \u00ab\u00a0pr\u00e9jug\u00e9s contre les femmes voil\u00e9es\u00a0\u00bb"},"content":{"rendered":"<p style=\"text-align: justify;\">Des \u00e9l\u00e8ves du coll\u00e8ge Jules-Simon \u00e0 Vannes ont particip\u00e9, les 6 et 7 mai, \u00e0 un atelier sur le dessin de presse anim\u00e9 par la dessinatrice d\u2019humour Val\u00e9rie Marguerite. L\u2019occasion <strong>de d\u00e9noncer les maux de la soci\u00e9t\u00e9<\/strong>.<\/p>\n<p style=\"text-align: justify;\">Au c\u0153ur du dessin,<strong> une femme voil\u00e9e<\/strong>, sans visage. Tout autour, des mains <strong>accusatrices<\/strong> la pointent du doigt. Le message est clair. Sans ambigu\u00eft\u00e9. <strong>Loubna<\/strong> et <strong>Yousra<\/strong> d\u00e9noncent \u00ab les pr\u00e9jug\u00e9s \u00bb sur les femmes <strong>qui portent le voile<\/strong>. \u00ab Ce n\u2019est qu\u2019un morceau de tissu. \u00c7a ne change pas la personne \u00bb, pr\u00e9cise <strong>Loubna<\/strong>. Comme elles, des \u00e9l\u00e8ves de troisi\u00e8me ont particip\u00e9 \u00e0 un atelier sur le dessin de presse ce lundi 6 mai au coll\u00e8ge Jules-Simon de Vannes. Un petit groupe qui s\u2019attaque \u00e0 des grandes probl\u00e9matiques. \u00c0 la force de son crayon. Pour eux, l\u2019objectif est de \u00ab comprendre ce qu\u2019est un dessin de presse en le pratiquant \u00bb, explique Val\u00e9rie Lotod\u00e9, professeur de fran\u00e7ais.<\/p>\n<p style=\"text-align: justify;\">Source : <a href=\"https:\/\/www.letelegramme.fr\/morbihan\/vannes-56000\/a-vannes-des-collegiens-sinitient-au-dessin-de-presse-qui-fait-rire-reflechir-et-reagir-6580076.php\">Le T\u00e9l\u00e9gramme<\/a><\/p>\n","protected":false},"excerpt":{"rendered":"<p>Des \u00e9l\u00e8ves du coll\u00e8ge Jules-Simon \u00e0 Vannes ont particip\u00e9, les 6 et 7 mai, \u00e0 un atelier sur le dessin de presse anim\u00e9 par la dessinatrice d\u2019humour Val\u00e9rie Marguerite. L\u2019occasion de d\u00e9noncer les maux de la soci\u00e9t\u00e9. Au c\u0153ur du dessin, une femme voil\u00e9e, sans visage. Tout autour, des mains accusatrices la pointent du doigt. [&hellip;]<\/p>\n","protected":false},"author":1,"featured_media":1290,"comment_status":"open","ping_status":"open","sticky":false,"template":"","format":"standard","meta":{"sb_editor_width":"","footnotes":""},"categories":[33,40,62],"tags":[],"class_list":["post-1289","post","type-post","status-publish","format-standard","has-post-thumbnail","hentry","category-immigration","category-morbihan","category-revue-de-presse"],"relative_dates":{"created":"2 ans ago","modified":"2 ans ago"},"yoast_head":"<!-- This site is optimized with the Yoast SEO plugin v26.3 - https:\/\/yoast.com\/wordpress\/plugins\/seo\/ -->\n<title>Vannes : concours de dessin au coll\u00e8ge Jules Simon, les \u00e9l\u00e8ves Loubna et Yousra d\u00e9noncent les &quot;pr\u00e9jug\u00e9s contre les femmes voil\u00e9es&quot; - STOURM<\/title>\n<meta name=\"robots\" content=\"index, follow, max-snippet:-1, max-image-preview:large, max-video-preview:-1\" \/>\n<link rel=\"canonical\" href=\"https:\/\/stourm.news\/?p=1289\" \/>\n<meta property=\"og:locale\" content=\"fr_FR\" \/>\n<meta property=\"og:type\" content=\"article\" \/>\n<meta property=\"og:title\" content=\"Vannes : concours de dessin au coll\u00e8ge Jules Simon, les \u00e9l\u00e8ves Loubna et Yousra d\u00e9noncent les &quot;pr\u00e9jug\u00e9s contre les femmes voil\u00e9es&quot; - STOURM\" \/>\n<meta property=\"og:description\" content=\"Des \u00e9l\u00e8ves du coll\u00e8ge Jules-Simon \u00e0 Vannes ont particip\u00e9, les 6 et 7 mai, \u00e0 un atelier sur le dessin de presse anim\u00e9 par la dessinatrice d\u2019humour Val\u00e9rie Marguerite. L\u2019occasion de d\u00e9noncer les maux de la soci\u00e9t\u00e9. Au c\u0153ur du dessin, une femme voil\u00e9e, sans visage. Tout autour, des mains accusatrices la pointent du doigt. [&hellip;]\" \/>\n<meta property=\"og:url\" content=\"https:\/\/stourm.news\/?p=1289\" \/>\n<meta property=\"og:site_name\" content=\"STOURM\" \/>\n<meta property=\"article:publisher\" content=\"https:\/\/www.facebook.com\/stourmnews\/\" \/>\n<meta property=\"article:published_time\" content=\"2024-05-08T10:13:11+00:00\" \/>\n<meta property=\"og:image\" content=\"https:\/\/stourm.news\/wp-content\/uploads\/2024\/05\/663b2ffdbfdb996d0a794389.jpg\" \/>\n\t<meta property=\"og:image:width\" content=\"960\" \/>\n\t<meta property=\"og:image:height\" content=\"600\" \/>\n\t<meta property=\"og:image:type\" content=\"image\/jpeg\" \/>\n<meta name=\"author\" content=\"La r\u00e9daction\" \/>\n<meta name=\"twitter:card\" content=\"summary_large_image\" \/>\n<meta name=\"twitter:label1\" content=\"\u00c9crit par\" \/>\n\t<meta name=\"twitter:data1\" content=\"La r\u00e9daction\" \/>\n\t<meta name=\"twitter:label2\" content=\"Dur\u00e9e de lecture estim\u00e9e\" \/>\n\t<meta name=\"twitter:data2\" content=\"1 minute\" \/>\n<script type=\"application\/ld+json\" class=\"yoast-schema-graph\">{\"@context\":\"https:\/\/schema.org\",\"@graph\":[{\"@type\":\"Article\",\"@id\":\"https:\/\/stourm.news\/?p=1289#article\",\"isPartOf\":{\"@id\":\"https:\/\/stourm.news\/?p=1289\"},\"author\":{\"name\":\"La r\u00e9daction\",\"@id\":\"https:\/\/stourm.news\/#\/schema\/person\/c3e1dc65988632e190969234ef046cf9\"},\"headline\":\"Vannes : concours de dessin au coll\u00e8ge Jules Simon, les \u00e9l\u00e8ves Loubna et Yousra d\u00e9noncent les \u00ab\u00a0pr\u00e9jug\u00e9s contre les femmes voil\u00e9es\u00a0\u00bb\",\"datePublished\":\"2024-05-08T10:13:11+00:00\",\"mainEntityOfPage\":{\"@id\":\"https:\/\/stourm.news\/?p=1289\"},\"wordCount\":197,\"commentCount\":0,\"publisher\":{\"@id\":\"https:\/\/stourm.news\/#organization\"},\"image\":{\"@id\":\"https:\/\/stourm.news\/?p=1289#primaryimage\"},\"thumbnailUrl\":\"https:\/\/stourm.news\/wp-content\/uploads\/2024\/05\/663b2ffdbfdb996d0a794389.jpg\",\"articleSection\":[\"Immigration\",\"Morbihan\",\"Revue de presse\"],\"inLanguage\":\"fr-FR\",\"potentialAction\":[{\"@type\":\"CommentAction\",\"name\":\"Comment\",\"target\":[\"https:\/\/stourm.news\/?p=1289#respond\"]}]},{\"@type\":\"WebPage\",\"@id\":\"https:\/\/stourm.news\/?p=1289\",\"url\":\"https:\/\/stourm.news\/?p=1289\",\"name\":\"Vannes : concours de dessin au coll\u00e8ge Jules Simon, les \u00e9l\u00e8ves Loubna et Yousra d\u00e9noncent les \\\"pr\u00e9jug\u00e9s contre les femmes voil\u00e9es\\\" - STOURM\",\"isPartOf\":{\"@id\":\"https:\/\/stourm.news\/#website\"},\"primaryImageOfPage\":{\"@id\":\"https:\/\/stourm.news\/?p=1289#primaryimage\"},\"image\":{\"@id\":\"https:\/\/stourm.news\/?p=1289#primaryimage\"},\"thumbnailUrl\":\"https:\/\/stourm.news\/wp-content\/uploads\/2024\/05\/663b2ffdbfdb996d0a794389.jpg\",\"datePublished\":\"2024-05-08T10:13:11+00:00\",\"breadcrumb\":{\"@id\":\"https:\/\/stourm.news\/?p=1289#breadcrumb\"},\"inLanguage\":\"fr-FR\",\"potentialAction\":[{\"@type\":\"ReadAction\",\"target\":[\"https:\/\/stourm.news\/?p=1289\"]}]},{\"@type\":\"ImageObject\",\"inLanguage\":\"fr-FR\",\"@id\":\"https:\/\/stourm.news\/?p=1289#primaryimage\",\"url\":\"https:\/\/stourm.news\/wp-content\/uploads\/2024\/05\/663b2ffdbfdb996d0a794389.jpg\",\"contentUrl\":\"https:\/\/stourm.news\/wp-content\/uploads\/2024\/05\/663b2ffdbfdb996d0a794389.jpg\",\"width\":960,\"height\":600},{\"@type\":\"BreadcrumbList\",\"@id\":\"https:\/\/stourm.news\/?p=1289#breadcrumb\",\"itemListElement\":[{\"@type\":\"ListItem\",\"position\":1,\"name\":\"Accueil\",\"item\":\"https:\/\/stourm.news\/\"},{\"@type\":\"ListItem\",\"position\":2,\"name\":\"Vannes : concours de dessin au coll\u00e8ge Jules Simon, les \u00e9l\u00e8ves Loubna et Yousra d\u00e9noncent les \u00ab\u00a0pr\u00e9jug\u00e9s contre les femmes voil\u00e9es\u00a0\u00bb\"}]},{\"@type\":\"WebSite\",\"@id\":\"https:\/\/stourm.news\/#website\",\"url\":\"https:\/\/stourm.news\/\",\"name\":\"Stourm\",\"description\":\"Kazetenn Strollad Broadel Breizh\",\"publisher\":{\"@id\":\"https:\/\/stourm.news\/#organization\"},\"potentialAction\":[{\"@type\":\"SearchAction\",\"target\":{\"@type\":\"EntryPoint\",\"urlTemplate\":\"https:\/\/stourm.news\/?s={search_term_string}\"},\"query-input\":{\"@type\":\"PropertyValueSpecification\",\"valueRequired\":true,\"valueName\":\"search_term_string\"}}],\"inLanguage\":\"fr-FR\"},{\"@type\":\"Organization\",\"@id\":\"https:\/\/stourm.news\/#organization\",\"name\":\"Stourm\",\"url\":\"https:\/\/stourm.news\/\",\"logo\":{\"@type\":\"ImageObject\",\"inLanguage\":\"fr-FR\",\"@id\":\"https:\/\/stourm.news\/#\/schema\/logo\/image\/\",\"url\":\"https:\/\/stourm.news\/wp-content\/uploads\/2025\/11\/cropped-Capture-decran-2025-11-28-a-15.19.07.png\",\"contentUrl\":\"https:\/\/stourm.news\/wp-content\/uploads\/2025\/11\/cropped-Capture-decran-2025-11-28-a-15.19.07.png\",\"width\":1855,\"height\":383,\"caption\":\"Stourm\"},\"image\":{\"@id\":\"https:\/\/stourm.news\/#\/schema\/logo\/image\/\"},\"sameAs\":[\"https:\/\/www.facebook.com\/stourmnews\/\"]},{\"@type\":\"Person\",\"@id\":\"https:\/\/stourm.news\/#\/schema\/person\/c3e1dc65988632e190969234ef046cf9\",\"name\":\"La r\u00e9daction\",\"image\":{\"@type\":\"ImageObject\",\"inLanguage\":\"fr-FR\",\"@id\":\"https:\/\/stourm.news\/#\/schema\/person\/image\/\",\"url\":\"https:\/\/secure.gravatar.com\/avatar\/7463443f194b6b5fb706b074ca0ef59a0cfcfd720cb47764b0ec5a952ce422b3?s=96&d=mm&r=g\",\"contentUrl\":\"https:\/\/secure.gravatar.com\/avatar\/7463443f194b6b5fb706b074ca0ef59a0cfcfd720cb47764b0ec5a952ce422b3?s=96&d=mm&r=g\",\"caption\":\"La r\u00e9daction\"},\"sameAs\":[\"https:\/\/stourm.news\"],\"url\":\"https:\/\/stourm.news\/?author=1\"}]}<\/script>\n<!-- \/ Yoast SEO plugin. -->","yoast_head_json":{"title":"Vannes : concours de dessin au coll\u00e8ge Jules Simon, les \u00e9l\u00e8ves Loubna et Yousra d\u00e9noncent les \"pr\u00e9jug\u00e9s contre les femmes voil\u00e9es\" - STOURM","robots":{"index":"index","follow":"follow","max-snippet":"max-snippet:-1","max-image-preview":"max-image-preview:large","max-video-preview":"max-video-preview:-1"},"canonical":"https:\/\/stourm.news\/?p=1289","og_locale":"fr_FR","og_type":"article","og_title":"Vannes : concours de dessin au coll\u00e8ge Jules Simon, les \u00e9l\u00e8ves Loubna et Yousra d\u00e9noncent les \"pr\u00e9jug\u00e9s contre les femmes voil\u00e9es\" - STOURM","og_description":"Des \u00e9l\u00e8ves du coll\u00e8ge Jules-Simon \u00e0 Vannes ont particip\u00e9, les 6 et 7 mai, \u00e0 un atelier sur le dessin de presse anim\u00e9 par la dessinatrice d\u2019humour Val\u00e9rie Marguerite. L\u2019occasion de d\u00e9noncer les maux de la soci\u00e9t\u00e9. Au c\u0153ur du dessin, une femme voil\u00e9e, sans visage. Tout autour, des mains accusatrices la pointent du doigt. [&hellip;]","og_url":"https:\/\/stourm.news\/?p=1289","og_site_name":"STOURM","article_publisher":"https:\/\/www.facebook.com\/stourmnews\/","article_published_time":"2024-05-08T10:13:11+00:00","og_image":[{"width":960,"height":600,"url":"https:\/\/stourm.news\/wp-content\/uploads\/2024\/05\/663b2ffdbfdb996d0a794389.jpg","type":"image\/jpeg"}],"author":"La r\u00e9daction","twitter_card":"summary_large_image","twitter_misc":{"\u00c9crit par":"La r\u00e9daction","Dur\u00e9e de lecture estim\u00e9e":"1 minute"},"schema":{"@context":"https:\/\/schema.org","@graph":[{"@type":"Article","@id":"https:\/\/stourm.news\/?p=1289#article","isPartOf":{"@id":"https:\/\/stourm.news\/?p=1289"},"author":{"name":"La r\u00e9daction","@id":"https:\/\/stourm.news\/#\/schema\/person\/c3e1dc65988632e190969234ef046cf9"},"headline":"Vannes : concours de dessin au coll\u00e8ge Jules Simon, les \u00e9l\u00e8ves Loubna et Yousra d\u00e9noncent les \u00ab\u00a0pr\u00e9jug\u00e9s contre les femmes voil\u00e9es\u00a0\u00bb","datePublished":"2024-05-08T10:13:11+00:00","mainEntityOfPage":{"@id":"https:\/\/stourm.news\/?p=1289"},"wordCount":197,"commentCount":0,"publisher":{"@id":"https:\/\/stourm.news\/#organization"},"image":{"@id":"https:\/\/stourm.news\/?p=1289#primaryimage"},"thumbnailUrl":"https:\/\/stourm.news\/wp-content\/uploads\/2024\/05\/663b2ffdbfdb996d0a794389.jpg","articleSection":["Immigration","Morbihan","Revue de presse"],"inLanguage":"fr-FR","potentialAction":[{"@type":"CommentAction","name":"Comment","target":["https:\/\/stourm.news\/?p=1289#respond"]}]},{"@type":"WebPage","@id":"https:\/\/stourm.news\/?p=1289","url":"https:\/\/stourm.news\/?p=1289","name":"Vannes : concours de dessin au coll\u00e8ge Jules Simon, les \u00e9l\u00e8ves Loubna et Yousra d\u00e9noncent les \"pr\u00e9jug\u00e9s contre les femmes voil\u00e9es\" - STOURM","isPartOf":{"@id":"https:\/\/stourm.news\/#website"},"primaryImageOfPage":{"@id":"https:\/\/stourm.news\/?p=1289#primaryimage"},"image":{"@id":"https:\/\/stourm.news\/?p=1289#primaryimage"},"thumbnailUrl":"https:\/\/stourm.news\/wp-content\/uploads\/2024\/05\/663b2ffdbfdb996d0a794389.jpg","datePublished":"2024-05-08T10:13:11+00:00","breadcrumb":{"@id":"https:\/\/stourm.news\/?p=1289#breadcrumb"},"inLanguage":"fr-FR","potentialAction":[{"@type":"ReadAction","target":["https:\/\/stourm.news\/?p=1289"]}]},{"@type":"ImageObject","inLanguage":"fr-FR","@id":"https:\/\/stourm.news\/?p=1289#primaryimage","url":"https:\/\/stourm.news\/wp-content\/uploads\/2024\/05\/663b2ffdbfdb996d0a794389.jpg","contentUrl":"https:\/\/stourm.news\/wp-content\/uploads\/2024\/05\/663b2ffdbfdb996d0a794389.jpg","width":960,"height":600},{"@type":"BreadcrumbList","@id":"https:\/\/stourm.news\/?p=1289#breadcrumb","itemListElement":[{"@type":"ListItem","position":1,"name":"Accueil","item":"https:\/\/stourm.news\/"},{"@type":"ListItem","position":2,"name":"Vannes : concours de dessin au coll\u00e8ge Jules Simon, les \u00e9l\u00e8ves Loubna et Yousra d\u00e9noncent les \u00ab\u00a0pr\u00e9jug\u00e9s contre les femmes voil\u00e9es\u00a0\u00bb"}]},{"@type":"WebSite","@id":"https:\/\/stourm.news\/#website","url":"https:\/\/stourm.news\/","name":"Stourm","description":"Kazetenn Strollad Broadel Breizh","publisher":{"@id":"https:\/\/stourm.news\/#organization"},"potentialAction":[{"@type":"SearchAction","target":{"@type":"EntryPoint","urlTemplate":"https:\/\/stourm.news\/?s={search_term_string}"},"query-input":{"@type":"PropertyValueSpecification","valueRequired":true,"valueName":"search_term_string"}}],"inLanguage":"fr-FR"},{"@type":"Organization","@id":"https:\/\/stourm.news\/#organization","name":"Stourm","url":"https:\/\/stourm.news\/","logo":{"@type":"ImageObject","inLanguage":"fr-FR","@id":"https:\/\/stourm.news\/#\/schema\/logo\/image\/","url":"https:\/\/stourm.news\/wp-content\/uploads\/2025\/11\/cropped-Capture-decran-2025-11-28-a-15.19.07.png","contentUrl":"https:\/\/stourm.news\/wp-content\/uploads\/2025\/11\/cropped-Capture-decran-2025-11-28-a-15.19.07.png","width":1855,"height":383,"caption":"Stourm"},"image":{"@id":"https:\/\/stourm.news\/#\/schema\/logo\/image\/"},"sameAs":["https:\/\/www.facebook.com\/stourmnews\/"]},{"@type":"Person","@id":"https:\/\/stourm.news\/#\/schema\/person\/c3e1dc65988632e190969234ef046cf9","name":"La r\u00e9daction","image":{"@type":"ImageObject","inLanguage":"fr-FR","@id":"https:\/\/stourm.news\/#\/schema\/person\/image\/","url":"https:\/\/secure.gravatar.com\/avatar\/7463443f194b6b5fb706b074ca0ef59a0cfcfd720cb47764b0ec5a952ce422b3?s=96&d=mm&r=g","contentUrl":"https:\/\/secure.gravatar.com\/avatar\/7463443f194b6b5fb706b074ca0ef59a0cfcfd720cb47764b0ec5a952ce422b3?s=96&d=mm&r=g","caption":"La r\u00e9daction"},"sameAs":["https:\/\/stourm.news"],"url":"https:\/\/stourm.news\/?author=1"}]}},"_links":{"self":[{"href":"https:\/\/stourm.news\/index.php?rest_route=\/wp\/v2\/posts\/1289","targetHints":{"allow":["GET"]}}],"collection":[{"href":"https:\/\/stourm.news\/index.php?rest_route=\/wp\/v2\/posts"}],"about":[{"href":"https:\/\/stourm.news\/index.php?rest_route=\/wp\/v2\/types\/post"}],"author":[{"embeddable":true,"href":"https:\/\/stourm.news\/index.php?rest_route=\/wp\/v2\/users\/1"}],"replies":[{"embeddable":true,"href":"https:\/\/stourm.news\/index.php?rest_route=%2Fwp%2Fv2%2Fcomments&post=1289"}],"version-history":[{"count":1,"href":"https:\/\/stourm.news\/index.php?rest_route=\/wp\/v2\/posts\/1289\/revisions"}],"predecessor-version":[{"id":1291,"href":"https:\/\/stourm.news\/index.php?rest_route=\/wp\/v2\/posts\/1289\/revisions\/1291"}],"wp:featuredmedia":[{"embeddable":true,"href":"https:\/\/stourm.news\/index.php?rest_route=\/wp\/v2\/media\/1290"}],"wp:attachment":[{"href":"https:\/\/stourm.news\/index.php?rest_route=%2Fwp%2Fv2%2Fmedia&parent=1289"}],"wp:term":[{"taxonomy":"category","embeddable":true,"href":"https:\/\/stourm.news\/index.php?rest_route=%2Fwp%2Fv2%2Fcategories&post=1289"},{"taxonomy":"post_tag","embeddable":true,"href":"https:\/\/stourm.news\/index.php?rest_route=%2Fwp%2Fv2%2Ftags&post=1289"}],"curies":[{"name":"wp","href":"https:\/\/api.w.org\/{rel}","templated":true}]}}