{"id":1292,"date":"2024-05-08T10:22:31","date_gmt":"2024-05-08T10:22:31","guid":{"rendered":"https:\/\/stourm.news\/?p=1292"},"modified":"2024-05-08T10:22:31","modified_gmt":"2024-05-08T10:22:31","slug":"brest-457-biens-voles-120-000-euros-de-prejudice-un-migrant-albanais-condamne-pour-une-vague-de-cambriolages-dans-le-finistere","status":"publish","type":"post","link":"https:\/\/stourm.news\/?p=1292","title":{"rendered":"Brest : 457 biens vol\u00e9s, 120 000 euros de pr\u00e9judice, un migrant albanais condamn\u00e9 pour une vague de cambriolages dans le Finist\u00e8re"},"content":{"rendered":"<p style=\"text-align: justify;\">Un homme de <strong>nationalit\u00e9 albanaise<\/strong>, a \u00e9t\u00e9 condamn\u00e9, ce mardi, par le tribunal de Brest, \u00e0 cinq ans de prison ferme, pour <strong>une vague de cambriolages<\/strong> dans plusieurs communes du Nord-Finist\u00e8re. Deux autres pr\u00e9venus ont \u00e9t\u00e9 condamn\u00e9s pour recel.<\/p>\n<p style=\"text-align: justify;\">En comparution imm\u00e9diate, ce mardi, devant la chambre correctionnelle de Brest, un homme de 28 ans, en d\u00e9tention provisoire depuis le 29 mars 2024, devait r\u00e9pondre de plusieurs cambriolages, commis du 20 novembre 2023 au 1er f\u00e9vrier 2024, dans le Finist\u00e8re et dans Le Tarn. \u00c0 ses c\u00f4t\u00e9s, au tribunal, sa s\u0153ur, \u00e2g\u00e9e de 35 ans, et son compagnon, \u00e2g\u00e9 de 40 ans, tous deux sous contr\u00f4le judiciaire, \u00e9taient poursuivis pour recel de biens provenant desdits vols. Les trois pr\u00e9venus, <strong>de nationalit\u00e9 albanaise<\/strong>, \u00e9taient ainsi soup\u00e7onn\u00e9s d\u2019\u00eatre associ\u00e9s dans cette affaire d\u2019ampleur.<\/p>\n<p style=\"text-align: justify;\">Source : <a href=\"https:\/\/www.letelegramme.fr\/finistere\/457-biens-voles-120-000-euros-de-prejudice-cinq-ans-de-prison-pour-une-vague-de-cambriolages-dans-le-finistere-6580293.php\">Le T\u00e9l\u00e9gramme<\/a><\/p>\n","protected":false},"excerpt":{"rendered":"<p>Un homme de nationalit\u00e9 albanaise, a \u00e9t\u00e9 condamn\u00e9, ce mardi, par le tribunal de Brest, \u00e0 cinq ans de prison ferme, pour une vague de cambriolages dans plusieurs communes du Nord-Finist\u00e8re. Deux autres pr\u00e9venus ont \u00e9t\u00e9 condamn\u00e9s pour recel. En comparution imm\u00e9diate, ce mardi, devant la chambre correctionnelle de Brest, un homme de 28 ans, [&hellip;]<\/p>\n","protected":false},"author":1,"featured_media":1293,"comment_status":"open","ping_status":"open","sticky":false,"template":"","format":"standard","meta":{"sb_editor_width":"","footnotes":""},"categories":[38,62],"tags":[68],"class_list":["post-1292","post","type-post","status-publish","format-standard","has-post-thumbnail","hentry","category-finistere","category-revue-de-presse","tag-vol"],"relative_dates":{"created":"2 ans ago","modified":"2 ans ago"},"yoast_head":"<!-- This site is optimized with the Yoast SEO plugin v26.3 - https:\/\/yoast.com\/wordpress\/plugins\/seo\/ -->\n<title>Brest : 457 biens vol\u00e9s, 120 000 euros de pr\u00e9judice, un migrant albanais condamn\u00e9 pour une vague de cambriolages dans le Finist\u00e8re - STOURM<\/title>\n<meta name=\"robots\" content=\"index, follow, max-snippet:-1, max-image-preview:large, max-video-preview:-1\" \/>\n<link rel=\"canonical\" href=\"https:\/\/stourm.news\/?p=1292\" \/>\n<meta property=\"og:locale\" content=\"fr_FR\" \/>\n<meta property=\"og:type\" content=\"article\" \/>\n<meta property=\"og:title\" content=\"Brest : 457 biens vol\u00e9s, 120 000 euros de pr\u00e9judice, un migrant albanais condamn\u00e9 pour une vague de cambriolages dans le Finist\u00e8re - STOURM\" \/>\n<meta property=\"og:description\" content=\"Un homme de nationalit\u00e9 albanaise, a \u00e9t\u00e9 condamn\u00e9, ce mardi, par le tribunal de Brest, \u00e0 cinq ans de prison ferme, pour une vague de cambriolages dans plusieurs communes du Nord-Finist\u00e8re. Deux autres pr\u00e9venus ont \u00e9t\u00e9 condamn\u00e9s pour recel. En comparution imm\u00e9diate, ce mardi, devant la chambre correctionnelle de Brest, un homme de 28 ans, [&hellip;]\" \/>\n<meta property=\"og:url\" content=\"https:\/\/stourm.news\/?p=1292\" \/>\n<meta property=\"og:site_name\" content=\"STOURM\" \/>\n<meta property=\"article:publisher\" content=\"https:\/\/www.facebook.com\/stourmnews\/\" \/>\n<meta property=\"article:published_time\" content=\"2024-05-08T10:22:31+00:00\" \/>\n<meta property=\"og:image\" content=\"https:\/\/stourm.news\/wp-content\/uploads\/2024\/05\/663a820e39c8744055288049.jpg\" \/>\n\t<meta property=\"og:image:width\" content=\"960\" \/>\n\t<meta property=\"og:image:height\" content=\"600\" \/>\n\t<meta property=\"og:image:type\" content=\"image\/jpeg\" \/>\n<meta name=\"author\" content=\"La r\u00e9daction\" \/>\n<meta name=\"twitter:card\" content=\"summary_large_image\" \/>\n<meta name=\"twitter:label1\" content=\"\u00c9crit par\" \/>\n\t<meta name=\"twitter:data1\" content=\"La r\u00e9daction\" \/>\n\t<meta name=\"twitter:label2\" content=\"Dur\u00e9e de lecture estim\u00e9e\" \/>\n\t<meta name=\"twitter:data2\" content=\"1 minute\" \/>\n<script type=\"application\/ld+json\" class=\"yoast-schema-graph\">{\"@context\":\"https:\/\/schema.org\",\"@graph\":[{\"@type\":\"Article\",\"@id\":\"https:\/\/stourm.news\/?p=1292#article\",\"isPartOf\":{\"@id\":\"https:\/\/stourm.news\/?p=1292\"},\"author\":{\"name\":\"La r\u00e9daction\",\"@id\":\"https:\/\/stourm.news\/#\/schema\/person\/c3e1dc65988632e190969234ef046cf9\"},\"headline\":\"Brest : 457 biens vol\u00e9s, 120 000 euros de pr\u00e9judice, un migrant albanais condamn\u00e9 pour une vague de cambriolages dans le Finist\u00e8re\",\"datePublished\":\"2024-05-08T10:22:31+00:00\",\"mainEntityOfPage\":{\"@id\":\"https:\/\/stourm.news\/?p=1292\"},\"wordCount\":166,\"commentCount\":0,\"publisher\":{\"@id\":\"https:\/\/stourm.news\/#organization\"},\"image\":{\"@id\":\"https:\/\/stourm.news\/?p=1292#primaryimage\"},\"thumbnailUrl\":\"https:\/\/stourm.news\/wp-content\/uploads\/2024\/05\/663a820e39c8744055288049.jpg\",\"keywords\":[\"vol\"],\"articleSection\":[\"Finist\u00e8re\",\"Revue de presse\"],\"inLanguage\":\"fr-FR\",\"potentialAction\":[{\"@type\":\"CommentAction\",\"name\":\"Comment\",\"target\":[\"https:\/\/stourm.news\/?p=1292#respond\"]}]},{\"@type\":\"WebPage\",\"@id\":\"https:\/\/stourm.news\/?p=1292\",\"url\":\"https:\/\/stourm.news\/?p=1292\",\"name\":\"Brest : 457 biens vol\u00e9s, 120 000 euros de pr\u00e9judice, un migrant albanais condamn\u00e9 pour une vague de cambriolages dans le Finist\u00e8re - STOURM\",\"isPartOf\":{\"@id\":\"https:\/\/stourm.news\/#website\"},\"primaryImageOfPage\":{\"@id\":\"https:\/\/stourm.news\/?p=1292#primaryimage\"},\"image\":{\"@id\":\"https:\/\/stourm.news\/?p=1292#primaryimage\"},\"thumbnailUrl\":\"https:\/\/stourm.news\/wp-content\/uploads\/2024\/05\/663a820e39c8744055288049.jpg\",\"datePublished\":\"2024-05-08T10:22:31+00:00\",\"breadcrumb\":{\"@id\":\"https:\/\/stourm.news\/?p=1292#breadcrumb\"},\"inLanguage\":\"fr-FR\",\"potentialAction\":[{\"@type\":\"ReadAction\",\"target\":[\"https:\/\/stourm.news\/?p=1292\"]}]},{\"@type\":\"ImageObject\",\"inLanguage\":\"fr-FR\",\"@id\":\"https:\/\/stourm.news\/?p=1292#primaryimage\",\"url\":\"https:\/\/stourm.news\/wp-content\/uploads\/2024\/05\/663a820e39c8744055288049.jpg\",\"contentUrl\":\"https:\/\/stourm.news\/wp-content\/uploads\/2024\/05\/663a820e39c8744055288049.jpg\",\"width\":960,\"height\":600,\"caption\":\"Brest (29) : Le palais de justice \/ tribunal judiciaire de Brest\"},{\"@type\":\"BreadcrumbList\",\"@id\":\"https:\/\/stourm.news\/?p=1292#breadcrumb\",\"itemListElement\":[{\"@type\":\"ListItem\",\"position\":1,\"name\":\"Accueil\",\"item\":\"https:\/\/stourm.news\/\"},{\"@type\":\"ListItem\",\"position\":2,\"name\":\"Brest : 457 biens vol\u00e9s, 120 000 euros de pr\u00e9judice, un migrant albanais condamn\u00e9 pour une vague de cambriolages dans le Finist\u00e8re\"}]},{\"@type\":\"WebSite\",\"@id\":\"https:\/\/stourm.news\/#website\",\"url\":\"https:\/\/stourm.news\/\",\"name\":\"Stourm\",\"description\":\"Kazetenn Strollad Broadel Breizh\",\"publisher\":{\"@id\":\"https:\/\/stourm.news\/#organization\"},\"potentialAction\":[{\"@type\":\"SearchAction\",\"target\":{\"@type\":\"EntryPoint\",\"urlTemplate\":\"https:\/\/stourm.news\/?s={search_term_string}\"},\"query-input\":{\"@type\":\"PropertyValueSpecification\",\"valueRequired\":true,\"valueName\":\"search_term_string\"}}],\"inLanguage\":\"fr-FR\"},{\"@type\":\"Organization\",\"@id\":\"https:\/\/stourm.news\/#organization\",\"name\":\"Stourm\",\"url\":\"https:\/\/stourm.news\/\",\"logo\":{\"@type\":\"ImageObject\",\"inLanguage\":\"fr-FR\",\"@id\":\"https:\/\/stourm.news\/#\/schema\/logo\/image\/\",\"url\":\"https:\/\/stourm.news\/wp-content\/uploads\/2025\/11\/cropped-Capture-decran-2025-11-28-a-15.19.07.png\",\"contentUrl\":\"https:\/\/stourm.news\/wp-content\/uploads\/2025\/11\/cropped-Capture-decran-2025-11-28-a-15.19.07.png\",\"width\":1855,\"height\":383,\"caption\":\"Stourm\"},\"image\":{\"@id\":\"https:\/\/stourm.news\/#\/schema\/logo\/image\/\"},\"sameAs\":[\"https:\/\/www.facebook.com\/stourmnews\/\"]},{\"@type\":\"Person\",\"@id\":\"https:\/\/stourm.news\/#\/schema\/person\/c3e1dc65988632e190969234ef046cf9\",\"name\":\"La r\u00e9daction\",\"image\":{\"@type\":\"ImageObject\",\"inLanguage\":\"fr-FR\",\"@id\":\"https:\/\/stourm.news\/#\/schema\/person\/image\/\",\"url\":\"https:\/\/secure.gravatar.com\/avatar\/7463443f194b6b5fb706b074ca0ef59a0cfcfd720cb47764b0ec5a952ce422b3?s=96&d=mm&r=g\",\"contentUrl\":\"https:\/\/secure.gravatar.com\/avatar\/7463443f194b6b5fb706b074ca0ef59a0cfcfd720cb47764b0ec5a952ce422b3?s=96&d=mm&r=g\",\"caption\":\"La r\u00e9daction\"},\"sameAs\":[\"https:\/\/stourm.news\"],\"url\":\"https:\/\/stourm.news\/?author=1\"}]}<\/script>\n<!-- \/ Yoast SEO plugin. -->","yoast_head_json":{"title":"Brest : 457 biens vol\u00e9s, 120 000 euros de pr\u00e9judice, un migrant albanais condamn\u00e9 pour une vague de cambriolages dans le Finist\u00e8re - STOURM","robots":{"index":"index","follow":"follow","max-snippet":"max-snippet:-1","max-image-preview":"max-image-preview:large","max-video-preview":"max-video-preview:-1"},"canonical":"https:\/\/stourm.news\/?p=1292","og_locale":"fr_FR","og_type":"article","og_title":"Brest : 457 biens vol\u00e9s, 120 000 euros de pr\u00e9judice, un migrant albanais condamn\u00e9 pour une vague de cambriolages dans le Finist\u00e8re - STOURM","og_description":"Un homme de nationalit\u00e9 albanaise, a \u00e9t\u00e9 condamn\u00e9, ce mardi, par le tribunal de Brest, \u00e0 cinq ans de prison ferme, pour une vague de cambriolages dans plusieurs communes du Nord-Finist\u00e8re. Deux autres pr\u00e9venus ont \u00e9t\u00e9 condamn\u00e9s pour recel. En comparution imm\u00e9diate, ce mardi, devant la chambre correctionnelle de Brest, un homme de 28 ans, [&hellip;]","og_url":"https:\/\/stourm.news\/?p=1292","og_site_name":"STOURM","article_publisher":"https:\/\/www.facebook.com\/stourmnews\/","article_published_time":"2024-05-08T10:22:31+00:00","og_image":[{"width":960,"height":600,"url":"https:\/\/stourm.news\/wp-content\/uploads\/2024\/05\/663a820e39c8744055288049.jpg","type":"image\/jpeg"}],"author":"La r\u00e9daction","twitter_card":"summary_large_image","twitter_misc":{"\u00c9crit par":"La r\u00e9daction","Dur\u00e9e de lecture estim\u00e9e":"1 minute"},"schema":{"@context":"https:\/\/schema.org","@graph":[{"@type":"Article","@id":"https:\/\/stourm.news\/?p=1292#article","isPartOf":{"@id":"https:\/\/stourm.news\/?p=1292"},"author":{"name":"La r\u00e9daction","@id":"https:\/\/stourm.news\/#\/schema\/person\/c3e1dc65988632e190969234ef046cf9"},"headline":"Brest : 457 biens vol\u00e9s, 120 000 euros de pr\u00e9judice, un migrant albanais condamn\u00e9 pour une vague de cambriolages dans le Finist\u00e8re","datePublished":"2024-05-08T10:22:31+00:00","mainEntityOfPage":{"@id":"https:\/\/stourm.news\/?p=1292"},"wordCount":166,"commentCount":0,"publisher":{"@id":"https:\/\/stourm.news\/#organization"},"image":{"@id":"https:\/\/stourm.news\/?p=1292#primaryimage"},"thumbnailUrl":"https:\/\/stourm.news\/wp-content\/uploads\/2024\/05\/663a820e39c8744055288049.jpg","keywords":["vol"],"articleSection":["Finist\u00e8re","Revue de presse"],"inLanguage":"fr-FR","potentialAction":[{"@type":"CommentAction","name":"Comment","target":["https:\/\/stourm.news\/?p=1292#respond"]}]},{"@type":"WebPage","@id":"https:\/\/stourm.news\/?p=1292","url":"https:\/\/stourm.news\/?p=1292","name":"Brest : 457 biens vol\u00e9s, 120 000 euros de pr\u00e9judice, un migrant albanais condamn\u00e9 pour une vague de cambriolages dans le Finist\u00e8re - STOURM","isPartOf":{"@id":"https:\/\/stourm.news\/#website"},"primaryImageOfPage":{"@id":"https:\/\/stourm.news\/?p=1292#primaryimage"},"image":{"@id":"https:\/\/stourm.news\/?p=1292#primaryimage"},"thumbnailUrl":"https:\/\/stourm.news\/wp-content\/uploads\/2024\/05\/663a820e39c8744055288049.jpg","datePublished":"2024-05-08T10:22:31+00:00","breadcrumb":{"@id":"https:\/\/stourm.news\/?p=1292#breadcrumb"},"inLanguage":"fr-FR","potentialAction":[{"@type":"ReadAction","target":["https:\/\/stourm.news\/?p=1292"]}]},{"@type":"ImageObject","inLanguage":"fr-FR","@id":"https:\/\/stourm.news\/?p=1292#primaryimage","url":"https:\/\/stourm.news\/wp-content\/uploads\/2024\/05\/663a820e39c8744055288049.jpg","contentUrl":"https:\/\/stourm.news\/wp-content\/uploads\/2024\/05\/663a820e39c8744055288049.jpg","width":960,"height":600,"caption":"Brest (29) : Le palais de justice \/ tribunal judiciaire de Brest"},{"@type":"BreadcrumbList","@id":"https:\/\/stourm.news\/?p=1292#breadcrumb","itemListElement":[{"@type":"ListItem","position":1,"name":"Accueil","item":"https:\/\/stourm.news\/"},{"@type":"ListItem","position":2,"name":"Brest : 457 biens vol\u00e9s, 120 000 euros de pr\u00e9judice, un migrant albanais condamn\u00e9 pour une vague de cambriolages dans le Finist\u00e8re"}]},{"@type":"WebSite","@id":"https:\/\/stourm.news\/#website","url":"https:\/\/stourm.news\/","name":"Stourm","description":"Kazetenn Strollad Broadel Breizh","publisher":{"@id":"https:\/\/stourm.news\/#organization"},"potentialAction":[{"@type":"SearchAction","target":{"@type":"EntryPoint","urlTemplate":"https:\/\/stourm.news\/?s={search_term_string}"},"query-input":{"@type":"PropertyValueSpecification","valueRequired":true,"valueName":"search_term_string"}}],"inLanguage":"fr-FR"},{"@type":"Organization","@id":"https:\/\/stourm.news\/#organization","name":"Stourm","url":"https:\/\/stourm.news\/","logo":{"@type":"ImageObject","inLanguage":"fr-FR","@id":"https:\/\/stourm.news\/#\/schema\/logo\/image\/","url":"https:\/\/stourm.news\/wp-content\/uploads\/2025\/11\/cropped-Capture-decran-2025-11-28-a-15.19.07.png","contentUrl":"https:\/\/stourm.news\/wp-content\/uploads\/2025\/11\/cropped-Capture-decran-2025-11-28-a-15.19.07.png","width":1855,"height":383,"caption":"Stourm"},"image":{"@id":"https:\/\/stourm.news\/#\/schema\/logo\/image\/"},"sameAs":["https:\/\/www.facebook.com\/stourmnews\/"]},{"@type":"Person","@id":"https:\/\/stourm.news\/#\/schema\/person\/c3e1dc65988632e190969234ef046cf9","name":"La r\u00e9daction","image":{"@type":"ImageObject","inLanguage":"fr-FR","@id":"https:\/\/stourm.news\/#\/schema\/person\/image\/","url":"https:\/\/secure.gravatar.com\/avatar\/7463443f194b6b5fb706b074ca0ef59a0cfcfd720cb47764b0ec5a952ce422b3?s=96&d=mm&r=g","contentUrl":"https:\/\/secure.gravatar.com\/avatar\/7463443f194b6b5fb706b074ca0ef59a0cfcfd720cb47764b0ec5a952ce422b3?s=96&d=mm&r=g","caption":"La r\u00e9daction"},"sameAs":["https:\/\/stourm.news"],"url":"https:\/\/stourm.news\/?author=1"}]}},"_links":{"self":[{"href":"https:\/\/stourm.news\/index.php?rest_route=\/wp\/v2\/posts\/1292","targetHints":{"allow":["GET"]}}],"collection":[{"href":"https:\/\/stourm.news\/index.php?rest_route=\/wp\/v2\/posts"}],"about":[{"href":"https:\/\/stourm.news\/index.php?rest_route=\/wp\/v2\/types\/post"}],"author":[{"embeddable":true,"href":"https:\/\/stourm.news\/index.php?rest_route=\/wp\/v2\/users\/1"}],"replies":[{"embeddable":true,"href":"https:\/\/stourm.news\/index.php?rest_route=%2Fwp%2Fv2%2Fcomments&post=1292"}],"version-history":[{"count":1,"href":"https:\/\/stourm.news\/index.php?rest_route=\/wp\/v2\/posts\/1292\/revisions"}],"predecessor-version":[{"id":1294,"href":"https:\/\/stourm.news\/index.php?rest_route=\/wp\/v2\/posts\/1292\/revisions\/1294"}],"wp:featuredmedia":[{"embeddable":true,"href":"https:\/\/stourm.news\/index.php?rest_route=\/wp\/v2\/media\/1293"}],"wp:attachment":[{"href":"https:\/\/stourm.news\/index.php?rest_route=%2Fwp%2Fv2%2Fmedia&parent=1292"}],"wp:term":[{"taxonomy":"category","embeddable":true,"href":"https:\/\/stourm.news\/index.php?rest_route=%2Fwp%2Fv2%2Fcategories&post=1292"},{"taxonomy":"post_tag","embeddable":true,"href":"https:\/\/stourm.news\/index.php?rest_route=%2Fwp%2Fv2%2Ftags&post=1292"}],"curies":[{"name":"wp","href":"https:\/\/api.w.org\/{rel}","templated":true}]}}