{"id":1295,"date":"2024-05-08T12:44:10","date_gmt":"2024-05-08T12:44:10","guid":{"rendered":"https:\/\/stourm.news\/?p=1295"},"modified":"2024-05-08T12:44:10","modified_gmt":"2024-05-08T12:44:10","slug":"une-dizaine-de-voitures-brulees-a-brest-en-une-seule-nuit-on-en-a-plus-que-marre-video","status":"publish","type":"post","link":"https:\/\/stourm.news\/?p=1295","title":{"rendered":"Une dizaine de voitures br\u00fbl\u00e9es \u00e0 Brest en une seule nuit : \u00ab On en a plus que marre \u00bb [Vid\u00e9o]"},"content":{"rendered":"<p><iframe src=\"\/\/www.ultimedia.com\/deliver\/generic\/iframe\/mdtk\/01259353\/src\/xsum3uq\/zone\/1\/showtitle\/1\/\" width=\"540\" height=\"304\" frameborder=\"0\" marginwidth=\"0\" marginheight=\"0\" scrolling=\"no\" allowfullscreen=\"allowfullscreen\"><\/iframe><\/p>\n<p style=\"text-align: justify;\">Les faits ont eu lieu vers 3 h du matin selon des habitants interrog\u00e9s sur place. Dans la nuit de mardi \u00e0 mercredi, une dizaine de voitures ont \u00e9t\u00e9 <strong>br\u00fbl\u00e9es<\/strong> au pied des tours de Kerbernard, \u00e0 Brest (29), pr\u00e8s de l\u2019hypermarch\u00e9 G\u00e9ant.<\/p>\n<p style=\"text-align: justify;\">Les habitants sont <strong>exc\u00e9d\u00e9s<\/strong> par ces actes de vandalisme. \u00ab Moi je n\u2019ai rien entendu, commentait d\u00e9sabus\u00e9 un quadrag\u00e9naire. Les chambres de mon appartement ne donnent pas sur la place centrale. J\u2019ai d\u00e9couvert cela ce matin. C\u2019est d\u00e9gueulasse. Regardez les voitures vis\u00e9es, il s\u2019agit de v\u00e9hicules modestes qui ne sont pas r\u00e9cents. Ils appartiennent \u00e0 des gens qui n\u2019auront quasiment rien avec les assurances. Pourtant le pr\u00e9judice pour eux est important. Comment vont-ils aller au boulot demain ? \u00bb.<\/p>\n<p style=\"text-align: justify;\">\u00c0 quelques m\u00e8tres de l\u00e0, un homme constate les d\u00e9g\u00e2ts aupr\u00e8s de son fourgon, floqu\u00e9 \u00e0 l\u2019effigie d\u2019une bo\u00eete du b\u00e2timent. L\u2019arri\u00e8re du v\u00e9hicule a \u00e9t\u00e9 s\u00e9rieusement endommag\u00e9. \u00ab Je vais pr\u00e9venir mon patron. \u00c7a va nous compliquer s\u00e9rieusement la vie. D\u00e9j\u00e0 qu\u2019on manquait de v\u00e9hicules. Les types qui font \u00e7a n\u2019ont rien dans le cr\u00e2ne \u00bb.<\/p>\n<p style=\"text-align: justify;\">L\u2019acte <strong>volontaire<\/strong> semble privil\u00e9gi\u00e9. Et il semblerait que deux d\u00e9parts de feu soient \u00e0 l\u2019origine de ce sinistre sur lequel sont intervenus les pompiers.<\/p>\n<p style=\"text-align: justify;\">\u00ab \u00c7a n\u2019est pas la premi\u00e8re fois que des bagnoles crament dans le secteur, poursuit un habitant. M\u00eame le parking ferm\u00e9 et payant de la cit\u00e9 a \u00e9t\u00e9 la cible <strong>d\u2019incendiaires<\/strong>. On en a plus que marre \u00bb.<\/p>\n<p>Source : <a href=\"https:\/\/www.letelegramme.fr\/finistere\/brest-29200\/une-dizaine-de-voitures-brulees-a-brest-en-une-seule-nuit-on-en-a-plus-que-marre-6580499.php\">Le T\u00e9l\u00e9gramme<\/a><\/p>\n","protected":false},"excerpt":{"rendered":"<p>Les faits ont eu lieu vers 3 h du matin selon des habitants interrog\u00e9s sur place. Dans la nuit de mardi \u00e0 mercredi, une dizaine de voitures ont \u00e9t\u00e9 br\u00fbl\u00e9es au pied des tours de Kerbernard, \u00e0 Brest (29), pr\u00e8s de l\u2019hypermarch\u00e9 G\u00e9ant. Les habitants sont exc\u00e9d\u00e9s par ces actes de vandalisme. \u00ab Moi je [&hellip;]<\/p>\n","protected":false},"author":1,"featured_media":1296,"comment_status":"open","ping_status":"open","sticky":false,"template":"","format":"standard","meta":{"sb_editor_width":"","footnotes":""},"categories":[38,62,35],"tags":[],"class_list":["post-1295","post","type-post","status-publish","format-standard","has-post-thumbnail","hentry","category-finistere","category-revue-de-presse","category-violences-ethniques"],"relative_dates":{"created":"2 ans ago","modified":"2 ans ago"},"yoast_head":"<!-- This site is optimized with the Yoast SEO plugin v26.3 - https:\/\/yoast.com\/wordpress\/plugins\/seo\/ -->\n<title>Une dizaine de voitures br\u00fbl\u00e9es \u00e0 Brest en une seule nuit : \u00ab On en a plus que marre \u00bb [Vid\u00e9o] - STOURM<\/title>\n<meta name=\"robots\" content=\"index, follow, max-snippet:-1, max-image-preview:large, max-video-preview:-1\" \/>\n<link rel=\"canonical\" href=\"https:\/\/stourm.news\/?p=1295\" \/>\n<meta property=\"og:locale\" content=\"fr_FR\" \/>\n<meta property=\"og:type\" content=\"article\" \/>\n<meta property=\"og:title\" content=\"Une dizaine de voitures br\u00fbl\u00e9es \u00e0 Brest en une seule nuit : \u00ab On en a plus que marre \u00bb [Vid\u00e9o] - STOURM\" \/>\n<meta property=\"og:description\" content=\"Les faits ont eu lieu vers 3 h du matin selon des habitants interrog\u00e9s sur place. Dans la nuit de mardi \u00e0 mercredi, une dizaine de voitures ont \u00e9t\u00e9 br\u00fbl\u00e9es au pied des tours de Kerbernard, \u00e0 Brest (29), pr\u00e8s de l\u2019hypermarch\u00e9 G\u00e9ant. Les habitants sont exc\u00e9d\u00e9s par ces actes de vandalisme. \u00ab Moi je [&hellip;]\" \/>\n<meta property=\"og:url\" content=\"https:\/\/stourm.news\/?p=1295\" \/>\n<meta property=\"og:site_name\" content=\"STOURM\" \/>\n<meta property=\"article:publisher\" content=\"https:\/\/www.facebook.com\/stourmnews\/\" \/>\n<meta property=\"article:published_time\" content=\"2024-05-08T12:44:10+00:00\" \/>\n<meta property=\"og:image\" content=\"https:\/\/stourm.news\/wp-content\/uploads\/2024\/05\/GNDa1J6W4AEsaea.jpg\" \/>\n\t<meta property=\"og:image:width\" content=\"900\" \/>\n\t<meta property=\"og:image:height\" content=\"563\" \/>\n\t<meta property=\"og:image:type\" content=\"image\/jpeg\" \/>\n<meta name=\"author\" content=\"La r\u00e9daction\" \/>\n<meta name=\"twitter:card\" content=\"summary_large_image\" \/>\n<meta name=\"twitter:label1\" content=\"\u00c9crit par\" \/>\n\t<meta name=\"twitter:data1\" content=\"La r\u00e9daction\" \/>\n\t<meta name=\"twitter:label2\" content=\"Dur\u00e9e de lecture estim\u00e9e\" \/>\n\t<meta name=\"twitter:data2\" content=\"2 minutes\" \/>\n<script type=\"application\/ld+json\" class=\"yoast-schema-graph\">{\"@context\":\"https:\/\/schema.org\",\"@graph\":[{\"@type\":\"Article\",\"@id\":\"https:\/\/stourm.news\/?p=1295#article\",\"isPartOf\":{\"@id\":\"https:\/\/stourm.news\/?p=1295\"},\"author\":{\"name\":\"La r\u00e9daction\",\"@id\":\"https:\/\/stourm.news\/#\/schema\/person\/c3e1dc65988632e190969234ef046cf9\"},\"headline\":\"Une dizaine de voitures br\u00fbl\u00e9es \u00e0 Brest en une seule nuit : \u00ab On en a plus que marre \u00bb [Vid\u00e9o]\",\"datePublished\":\"2024-05-08T12:44:10+00:00\",\"mainEntityOfPage\":{\"@id\":\"https:\/\/stourm.news\/?p=1295\"},\"wordCount\":299,\"commentCount\":0,\"publisher\":{\"@id\":\"https:\/\/stourm.news\/#organization\"},\"image\":{\"@id\":\"https:\/\/stourm.news\/?p=1295#primaryimage\"},\"thumbnailUrl\":\"https:\/\/stourm.news\/wp-content\/uploads\/2024\/05\/GNDa1J6W4AEsaea.jpg\",\"articleSection\":[\"Finist\u00e8re\",\"Revue de presse\",\"Violences ethniques\"],\"inLanguage\":\"fr-FR\",\"potentialAction\":[{\"@type\":\"CommentAction\",\"name\":\"Comment\",\"target\":[\"https:\/\/stourm.news\/?p=1295#respond\"]}]},{\"@type\":\"WebPage\",\"@id\":\"https:\/\/stourm.news\/?p=1295\",\"url\":\"https:\/\/stourm.news\/?p=1295\",\"name\":\"Une dizaine de voitures br\u00fbl\u00e9es \u00e0 Brest en une seule nuit : \u00ab On en a plus que marre \u00bb [Vid\u00e9o] - STOURM\",\"isPartOf\":{\"@id\":\"https:\/\/stourm.news\/#website\"},\"primaryImageOfPage\":{\"@id\":\"https:\/\/stourm.news\/?p=1295#primaryimage\"},\"image\":{\"@id\":\"https:\/\/stourm.news\/?p=1295#primaryimage\"},\"thumbnailUrl\":\"https:\/\/stourm.news\/wp-content\/uploads\/2024\/05\/GNDa1J6W4AEsaea.jpg\",\"datePublished\":\"2024-05-08T12:44:10+00:00\",\"breadcrumb\":{\"@id\":\"https:\/\/stourm.news\/?p=1295#breadcrumb\"},\"inLanguage\":\"fr-FR\",\"potentialAction\":[{\"@type\":\"ReadAction\",\"target\":[\"https:\/\/stourm.news\/?p=1295\"]}]},{\"@type\":\"ImageObject\",\"inLanguage\":\"fr-FR\",\"@id\":\"https:\/\/stourm.news\/?p=1295#primaryimage\",\"url\":\"https:\/\/stourm.news\/wp-content\/uploads\/2024\/05\/GNDa1J6W4AEsaea.jpg\",\"contentUrl\":\"https:\/\/stourm.news\/wp-content\/uploads\/2024\/05\/GNDa1J6W4AEsaea.jpg\",\"width\":900,\"height\":563},{\"@type\":\"BreadcrumbList\",\"@id\":\"https:\/\/stourm.news\/?p=1295#breadcrumb\",\"itemListElement\":[{\"@type\":\"ListItem\",\"position\":1,\"name\":\"Accueil\",\"item\":\"https:\/\/stourm.news\/\"},{\"@type\":\"ListItem\",\"position\":2,\"name\":\"Une dizaine de voitures br\u00fbl\u00e9es \u00e0 Brest en une seule nuit : \u00ab On en a plus que marre \u00bb [Vid\u00e9o]\"}]},{\"@type\":\"WebSite\",\"@id\":\"https:\/\/stourm.news\/#website\",\"url\":\"https:\/\/stourm.news\/\",\"name\":\"Stourm\",\"description\":\"Kazetenn Strollad Broadel Breizh\",\"publisher\":{\"@id\":\"https:\/\/stourm.news\/#organization\"},\"potentialAction\":[{\"@type\":\"SearchAction\",\"target\":{\"@type\":\"EntryPoint\",\"urlTemplate\":\"https:\/\/stourm.news\/?s={search_term_string}\"},\"query-input\":{\"@type\":\"PropertyValueSpecification\",\"valueRequired\":true,\"valueName\":\"search_term_string\"}}],\"inLanguage\":\"fr-FR\"},{\"@type\":\"Organization\",\"@id\":\"https:\/\/stourm.news\/#organization\",\"name\":\"Stourm\",\"url\":\"https:\/\/stourm.news\/\",\"logo\":{\"@type\":\"ImageObject\",\"inLanguage\":\"fr-FR\",\"@id\":\"https:\/\/stourm.news\/#\/schema\/logo\/image\/\",\"url\":\"https:\/\/stourm.news\/wp-content\/uploads\/2025\/11\/cropped-Capture-decran-2025-11-28-a-15.19.07.png\",\"contentUrl\":\"https:\/\/stourm.news\/wp-content\/uploads\/2025\/11\/cropped-Capture-decran-2025-11-28-a-15.19.07.png\",\"width\":1855,\"height\":383,\"caption\":\"Stourm\"},\"image\":{\"@id\":\"https:\/\/stourm.news\/#\/schema\/logo\/image\/\"},\"sameAs\":[\"https:\/\/www.facebook.com\/stourmnews\/\"]},{\"@type\":\"Person\",\"@id\":\"https:\/\/stourm.news\/#\/schema\/person\/c3e1dc65988632e190969234ef046cf9\",\"name\":\"La r\u00e9daction\",\"image\":{\"@type\":\"ImageObject\",\"inLanguage\":\"fr-FR\",\"@id\":\"https:\/\/stourm.news\/#\/schema\/person\/image\/\",\"url\":\"https:\/\/secure.gravatar.com\/avatar\/7463443f194b6b5fb706b074ca0ef59a0cfcfd720cb47764b0ec5a952ce422b3?s=96&d=mm&r=g\",\"contentUrl\":\"https:\/\/secure.gravatar.com\/avatar\/7463443f194b6b5fb706b074ca0ef59a0cfcfd720cb47764b0ec5a952ce422b3?s=96&d=mm&r=g\",\"caption\":\"La r\u00e9daction\"},\"sameAs\":[\"https:\/\/stourm.news\"],\"url\":\"https:\/\/stourm.news\/?author=1\"}]}<\/script>\n<!-- \/ Yoast SEO plugin. -->","yoast_head_json":{"title":"Une dizaine de voitures br\u00fbl\u00e9es \u00e0 Brest en une seule nuit : \u00ab On en a plus que marre \u00bb [Vid\u00e9o] - STOURM","robots":{"index":"index","follow":"follow","max-snippet":"max-snippet:-1","max-image-preview":"max-image-preview:large","max-video-preview":"max-video-preview:-1"},"canonical":"https:\/\/stourm.news\/?p=1295","og_locale":"fr_FR","og_type":"article","og_title":"Une dizaine de voitures br\u00fbl\u00e9es \u00e0 Brest en une seule nuit : \u00ab On en a plus que marre \u00bb [Vid\u00e9o] - STOURM","og_description":"Les faits ont eu lieu vers 3 h du matin selon des habitants interrog\u00e9s sur place. Dans la nuit de mardi \u00e0 mercredi, une dizaine de voitures ont \u00e9t\u00e9 br\u00fbl\u00e9es au pied des tours de Kerbernard, \u00e0 Brest (29), pr\u00e8s de l\u2019hypermarch\u00e9 G\u00e9ant. Les habitants sont exc\u00e9d\u00e9s par ces actes de vandalisme. \u00ab Moi je [&hellip;]","og_url":"https:\/\/stourm.news\/?p=1295","og_site_name":"STOURM","article_publisher":"https:\/\/www.facebook.com\/stourmnews\/","article_published_time":"2024-05-08T12:44:10+00:00","og_image":[{"width":900,"height":563,"url":"https:\/\/stourm.news\/wp-content\/uploads\/2024\/05\/GNDa1J6W4AEsaea.jpg","type":"image\/jpeg"}],"author":"La r\u00e9daction","twitter_card":"summary_large_image","twitter_misc":{"\u00c9crit par":"La r\u00e9daction","Dur\u00e9e de lecture estim\u00e9e":"2 minutes"},"schema":{"@context":"https:\/\/schema.org","@graph":[{"@type":"Article","@id":"https:\/\/stourm.news\/?p=1295#article","isPartOf":{"@id":"https:\/\/stourm.news\/?p=1295"},"author":{"name":"La r\u00e9daction","@id":"https:\/\/stourm.news\/#\/schema\/person\/c3e1dc65988632e190969234ef046cf9"},"headline":"Une dizaine de voitures br\u00fbl\u00e9es \u00e0 Brest en une seule nuit : \u00ab On en a plus que marre \u00bb [Vid\u00e9o]","datePublished":"2024-05-08T12:44:10+00:00","mainEntityOfPage":{"@id":"https:\/\/stourm.news\/?p=1295"},"wordCount":299,"commentCount":0,"publisher":{"@id":"https:\/\/stourm.news\/#organization"},"image":{"@id":"https:\/\/stourm.news\/?p=1295#primaryimage"},"thumbnailUrl":"https:\/\/stourm.news\/wp-content\/uploads\/2024\/05\/GNDa1J6W4AEsaea.jpg","articleSection":["Finist\u00e8re","Revue de presse","Violences ethniques"],"inLanguage":"fr-FR","potentialAction":[{"@type":"CommentAction","name":"Comment","target":["https:\/\/stourm.news\/?p=1295#respond"]}]},{"@type":"WebPage","@id":"https:\/\/stourm.news\/?p=1295","url":"https:\/\/stourm.news\/?p=1295","name":"Une dizaine de voitures br\u00fbl\u00e9es \u00e0 Brest en une seule nuit : \u00ab On en a plus que marre \u00bb [Vid\u00e9o] - STOURM","isPartOf":{"@id":"https:\/\/stourm.news\/#website"},"primaryImageOfPage":{"@id":"https:\/\/stourm.news\/?p=1295#primaryimage"},"image":{"@id":"https:\/\/stourm.news\/?p=1295#primaryimage"},"thumbnailUrl":"https:\/\/stourm.news\/wp-content\/uploads\/2024\/05\/GNDa1J6W4AEsaea.jpg","datePublished":"2024-05-08T12:44:10+00:00","breadcrumb":{"@id":"https:\/\/stourm.news\/?p=1295#breadcrumb"},"inLanguage":"fr-FR","potentialAction":[{"@type":"ReadAction","target":["https:\/\/stourm.news\/?p=1295"]}]},{"@type":"ImageObject","inLanguage":"fr-FR","@id":"https:\/\/stourm.news\/?p=1295#primaryimage","url":"https:\/\/stourm.news\/wp-content\/uploads\/2024\/05\/GNDa1J6W4AEsaea.jpg","contentUrl":"https:\/\/stourm.news\/wp-content\/uploads\/2024\/05\/GNDa1J6W4AEsaea.jpg","width":900,"height":563},{"@type":"BreadcrumbList","@id":"https:\/\/stourm.news\/?p=1295#breadcrumb","itemListElement":[{"@type":"ListItem","position":1,"name":"Accueil","item":"https:\/\/stourm.news\/"},{"@type":"ListItem","position":2,"name":"Une dizaine de voitures br\u00fbl\u00e9es \u00e0 Brest en une seule nuit : \u00ab On en a plus que marre \u00bb [Vid\u00e9o]"}]},{"@type":"WebSite","@id":"https:\/\/stourm.news\/#website","url":"https:\/\/stourm.news\/","name":"Stourm","description":"Kazetenn Strollad Broadel Breizh","publisher":{"@id":"https:\/\/stourm.news\/#organization"},"potentialAction":[{"@type":"SearchAction","target":{"@type":"EntryPoint","urlTemplate":"https:\/\/stourm.news\/?s={search_term_string}"},"query-input":{"@type":"PropertyValueSpecification","valueRequired":true,"valueName":"search_term_string"}}],"inLanguage":"fr-FR"},{"@type":"Organization","@id":"https:\/\/stourm.news\/#organization","name":"Stourm","url":"https:\/\/stourm.news\/","logo":{"@type":"ImageObject","inLanguage":"fr-FR","@id":"https:\/\/stourm.news\/#\/schema\/logo\/image\/","url":"https:\/\/stourm.news\/wp-content\/uploads\/2025\/11\/cropped-Capture-decran-2025-11-28-a-15.19.07.png","contentUrl":"https:\/\/stourm.news\/wp-content\/uploads\/2025\/11\/cropped-Capture-decran-2025-11-28-a-15.19.07.png","width":1855,"height":383,"caption":"Stourm"},"image":{"@id":"https:\/\/stourm.news\/#\/schema\/logo\/image\/"},"sameAs":["https:\/\/www.facebook.com\/stourmnews\/"]},{"@type":"Person","@id":"https:\/\/stourm.news\/#\/schema\/person\/c3e1dc65988632e190969234ef046cf9","name":"La r\u00e9daction","image":{"@type":"ImageObject","inLanguage":"fr-FR","@id":"https:\/\/stourm.news\/#\/schema\/person\/image\/","url":"https:\/\/secure.gravatar.com\/avatar\/7463443f194b6b5fb706b074ca0ef59a0cfcfd720cb47764b0ec5a952ce422b3?s=96&d=mm&r=g","contentUrl":"https:\/\/secure.gravatar.com\/avatar\/7463443f194b6b5fb706b074ca0ef59a0cfcfd720cb47764b0ec5a952ce422b3?s=96&d=mm&r=g","caption":"La r\u00e9daction"},"sameAs":["https:\/\/stourm.news"],"url":"https:\/\/stourm.news\/?author=1"}]}},"_links":{"self":[{"href":"https:\/\/stourm.news\/index.php?rest_route=\/wp\/v2\/posts\/1295","targetHints":{"allow":["GET"]}}],"collection":[{"href":"https:\/\/stourm.news\/index.php?rest_route=\/wp\/v2\/posts"}],"about":[{"href":"https:\/\/stourm.news\/index.php?rest_route=\/wp\/v2\/types\/post"}],"author":[{"embeddable":true,"href":"https:\/\/stourm.news\/index.php?rest_route=\/wp\/v2\/users\/1"}],"replies":[{"embeddable":true,"href":"https:\/\/stourm.news\/index.php?rest_route=%2Fwp%2Fv2%2Fcomments&post=1295"}],"version-history":[{"count":1,"href":"https:\/\/stourm.news\/index.php?rest_route=\/wp\/v2\/posts\/1295\/revisions"}],"predecessor-version":[{"id":1297,"href":"https:\/\/stourm.news\/index.php?rest_route=\/wp\/v2\/posts\/1295\/revisions\/1297"}],"wp:featuredmedia":[{"embeddable":true,"href":"https:\/\/stourm.news\/index.php?rest_route=\/wp\/v2\/media\/1296"}],"wp:attachment":[{"href":"https:\/\/stourm.news\/index.php?rest_route=%2Fwp%2Fv2%2Fmedia&parent=1295"}],"wp:term":[{"taxonomy":"category","embeddable":true,"href":"https:\/\/stourm.news\/index.php?rest_route=%2Fwp%2Fv2%2Fcategories&post=1295"},{"taxonomy":"post_tag","embeddable":true,"href":"https:\/\/stourm.news\/index.php?rest_route=%2Fwp%2Fv2%2Ftags&post=1295"}],"curies":[{"name":"wp","href":"https:\/\/api.w.org\/{rel}","templated":true}]}}