{"id":1299,"date":"2024-05-09T01:07:03","date_gmt":"2024-05-09T01:07:03","guid":{"rendered":"https:\/\/stourm.news\/?p=1299"},"modified":"2024-05-09T01:07:03","modified_gmt":"2024-05-09T01:07:03","slug":"brest-un-homme-poignarde-en-plein-jour-devant-un-immeuble-de-la-cite-multiculturelle-de-keredern","status":"publish","type":"post","link":"https:\/\/stourm.news\/?p=1299","title":{"rendered":"Brest : un homme poignard\u00e9 en plein jour devant un immeuble de la cit\u00e9 multiculturelle de Keredern"},"content":{"rendered":"<p style=\"text-align: justify;\">Une nouvelle agression au couteau s\u2019est produite ce mercredi 8 mai 2024, vers 16 h 15, au c\u0153ur de <strong>la cit\u00e9 populaire de<\/strong> <strong>Keredern<\/strong>, qui fait partie du quartier de Lamb\u00e9zellec, \u00e0 Brest. Pour une raison ind\u00e9termin\u00e9e, un homme de 50 ans a \u00e9t\u00e9 poignard\u00e9 en bas d\u2019un immeuble, et s\u2019est \u00e9croul\u00e9 au sol. Les pompiers et une \u00e9quipe m\u00e9dicale du Samu sont intervenus sur place sous escorte polici\u00e8re pour le prendre en charge.<\/p>\n<p style=\"text-align: justify;\">\u00c0 leur arriv\u00e9e, plusieurs personnes entouraient la victime, dans une certaine confusion. Consciente au moment de son transport vers le centre hospitalier de la Cavale Blanche, \u00e0 Brest, la victime avait quatre plaies au ventre et au bras. Une enqu\u00eate de police est ouverte. Plusieurs t\u00e9moins auraient vu un homme s\u2019enfuir en courant juste apr\u00e8s l\u2019agression. Ce mercredi soir, le parquet de Brest n\u2019avait pas d\u2019\u00e9l\u00e9ments \u00e0 communiquer sur cette affaire.<\/p>\n<p style=\"text-align: justify;\">Source : <a href=\"https:\/\/www.letelegramme.fr\/bretagne\/a-brest-un-homme-poignarde-en-plein-jour-devant-un-immeuble-6580870.php\">Le T\u00e9l\u00e9gramme<\/a><\/p>\n","protected":false},"excerpt":{"rendered":"<p>Une nouvelle agression au couteau s\u2019est produite ce mercredi 8 mai 2024, vers 16 h 15, au c\u0153ur de la cit\u00e9 populaire de Keredern, qui fait partie du quartier de Lamb\u00e9zellec, \u00e0 Brest. Pour une raison ind\u00e9termin\u00e9e, un homme de 50 ans a \u00e9t\u00e9 poignard\u00e9 en bas d\u2019un immeuble, et s\u2019est \u00e9croul\u00e9 au sol. Les [&hellip;]<\/p>\n","protected":false},"author":1,"featured_media":1300,"comment_status":"open","ping_status":"open","sticky":false,"template":"","format":"standard","meta":{"sb_editor_width":"","footnotes":""},"categories":[31,52,38,62],"tags":[],"class_list":["post-1299","post","type-post","status-publish","format-standard","has-post-thumbnail","hentry","category-agression","category-faits-divers","category-finistere","category-revue-de-presse"],"relative_dates":{"created":"2 ans ago","modified":"2 ans ago"},"yoast_head":"<!-- This site is optimized with the Yoast SEO plugin v26.3 - https:\/\/yoast.com\/wordpress\/plugins\/seo\/ -->\n<title>Brest : un homme poignard\u00e9 en plein jour devant un immeuble de la cit\u00e9 multiculturelle de Keredern - STOURM<\/title>\n<meta name=\"robots\" content=\"index, follow, max-snippet:-1, max-image-preview:large, max-video-preview:-1\" \/>\n<link rel=\"canonical\" href=\"https:\/\/stourm.news\/?p=1299\" \/>\n<meta property=\"og:locale\" content=\"fr_FR\" \/>\n<meta property=\"og:type\" content=\"article\" \/>\n<meta property=\"og:title\" content=\"Brest : un homme poignard\u00e9 en plein jour devant un immeuble de la cit\u00e9 multiculturelle de Keredern - STOURM\" \/>\n<meta property=\"og:description\" content=\"Une nouvelle agression au couteau s\u2019est produite ce mercredi 8 mai 2024, vers 16 h 15, au c\u0153ur de la cit\u00e9 populaire de Keredern, qui fait partie du quartier de Lamb\u00e9zellec, \u00e0 Brest. Pour une raison ind\u00e9termin\u00e9e, un homme de 50 ans a \u00e9t\u00e9 poignard\u00e9 en bas d\u2019un immeuble, et s\u2019est \u00e9croul\u00e9 au sol. Les [&hellip;]\" \/>\n<meta property=\"og:url\" content=\"https:\/\/stourm.news\/?p=1299\" \/>\n<meta property=\"og:site_name\" content=\"STOURM\" \/>\n<meta property=\"article:publisher\" content=\"https:\/\/www.facebook.com\/stourmnews\/\" \/>\n<meta property=\"article:published_time\" content=\"2024-05-09T01:07:03+00:00\" \/>\n<meta property=\"og:image\" content=\"https:\/\/stourm.news\/wp-content\/uploads\/2024\/05\/663bda8a586c370b7c3b5a4a.jpg\" \/>\n\t<meta property=\"og:image:width\" content=\"960\" \/>\n\t<meta property=\"og:image:height\" content=\"600\" \/>\n\t<meta property=\"og:image:type\" content=\"image\/jpeg\" \/>\n<meta name=\"author\" content=\"La r\u00e9daction\" \/>\n<meta name=\"twitter:card\" content=\"summary_large_image\" \/>\n<meta name=\"twitter:label1\" content=\"\u00c9crit par\" \/>\n\t<meta name=\"twitter:data1\" content=\"La r\u00e9daction\" \/>\n\t<meta name=\"twitter:label2\" content=\"Dur\u00e9e de lecture estim\u00e9e\" \/>\n\t<meta name=\"twitter:data2\" content=\"1 minute\" \/>\n<script type=\"application\/ld+json\" class=\"yoast-schema-graph\">{\"@context\":\"https:\/\/schema.org\",\"@graph\":[{\"@type\":\"Article\",\"@id\":\"https:\/\/stourm.news\/?p=1299#article\",\"isPartOf\":{\"@id\":\"https:\/\/stourm.news\/?p=1299\"},\"author\":{\"name\":\"La r\u00e9daction\",\"@id\":\"https:\/\/stourm.news\/#\/schema\/person\/c3e1dc65988632e190969234ef046cf9\"},\"headline\":\"Brest : un homme poignard\u00e9 en plein jour devant un immeuble de la cit\u00e9 multiculturelle de Keredern\",\"datePublished\":\"2024-05-09T01:07:03+00:00\",\"mainEntityOfPage\":{\"@id\":\"https:\/\/stourm.news\/?p=1299\"},\"wordCount\":175,\"commentCount\":0,\"publisher\":{\"@id\":\"https:\/\/stourm.news\/#organization\"},\"image\":{\"@id\":\"https:\/\/stourm.news\/?p=1299#primaryimage\"},\"thumbnailUrl\":\"https:\/\/stourm.news\/wp-content\/uploads\/2024\/05\/663bda8a586c370b7c3b5a4a.jpg\",\"articleSection\":[\"Agression\",\"Faits divers\",\"Finist\u00e8re\",\"Revue de presse\"],\"inLanguage\":\"fr-FR\",\"potentialAction\":[{\"@type\":\"CommentAction\",\"name\":\"Comment\",\"target\":[\"https:\/\/stourm.news\/?p=1299#respond\"]}]},{\"@type\":\"WebPage\",\"@id\":\"https:\/\/stourm.news\/?p=1299\",\"url\":\"https:\/\/stourm.news\/?p=1299\",\"name\":\"Brest : un homme poignard\u00e9 en plein jour devant un immeuble de la cit\u00e9 multiculturelle de Keredern - STOURM\",\"isPartOf\":{\"@id\":\"https:\/\/stourm.news\/#website\"},\"primaryImageOfPage\":{\"@id\":\"https:\/\/stourm.news\/?p=1299#primaryimage\"},\"image\":{\"@id\":\"https:\/\/stourm.news\/?p=1299#primaryimage\"},\"thumbnailUrl\":\"https:\/\/stourm.news\/wp-content\/uploads\/2024\/05\/663bda8a586c370b7c3b5a4a.jpg\",\"datePublished\":\"2024-05-09T01:07:03+00:00\",\"breadcrumb\":{\"@id\":\"https:\/\/stourm.news\/?p=1299#breadcrumb\"},\"inLanguage\":\"fr-FR\",\"potentialAction\":[{\"@type\":\"ReadAction\",\"target\":[\"https:\/\/stourm.news\/?p=1299\"]}]},{\"@type\":\"ImageObject\",\"inLanguage\":\"fr-FR\",\"@id\":\"https:\/\/stourm.news\/?p=1299#primaryimage\",\"url\":\"https:\/\/stourm.news\/wp-content\/uploads\/2024\/05\/663bda8a586c370b7c3b5a4a.jpg\",\"contentUrl\":\"https:\/\/stourm.news\/wp-content\/uploads\/2024\/05\/663bda8a586c370b7c3b5a4a.jpg\",\"width\":960,\"height\":600},{\"@type\":\"BreadcrumbList\",\"@id\":\"https:\/\/stourm.news\/?p=1299#breadcrumb\",\"itemListElement\":[{\"@type\":\"ListItem\",\"position\":1,\"name\":\"Accueil\",\"item\":\"https:\/\/stourm.news\/\"},{\"@type\":\"ListItem\",\"position\":2,\"name\":\"Brest : un homme poignard\u00e9 en plein jour devant un immeuble de la cit\u00e9 multiculturelle de Keredern\"}]},{\"@type\":\"WebSite\",\"@id\":\"https:\/\/stourm.news\/#website\",\"url\":\"https:\/\/stourm.news\/\",\"name\":\"Stourm\",\"description\":\"Kazetenn Strollad Broadel Breizh\",\"publisher\":{\"@id\":\"https:\/\/stourm.news\/#organization\"},\"potentialAction\":[{\"@type\":\"SearchAction\",\"target\":{\"@type\":\"EntryPoint\",\"urlTemplate\":\"https:\/\/stourm.news\/?s={search_term_string}\"},\"query-input\":{\"@type\":\"PropertyValueSpecification\",\"valueRequired\":true,\"valueName\":\"search_term_string\"}}],\"inLanguage\":\"fr-FR\"},{\"@type\":\"Organization\",\"@id\":\"https:\/\/stourm.news\/#organization\",\"name\":\"Stourm\",\"url\":\"https:\/\/stourm.news\/\",\"logo\":{\"@type\":\"ImageObject\",\"inLanguage\":\"fr-FR\",\"@id\":\"https:\/\/stourm.news\/#\/schema\/logo\/image\/\",\"url\":\"https:\/\/stourm.news\/wp-content\/uploads\/2025\/11\/cropped-Capture-decran-2025-11-28-a-15.19.07.png\",\"contentUrl\":\"https:\/\/stourm.news\/wp-content\/uploads\/2025\/11\/cropped-Capture-decran-2025-11-28-a-15.19.07.png\",\"width\":1855,\"height\":383,\"caption\":\"Stourm\"},\"image\":{\"@id\":\"https:\/\/stourm.news\/#\/schema\/logo\/image\/\"},\"sameAs\":[\"https:\/\/www.facebook.com\/stourmnews\/\"]},{\"@type\":\"Person\",\"@id\":\"https:\/\/stourm.news\/#\/schema\/person\/c3e1dc65988632e190969234ef046cf9\",\"name\":\"La r\u00e9daction\",\"image\":{\"@type\":\"ImageObject\",\"inLanguage\":\"fr-FR\",\"@id\":\"https:\/\/stourm.news\/#\/schema\/person\/image\/\",\"url\":\"https:\/\/secure.gravatar.com\/avatar\/7463443f194b6b5fb706b074ca0ef59a0cfcfd720cb47764b0ec5a952ce422b3?s=96&d=mm&r=g\",\"contentUrl\":\"https:\/\/secure.gravatar.com\/avatar\/7463443f194b6b5fb706b074ca0ef59a0cfcfd720cb47764b0ec5a952ce422b3?s=96&d=mm&r=g\",\"caption\":\"La r\u00e9daction\"},\"sameAs\":[\"https:\/\/stourm.news\"],\"url\":\"https:\/\/stourm.news\/?author=1\"}]}<\/script>\n<!-- \/ Yoast SEO plugin. -->","yoast_head_json":{"title":"Brest : un homme poignard\u00e9 en plein jour devant un immeuble de la cit\u00e9 multiculturelle de Keredern - STOURM","robots":{"index":"index","follow":"follow","max-snippet":"max-snippet:-1","max-image-preview":"max-image-preview:large","max-video-preview":"max-video-preview:-1"},"canonical":"https:\/\/stourm.news\/?p=1299","og_locale":"fr_FR","og_type":"article","og_title":"Brest : un homme poignard\u00e9 en plein jour devant un immeuble de la cit\u00e9 multiculturelle de Keredern - STOURM","og_description":"Une nouvelle agression au couteau s\u2019est produite ce mercredi 8 mai 2024, vers 16 h 15, au c\u0153ur de la cit\u00e9 populaire de Keredern, qui fait partie du quartier de Lamb\u00e9zellec, \u00e0 Brest. Pour une raison ind\u00e9termin\u00e9e, un homme de 50 ans a \u00e9t\u00e9 poignard\u00e9 en bas d\u2019un immeuble, et s\u2019est \u00e9croul\u00e9 au sol. Les [&hellip;]","og_url":"https:\/\/stourm.news\/?p=1299","og_site_name":"STOURM","article_publisher":"https:\/\/www.facebook.com\/stourmnews\/","article_published_time":"2024-05-09T01:07:03+00:00","og_image":[{"width":960,"height":600,"url":"https:\/\/stourm.news\/wp-content\/uploads\/2024\/05\/663bda8a586c370b7c3b5a4a.jpg","type":"image\/jpeg"}],"author":"La r\u00e9daction","twitter_card":"summary_large_image","twitter_misc":{"\u00c9crit par":"La r\u00e9daction","Dur\u00e9e de lecture estim\u00e9e":"1 minute"},"schema":{"@context":"https:\/\/schema.org","@graph":[{"@type":"Article","@id":"https:\/\/stourm.news\/?p=1299#article","isPartOf":{"@id":"https:\/\/stourm.news\/?p=1299"},"author":{"name":"La r\u00e9daction","@id":"https:\/\/stourm.news\/#\/schema\/person\/c3e1dc65988632e190969234ef046cf9"},"headline":"Brest : un homme poignard\u00e9 en plein jour devant un immeuble de la cit\u00e9 multiculturelle de Keredern","datePublished":"2024-05-09T01:07:03+00:00","mainEntityOfPage":{"@id":"https:\/\/stourm.news\/?p=1299"},"wordCount":175,"commentCount":0,"publisher":{"@id":"https:\/\/stourm.news\/#organization"},"image":{"@id":"https:\/\/stourm.news\/?p=1299#primaryimage"},"thumbnailUrl":"https:\/\/stourm.news\/wp-content\/uploads\/2024\/05\/663bda8a586c370b7c3b5a4a.jpg","articleSection":["Agression","Faits divers","Finist\u00e8re","Revue de presse"],"inLanguage":"fr-FR","potentialAction":[{"@type":"CommentAction","name":"Comment","target":["https:\/\/stourm.news\/?p=1299#respond"]}]},{"@type":"WebPage","@id":"https:\/\/stourm.news\/?p=1299","url":"https:\/\/stourm.news\/?p=1299","name":"Brest : un homme poignard\u00e9 en plein jour devant un immeuble de la cit\u00e9 multiculturelle de Keredern - STOURM","isPartOf":{"@id":"https:\/\/stourm.news\/#website"},"primaryImageOfPage":{"@id":"https:\/\/stourm.news\/?p=1299#primaryimage"},"image":{"@id":"https:\/\/stourm.news\/?p=1299#primaryimage"},"thumbnailUrl":"https:\/\/stourm.news\/wp-content\/uploads\/2024\/05\/663bda8a586c370b7c3b5a4a.jpg","datePublished":"2024-05-09T01:07:03+00:00","breadcrumb":{"@id":"https:\/\/stourm.news\/?p=1299#breadcrumb"},"inLanguage":"fr-FR","potentialAction":[{"@type":"ReadAction","target":["https:\/\/stourm.news\/?p=1299"]}]},{"@type":"ImageObject","inLanguage":"fr-FR","@id":"https:\/\/stourm.news\/?p=1299#primaryimage","url":"https:\/\/stourm.news\/wp-content\/uploads\/2024\/05\/663bda8a586c370b7c3b5a4a.jpg","contentUrl":"https:\/\/stourm.news\/wp-content\/uploads\/2024\/05\/663bda8a586c370b7c3b5a4a.jpg","width":960,"height":600},{"@type":"BreadcrumbList","@id":"https:\/\/stourm.news\/?p=1299#breadcrumb","itemListElement":[{"@type":"ListItem","position":1,"name":"Accueil","item":"https:\/\/stourm.news\/"},{"@type":"ListItem","position":2,"name":"Brest : un homme poignard\u00e9 en plein jour devant un immeuble de la cit\u00e9 multiculturelle de Keredern"}]},{"@type":"WebSite","@id":"https:\/\/stourm.news\/#website","url":"https:\/\/stourm.news\/","name":"Stourm","description":"Kazetenn Strollad Broadel Breizh","publisher":{"@id":"https:\/\/stourm.news\/#organization"},"potentialAction":[{"@type":"SearchAction","target":{"@type":"EntryPoint","urlTemplate":"https:\/\/stourm.news\/?s={search_term_string}"},"query-input":{"@type":"PropertyValueSpecification","valueRequired":true,"valueName":"search_term_string"}}],"inLanguage":"fr-FR"},{"@type":"Organization","@id":"https:\/\/stourm.news\/#organization","name":"Stourm","url":"https:\/\/stourm.news\/","logo":{"@type":"ImageObject","inLanguage":"fr-FR","@id":"https:\/\/stourm.news\/#\/schema\/logo\/image\/","url":"https:\/\/stourm.news\/wp-content\/uploads\/2025\/11\/cropped-Capture-decran-2025-11-28-a-15.19.07.png","contentUrl":"https:\/\/stourm.news\/wp-content\/uploads\/2025\/11\/cropped-Capture-decran-2025-11-28-a-15.19.07.png","width":1855,"height":383,"caption":"Stourm"},"image":{"@id":"https:\/\/stourm.news\/#\/schema\/logo\/image\/"},"sameAs":["https:\/\/www.facebook.com\/stourmnews\/"]},{"@type":"Person","@id":"https:\/\/stourm.news\/#\/schema\/person\/c3e1dc65988632e190969234ef046cf9","name":"La r\u00e9daction","image":{"@type":"ImageObject","inLanguage":"fr-FR","@id":"https:\/\/stourm.news\/#\/schema\/person\/image\/","url":"https:\/\/secure.gravatar.com\/avatar\/7463443f194b6b5fb706b074ca0ef59a0cfcfd720cb47764b0ec5a952ce422b3?s=96&d=mm&r=g","contentUrl":"https:\/\/secure.gravatar.com\/avatar\/7463443f194b6b5fb706b074ca0ef59a0cfcfd720cb47764b0ec5a952ce422b3?s=96&d=mm&r=g","caption":"La r\u00e9daction"},"sameAs":["https:\/\/stourm.news"],"url":"https:\/\/stourm.news\/?author=1"}]}},"_links":{"self":[{"href":"https:\/\/stourm.news\/index.php?rest_route=\/wp\/v2\/posts\/1299","targetHints":{"allow":["GET"]}}],"collection":[{"href":"https:\/\/stourm.news\/index.php?rest_route=\/wp\/v2\/posts"}],"about":[{"href":"https:\/\/stourm.news\/index.php?rest_route=\/wp\/v2\/types\/post"}],"author":[{"embeddable":true,"href":"https:\/\/stourm.news\/index.php?rest_route=\/wp\/v2\/users\/1"}],"replies":[{"embeddable":true,"href":"https:\/\/stourm.news\/index.php?rest_route=%2Fwp%2Fv2%2Fcomments&post=1299"}],"version-history":[{"count":1,"href":"https:\/\/stourm.news\/index.php?rest_route=\/wp\/v2\/posts\/1299\/revisions"}],"predecessor-version":[{"id":1301,"href":"https:\/\/stourm.news\/index.php?rest_route=\/wp\/v2\/posts\/1299\/revisions\/1301"}],"wp:featuredmedia":[{"embeddable":true,"href":"https:\/\/stourm.news\/index.php?rest_route=\/wp\/v2\/media\/1300"}],"wp:attachment":[{"href":"https:\/\/stourm.news\/index.php?rest_route=%2Fwp%2Fv2%2Fmedia&parent=1299"}],"wp:term":[{"taxonomy":"category","embeddable":true,"href":"https:\/\/stourm.news\/index.php?rest_route=%2Fwp%2Fv2%2Fcategories&post=1299"},{"taxonomy":"post_tag","embeddable":true,"href":"https:\/\/stourm.news\/index.php?rest_route=%2Fwp%2Fv2%2Ftags&post=1299"}],"curies":[{"name":"wp","href":"https:\/\/api.w.org\/{rel}","templated":true}]}}