{"id":1305,"date":"2024-05-09T01:16:29","date_gmt":"2024-05-09T01:16:29","guid":{"rendered":"https:\/\/stourm.news\/?p=1305"},"modified":"2024-05-09T01:16:52","modified_gmt":"2024-05-09T01:16:52","slug":"brest-dans-le-quartier-chaud-et-multiculturel-de-keredern-le-centre-social-organise-une-semaine-de-lutte-contre-les-discriminations","status":"publish","type":"post","link":"https:\/\/stourm.news\/?p=1305","title":{"rendered":"Brest : dans le quartier chaud et multiculturel de Keredern, le centre social organise une semaine de lutte contre \u00ab\u00a0les discriminations\u00a0\u00bb"},"content":{"rendered":"<p style=\"text-align: justify;\">\u00c0 Brest, le centre social et culturel de K\u00e9r\u00e9dern, Les Amarres, organise une semaine de lutte contre les discriminations intitul\u00e9e \u00ab DiscrimiNatiONs ? On passe \u00e0 l\u2019action ! \u00bb, de lundi \u00e0 jeudi.<\/p>\n<p style=\"text-align: justify;\">Du lundi 13 au jeudi 16 mai 2024, \u00e0 Brest, le centre social et culturel de K\u00e9r\u00e9dern, Les Amarres, organise une semaine de lutte contre les discriminations intitul\u00e9e \u00ab DiscrimiNatiONs ? On passe \u00e0 l\u2019action ! \u00bb.<\/p>\n<p style=\"text-align: justify;\">Source : <a href=\"https:\/\/www.letelegramme.fr\/finistere\/brest-29200\/lambezellec\/a-brest-le-centre-social-et-culturel-les-amarres-de-keredern-dit-non-aux-discriminations-6580848.php\">Le T\u00e9l\u00e9gramme<\/a><\/p>\n","protected":false},"excerpt":{"rendered":"<p>\u00c0 Brest, le centre social et culturel de K\u00e9r\u00e9dern, Les Amarres, organise une semaine de lutte contre les discriminations intitul\u00e9e \u00ab DiscrimiNatiONs ? On passe \u00e0 l\u2019action ! \u00bb, de lundi \u00e0 jeudi. Du lundi 13 au jeudi 16 mai 2024, \u00e0 Brest, le centre social et culturel de K\u00e9r\u00e9dern, Les Amarres, organise une semaine [&hellip;]<\/p>\n","protected":false},"author":1,"featured_media":1306,"comment_status":"open","ping_status":"open","sticky":false,"template":"","format":"standard","meta":{"sb_editor_width":"","footnotes":""},"categories":[36,38,62],"tags":[],"class_list":["post-1305","post","type-post","status-publish","format-standard","has-post-thumbnail","hentry","category-extreme-gauche","category-finistere","category-revue-de-presse"],"relative_dates":{"created":"2 ans ago","modified":"2 ans ago"},"yoast_head":"<!-- This site is optimized with the Yoast SEO plugin v26.3 - https:\/\/yoast.com\/wordpress\/plugins\/seo\/ -->\n<title>Brest : dans le quartier chaud et multiculturel de Keredern, le centre social organise une semaine de lutte contre &quot;les discriminations&quot; - STOURM<\/title>\n<meta name=\"robots\" content=\"index, follow, max-snippet:-1, max-image-preview:large, max-video-preview:-1\" \/>\n<link rel=\"canonical\" href=\"https:\/\/stourm.news\/?p=1305\" \/>\n<meta property=\"og:locale\" content=\"fr_FR\" \/>\n<meta property=\"og:type\" content=\"article\" \/>\n<meta property=\"og:title\" content=\"Brest : dans le quartier chaud et multiculturel de Keredern, le centre social organise une semaine de lutte contre &quot;les discriminations&quot; - STOURM\" \/>\n<meta property=\"og:description\" content=\"\u00c0 Brest, le centre social et culturel de K\u00e9r\u00e9dern, Les Amarres, organise une semaine de lutte contre les discriminations intitul\u00e9e \u00ab DiscrimiNatiONs ? On passe \u00e0 l\u2019action ! \u00bb, de lundi \u00e0 jeudi. Du lundi 13 au jeudi 16 mai 2024, \u00e0 Brest, le centre social et culturel de K\u00e9r\u00e9dern, Les Amarres, organise une semaine [&hellip;]\" \/>\n<meta property=\"og:url\" content=\"https:\/\/stourm.news\/?p=1305\" \/>\n<meta property=\"og:site_name\" content=\"STOURM\" \/>\n<meta property=\"article:publisher\" content=\"https:\/\/www.facebook.com\/stourmnews\/\" \/>\n<meta property=\"article:published_time\" content=\"2024-05-09T01:16:29+00:00\" \/>\n<meta property=\"article:modified_time\" content=\"2024-05-09T01:16:52+00:00\" \/>\n<meta property=\"og:image\" content=\"https:\/\/stourm.news\/wp-content\/uploads\/2024\/05\/663bc4ddbd7a21670b4217cb.jpg\" \/>\n\t<meta property=\"og:image:width\" content=\"960\" \/>\n\t<meta property=\"og:image:height\" content=\"600\" \/>\n\t<meta property=\"og:image:type\" content=\"image\/jpeg\" \/>\n<meta name=\"author\" content=\"La r\u00e9daction\" \/>\n<meta name=\"twitter:card\" content=\"summary_large_image\" \/>\n<meta name=\"twitter:label1\" content=\"\u00c9crit par\" \/>\n\t<meta name=\"twitter:data1\" content=\"La r\u00e9daction\" \/>\n\t<meta name=\"twitter:label2\" content=\"Dur\u00e9e de lecture estim\u00e9e\" \/>\n\t<meta name=\"twitter:data2\" content=\"1 minute\" \/>\n<script type=\"application\/ld+json\" class=\"yoast-schema-graph\">{\"@context\":\"https:\/\/schema.org\",\"@graph\":[{\"@type\":\"Article\",\"@id\":\"https:\/\/stourm.news\/?p=1305#article\",\"isPartOf\":{\"@id\":\"https:\/\/stourm.news\/?p=1305\"},\"author\":{\"name\":\"La r\u00e9daction\",\"@id\":\"https:\/\/stourm.news\/#\/schema\/person\/c3e1dc65988632e190969234ef046cf9\"},\"headline\":\"Brest : dans le quartier chaud et multiculturel de Keredern, le centre social organise une semaine de lutte contre \u00ab\u00a0les discriminations\u00a0\u00bb\",\"datePublished\":\"2024-05-09T01:16:29+00:00\",\"dateModified\":\"2024-05-09T01:16:52+00:00\",\"mainEntityOfPage\":{\"@id\":\"https:\/\/stourm.news\/?p=1305\"},\"wordCount\":87,\"commentCount\":0,\"publisher\":{\"@id\":\"https:\/\/stourm.news\/#organization\"},\"image\":{\"@id\":\"https:\/\/stourm.news\/?p=1305#primaryimage\"},\"thumbnailUrl\":\"https:\/\/stourm.news\/wp-content\/uploads\/2024\/05\/663bc4ddbd7a21670b4217cb.jpg\",\"articleSection\":[\"Extr\u00eame-gauche\",\"Finist\u00e8re\",\"Revue de presse\"],\"inLanguage\":\"fr-FR\",\"potentialAction\":[{\"@type\":\"CommentAction\",\"name\":\"Comment\",\"target\":[\"https:\/\/stourm.news\/?p=1305#respond\"]}]},{\"@type\":\"WebPage\",\"@id\":\"https:\/\/stourm.news\/?p=1305\",\"url\":\"https:\/\/stourm.news\/?p=1305\",\"name\":\"Brest : dans le quartier chaud et multiculturel de Keredern, le centre social organise une semaine de lutte contre \\\"les discriminations\\\" - STOURM\",\"isPartOf\":{\"@id\":\"https:\/\/stourm.news\/#website\"},\"primaryImageOfPage\":{\"@id\":\"https:\/\/stourm.news\/?p=1305#primaryimage\"},\"image\":{\"@id\":\"https:\/\/stourm.news\/?p=1305#primaryimage\"},\"thumbnailUrl\":\"https:\/\/stourm.news\/wp-content\/uploads\/2024\/05\/663bc4ddbd7a21670b4217cb.jpg\",\"datePublished\":\"2024-05-09T01:16:29+00:00\",\"dateModified\":\"2024-05-09T01:16:52+00:00\",\"breadcrumb\":{\"@id\":\"https:\/\/stourm.news\/?p=1305#breadcrumb\"},\"inLanguage\":\"fr-FR\",\"potentialAction\":[{\"@type\":\"ReadAction\",\"target\":[\"https:\/\/stourm.news\/?p=1305\"]}]},{\"@type\":\"ImageObject\",\"inLanguage\":\"fr-FR\",\"@id\":\"https:\/\/stourm.news\/?p=1305#primaryimage\",\"url\":\"https:\/\/stourm.news\/wp-content\/uploads\/2024\/05\/663bc4ddbd7a21670b4217cb.jpg\",\"contentUrl\":\"https:\/\/stourm.news\/wp-content\/uploads\/2024\/05\/663bc4ddbd7a21670b4217cb.jpg\",\"width\":960,\"height\":600,\"caption\":\"L\u00e9gende envoy\u00e9e par mail.\"},{\"@type\":\"BreadcrumbList\",\"@id\":\"https:\/\/stourm.news\/?p=1305#breadcrumb\",\"itemListElement\":[{\"@type\":\"ListItem\",\"position\":1,\"name\":\"Accueil\",\"item\":\"https:\/\/stourm.news\/\"},{\"@type\":\"ListItem\",\"position\":2,\"name\":\"Brest : dans le quartier chaud et multiculturel de Keredern, le centre social organise une semaine de lutte contre \u00ab\u00a0les discriminations\u00a0\u00bb\"}]},{\"@type\":\"WebSite\",\"@id\":\"https:\/\/stourm.news\/#website\",\"url\":\"https:\/\/stourm.news\/\",\"name\":\"Stourm\",\"description\":\"Kazetenn Strollad Broadel Breizh\",\"publisher\":{\"@id\":\"https:\/\/stourm.news\/#organization\"},\"potentialAction\":[{\"@type\":\"SearchAction\",\"target\":{\"@type\":\"EntryPoint\",\"urlTemplate\":\"https:\/\/stourm.news\/?s={search_term_string}\"},\"query-input\":{\"@type\":\"PropertyValueSpecification\",\"valueRequired\":true,\"valueName\":\"search_term_string\"}}],\"inLanguage\":\"fr-FR\"},{\"@type\":\"Organization\",\"@id\":\"https:\/\/stourm.news\/#organization\",\"name\":\"Stourm\",\"url\":\"https:\/\/stourm.news\/\",\"logo\":{\"@type\":\"ImageObject\",\"inLanguage\":\"fr-FR\",\"@id\":\"https:\/\/stourm.news\/#\/schema\/logo\/image\/\",\"url\":\"https:\/\/stourm.news\/wp-content\/uploads\/2025\/11\/cropped-Capture-decran-2025-11-28-a-15.19.07.png\",\"contentUrl\":\"https:\/\/stourm.news\/wp-content\/uploads\/2025\/11\/cropped-Capture-decran-2025-11-28-a-15.19.07.png\",\"width\":1855,\"height\":383,\"caption\":\"Stourm\"},\"image\":{\"@id\":\"https:\/\/stourm.news\/#\/schema\/logo\/image\/\"},\"sameAs\":[\"https:\/\/www.facebook.com\/stourmnews\/\"]},{\"@type\":\"Person\",\"@id\":\"https:\/\/stourm.news\/#\/schema\/person\/c3e1dc65988632e190969234ef046cf9\",\"name\":\"La r\u00e9daction\",\"image\":{\"@type\":\"ImageObject\",\"inLanguage\":\"fr-FR\",\"@id\":\"https:\/\/stourm.news\/#\/schema\/person\/image\/\",\"url\":\"https:\/\/secure.gravatar.com\/avatar\/7463443f194b6b5fb706b074ca0ef59a0cfcfd720cb47764b0ec5a952ce422b3?s=96&d=mm&r=g\",\"contentUrl\":\"https:\/\/secure.gravatar.com\/avatar\/7463443f194b6b5fb706b074ca0ef59a0cfcfd720cb47764b0ec5a952ce422b3?s=96&d=mm&r=g\",\"caption\":\"La r\u00e9daction\"},\"sameAs\":[\"https:\/\/stourm.news\"],\"url\":\"https:\/\/stourm.news\/?author=1\"}]}<\/script>\n<!-- \/ Yoast SEO plugin. -->","yoast_head_json":{"title":"Brest : dans le quartier chaud et multiculturel de Keredern, le centre social organise une semaine de lutte contre \"les discriminations\" - STOURM","robots":{"index":"index","follow":"follow","max-snippet":"max-snippet:-1","max-image-preview":"max-image-preview:large","max-video-preview":"max-video-preview:-1"},"canonical":"https:\/\/stourm.news\/?p=1305","og_locale":"fr_FR","og_type":"article","og_title":"Brest : dans le quartier chaud et multiculturel de Keredern, le centre social organise une semaine de lutte contre \"les discriminations\" - STOURM","og_description":"\u00c0 Brest, le centre social et culturel de K\u00e9r\u00e9dern, Les Amarres, organise une semaine de lutte contre les discriminations intitul\u00e9e \u00ab DiscrimiNatiONs ? On passe \u00e0 l\u2019action ! \u00bb, de lundi \u00e0 jeudi. Du lundi 13 au jeudi 16 mai 2024, \u00e0 Brest, le centre social et culturel de K\u00e9r\u00e9dern, Les Amarres, organise une semaine [&hellip;]","og_url":"https:\/\/stourm.news\/?p=1305","og_site_name":"STOURM","article_publisher":"https:\/\/www.facebook.com\/stourmnews\/","article_published_time":"2024-05-09T01:16:29+00:00","article_modified_time":"2024-05-09T01:16:52+00:00","og_image":[{"width":960,"height":600,"url":"https:\/\/stourm.news\/wp-content\/uploads\/2024\/05\/663bc4ddbd7a21670b4217cb.jpg","type":"image\/jpeg"}],"author":"La r\u00e9daction","twitter_card":"summary_large_image","twitter_misc":{"\u00c9crit par":"La r\u00e9daction","Dur\u00e9e de lecture estim\u00e9e":"1 minute"},"schema":{"@context":"https:\/\/schema.org","@graph":[{"@type":"Article","@id":"https:\/\/stourm.news\/?p=1305#article","isPartOf":{"@id":"https:\/\/stourm.news\/?p=1305"},"author":{"name":"La r\u00e9daction","@id":"https:\/\/stourm.news\/#\/schema\/person\/c3e1dc65988632e190969234ef046cf9"},"headline":"Brest : dans le quartier chaud et multiculturel de Keredern, le centre social organise une semaine de lutte contre \u00ab\u00a0les discriminations\u00a0\u00bb","datePublished":"2024-05-09T01:16:29+00:00","dateModified":"2024-05-09T01:16:52+00:00","mainEntityOfPage":{"@id":"https:\/\/stourm.news\/?p=1305"},"wordCount":87,"commentCount":0,"publisher":{"@id":"https:\/\/stourm.news\/#organization"},"image":{"@id":"https:\/\/stourm.news\/?p=1305#primaryimage"},"thumbnailUrl":"https:\/\/stourm.news\/wp-content\/uploads\/2024\/05\/663bc4ddbd7a21670b4217cb.jpg","articleSection":["Extr\u00eame-gauche","Finist\u00e8re","Revue de presse"],"inLanguage":"fr-FR","potentialAction":[{"@type":"CommentAction","name":"Comment","target":["https:\/\/stourm.news\/?p=1305#respond"]}]},{"@type":"WebPage","@id":"https:\/\/stourm.news\/?p=1305","url":"https:\/\/stourm.news\/?p=1305","name":"Brest : dans le quartier chaud et multiculturel de Keredern, le centre social organise une semaine de lutte contre \"les discriminations\" - STOURM","isPartOf":{"@id":"https:\/\/stourm.news\/#website"},"primaryImageOfPage":{"@id":"https:\/\/stourm.news\/?p=1305#primaryimage"},"image":{"@id":"https:\/\/stourm.news\/?p=1305#primaryimage"},"thumbnailUrl":"https:\/\/stourm.news\/wp-content\/uploads\/2024\/05\/663bc4ddbd7a21670b4217cb.jpg","datePublished":"2024-05-09T01:16:29+00:00","dateModified":"2024-05-09T01:16:52+00:00","breadcrumb":{"@id":"https:\/\/stourm.news\/?p=1305#breadcrumb"},"inLanguage":"fr-FR","potentialAction":[{"@type":"ReadAction","target":["https:\/\/stourm.news\/?p=1305"]}]},{"@type":"ImageObject","inLanguage":"fr-FR","@id":"https:\/\/stourm.news\/?p=1305#primaryimage","url":"https:\/\/stourm.news\/wp-content\/uploads\/2024\/05\/663bc4ddbd7a21670b4217cb.jpg","contentUrl":"https:\/\/stourm.news\/wp-content\/uploads\/2024\/05\/663bc4ddbd7a21670b4217cb.jpg","width":960,"height":600,"caption":"L\u00e9gende envoy\u00e9e par mail."},{"@type":"BreadcrumbList","@id":"https:\/\/stourm.news\/?p=1305#breadcrumb","itemListElement":[{"@type":"ListItem","position":1,"name":"Accueil","item":"https:\/\/stourm.news\/"},{"@type":"ListItem","position":2,"name":"Brest : dans le quartier chaud et multiculturel de Keredern, le centre social organise une semaine de lutte contre \u00ab\u00a0les discriminations\u00a0\u00bb"}]},{"@type":"WebSite","@id":"https:\/\/stourm.news\/#website","url":"https:\/\/stourm.news\/","name":"Stourm","description":"Kazetenn Strollad Broadel Breizh","publisher":{"@id":"https:\/\/stourm.news\/#organization"},"potentialAction":[{"@type":"SearchAction","target":{"@type":"EntryPoint","urlTemplate":"https:\/\/stourm.news\/?s={search_term_string}"},"query-input":{"@type":"PropertyValueSpecification","valueRequired":true,"valueName":"search_term_string"}}],"inLanguage":"fr-FR"},{"@type":"Organization","@id":"https:\/\/stourm.news\/#organization","name":"Stourm","url":"https:\/\/stourm.news\/","logo":{"@type":"ImageObject","inLanguage":"fr-FR","@id":"https:\/\/stourm.news\/#\/schema\/logo\/image\/","url":"https:\/\/stourm.news\/wp-content\/uploads\/2025\/11\/cropped-Capture-decran-2025-11-28-a-15.19.07.png","contentUrl":"https:\/\/stourm.news\/wp-content\/uploads\/2025\/11\/cropped-Capture-decran-2025-11-28-a-15.19.07.png","width":1855,"height":383,"caption":"Stourm"},"image":{"@id":"https:\/\/stourm.news\/#\/schema\/logo\/image\/"},"sameAs":["https:\/\/www.facebook.com\/stourmnews\/"]},{"@type":"Person","@id":"https:\/\/stourm.news\/#\/schema\/person\/c3e1dc65988632e190969234ef046cf9","name":"La r\u00e9daction","image":{"@type":"ImageObject","inLanguage":"fr-FR","@id":"https:\/\/stourm.news\/#\/schema\/person\/image\/","url":"https:\/\/secure.gravatar.com\/avatar\/7463443f194b6b5fb706b074ca0ef59a0cfcfd720cb47764b0ec5a952ce422b3?s=96&d=mm&r=g","contentUrl":"https:\/\/secure.gravatar.com\/avatar\/7463443f194b6b5fb706b074ca0ef59a0cfcfd720cb47764b0ec5a952ce422b3?s=96&d=mm&r=g","caption":"La r\u00e9daction"},"sameAs":["https:\/\/stourm.news"],"url":"https:\/\/stourm.news\/?author=1"}]}},"_links":{"self":[{"href":"https:\/\/stourm.news\/index.php?rest_route=\/wp\/v2\/posts\/1305","targetHints":{"allow":["GET"]}}],"collection":[{"href":"https:\/\/stourm.news\/index.php?rest_route=\/wp\/v2\/posts"}],"about":[{"href":"https:\/\/stourm.news\/index.php?rest_route=\/wp\/v2\/types\/post"}],"author":[{"embeddable":true,"href":"https:\/\/stourm.news\/index.php?rest_route=\/wp\/v2\/users\/1"}],"replies":[{"embeddable":true,"href":"https:\/\/stourm.news\/index.php?rest_route=%2Fwp%2Fv2%2Fcomments&post=1305"}],"version-history":[{"count":1,"href":"https:\/\/stourm.news\/index.php?rest_route=\/wp\/v2\/posts\/1305\/revisions"}],"predecessor-version":[{"id":1307,"href":"https:\/\/stourm.news\/index.php?rest_route=\/wp\/v2\/posts\/1305\/revisions\/1307"}],"wp:featuredmedia":[{"embeddable":true,"href":"https:\/\/stourm.news\/index.php?rest_route=\/wp\/v2\/media\/1306"}],"wp:attachment":[{"href":"https:\/\/stourm.news\/index.php?rest_route=%2Fwp%2Fv2%2Fmedia&parent=1305"}],"wp:term":[{"taxonomy":"category","embeddable":true,"href":"https:\/\/stourm.news\/index.php?rest_route=%2Fwp%2Fv2%2Fcategories&post=1305"},{"taxonomy":"post_tag","embeddable":true,"href":"https:\/\/stourm.news\/index.php?rest_route=%2Fwp%2Fv2%2Ftags&post=1305"}],"curies":[{"name":"wp","href":"https:\/\/api.w.org\/{rel}","templated":true}]}}