{"id":1308,"date":"2024-05-09T01:27:27","date_gmt":"2024-05-09T01:27:27","guid":{"rendered":"https:\/\/stourm.news\/?p=1308"},"modified":"2024-05-09T01:27:44","modified_gmt":"2024-05-09T01:27:44","slug":"argentre-du-plessis-gwennyn-en-concert","status":"publish","type":"post","link":"https:\/\/stourm.news\/?p=1308","title":{"rendered":"Argentr\u00e9-du-Plessis : Gwennyn en concert"},"content":{"rendered":"<p style=\"text-align: justify;\">A l\u2019occasion de l\u2019\u00e9v\u00e9nement, la chanteuse <strong>Gwennyn<\/strong> se produira le jeudi 23 mai. L\u2019artiste sera ainsi sur la sc\u00e8ne du centre culturel Le Plessis S\u00e9vign\u00e9 pour un concert comme une ode \u00e0 la culture bretonne.<\/p>\n<p style=\"text-align: justify;\">\u00ab Gwennyn c\u00e9l\u00e8bre cette richesse identitaire et culturelle tant dans ses albums que sur sc\u00e8ne. V\u00e9ritable ambassadrice de la culture bretonne, elle repr\u00e9sente la Bretagne \u00e0 travers une musique actuelle, inspir\u00e9e, et libre de ses mouvements \u00bb, communique la Ville d\u2019Argentr\u00e9-du-Plessis.<\/p>\n<p style=\"text-align: justify;\">Pour ce spectacle intitul\u00e9 Immram, Gwennyn et les talentueux musiciens qui l\u2019accompagnent depuis de nombreuses ann\u00e9es nous embarquent pour \u00ab une odyss\u00e9e celtique \u00e0 travers un oc\u00e9an de r\u00eav\u00e9s \u00e9veill\u00e9s et d\u2019\u00e9motions battues par les grands vents d\u2019Ouest \u00bb.<\/p>\n<p style=\"text-align: justify;\">Jeudi 23 mai, 20h30 au centre culturel Le Plessis S\u00e9vign\u00e9. Tarif : 12\u20ac, r\u00e9duit : 9\u20ac. Informations et r\u00e9servations au 02 99 96 61 27.<\/p>\n<p>Source : <a href=\"https:\/\/actu.fr\/bretagne\/argentre-du-plessis_35006\/pres-de-vitre-gwennyn-en-concert-lors-de-la-fete-de-la-bretagne_61036581.html\">Actu.fr<\/a><\/p>\n<p><iframe width=\"560\" height=\"315\" src=\"https:\/\/www.youtube.com\/embed\/tMUN4QtrhuM?si=x6GFgKIdZ3mqrB3S\" title=\"YouTube video player\" frameborder=\"0\" allow=\"accelerometer; autoplay; clipboard-write; encrypted-media; gyroscope; picture-in-picture; web-share\" referrerpolicy=\"strict-origin-when-cross-origin\" allowfullscreen><\/iframe>&nbsp;<\/p>\n","protected":false},"excerpt":{"rendered":"<p>A l\u2019occasion de l\u2019\u00e9v\u00e9nement, la chanteuse Gwennyn se produira le jeudi 23 mai. L\u2019artiste sera ainsi sur la sc\u00e8ne du centre culturel Le Plessis S\u00e9vign\u00e9 pour un concert comme une ode \u00e0 la culture bretonne. \u00ab Gwennyn c\u00e9l\u00e8bre cette richesse identitaire et culturelle tant dans ses albums que sur sc\u00e8ne. V\u00e9ritable ambassadrice de la culture [&hellip;]<\/p>\n","protected":false},"author":1,"featured_media":1309,"comment_status":"open","ping_status":"open","sticky":false,"template":"","format":"standard","meta":{"sb_editor_width":"","footnotes":""},"categories":[58,45,41,65],"tags":[],"class_list":["post-1308","post","type-post","status-publish","format-standard","has-post-thumbnail","hentry","category-breizh","category-brezhoneg","category-ille-et-vilaine","category-principale"],"relative_dates":{"created":"2 ans ago","modified":"2 ans ago"},"yoast_head":"<!-- This site is optimized with the Yoast SEO plugin v26.3 - https:\/\/yoast.com\/wordpress\/plugins\/seo\/ -->\n<title>Argentr\u00e9-du-Plessis : Gwennyn en concert - STOURM<\/title>\n<meta name=\"robots\" content=\"index, follow, max-snippet:-1, max-image-preview:large, max-video-preview:-1\" \/>\n<link rel=\"canonical\" href=\"https:\/\/stourm.news\/?p=1308\" \/>\n<meta property=\"og:locale\" content=\"fr_FR\" \/>\n<meta property=\"og:type\" content=\"article\" \/>\n<meta property=\"og:title\" content=\"Argentr\u00e9-du-Plessis : Gwennyn en concert - STOURM\" \/>\n<meta property=\"og:description\" content=\"A l\u2019occasion de l\u2019\u00e9v\u00e9nement, la chanteuse Gwennyn se produira le jeudi 23 mai. L\u2019artiste sera ainsi sur la sc\u00e8ne du centre culturel Le Plessis S\u00e9vign\u00e9 pour un concert comme une ode \u00e0 la culture bretonne. \u00ab Gwennyn c\u00e9l\u00e8bre cette richesse identitaire et culturelle tant dans ses albums que sur sc\u00e8ne. V\u00e9ritable ambassadrice de la culture [&hellip;]\" \/>\n<meta property=\"og:url\" content=\"https:\/\/stourm.news\/?p=1308\" \/>\n<meta property=\"og:site_name\" content=\"STOURM\" \/>\n<meta property=\"article:publisher\" content=\"https:\/\/www.facebook.com\/stourmnews\/\" \/>\n<meta property=\"article:published_time\" content=\"2024-05-09T01:27:27+00:00\" \/>\n<meta property=\"article:modified_time\" content=\"2024-05-09T01:27:44+00:00\" \/>\n<meta property=\"og:image\" content=\"https:\/\/stourm.news\/wp-content\/uploads\/2024\/05\/866b1091d72664a6b1091d7261e6b1v-960x640-1.jpg\" \/>\n\t<meta property=\"og:image:width\" content=\"960\" \/>\n\t<meta property=\"og:image:height\" content=\"640\" \/>\n\t<meta property=\"og:image:type\" content=\"image\/jpeg\" \/>\n<meta name=\"author\" content=\"La r\u00e9daction\" \/>\n<meta name=\"twitter:card\" content=\"summary_large_image\" \/>\n<meta name=\"twitter:label1\" content=\"\u00c9crit par\" \/>\n\t<meta name=\"twitter:data1\" content=\"La r\u00e9daction\" \/>\n\t<meta name=\"twitter:label2\" content=\"Dur\u00e9e de lecture estim\u00e9e\" \/>\n\t<meta name=\"twitter:data2\" content=\"1 minute\" \/>\n<script type=\"application\/ld+json\" class=\"yoast-schema-graph\">{\"@context\":\"https:\/\/schema.org\",\"@graph\":[{\"@type\":\"Article\",\"@id\":\"https:\/\/stourm.news\/?p=1308#article\",\"isPartOf\":{\"@id\":\"https:\/\/stourm.news\/?p=1308\"},\"author\":{\"name\":\"La r\u00e9daction\",\"@id\":\"https:\/\/stourm.news\/#\/schema\/person\/c3e1dc65988632e190969234ef046cf9\"},\"headline\":\"Argentr\u00e9-du-Plessis : Gwennyn en concert\",\"datePublished\":\"2024-05-09T01:27:27+00:00\",\"dateModified\":\"2024-05-09T01:27:44+00:00\",\"mainEntityOfPage\":{\"@id\":\"https:\/\/stourm.news\/?p=1308\"},\"wordCount\":157,\"commentCount\":0,\"publisher\":{\"@id\":\"https:\/\/stourm.news\/#organization\"},\"image\":{\"@id\":\"https:\/\/stourm.news\/?p=1308#primaryimage\"},\"thumbnailUrl\":\"https:\/\/stourm.news\/wp-content\/uploads\/2024\/05\/866b1091d72664a6b1091d7261e6b1v-960x640-1.jpg\",\"articleSection\":[\"Breizh\",\"Brezhoneg\",\"Ille-et-Vilaine\",\"Principale\"],\"inLanguage\":\"fr-FR\",\"potentialAction\":[{\"@type\":\"CommentAction\",\"name\":\"Comment\",\"target\":[\"https:\/\/stourm.news\/?p=1308#respond\"]}]},{\"@type\":\"WebPage\",\"@id\":\"https:\/\/stourm.news\/?p=1308\",\"url\":\"https:\/\/stourm.news\/?p=1308\",\"name\":\"Argentr\u00e9-du-Plessis : Gwennyn en concert - STOURM\",\"isPartOf\":{\"@id\":\"https:\/\/stourm.news\/#website\"},\"primaryImageOfPage\":{\"@id\":\"https:\/\/stourm.news\/?p=1308#primaryimage\"},\"image\":{\"@id\":\"https:\/\/stourm.news\/?p=1308#primaryimage\"},\"thumbnailUrl\":\"https:\/\/stourm.news\/wp-content\/uploads\/2024\/05\/866b1091d72664a6b1091d7261e6b1v-960x640-1.jpg\",\"datePublished\":\"2024-05-09T01:27:27+00:00\",\"dateModified\":\"2024-05-09T01:27:44+00:00\",\"breadcrumb\":{\"@id\":\"https:\/\/stourm.news\/?p=1308#breadcrumb\"},\"inLanguage\":\"fr-FR\",\"potentialAction\":[{\"@type\":\"ReadAction\",\"target\":[\"https:\/\/stourm.news\/?p=1308\"]}]},{\"@type\":\"ImageObject\",\"inLanguage\":\"fr-FR\",\"@id\":\"https:\/\/stourm.news\/?p=1308#primaryimage\",\"url\":\"https:\/\/stourm.news\/wp-content\/uploads\/2024\/05\/866b1091d72664a6b1091d7261e6b1v-960x640-1.jpg\",\"contentUrl\":\"https:\/\/stourm.news\/wp-content\/uploads\/2024\/05\/866b1091d72664a6b1091d7261e6b1v-960x640-1.jpg\",\"width\":960,\"height\":640},{\"@type\":\"BreadcrumbList\",\"@id\":\"https:\/\/stourm.news\/?p=1308#breadcrumb\",\"itemListElement\":[{\"@type\":\"ListItem\",\"position\":1,\"name\":\"Accueil\",\"item\":\"https:\/\/stourm.news\/\"},{\"@type\":\"ListItem\",\"position\":2,\"name\":\"Argentr\u00e9-du-Plessis : Gwennyn en concert\"}]},{\"@type\":\"WebSite\",\"@id\":\"https:\/\/stourm.news\/#website\",\"url\":\"https:\/\/stourm.news\/\",\"name\":\"Stourm\",\"description\":\"Kazetenn Strollad Broadel Breizh\",\"publisher\":{\"@id\":\"https:\/\/stourm.news\/#organization\"},\"potentialAction\":[{\"@type\":\"SearchAction\",\"target\":{\"@type\":\"EntryPoint\",\"urlTemplate\":\"https:\/\/stourm.news\/?s={search_term_string}\"},\"query-input\":{\"@type\":\"PropertyValueSpecification\",\"valueRequired\":true,\"valueName\":\"search_term_string\"}}],\"inLanguage\":\"fr-FR\"},{\"@type\":\"Organization\",\"@id\":\"https:\/\/stourm.news\/#organization\",\"name\":\"Stourm\",\"url\":\"https:\/\/stourm.news\/\",\"logo\":{\"@type\":\"ImageObject\",\"inLanguage\":\"fr-FR\",\"@id\":\"https:\/\/stourm.news\/#\/schema\/logo\/image\/\",\"url\":\"https:\/\/stourm.news\/wp-content\/uploads\/2025\/11\/cropped-Capture-decran-2025-11-28-a-15.19.07.png\",\"contentUrl\":\"https:\/\/stourm.news\/wp-content\/uploads\/2025\/11\/cropped-Capture-decran-2025-11-28-a-15.19.07.png\",\"width\":1855,\"height\":383,\"caption\":\"Stourm\"},\"image\":{\"@id\":\"https:\/\/stourm.news\/#\/schema\/logo\/image\/\"},\"sameAs\":[\"https:\/\/www.facebook.com\/stourmnews\/\"]},{\"@type\":\"Person\",\"@id\":\"https:\/\/stourm.news\/#\/schema\/person\/c3e1dc65988632e190969234ef046cf9\",\"name\":\"La r\u00e9daction\",\"image\":{\"@type\":\"ImageObject\",\"inLanguage\":\"fr-FR\",\"@id\":\"https:\/\/stourm.news\/#\/schema\/person\/image\/\",\"url\":\"https:\/\/secure.gravatar.com\/avatar\/7463443f194b6b5fb706b074ca0ef59a0cfcfd720cb47764b0ec5a952ce422b3?s=96&d=mm&r=g\",\"contentUrl\":\"https:\/\/secure.gravatar.com\/avatar\/7463443f194b6b5fb706b074ca0ef59a0cfcfd720cb47764b0ec5a952ce422b3?s=96&d=mm&r=g\",\"caption\":\"La r\u00e9daction\"},\"sameAs\":[\"https:\/\/stourm.news\"],\"url\":\"https:\/\/stourm.news\/?author=1\"}]}<\/script>\n<!-- \/ Yoast SEO plugin. -->","yoast_head_json":{"title":"Argentr\u00e9-du-Plessis : Gwennyn en concert - STOURM","robots":{"index":"index","follow":"follow","max-snippet":"max-snippet:-1","max-image-preview":"max-image-preview:large","max-video-preview":"max-video-preview:-1"},"canonical":"https:\/\/stourm.news\/?p=1308","og_locale":"fr_FR","og_type":"article","og_title":"Argentr\u00e9-du-Plessis : Gwennyn en concert - STOURM","og_description":"A l\u2019occasion de l\u2019\u00e9v\u00e9nement, la chanteuse Gwennyn se produira le jeudi 23 mai. L\u2019artiste sera ainsi sur la sc\u00e8ne du centre culturel Le Plessis S\u00e9vign\u00e9 pour un concert comme une ode \u00e0 la culture bretonne. \u00ab Gwennyn c\u00e9l\u00e8bre cette richesse identitaire et culturelle tant dans ses albums que sur sc\u00e8ne. V\u00e9ritable ambassadrice de la culture [&hellip;]","og_url":"https:\/\/stourm.news\/?p=1308","og_site_name":"STOURM","article_publisher":"https:\/\/www.facebook.com\/stourmnews\/","article_published_time":"2024-05-09T01:27:27+00:00","article_modified_time":"2024-05-09T01:27:44+00:00","og_image":[{"width":960,"height":640,"url":"https:\/\/stourm.news\/wp-content\/uploads\/2024\/05\/866b1091d72664a6b1091d7261e6b1v-960x640-1.jpg","type":"image\/jpeg"}],"author":"La r\u00e9daction","twitter_card":"summary_large_image","twitter_misc":{"\u00c9crit par":"La r\u00e9daction","Dur\u00e9e de lecture estim\u00e9e":"1 minute"},"schema":{"@context":"https:\/\/schema.org","@graph":[{"@type":"Article","@id":"https:\/\/stourm.news\/?p=1308#article","isPartOf":{"@id":"https:\/\/stourm.news\/?p=1308"},"author":{"name":"La r\u00e9daction","@id":"https:\/\/stourm.news\/#\/schema\/person\/c3e1dc65988632e190969234ef046cf9"},"headline":"Argentr\u00e9-du-Plessis : Gwennyn en concert","datePublished":"2024-05-09T01:27:27+00:00","dateModified":"2024-05-09T01:27:44+00:00","mainEntityOfPage":{"@id":"https:\/\/stourm.news\/?p=1308"},"wordCount":157,"commentCount":0,"publisher":{"@id":"https:\/\/stourm.news\/#organization"},"image":{"@id":"https:\/\/stourm.news\/?p=1308#primaryimage"},"thumbnailUrl":"https:\/\/stourm.news\/wp-content\/uploads\/2024\/05\/866b1091d72664a6b1091d7261e6b1v-960x640-1.jpg","articleSection":["Breizh","Brezhoneg","Ille-et-Vilaine","Principale"],"inLanguage":"fr-FR","potentialAction":[{"@type":"CommentAction","name":"Comment","target":["https:\/\/stourm.news\/?p=1308#respond"]}]},{"@type":"WebPage","@id":"https:\/\/stourm.news\/?p=1308","url":"https:\/\/stourm.news\/?p=1308","name":"Argentr\u00e9-du-Plessis : Gwennyn en concert - STOURM","isPartOf":{"@id":"https:\/\/stourm.news\/#website"},"primaryImageOfPage":{"@id":"https:\/\/stourm.news\/?p=1308#primaryimage"},"image":{"@id":"https:\/\/stourm.news\/?p=1308#primaryimage"},"thumbnailUrl":"https:\/\/stourm.news\/wp-content\/uploads\/2024\/05\/866b1091d72664a6b1091d7261e6b1v-960x640-1.jpg","datePublished":"2024-05-09T01:27:27+00:00","dateModified":"2024-05-09T01:27:44+00:00","breadcrumb":{"@id":"https:\/\/stourm.news\/?p=1308#breadcrumb"},"inLanguage":"fr-FR","potentialAction":[{"@type":"ReadAction","target":["https:\/\/stourm.news\/?p=1308"]}]},{"@type":"ImageObject","inLanguage":"fr-FR","@id":"https:\/\/stourm.news\/?p=1308#primaryimage","url":"https:\/\/stourm.news\/wp-content\/uploads\/2024\/05\/866b1091d72664a6b1091d7261e6b1v-960x640-1.jpg","contentUrl":"https:\/\/stourm.news\/wp-content\/uploads\/2024\/05\/866b1091d72664a6b1091d7261e6b1v-960x640-1.jpg","width":960,"height":640},{"@type":"BreadcrumbList","@id":"https:\/\/stourm.news\/?p=1308#breadcrumb","itemListElement":[{"@type":"ListItem","position":1,"name":"Accueil","item":"https:\/\/stourm.news\/"},{"@type":"ListItem","position":2,"name":"Argentr\u00e9-du-Plessis : Gwennyn en concert"}]},{"@type":"WebSite","@id":"https:\/\/stourm.news\/#website","url":"https:\/\/stourm.news\/","name":"Stourm","description":"Kazetenn Strollad Broadel Breizh","publisher":{"@id":"https:\/\/stourm.news\/#organization"},"potentialAction":[{"@type":"SearchAction","target":{"@type":"EntryPoint","urlTemplate":"https:\/\/stourm.news\/?s={search_term_string}"},"query-input":{"@type":"PropertyValueSpecification","valueRequired":true,"valueName":"search_term_string"}}],"inLanguage":"fr-FR"},{"@type":"Organization","@id":"https:\/\/stourm.news\/#organization","name":"Stourm","url":"https:\/\/stourm.news\/","logo":{"@type":"ImageObject","inLanguage":"fr-FR","@id":"https:\/\/stourm.news\/#\/schema\/logo\/image\/","url":"https:\/\/stourm.news\/wp-content\/uploads\/2025\/11\/cropped-Capture-decran-2025-11-28-a-15.19.07.png","contentUrl":"https:\/\/stourm.news\/wp-content\/uploads\/2025\/11\/cropped-Capture-decran-2025-11-28-a-15.19.07.png","width":1855,"height":383,"caption":"Stourm"},"image":{"@id":"https:\/\/stourm.news\/#\/schema\/logo\/image\/"},"sameAs":["https:\/\/www.facebook.com\/stourmnews\/"]},{"@type":"Person","@id":"https:\/\/stourm.news\/#\/schema\/person\/c3e1dc65988632e190969234ef046cf9","name":"La r\u00e9daction","image":{"@type":"ImageObject","inLanguage":"fr-FR","@id":"https:\/\/stourm.news\/#\/schema\/person\/image\/","url":"https:\/\/secure.gravatar.com\/avatar\/7463443f194b6b5fb706b074ca0ef59a0cfcfd720cb47764b0ec5a952ce422b3?s=96&d=mm&r=g","contentUrl":"https:\/\/secure.gravatar.com\/avatar\/7463443f194b6b5fb706b074ca0ef59a0cfcfd720cb47764b0ec5a952ce422b3?s=96&d=mm&r=g","caption":"La r\u00e9daction"},"sameAs":["https:\/\/stourm.news"],"url":"https:\/\/stourm.news\/?author=1"}]}},"_links":{"self":[{"href":"https:\/\/stourm.news\/index.php?rest_route=\/wp\/v2\/posts\/1308","targetHints":{"allow":["GET"]}}],"collection":[{"href":"https:\/\/stourm.news\/index.php?rest_route=\/wp\/v2\/posts"}],"about":[{"href":"https:\/\/stourm.news\/index.php?rest_route=\/wp\/v2\/types\/post"}],"author":[{"embeddable":true,"href":"https:\/\/stourm.news\/index.php?rest_route=\/wp\/v2\/users\/1"}],"replies":[{"embeddable":true,"href":"https:\/\/stourm.news\/index.php?rest_route=%2Fwp%2Fv2%2Fcomments&post=1308"}],"version-history":[{"count":1,"href":"https:\/\/stourm.news\/index.php?rest_route=\/wp\/v2\/posts\/1308\/revisions"}],"predecessor-version":[{"id":1310,"href":"https:\/\/stourm.news\/index.php?rest_route=\/wp\/v2\/posts\/1308\/revisions\/1310"}],"wp:featuredmedia":[{"embeddable":true,"href":"https:\/\/stourm.news\/index.php?rest_route=\/wp\/v2\/media\/1309"}],"wp:attachment":[{"href":"https:\/\/stourm.news\/index.php?rest_route=%2Fwp%2Fv2%2Fmedia&parent=1308"}],"wp:term":[{"taxonomy":"category","embeddable":true,"href":"https:\/\/stourm.news\/index.php?rest_route=%2Fwp%2Fv2%2Fcategories&post=1308"},{"taxonomy":"post_tag","embeddable":true,"href":"https:\/\/stourm.news\/index.php?rest_route=%2Fwp%2Fv2%2Ftags&post=1308"}],"curies":[{"name":"wp","href":"https:\/\/api.w.org\/{rel}","templated":true}]}}