{"id":1313,"date":"2024-05-09T16:09:53","date_gmt":"2024-05-09T16:09:53","guid":{"rendered":"https:\/\/stourm.news\/?p=1313"},"modified":"2024-05-09T16:09:53","modified_gmt":"2024-05-09T16:09:53","slug":"brest-un-homme-de-50-ans-mortellement-poignarde-dans-le-quartier-multiculturel-de-keredern","status":"publish","type":"post","link":"https:\/\/stourm.news\/?p=1313","title":{"rendered":"Brest : un homme de 50 ans mortellement poignard\u00e9 dans le quartier multiculturel de Keredern"},"content":{"rendered":"<p style=\"text-align: justify;\">L\u2019homme de 50 ans <strong>poignard\u00e9<\/strong> mercredi 8 mai, dans la cit\u00e9 de K\u00e9r\u00e9dern \u00e0 Brest,<strong> est d\u00e9c\u00e9d\u00e9<\/strong> \u00e0 l\u2019h\u00f4pital. Un suspect est en garde \u00e0 vue au commissariat de police depuis mercredi soir.<\/p>\n<p style=\"text-align: justify;\">Un d\u00e9cha\u00eenement de <strong>violences<\/strong> en plein jour et \u00e0 la vue de tous, pour une futile histoire de v\u00e9hicule d\u00e9grad\u00e9. Si l\u2019enqu\u00eate confirme les premi\u00e8res informations glan\u00e9es par le T\u00e9l\u00e9gramme, le motif de<strong> l\u2019agression au couteau<\/strong> qui a conduit \u00e0 la <strong>mort<\/strong> d\u2019un homme de 50 ans, mercredi 8 mai 2024, au pied des immeubles de K\u00e9r\u00e9dern, \u00e0 Brest, laisse pantois. Au c\u0153ur de cet \u00eelot d\u2019habitat social, des t\u00e9moins avaient donn\u00e9 l\u2019alerte apr\u00e8s avoir vu la victime s\u2019\u00e9crouler au sol, vers 16 h 15, devant une barre d\u2019immeuble de la rue Emmanuel-Chabrier.<\/p>\n<p style=\"text-align: justify;\">Source : <a href=\"https:\/\/www.letelegramme.fr\/finistere\/brest-29200\/a-brest-lhomme-poignarde-ce-mercredi-a-keredern-est-decede-un-suspect-en-garde-a-vue-6581085.php\">Le T\u00e9l\u00e9gramme<\/a><\/p>\n","protected":false},"excerpt":{"rendered":"<p>L\u2019homme de 50 ans poignard\u00e9 mercredi 8 mai, dans la cit\u00e9 de K\u00e9r\u00e9dern \u00e0 Brest, est d\u00e9c\u00e9d\u00e9 \u00e0 l\u2019h\u00f4pital. Un suspect est en garde \u00e0 vue au commissariat de police depuis mercredi soir. Un d\u00e9cha\u00eenement de violences en plein jour et \u00e0 la vue de tous, pour une futile histoire de v\u00e9hicule d\u00e9grad\u00e9. Si l\u2019enqu\u00eate [&hellip;]<\/p>\n","protected":false},"author":1,"featured_media":1300,"comment_status":"open","ping_status":"open","sticky":false,"template":"","format":"standard","meta":{"sb_editor_width":"","footnotes":""},"categories":[31,52,38,62],"tags":[],"class_list":["post-1313","post","type-post","status-publish","format-standard","has-post-thumbnail","hentry","category-agression","category-faits-divers","category-finistere","category-revue-de-presse"],"relative_dates":{"created":"2 ans ago","modified":"2 ans ago"},"yoast_head":"<!-- This site is optimized with the Yoast SEO plugin v26.3 - https:\/\/yoast.com\/wordpress\/plugins\/seo\/ -->\n<title>Brest : un homme de 50 ans mortellement poignard\u00e9 dans le quartier multiculturel de Keredern - STOURM<\/title>\n<meta name=\"robots\" content=\"index, follow, max-snippet:-1, max-image-preview:large, max-video-preview:-1\" \/>\n<link rel=\"canonical\" href=\"https:\/\/stourm.news\/?p=1313\" \/>\n<meta property=\"og:locale\" content=\"fr_FR\" \/>\n<meta property=\"og:type\" content=\"article\" \/>\n<meta property=\"og:title\" content=\"Brest : un homme de 50 ans mortellement poignard\u00e9 dans le quartier multiculturel de Keredern - STOURM\" \/>\n<meta property=\"og:description\" content=\"L\u2019homme de 50 ans poignard\u00e9 mercredi 8 mai, dans la cit\u00e9 de K\u00e9r\u00e9dern \u00e0 Brest, est d\u00e9c\u00e9d\u00e9 \u00e0 l\u2019h\u00f4pital. Un suspect est en garde \u00e0 vue au commissariat de police depuis mercredi soir. Un d\u00e9cha\u00eenement de violences en plein jour et \u00e0 la vue de tous, pour une futile histoire de v\u00e9hicule d\u00e9grad\u00e9. Si l\u2019enqu\u00eate [&hellip;]\" \/>\n<meta property=\"og:url\" content=\"https:\/\/stourm.news\/?p=1313\" \/>\n<meta property=\"og:site_name\" content=\"STOURM\" \/>\n<meta property=\"article:publisher\" content=\"https:\/\/www.facebook.com\/stourmnews\/\" \/>\n<meta property=\"article:published_time\" content=\"2024-05-09T16:09:53+00:00\" \/>\n<meta property=\"og:image\" content=\"https:\/\/stourm.news\/wp-content\/uploads\/2024\/05\/663bda8a586c370b7c3b5a4a.jpg\" \/>\n\t<meta property=\"og:image:width\" content=\"960\" \/>\n\t<meta property=\"og:image:height\" content=\"600\" \/>\n\t<meta property=\"og:image:type\" content=\"image\/jpeg\" \/>\n<meta name=\"author\" content=\"La r\u00e9daction\" \/>\n<meta name=\"twitter:card\" content=\"summary_large_image\" \/>\n<meta name=\"twitter:label1\" content=\"\u00c9crit par\" \/>\n\t<meta name=\"twitter:data1\" content=\"La r\u00e9daction\" \/>\n\t<meta name=\"twitter:label2\" content=\"Dur\u00e9e de lecture estim\u00e9e\" \/>\n\t<meta name=\"twitter:data2\" content=\"1 minute\" \/>\n<script type=\"application\/ld+json\" class=\"yoast-schema-graph\">{\"@context\":\"https:\/\/schema.org\",\"@graph\":[{\"@type\":\"Article\",\"@id\":\"https:\/\/stourm.news\/?p=1313#article\",\"isPartOf\":{\"@id\":\"https:\/\/stourm.news\/?p=1313\"},\"author\":{\"name\":\"La r\u00e9daction\",\"@id\":\"https:\/\/stourm.news\/#\/schema\/person\/c3e1dc65988632e190969234ef046cf9\"},\"headline\":\"Brest : un homme de 50 ans mortellement poignard\u00e9 dans le quartier multiculturel de Keredern\",\"datePublished\":\"2024-05-09T16:09:53+00:00\",\"mainEntityOfPage\":{\"@id\":\"https:\/\/stourm.news\/?p=1313\"},\"wordCount\":159,\"commentCount\":0,\"publisher\":{\"@id\":\"https:\/\/stourm.news\/#organization\"},\"image\":{\"@id\":\"https:\/\/stourm.news\/?p=1313#primaryimage\"},\"thumbnailUrl\":\"https:\/\/stourm.news\/wp-content\/uploads\/2024\/05\/663bda8a586c370b7c3b5a4a.jpg\",\"articleSection\":[\"Agression\",\"Faits divers\",\"Finist\u00e8re\",\"Revue de presse\"],\"inLanguage\":\"fr-FR\",\"potentialAction\":[{\"@type\":\"CommentAction\",\"name\":\"Comment\",\"target\":[\"https:\/\/stourm.news\/?p=1313#respond\"]}]},{\"@type\":\"WebPage\",\"@id\":\"https:\/\/stourm.news\/?p=1313\",\"url\":\"https:\/\/stourm.news\/?p=1313\",\"name\":\"Brest : un homme de 50 ans mortellement poignard\u00e9 dans le quartier multiculturel de Keredern - STOURM\",\"isPartOf\":{\"@id\":\"https:\/\/stourm.news\/#website\"},\"primaryImageOfPage\":{\"@id\":\"https:\/\/stourm.news\/?p=1313#primaryimage\"},\"image\":{\"@id\":\"https:\/\/stourm.news\/?p=1313#primaryimage\"},\"thumbnailUrl\":\"https:\/\/stourm.news\/wp-content\/uploads\/2024\/05\/663bda8a586c370b7c3b5a4a.jpg\",\"datePublished\":\"2024-05-09T16:09:53+00:00\",\"breadcrumb\":{\"@id\":\"https:\/\/stourm.news\/?p=1313#breadcrumb\"},\"inLanguage\":\"fr-FR\",\"potentialAction\":[{\"@type\":\"ReadAction\",\"target\":[\"https:\/\/stourm.news\/?p=1313\"]}]},{\"@type\":\"ImageObject\",\"inLanguage\":\"fr-FR\",\"@id\":\"https:\/\/stourm.news\/?p=1313#primaryimage\",\"url\":\"https:\/\/stourm.news\/wp-content\/uploads\/2024\/05\/663bda8a586c370b7c3b5a4a.jpg\",\"contentUrl\":\"https:\/\/stourm.news\/wp-content\/uploads\/2024\/05\/663bda8a586c370b7c3b5a4a.jpg\",\"width\":960,\"height\":600},{\"@type\":\"BreadcrumbList\",\"@id\":\"https:\/\/stourm.news\/?p=1313#breadcrumb\",\"itemListElement\":[{\"@type\":\"ListItem\",\"position\":1,\"name\":\"Accueil\",\"item\":\"https:\/\/stourm.news\/\"},{\"@type\":\"ListItem\",\"position\":2,\"name\":\"Brest : un homme de 50 ans mortellement poignard\u00e9 dans le quartier multiculturel de Keredern\"}]},{\"@type\":\"WebSite\",\"@id\":\"https:\/\/stourm.news\/#website\",\"url\":\"https:\/\/stourm.news\/\",\"name\":\"Stourm\",\"description\":\"Kazetenn Strollad Broadel Breizh\",\"publisher\":{\"@id\":\"https:\/\/stourm.news\/#organization\"},\"potentialAction\":[{\"@type\":\"SearchAction\",\"target\":{\"@type\":\"EntryPoint\",\"urlTemplate\":\"https:\/\/stourm.news\/?s={search_term_string}\"},\"query-input\":{\"@type\":\"PropertyValueSpecification\",\"valueRequired\":true,\"valueName\":\"search_term_string\"}}],\"inLanguage\":\"fr-FR\"},{\"@type\":\"Organization\",\"@id\":\"https:\/\/stourm.news\/#organization\",\"name\":\"Stourm\",\"url\":\"https:\/\/stourm.news\/\",\"logo\":{\"@type\":\"ImageObject\",\"inLanguage\":\"fr-FR\",\"@id\":\"https:\/\/stourm.news\/#\/schema\/logo\/image\/\",\"url\":\"https:\/\/stourm.news\/wp-content\/uploads\/2025\/11\/cropped-Capture-decran-2025-11-28-a-15.19.07.png\",\"contentUrl\":\"https:\/\/stourm.news\/wp-content\/uploads\/2025\/11\/cropped-Capture-decran-2025-11-28-a-15.19.07.png\",\"width\":1855,\"height\":383,\"caption\":\"Stourm\"},\"image\":{\"@id\":\"https:\/\/stourm.news\/#\/schema\/logo\/image\/\"},\"sameAs\":[\"https:\/\/www.facebook.com\/stourmnews\/\"]},{\"@type\":\"Person\",\"@id\":\"https:\/\/stourm.news\/#\/schema\/person\/c3e1dc65988632e190969234ef046cf9\",\"name\":\"La r\u00e9daction\",\"image\":{\"@type\":\"ImageObject\",\"inLanguage\":\"fr-FR\",\"@id\":\"https:\/\/stourm.news\/#\/schema\/person\/image\/\",\"url\":\"https:\/\/secure.gravatar.com\/avatar\/7463443f194b6b5fb706b074ca0ef59a0cfcfd720cb47764b0ec5a952ce422b3?s=96&d=mm&r=g\",\"contentUrl\":\"https:\/\/secure.gravatar.com\/avatar\/7463443f194b6b5fb706b074ca0ef59a0cfcfd720cb47764b0ec5a952ce422b3?s=96&d=mm&r=g\",\"caption\":\"La r\u00e9daction\"},\"sameAs\":[\"https:\/\/stourm.news\"],\"url\":\"https:\/\/stourm.news\/?author=1\"}]}<\/script>\n<!-- \/ Yoast SEO plugin. -->","yoast_head_json":{"title":"Brest : un homme de 50 ans mortellement poignard\u00e9 dans le quartier multiculturel de Keredern - STOURM","robots":{"index":"index","follow":"follow","max-snippet":"max-snippet:-1","max-image-preview":"max-image-preview:large","max-video-preview":"max-video-preview:-1"},"canonical":"https:\/\/stourm.news\/?p=1313","og_locale":"fr_FR","og_type":"article","og_title":"Brest : un homme de 50 ans mortellement poignard\u00e9 dans le quartier multiculturel de Keredern - STOURM","og_description":"L\u2019homme de 50 ans poignard\u00e9 mercredi 8 mai, dans la cit\u00e9 de K\u00e9r\u00e9dern \u00e0 Brest, est d\u00e9c\u00e9d\u00e9 \u00e0 l\u2019h\u00f4pital. Un suspect est en garde \u00e0 vue au commissariat de police depuis mercredi soir. Un d\u00e9cha\u00eenement de violences en plein jour et \u00e0 la vue de tous, pour une futile histoire de v\u00e9hicule d\u00e9grad\u00e9. Si l\u2019enqu\u00eate [&hellip;]","og_url":"https:\/\/stourm.news\/?p=1313","og_site_name":"STOURM","article_publisher":"https:\/\/www.facebook.com\/stourmnews\/","article_published_time":"2024-05-09T16:09:53+00:00","og_image":[{"width":960,"height":600,"url":"https:\/\/stourm.news\/wp-content\/uploads\/2024\/05\/663bda8a586c370b7c3b5a4a.jpg","type":"image\/jpeg"}],"author":"La r\u00e9daction","twitter_card":"summary_large_image","twitter_misc":{"\u00c9crit par":"La r\u00e9daction","Dur\u00e9e de lecture estim\u00e9e":"1 minute"},"schema":{"@context":"https:\/\/schema.org","@graph":[{"@type":"Article","@id":"https:\/\/stourm.news\/?p=1313#article","isPartOf":{"@id":"https:\/\/stourm.news\/?p=1313"},"author":{"name":"La r\u00e9daction","@id":"https:\/\/stourm.news\/#\/schema\/person\/c3e1dc65988632e190969234ef046cf9"},"headline":"Brest : un homme de 50 ans mortellement poignard\u00e9 dans le quartier multiculturel de Keredern","datePublished":"2024-05-09T16:09:53+00:00","mainEntityOfPage":{"@id":"https:\/\/stourm.news\/?p=1313"},"wordCount":159,"commentCount":0,"publisher":{"@id":"https:\/\/stourm.news\/#organization"},"image":{"@id":"https:\/\/stourm.news\/?p=1313#primaryimage"},"thumbnailUrl":"https:\/\/stourm.news\/wp-content\/uploads\/2024\/05\/663bda8a586c370b7c3b5a4a.jpg","articleSection":["Agression","Faits divers","Finist\u00e8re","Revue de presse"],"inLanguage":"fr-FR","potentialAction":[{"@type":"CommentAction","name":"Comment","target":["https:\/\/stourm.news\/?p=1313#respond"]}]},{"@type":"WebPage","@id":"https:\/\/stourm.news\/?p=1313","url":"https:\/\/stourm.news\/?p=1313","name":"Brest : un homme de 50 ans mortellement poignard\u00e9 dans le quartier multiculturel de Keredern - STOURM","isPartOf":{"@id":"https:\/\/stourm.news\/#website"},"primaryImageOfPage":{"@id":"https:\/\/stourm.news\/?p=1313#primaryimage"},"image":{"@id":"https:\/\/stourm.news\/?p=1313#primaryimage"},"thumbnailUrl":"https:\/\/stourm.news\/wp-content\/uploads\/2024\/05\/663bda8a586c370b7c3b5a4a.jpg","datePublished":"2024-05-09T16:09:53+00:00","breadcrumb":{"@id":"https:\/\/stourm.news\/?p=1313#breadcrumb"},"inLanguage":"fr-FR","potentialAction":[{"@type":"ReadAction","target":["https:\/\/stourm.news\/?p=1313"]}]},{"@type":"ImageObject","inLanguage":"fr-FR","@id":"https:\/\/stourm.news\/?p=1313#primaryimage","url":"https:\/\/stourm.news\/wp-content\/uploads\/2024\/05\/663bda8a586c370b7c3b5a4a.jpg","contentUrl":"https:\/\/stourm.news\/wp-content\/uploads\/2024\/05\/663bda8a586c370b7c3b5a4a.jpg","width":960,"height":600},{"@type":"BreadcrumbList","@id":"https:\/\/stourm.news\/?p=1313#breadcrumb","itemListElement":[{"@type":"ListItem","position":1,"name":"Accueil","item":"https:\/\/stourm.news\/"},{"@type":"ListItem","position":2,"name":"Brest : un homme de 50 ans mortellement poignard\u00e9 dans le quartier multiculturel de Keredern"}]},{"@type":"WebSite","@id":"https:\/\/stourm.news\/#website","url":"https:\/\/stourm.news\/","name":"Stourm","description":"Kazetenn Strollad Broadel Breizh","publisher":{"@id":"https:\/\/stourm.news\/#organization"},"potentialAction":[{"@type":"SearchAction","target":{"@type":"EntryPoint","urlTemplate":"https:\/\/stourm.news\/?s={search_term_string}"},"query-input":{"@type":"PropertyValueSpecification","valueRequired":true,"valueName":"search_term_string"}}],"inLanguage":"fr-FR"},{"@type":"Organization","@id":"https:\/\/stourm.news\/#organization","name":"Stourm","url":"https:\/\/stourm.news\/","logo":{"@type":"ImageObject","inLanguage":"fr-FR","@id":"https:\/\/stourm.news\/#\/schema\/logo\/image\/","url":"https:\/\/stourm.news\/wp-content\/uploads\/2025\/11\/cropped-Capture-decran-2025-11-28-a-15.19.07.png","contentUrl":"https:\/\/stourm.news\/wp-content\/uploads\/2025\/11\/cropped-Capture-decran-2025-11-28-a-15.19.07.png","width":1855,"height":383,"caption":"Stourm"},"image":{"@id":"https:\/\/stourm.news\/#\/schema\/logo\/image\/"},"sameAs":["https:\/\/www.facebook.com\/stourmnews\/"]},{"@type":"Person","@id":"https:\/\/stourm.news\/#\/schema\/person\/c3e1dc65988632e190969234ef046cf9","name":"La r\u00e9daction","image":{"@type":"ImageObject","inLanguage":"fr-FR","@id":"https:\/\/stourm.news\/#\/schema\/person\/image\/","url":"https:\/\/secure.gravatar.com\/avatar\/7463443f194b6b5fb706b074ca0ef59a0cfcfd720cb47764b0ec5a952ce422b3?s=96&d=mm&r=g","contentUrl":"https:\/\/secure.gravatar.com\/avatar\/7463443f194b6b5fb706b074ca0ef59a0cfcfd720cb47764b0ec5a952ce422b3?s=96&d=mm&r=g","caption":"La r\u00e9daction"},"sameAs":["https:\/\/stourm.news"],"url":"https:\/\/stourm.news\/?author=1"}]}},"_links":{"self":[{"href":"https:\/\/stourm.news\/index.php?rest_route=\/wp\/v2\/posts\/1313","targetHints":{"allow":["GET"]}}],"collection":[{"href":"https:\/\/stourm.news\/index.php?rest_route=\/wp\/v2\/posts"}],"about":[{"href":"https:\/\/stourm.news\/index.php?rest_route=\/wp\/v2\/types\/post"}],"author":[{"embeddable":true,"href":"https:\/\/stourm.news\/index.php?rest_route=\/wp\/v2\/users\/1"}],"replies":[{"embeddable":true,"href":"https:\/\/stourm.news\/index.php?rest_route=%2Fwp%2Fv2%2Fcomments&post=1313"}],"version-history":[{"count":1,"href":"https:\/\/stourm.news\/index.php?rest_route=\/wp\/v2\/posts\/1313\/revisions"}],"predecessor-version":[{"id":1314,"href":"https:\/\/stourm.news\/index.php?rest_route=\/wp\/v2\/posts\/1313\/revisions\/1314"}],"wp:featuredmedia":[{"embeddable":true,"href":"https:\/\/stourm.news\/index.php?rest_route=\/wp\/v2\/media\/1300"}],"wp:attachment":[{"href":"https:\/\/stourm.news\/index.php?rest_route=%2Fwp%2Fv2%2Fmedia&parent=1313"}],"wp:term":[{"taxonomy":"category","embeddable":true,"href":"https:\/\/stourm.news\/index.php?rest_route=%2Fwp%2Fv2%2Fcategories&post=1313"},{"taxonomy":"post_tag","embeddable":true,"href":"https:\/\/stourm.news\/index.php?rest_route=%2Fwp%2Fv2%2Ftags&post=1313"}],"curies":[{"name":"wp","href":"https:\/\/api.w.org\/{rel}","templated":true}]}}