{"id":1315,"date":"2024-05-10T01:13:02","date_gmt":"2024-05-10T01:13:02","guid":{"rendered":"https:\/\/stourm.news\/?p=1315"},"modified":"2024-05-10T01:13:02","modified_gmt":"2024-05-10T01:13:02","slug":"56-des-bretons-font-confiance-a-la-bretagne-pour-les-diriger-79-ne-font-pas-confiance-a-letat-francais","status":"publish","type":"post","link":"https:\/\/stourm.news\/?p=1315","title":{"rendered":"56% des Bretons font confiance \u00e0 la Bretagne pour les diriger, 79% ne font pas confiance \u00e0 l&rsquo;Etat fran\u00e7ais"},"content":{"rendered":"<p style=\"text-align: justify;\">Le journal fran\u00e7ais \u00ab\u00a0Ouest-France\u00a0\u00bb a command\u00e9 un sondage \u00e0 l&rsquo;institut Ipsos destin\u00e9 \u00e0 comparer l&rsquo;attitude des Bretons vis-\u00e0-vis de l&rsquo;Europe avec celle des Fran\u00e7ais. L&rsquo;information principale de l&rsquo;\u00e9tude n&rsquo;a pourtant pas trait \u00e0 l&rsquo;Europe ou \u00e0 l&rsquo;Union Europ\u00e9enne, mais au rapport que les Bretons entretiennent avec la France et l&rsquo;Etat fran\u00e7ais.<\/p>\n<p style=\"text-align: justify;\">Trompeur, \u00ab\u00a0Ouest-France\u00a0\u00bb titre<strong> \u00ab\u00a0Les Bretons font davantage confiance \u00e0 l&rsquo;\u00e9chelon r\u00e9gional la Bretagne qu&rsquo;\u00e0 l&rsquo;Europe\u00a0\u00bb<\/strong> quand le r\u00e9sultat indique les Bretons font davantage confiance \u00e0 la Bretagne (\u00ab\u00a0la r\u00e9gion\u00a0\u00bb) qu&rsquo;\u00e0 l&rsquo;Etat fran\u00e7ais.<\/p>\n<p><img fetchpriority=\"high\" decoding=\"async\" class=\"alignnone wp-image-1316 size-full\" src=\"https:\/\/stourm.news\/wp-content\/uploads\/2024\/05\/Capture-decran-2021.png\" alt=\"\" width=\"1150\" height=\"801\" srcset=\"https:\/\/stourm.news\/wp-content\/uploads\/2024\/05\/Capture-decran-2021.png 1150w, https:\/\/stourm.news\/wp-content\/uploads\/2024\/05\/Capture-decran-2021-300x209.png 300w, https:\/\/stourm.news\/wp-content\/uploads\/2024\/05\/Capture-decran-2021-1024x713.png 1024w, https:\/\/stourm.news\/wp-content\/uploads\/2024\/05\/Capture-decran-2021-768x535.png 768w\" sizes=\"(max-width: 1150px) 100vw, 1150px\" \/><\/p>\n<p style=\"text-align: justify;\">Les Bretons pl\u00e9biscitent la Bretagne comme \u00e9chelon pertinent pour r\u00e9soudre les grands probl\u00e8mes qui se posent \u00e0 eux, \u00e0 56% de confiance contre 46% pour les Fran\u00e7ais vis-\u00e0-vis de leurs \u00ab\u00a0r\u00e9gions\u00a0\u00bb. Ce chiffre doit \u00eatre crois\u00e9 avec un second r\u00e9sultat de l&rsquo;enqu\u00eate : seulement 21% des Bretons font confiance \u00e0 l&rsquo;Etat fran\u00e7ais, contre 33% pour les Fran\u00e7ais.<\/p>\n<p style=\"text-align: justify;\">Ce sondage confirme <strong>un double mouvement<\/strong> : les Bretons expriment une tr\u00e8s forte confiance en leur pays, la Bretagne, et une tr\u00e8s forte d\u00e9fiance vis-\u00e0-vis de l&rsquo;Etat fran\u00e7ais, au point o\u00f9 cette d\u00e9fiance est exprim\u00e9e par 8 Bretons sur 10.<\/p>\n<p style=\"text-align: justify;\">Un pr\u00e9c\u00e9dent <a href=\"https:\/\/www.udb.bzh\/non-classifiee\/sondage-ifop-commande-par-ludb-sur-le-logement-en-bretagne\/\">sondage<\/a> sur la pertinence de l&rsquo;autonomie pour r\u00e9soudre la crise du logement en Bretagne avait r\u00e9v\u00e9l\u00e9 que 59% des Bretons soutenaient leur autonomie.<\/p>\n<p style=\"text-align: justify;\">Ces deux \u00e9tudes d\u00e9crivent le nouvel \u00e9tat d&rsquo;esprit majoritaire du peuple breton en faveur d&rsquo;une \u00e9mancipation de la tutelle fran\u00e7aise. Cette rupture est historique, apr\u00e8s un lent mouvement vers l&rsquo;alignement sur Paris et l&rsquo;Etat fran\u00e7ais cons\u00e9cutif \u00e0 l&rsquo;annexion compl\u00e8te de la Bretagne par la France en 1789. Au 19e et au 20e si\u00e8cles, les Bretons, encag\u00e9s politiquement par la France, avaient culturellement int\u00e9gr\u00e9 l&rsquo;id\u00e9e que tout espoir d&rsquo;ascension sociale supposait une absorption compl\u00e8te dans la soci\u00e9t\u00e9 fran\u00e7aise. Partant, une francisation g\u00e9n\u00e9rale. Le pic de cette repr\u00e9sentation collective a \u00e9t\u00e9 atteint quelque part aux alentours du d\u00e9but des ann\u00e9es 2000 avant d&rsquo;op\u00e9rer un large mouvement de reflux qui va en s&rsquo;acc\u00e9l\u00e9rant, quoique de mani\u00e8re silencieuse.<\/p>\n<p style=\"text-align: justify;\">Comme toujours historiquement, les grands mouvements culturels se font de mani\u00e8re souterraine, pour n&rsquo;\u00e9clater au grand jour qu&rsquo;une fois tr\u00e8s solidement ancr\u00e9 dans une grande partie de l&rsquo;opinion.<\/p>\n<p style=\"text-align: justify;\">T\u00f4t ou tard un tel \u00e9tat d&rsquo;esprit chez le peuple breton cherchera \u00e0 se traduire en politique g\u00e9n\u00e9rale, port\u00e9e par une avant-garde consciente. C&rsquo;est ce que veut et fait le Parti National Breton en ordonnant ces sentiments encore confus pour en faire un programme vers l&rsquo;ind\u00e9pendance nationale de la Bretagne. La bataille des c\u0153urs et des esprits est donc largement gagn\u00e9 sur les grands principes de l&rsquo;\u00e9mancipation de la Bretagne, mais il faut \u00e0 pr\u00e9sent organiser les masses gr\u00e2ce \u00e0 la formation d&rsquo;une base nationale coh\u00e9rente et organis\u00e9e qui soit en mesure de participer aux \u00e9lections et d&rsquo;occuper des fonctions politiques \u00e0 tous les niveaux en Bretagne. Pour cela, le PNB veut r\u00e9unir les patriotes et mener \u00e0 bien son programme pour l&rsquo;Etat breton.<\/p>\n<p style=\"text-align: right;\"><strong>Ewen Broc&rsquo;han<\/strong><\/p>\n<p>&nbsp;<\/p>\n","protected":false},"excerpt":{"rendered":"<p>Le journal fran\u00e7ais \u00ab\u00a0Ouest-France\u00a0\u00bb a command\u00e9 un sondage \u00e0 l&rsquo;institut Ipsos destin\u00e9 \u00e0 comparer l&rsquo;attitude des Bretons vis-\u00e0-vis de l&rsquo;Europe avec celle des Fran\u00e7ais. L&rsquo;information principale de l&rsquo;\u00e9tude n&rsquo;a pourtant pas trait \u00e0 l&rsquo;Europe ou \u00e0 l&rsquo;Union Europ\u00e9enne, mais au rapport que les Bretons entretiennent avec la France et l&rsquo;Etat fran\u00e7ais. Trompeur, \u00ab\u00a0Ouest-France\u00a0\u00bb titre \u00ab\u00a0Les [&hellip;]<\/p>\n","protected":false},"author":1,"featured_media":1317,"comment_status":"open","ping_status":"open","sticky":false,"template":"","format":"standard","meta":{"sb_editor_width":"","footnotes":""},"categories":[63,65],"tags":[],"class_list":["post-1315","post","type-post","status-publish","format-standard","has-post-thumbnail","hentry","category-editorial","category-principale"],"relative_dates":{"created":"2 ans ago","modified":"2 ans ago"},"yoast_head":"<!-- This site is optimized with the Yoast SEO plugin v26.3 - https:\/\/yoast.com\/wordpress\/plugins\/seo\/ -->\n<title>56% des Bretons font confiance \u00e0 la Bretagne pour les diriger, 79% ne font pas confiance \u00e0 l&#039;Etat fran\u00e7ais - STOURM<\/title>\n<meta name=\"robots\" content=\"index, follow, max-snippet:-1, max-image-preview:large, max-video-preview:-1\" \/>\n<link rel=\"canonical\" href=\"https:\/\/stourm.news\/?p=1315\" \/>\n<meta property=\"og:locale\" content=\"fr_FR\" \/>\n<meta property=\"og:type\" content=\"article\" \/>\n<meta property=\"og:title\" content=\"56% des Bretons font confiance \u00e0 la Bretagne pour les diriger, 79% ne font pas confiance \u00e0 l&#039;Etat fran\u00e7ais - STOURM\" \/>\n<meta property=\"og:description\" content=\"Le journal fran\u00e7ais \u00ab\u00a0Ouest-France\u00a0\u00bb a command\u00e9 un sondage \u00e0 l&rsquo;institut Ipsos destin\u00e9 \u00e0 comparer l&rsquo;attitude des Bretons vis-\u00e0-vis de l&rsquo;Europe avec celle des Fran\u00e7ais. L&rsquo;information principale de l&rsquo;\u00e9tude n&rsquo;a pourtant pas trait \u00e0 l&rsquo;Europe ou \u00e0 l&rsquo;Union Europ\u00e9enne, mais au rapport que les Bretons entretiennent avec la France et l&rsquo;Etat fran\u00e7ais. Trompeur, \u00ab\u00a0Ouest-France\u00a0\u00bb titre \u00ab\u00a0Les [&hellip;]\" \/>\n<meta property=\"og:url\" content=\"https:\/\/stourm.news\/?p=1315\" \/>\n<meta property=\"og:site_name\" content=\"STOURM\" \/>\n<meta property=\"article:publisher\" content=\"https:\/\/www.facebook.com\/stourmnews\/\" \/>\n<meta property=\"article:published_time\" content=\"2024-05-10T01:13:02+00:00\" \/>\n<meta property=\"og:image\" content=\"https:\/\/stourm.news\/wp-content\/uploads\/2024\/05\/le-drapeau-de-la-bretagne-ou-en-breton-gwenn-ha-du-blanc-et-noir-photo-gile-michel-sipa-1649432209.jpg\" \/>\n\t<meta property=\"og:image:width\" content=\"1600\" \/>\n\t<meta property=\"og:image:height\" content=\"1067\" \/>\n\t<meta property=\"og:image:type\" content=\"image\/jpeg\" \/>\n<meta name=\"author\" content=\"La r\u00e9daction\" \/>\n<meta name=\"twitter:card\" content=\"summary_large_image\" \/>\n<meta name=\"twitter:label1\" content=\"\u00c9crit par\" \/>\n\t<meta name=\"twitter:data1\" content=\"La r\u00e9daction\" \/>\n\t<meta name=\"twitter:label2\" content=\"Dur\u00e9e de lecture estim\u00e9e\" \/>\n\t<meta name=\"twitter:data2\" content=\"3 minutes\" \/>\n<script type=\"application\/ld+json\" class=\"yoast-schema-graph\">{\"@context\":\"https:\/\/schema.org\",\"@graph\":[{\"@type\":\"Article\",\"@id\":\"https:\/\/stourm.news\/?p=1315#article\",\"isPartOf\":{\"@id\":\"https:\/\/stourm.news\/?p=1315\"},\"author\":{\"name\":\"La r\u00e9daction\",\"@id\":\"https:\/\/stourm.news\/#\/schema\/person\/c3e1dc65988632e190969234ef046cf9\"},\"headline\":\"56% des Bretons font confiance \u00e0 la Bretagne pour les diriger, 79% ne font pas confiance \u00e0 l&rsquo;Etat fran\u00e7ais\",\"datePublished\":\"2024-05-10T01:13:02+00:00\",\"mainEntityOfPage\":{\"@id\":\"https:\/\/stourm.news\/?p=1315\"},\"wordCount\":567,\"commentCount\":0,\"publisher\":{\"@id\":\"https:\/\/stourm.news\/#organization\"},\"image\":{\"@id\":\"https:\/\/stourm.news\/?p=1315#primaryimage\"},\"thumbnailUrl\":\"https:\/\/stourm.news\/wp-content\/uploads\/2024\/05\/le-drapeau-de-la-bretagne-ou-en-breton-gwenn-ha-du-blanc-et-noir-photo-gile-michel-sipa-1649432209.jpg\",\"articleSection\":[\"Editorial\",\"Principale\"],\"inLanguage\":\"fr-FR\",\"potentialAction\":[{\"@type\":\"CommentAction\",\"name\":\"Comment\",\"target\":[\"https:\/\/stourm.news\/?p=1315#respond\"]}]},{\"@type\":\"WebPage\",\"@id\":\"https:\/\/stourm.news\/?p=1315\",\"url\":\"https:\/\/stourm.news\/?p=1315\",\"name\":\"56% des Bretons font confiance \u00e0 la Bretagne pour les diriger, 79% ne font pas confiance \u00e0 l'Etat fran\u00e7ais - STOURM\",\"isPartOf\":{\"@id\":\"https:\/\/stourm.news\/#website\"},\"primaryImageOfPage\":{\"@id\":\"https:\/\/stourm.news\/?p=1315#primaryimage\"},\"image\":{\"@id\":\"https:\/\/stourm.news\/?p=1315#primaryimage\"},\"thumbnailUrl\":\"https:\/\/stourm.news\/wp-content\/uploads\/2024\/05\/le-drapeau-de-la-bretagne-ou-en-breton-gwenn-ha-du-blanc-et-noir-photo-gile-michel-sipa-1649432209.jpg\",\"datePublished\":\"2024-05-10T01:13:02+00:00\",\"breadcrumb\":{\"@id\":\"https:\/\/stourm.news\/?p=1315#breadcrumb\"},\"inLanguage\":\"fr-FR\",\"potentialAction\":[{\"@type\":\"ReadAction\",\"target\":[\"https:\/\/stourm.news\/?p=1315\"]}]},{\"@type\":\"ImageObject\",\"inLanguage\":\"fr-FR\",\"@id\":\"https:\/\/stourm.news\/?p=1315#primaryimage\",\"url\":\"https:\/\/stourm.news\/wp-content\/uploads\/2024\/05\/le-drapeau-de-la-bretagne-ou-en-breton-gwenn-ha-du-blanc-et-noir-photo-gile-michel-sipa-1649432209.jpg\",\"contentUrl\":\"https:\/\/stourm.news\/wp-content\/uploads\/2024\/05\/le-drapeau-de-la-bretagne-ou-en-breton-gwenn-ha-du-blanc-et-noir-photo-gile-michel-sipa-1649432209.jpg\",\"width\":1600,\"height\":1067},{\"@type\":\"BreadcrumbList\",\"@id\":\"https:\/\/stourm.news\/?p=1315#breadcrumb\",\"itemListElement\":[{\"@type\":\"ListItem\",\"position\":1,\"name\":\"Accueil\",\"item\":\"https:\/\/stourm.news\/\"},{\"@type\":\"ListItem\",\"position\":2,\"name\":\"56% des Bretons font confiance \u00e0 la Bretagne pour les diriger, 79% ne font pas confiance \u00e0 l&rsquo;Etat fran\u00e7ais\"}]},{\"@type\":\"WebSite\",\"@id\":\"https:\/\/stourm.news\/#website\",\"url\":\"https:\/\/stourm.news\/\",\"name\":\"Stourm\",\"description\":\"Kazetenn Strollad Broadel Breizh\",\"publisher\":{\"@id\":\"https:\/\/stourm.news\/#organization\"},\"potentialAction\":[{\"@type\":\"SearchAction\",\"target\":{\"@type\":\"EntryPoint\",\"urlTemplate\":\"https:\/\/stourm.news\/?s={search_term_string}\"},\"query-input\":{\"@type\":\"PropertyValueSpecification\",\"valueRequired\":true,\"valueName\":\"search_term_string\"}}],\"inLanguage\":\"fr-FR\"},{\"@type\":\"Organization\",\"@id\":\"https:\/\/stourm.news\/#organization\",\"name\":\"Stourm\",\"url\":\"https:\/\/stourm.news\/\",\"logo\":{\"@type\":\"ImageObject\",\"inLanguage\":\"fr-FR\",\"@id\":\"https:\/\/stourm.news\/#\/schema\/logo\/image\/\",\"url\":\"https:\/\/stourm.news\/wp-content\/uploads\/2025\/11\/cropped-Capture-decran-2025-11-28-a-15.19.07.png\",\"contentUrl\":\"https:\/\/stourm.news\/wp-content\/uploads\/2025\/11\/cropped-Capture-decran-2025-11-28-a-15.19.07.png\",\"width\":1855,\"height\":383,\"caption\":\"Stourm\"},\"image\":{\"@id\":\"https:\/\/stourm.news\/#\/schema\/logo\/image\/\"},\"sameAs\":[\"https:\/\/www.facebook.com\/stourmnews\/\"]},{\"@type\":\"Person\",\"@id\":\"https:\/\/stourm.news\/#\/schema\/person\/c3e1dc65988632e190969234ef046cf9\",\"name\":\"La r\u00e9daction\",\"image\":{\"@type\":\"ImageObject\",\"inLanguage\":\"fr-FR\",\"@id\":\"https:\/\/stourm.news\/#\/schema\/person\/image\/\",\"url\":\"https:\/\/secure.gravatar.com\/avatar\/7463443f194b6b5fb706b074ca0ef59a0cfcfd720cb47764b0ec5a952ce422b3?s=96&d=mm&r=g\",\"contentUrl\":\"https:\/\/secure.gravatar.com\/avatar\/7463443f194b6b5fb706b074ca0ef59a0cfcfd720cb47764b0ec5a952ce422b3?s=96&d=mm&r=g\",\"caption\":\"La r\u00e9daction\"},\"sameAs\":[\"https:\/\/stourm.news\"],\"url\":\"https:\/\/stourm.news\/?author=1\"}]}<\/script>\n<!-- \/ Yoast SEO plugin. -->","yoast_head_json":{"title":"56% des Bretons font confiance \u00e0 la Bretagne pour les diriger, 79% ne font pas confiance \u00e0 l'Etat fran\u00e7ais - STOURM","robots":{"index":"index","follow":"follow","max-snippet":"max-snippet:-1","max-image-preview":"max-image-preview:large","max-video-preview":"max-video-preview:-1"},"canonical":"https:\/\/stourm.news\/?p=1315","og_locale":"fr_FR","og_type":"article","og_title":"56% des Bretons font confiance \u00e0 la Bretagne pour les diriger, 79% ne font pas confiance \u00e0 l'Etat fran\u00e7ais - STOURM","og_description":"Le journal fran\u00e7ais \u00ab\u00a0Ouest-France\u00a0\u00bb a command\u00e9 un sondage \u00e0 l&rsquo;institut Ipsos destin\u00e9 \u00e0 comparer l&rsquo;attitude des Bretons vis-\u00e0-vis de l&rsquo;Europe avec celle des Fran\u00e7ais. L&rsquo;information principale de l&rsquo;\u00e9tude n&rsquo;a pourtant pas trait \u00e0 l&rsquo;Europe ou \u00e0 l&rsquo;Union Europ\u00e9enne, mais au rapport que les Bretons entretiennent avec la France et l&rsquo;Etat fran\u00e7ais. Trompeur, \u00ab\u00a0Ouest-France\u00a0\u00bb titre \u00ab\u00a0Les [&hellip;]","og_url":"https:\/\/stourm.news\/?p=1315","og_site_name":"STOURM","article_publisher":"https:\/\/www.facebook.com\/stourmnews\/","article_published_time":"2024-05-10T01:13:02+00:00","og_image":[{"width":1600,"height":1067,"url":"https:\/\/stourm.news\/wp-content\/uploads\/2024\/05\/le-drapeau-de-la-bretagne-ou-en-breton-gwenn-ha-du-blanc-et-noir-photo-gile-michel-sipa-1649432209.jpg","type":"image\/jpeg"}],"author":"La r\u00e9daction","twitter_card":"summary_large_image","twitter_misc":{"\u00c9crit par":"La r\u00e9daction","Dur\u00e9e de lecture estim\u00e9e":"3 minutes"},"schema":{"@context":"https:\/\/schema.org","@graph":[{"@type":"Article","@id":"https:\/\/stourm.news\/?p=1315#article","isPartOf":{"@id":"https:\/\/stourm.news\/?p=1315"},"author":{"name":"La r\u00e9daction","@id":"https:\/\/stourm.news\/#\/schema\/person\/c3e1dc65988632e190969234ef046cf9"},"headline":"56% des Bretons font confiance \u00e0 la Bretagne pour les diriger, 79% ne font pas confiance \u00e0 l&rsquo;Etat fran\u00e7ais","datePublished":"2024-05-10T01:13:02+00:00","mainEntityOfPage":{"@id":"https:\/\/stourm.news\/?p=1315"},"wordCount":567,"commentCount":0,"publisher":{"@id":"https:\/\/stourm.news\/#organization"},"image":{"@id":"https:\/\/stourm.news\/?p=1315#primaryimage"},"thumbnailUrl":"https:\/\/stourm.news\/wp-content\/uploads\/2024\/05\/le-drapeau-de-la-bretagne-ou-en-breton-gwenn-ha-du-blanc-et-noir-photo-gile-michel-sipa-1649432209.jpg","articleSection":["Editorial","Principale"],"inLanguage":"fr-FR","potentialAction":[{"@type":"CommentAction","name":"Comment","target":["https:\/\/stourm.news\/?p=1315#respond"]}]},{"@type":"WebPage","@id":"https:\/\/stourm.news\/?p=1315","url":"https:\/\/stourm.news\/?p=1315","name":"56% des Bretons font confiance \u00e0 la Bretagne pour les diriger, 79% ne font pas confiance \u00e0 l'Etat fran\u00e7ais - STOURM","isPartOf":{"@id":"https:\/\/stourm.news\/#website"},"primaryImageOfPage":{"@id":"https:\/\/stourm.news\/?p=1315#primaryimage"},"image":{"@id":"https:\/\/stourm.news\/?p=1315#primaryimage"},"thumbnailUrl":"https:\/\/stourm.news\/wp-content\/uploads\/2024\/05\/le-drapeau-de-la-bretagne-ou-en-breton-gwenn-ha-du-blanc-et-noir-photo-gile-michel-sipa-1649432209.jpg","datePublished":"2024-05-10T01:13:02+00:00","breadcrumb":{"@id":"https:\/\/stourm.news\/?p=1315#breadcrumb"},"inLanguage":"fr-FR","potentialAction":[{"@type":"ReadAction","target":["https:\/\/stourm.news\/?p=1315"]}]},{"@type":"ImageObject","inLanguage":"fr-FR","@id":"https:\/\/stourm.news\/?p=1315#primaryimage","url":"https:\/\/stourm.news\/wp-content\/uploads\/2024\/05\/le-drapeau-de-la-bretagne-ou-en-breton-gwenn-ha-du-blanc-et-noir-photo-gile-michel-sipa-1649432209.jpg","contentUrl":"https:\/\/stourm.news\/wp-content\/uploads\/2024\/05\/le-drapeau-de-la-bretagne-ou-en-breton-gwenn-ha-du-blanc-et-noir-photo-gile-michel-sipa-1649432209.jpg","width":1600,"height":1067},{"@type":"BreadcrumbList","@id":"https:\/\/stourm.news\/?p=1315#breadcrumb","itemListElement":[{"@type":"ListItem","position":1,"name":"Accueil","item":"https:\/\/stourm.news\/"},{"@type":"ListItem","position":2,"name":"56% des Bretons font confiance \u00e0 la Bretagne pour les diriger, 79% ne font pas confiance \u00e0 l&rsquo;Etat fran\u00e7ais"}]},{"@type":"WebSite","@id":"https:\/\/stourm.news\/#website","url":"https:\/\/stourm.news\/","name":"Stourm","description":"Kazetenn Strollad Broadel Breizh","publisher":{"@id":"https:\/\/stourm.news\/#organization"},"potentialAction":[{"@type":"SearchAction","target":{"@type":"EntryPoint","urlTemplate":"https:\/\/stourm.news\/?s={search_term_string}"},"query-input":{"@type":"PropertyValueSpecification","valueRequired":true,"valueName":"search_term_string"}}],"inLanguage":"fr-FR"},{"@type":"Organization","@id":"https:\/\/stourm.news\/#organization","name":"Stourm","url":"https:\/\/stourm.news\/","logo":{"@type":"ImageObject","inLanguage":"fr-FR","@id":"https:\/\/stourm.news\/#\/schema\/logo\/image\/","url":"https:\/\/stourm.news\/wp-content\/uploads\/2025\/11\/cropped-Capture-decran-2025-11-28-a-15.19.07.png","contentUrl":"https:\/\/stourm.news\/wp-content\/uploads\/2025\/11\/cropped-Capture-decran-2025-11-28-a-15.19.07.png","width":1855,"height":383,"caption":"Stourm"},"image":{"@id":"https:\/\/stourm.news\/#\/schema\/logo\/image\/"},"sameAs":["https:\/\/www.facebook.com\/stourmnews\/"]},{"@type":"Person","@id":"https:\/\/stourm.news\/#\/schema\/person\/c3e1dc65988632e190969234ef046cf9","name":"La r\u00e9daction","image":{"@type":"ImageObject","inLanguage":"fr-FR","@id":"https:\/\/stourm.news\/#\/schema\/person\/image\/","url":"https:\/\/secure.gravatar.com\/avatar\/7463443f194b6b5fb706b074ca0ef59a0cfcfd720cb47764b0ec5a952ce422b3?s=96&d=mm&r=g","contentUrl":"https:\/\/secure.gravatar.com\/avatar\/7463443f194b6b5fb706b074ca0ef59a0cfcfd720cb47764b0ec5a952ce422b3?s=96&d=mm&r=g","caption":"La r\u00e9daction"},"sameAs":["https:\/\/stourm.news"],"url":"https:\/\/stourm.news\/?author=1"}]}},"_links":{"self":[{"href":"https:\/\/stourm.news\/index.php?rest_route=\/wp\/v2\/posts\/1315","targetHints":{"allow":["GET"]}}],"collection":[{"href":"https:\/\/stourm.news\/index.php?rest_route=\/wp\/v2\/posts"}],"about":[{"href":"https:\/\/stourm.news\/index.php?rest_route=\/wp\/v2\/types\/post"}],"author":[{"embeddable":true,"href":"https:\/\/stourm.news\/index.php?rest_route=\/wp\/v2\/users\/1"}],"replies":[{"embeddable":true,"href":"https:\/\/stourm.news\/index.php?rest_route=%2Fwp%2Fv2%2Fcomments&post=1315"}],"version-history":[{"count":1,"href":"https:\/\/stourm.news\/index.php?rest_route=\/wp\/v2\/posts\/1315\/revisions"}],"predecessor-version":[{"id":1318,"href":"https:\/\/stourm.news\/index.php?rest_route=\/wp\/v2\/posts\/1315\/revisions\/1318"}],"wp:featuredmedia":[{"embeddable":true,"href":"https:\/\/stourm.news\/index.php?rest_route=\/wp\/v2\/media\/1317"}],"wp:attachment":[{"href":"https:\/\/stourm.news\/index.php?rest_route=%2Fwp%2Fv2%2Fmedia&parent=1315"}],"wp:term":[{"taxonomy":"category","embeddable":true,"href":"https:\/\/stourm.news\/index.php?rest_route=%2Fwp%2Fv2%2Fcategories&post=1315"},{"taxonomy":"post_tag","embeddable":true,"href":"https:\/\/stourm.news\/index.php?rest_route=%2Fwp%2Fv2%2Ftags&post=1315"}],"curies":[{"name":"wp","href":"https:\/\/api.w.org\/{rel}","templated":true}]}}