{"id":1319,"date":"2024-05-10T01:31:48","date_gmt":"2024-05-10T01:31:48","guid":{"rendered":"https:\/\/stourm.news\/?p=1319"},"modified":"2024-05-10T01:32:13","modified_gmt":"2024-05-10T01:32:13","slug":"culpabilisation-la-liberte-nest-jamais-definitivement-acquise-quimper-commemore-labolition-de-lesclavage-ce-vendredi-10-mai","status":"publish","type":"post","link":"https:\/\/stourm.news\/?p=1319","title":{"rendered":"Culpabilisation : Quimper comm\u00e9more l\u2019abolition de l\u2019esclavage ce vendredi 10 mai"},"content":{"rendered":"<p style=\"text-align: justify;\">La Journ\u00e9e nationale des m\u00e9moires de la traite, de l\u2019esclavage et de leurs abolitions a lieu ce vendredi 10 mai. Une <strong>comm\u00e9moration<\/strong> est organis\u00e9e, \u00e0 11 h, quai du Steir, \u00e0 Quimper. Max Relouzat, pr\u00e9sident de l\u2019association M\u00e9moires des esclavages, appelle \u00e0 y participer.<\/p>\n<p style=\"text-align: justify;\">\u00ab\u00a0Le pr\u00e9fet du Finist\u00e8re, Alain Espinasse, et la maire de Quimper (PS), <strong>Isabelle Assih<\/strong>, ont \u00e9t\u00e9 invit\u00e9s \u00e0 cette comm\u00e9moration. C\u2019est l\u2019ann\u00e9e du 230e anniversaire de la premi\u00e8re <strong>abolition de l\u2019esclavage<\/strong>. Je rendrai hommage aux<strong> Afro-Descendants<\/strong> qui ont particip\u00e9 \u00e0 la lib\u00e9ration de la France et en particulier au maire de Sabl\u00e9-sur-Sarthe, Rapha\u00ebl \u00c9liz\u00e9. Un Martiniquais, petit-fils d\u2019une esclave affranchie, devenu, en 1929,<strong> le premier maire noir de France<\/strong>. Je n\u2019oublierai pas non plus les femmes comme Maryse Cond\u00e9, d\u00e9c\u00e9d\u00e9e en avril 2024, qui ont lutt\u00e9 contre l\u2019oubli.\u00a0\u00bb<\/p>\n<p>Source : <a href=\"https:\/\/www.letelegramme.fr\/finistere\/quimper-29000\/la-liberte-nest-jamais-definitivement-acquise-quimper-commemore-labolition-de-lesclavage-ce-vendredi-10-mai-6581327.php\">Le T\u00e9l\u00e9gramme<\/a><\/p>\n","protected":false},"excerpt":{"rendered":"<p>La Journ\u00e9e nationale des m\u00e9moires de la traite, de l\u2019esclavage et de leurs abolitions a lieu ce vendredi 10 mai. Une comm\u00e9moration est organis\u00e9e, \u00e0 11 h, quai du Steir, \u00e0 Quimper. Max Relouzat, pr\u00e9sident de l\u2019association M\u00e9moires des esclavages, appelle \u00e0 y participer. \u00ab\u00a0Le pr\u00e9fet du Finist\u00e8re, Alain Espinasse, et la maire de Quimper [&hellip;]<\/p>\n","protected":false},"author":1,"featured_media":1320,"comment_status":"open","ping_status":"open","sticky":false,"template":"","format":"standard","meta":{"sb_editor_width":"","footnotes":""},"categories":[36,38,62],"tags":[],"class_list":["post-1319","post","type-post","status-publish","format-standard","has-post-thumbnail","hentry","category-extreme-gauche","category-finistere","category-revue-de-presse"],"relative_dates":{"created":"2 ans ago","modified":"2 ans ago"},"yoast_head":"<!-- This site is optimized with the Yoast SEO plugin v26.3 - https:\/\/yoast.com\/wordpress\/plugins\/seo\/ -->\n<title>Culpabilisation : Quimper comm\u00e9more l\u2019abolition de l\u2019esclavage ce vendredi 10 mai - STOURM<\/title>\n<meta name=\"robots\" content=\"index, follow, max-snippet:-1, max-image-preview:large, max-video-preview:-1\" \/>\n<link rel=\"canonical\" href=\"https:\/\/stourm.news\/?p=1319\" \/>\n<meta property=\"og:locale\" content=\"fr_FR\" \/>\n<meta property=\"og:type\" content=\"article\" \/>\n<meta property=\"og:title\" content=\"Culpabilisation : Quimper comm\u00e9more l\u2019abolition de l\u2019esclavage ce vendredi 10 mai - STOURM\" \/>\n<meta property=\"og:description\" content=\"La Journ\u00e9e nationale des m\u00e9moires de la traite, de l\u2019esclavage et de leurs abolitions a lieu ce vendredi 10 mai. Une comm\u00e9moration est organis\u00e9e, \u00e0 11 h, quai du Steir, \u00e0 Quimper. Max Relouzat, pr\u00e9sident de l\u2019association M\u00e9moires des esclavages, appelle \u00e0 y participer. \u00ab\u00a0Le pr\u00e9fet du Finist\u00e8re, Alain Espinasse, et la maire de Quimper [&hellip;]\" \/>\n<meta property=\"og:url\" content=\"https:\/\/stourm.news\/?p=1319\" \/>\n<meta property=\"og:site_name\" content=\"STOURM\" \/>\n<meta property=\"article:publisher\" content=\"https:\/\/www.facebook.com\/stourmnews\/\" \/>\n<meta property=\"article:published_time\" content=\"2024-05-10T01:31:48+00:00\" \/>\n<meta property=\"article:modified_time\" content=\"2024-05-10T01:32:13+00:00\" \/>\n<meta property=\"og:image\" content=\"https:\/\/stourm.news\/wp-content\/uploads\/2024\/05\/663cfff987decd632a79f82a.jpg\" \/>\n\t<meta property=\"og:image:width\" content=\"960\" \/>\n\t<meta property=\"og:image:height\" content=\"600\" \/>\n\t<meta property=\"og:image:type\" content=\"image\/jpeg\" \/>\n<meta name=\"author\" content=\"La r\u00e9daction\" \/>\n<meta name=\"twitter:card\" content=\"summary_large_image\" \/>\n<meta name=\"twitter:label1\" content=\"\u00c9crit par\" \/>\n\t<meta name=\"twitter:data1\" content=\"La r\u00e9daction\" \/>\n\t<meta name=\"twitter:label2\" content=\"Dur\u00e9e de lecture estim\u00e9e\" \/>\n\t<meta name=\"twitter:data2\" content=\"1 minute\" \/>\n<script type=\"application\/ld+json\" class=\"yoast-schema-graph\">{\"@context\":\"https:\/\/schema.org\",\"@graph\":[{\"@type\":\"Article\",\"@id\":\"https:\/\/stourm.news\/?p=1319#article\",\"isPartOf\":{\"@id\":\"https:\/\/stourm.news\/?p=1319\"},\"author\":{\"name\":\"La r\u00e9daction\",\"@id\":\"https:\/\/stourm.news\/#\/schema\/person\/c3e1dc65988632e190969234ef046cf9\"},\"headline\":\"Culpabilisation : Quimper comm\u00e9more l\u2019abolition de l\u2019esclavage ce vendredi 10 mai\",\"datePublished\":\"2024-05-10T01:31:48+00:00\",\"dateModified\":\"2024-05-10T01:32:13+00:00\",\"mainEntityOfPage\":{\"@id\":\"https:\/\/stourm.news\/?p=1319\"},\"wordCount\":166,\"commentCount\":0,\"publisher\":{\"@id\":\"https:\/\/stourm.news\/#organization\"},\"image\":{\"@id\":\"https:\/\/stourm.news\/?p=1319#primaryimage\"},\"thumbnailUrl\":\"https:\/\/stourm.news\/wp-content\/uploads\/2024\/05\/663cfff987decd632a79f82a.jpg\",\"articleSection\":[\"Extr\u00eame-gauche\",\"Finist\u00e8re\",\"Revue de presse\"],\"inLanguage\":\"fr-FR\",\"potentialAction\":[{\"@type\":\"CommentAction\",\"name\":\"Comment\",\"target\":[\"https:\/\/stourm.news\/?p=1319#respond\"]}]},{\"@type\":\"WebPage\",\"@id\":\"https:\/\/stourm.news\/?p=1319\",\"url\":\"https:\/\/stourm.news\/?p=1319\",\"name\":\"Culpabilisation : Quimper comm\u00e9more l\u2019abolition de l\u2019esclavage ce vendredi 10 mai - STOURM\",\"isPartOf\":{\"@id\":\"https:\/\/stourm.news\/#website\"},\"primaryImageOfPage\":{\"@id\":\"https:\/\/stourm.news\/?p=1319#primaryimage\"},\"image\":{\"@id\":\"https:\/\/stourm.news\/?p=1319#primaryimage\"},\"thumbnailUrl\":\"https:\/\/stourm.news\/wp-content\/uploads\/2024\/05\/663cfff987decd632a79f82a.jpg\",\"datePublished\":\"2024-05-10T01:31:48+00:00\",\"dateModified\":\"2024-05-10T01:32:13+00:00\",\"breadcrumb\":{\"@id\":\"https:\/\/stourm.news\/?p=1319#breadcrumb\"},\"inLanguage\":\"fr-FR\",\"potentialAction\":[{\"@type\":\"ReadAction\",\"target\":[\"https:\/\/stourm.news\/?p=1319\"]}]},{\"@type\":\"ImageObject\",\"inLanguage\":\"fr-FR\",\"@id\":\"https:\/\/stourm.news\/?p=1319#primaryimage\",\"url\":\"https:\/\/stourm.news\/wp-content\/uploads\/2024\/05\/663cfff987decd632a79f82a.jpg\",\"contentUrl\":\"https:\/\/stourm.news\/wp-content\/uploads\/2024\/05\/663cfff987decd632a79f82a.jpg\",\"width\":960,\"height\":600,\"caption\":\"comm\u00e9moration\"},{\"@type\":\"BreadcrumbList\",\"@id\":\"https:\/\/stourm.news\/?p=1319#breadcrumb\",\"itemListElement\":[{\"@type\":\"ListItem\",\"position\":1,\"name\":\"Accueil\",\"item\":\"https:\/\/stourm.news\/\"},{\"@type\":\"ListItem\",\"position\":2,\"name\":\"Culpabilisation : Quimper comm\u00e9more l\u2019abolition de l\u2019esclavage ce vendredi 10 mai\"}]},{\"@type\":\"WebSite\",\"@id\":\"https:\/\/stourm.news\/#website\",\"url\":\"https:\/\/stourm.news\/\",\"name\":\"Stourm\",\"description\":\"Kazetenn Strollad Broadel Breizh\",\"publisher\":{\"@id\":\"https:\/\/stourm.news\/#organization\"},\"potentialAction\":[{\"@type\":\"SearchAction\",\"target\":{\"@type\":\"EntryPoint\",\"urlTemplate\":\"https:\/\/stourm.news\/?s={search_term_string}\"},\"query-input\":{\"@type\":\"PropertyValueSpecification\",\"valueRequired\":true,\"valueName\":\"search_term_string\"}}],\"inLanguage\":\"fr-FR\"},{\"@type\":\"Organization\",\"@id\":\"https:\/\/stourm.news\/#organization\",\"name\":\"Stourm\",\"url\":\"https:\/\/stourm.news\/\",\"logo\":{\"@type\":\"ImageObject\",\"inLanguage\":\"fr-FR\",\"@id\":\"https:\/\/stourm.news\/#\/schema\/logo\/image\/\",\"url\":\"https:\/\/stourm.news\/wp-content\/uploads\/2025\/11\/cropped-Capture-decran-2025-11-28-a-15.19.07.png\",\"contentUrl\":\"https:\/\/stourm.news\/wp-content\/uploads\/2025\/11\/cropped-Capture-decran-2025-11-28-a-15.19.07.png\",\"width\":1855,\"height\":383,\"caption\":\"Stourm\"},\"image\":{\"@id\":\"https:\/\/stourm.news\/#\/schema\/logo\/image\/\"},\"sameAs\":[\"https:\/\/www.facebook.com\/stourmnews\/\"]},{\"@type\":\"Person\",\"@id\":\"https:\/\/stourm.news\/#\/schema\/person\/c3e1dc65988632e190969234ef046cf9\",\"name\":\"La r\u00e9daction\",\"image\":{\"@type\":\"ImageObject\",\"inLanguage\":\"fr-FR\",\"@id\":\"https:\/\/stourm.news\/#\/schema\/person\/image\/\",\"url\":\"https:\/\/secure.gravatar.com\/avatar\/7463443f194b6b5fb706b074ca0ef59a0cfcfd720cb47764b0ec5a952ce422b3?s=96&d=mm&r=g\",\"contentUrl\":\"https:\/\/secure.gravatar.com\/avatar\/7463443f194b6b5fb706b074ca0ef59a0cfcfd720cb47764b0ec5a952ce422b3?s=96&d=mm&r=g\",\"caption\":\"La r\u00e9daction\"},\"sameAs\":[\"https:\/\/stourm.news\"],\"url\":\"https:\/\/stourm.news\/?author=1\"}]}<\/script>\n<!-- \/ Yoast SEO plugin. -->","yoast_head_json":{"title":"Culpabilisation : Quimper comm\u00e9more l\u2019abolition de l\u2019esclavage ce vendredi 10 mai - STOURM","robots":{"index":"index","follow":"follow","max-snippet":"max-snippet:-1","max-image-preview":"max-image-preview:large","max-video-preview":"max-video-preview:-1"},"canonical":"https:\/\/stourm.news\/?p=1319","og_locale":"fr_FR","og_type":"article","og_title":"Culpabilisation : Quimper comm\u00e9more l\u2019abolition de l\u2019esclavage ce vendredi 10 mai - STOURM","og_description":"La Journ\u00e9e nationale des m\u00e9moires de la traite, de l\u2019esclavage et de leurs abolitions a lieu ce vendredi 10 mai. Une comm\u00e9moration est organis\u00e9e, \u00e0 11 h, quai du Steir, \u00e0 Quimper. Max Relouzat, pr\u00e9sident de l\u2019association M\u00e9moires des esclavages, appelle \u00e0 y participer. \u00ab\u00a0Le pr\u00e9fet du Finist\u00e8re, Alain Espinasse, et la maire de Quimper [&hellip;]","og_url":"https:\/\/stourm.news\/?p=1319","og_site_name":"STOURM","article_publisher":"https:\/\/www.facebook.com\/stourmnews\/","article_published_time":"2024-05-10T01:31:48+00:00","article_modified_time":"2024-05-10T01:32:13+00:00","og_image":[{"width":960,"height":600,"url":"https:\/\/stourm.news\/wp-content\/uploads\/2024\/05\/663cfff987decd632a79f82a.jpg","type":"image\/jpeg"}],"author":"La r\u00e9daction","twitter_card":"summary_large_image","twitter_misc":{"\u00c9crit par":"La r\u00e9daction","Dur\u00e9e de lecture estim\u00e9e":"1 minute"},"schema":{"@context":"https:\/\/schema.org","@graph":[{"@type":"Article","@id":"https:\/\/stourm.news\/?p=1319#article","isPartOf":{"@id":"https:\/\/stourm.news\/?p=1319"},"author":{"name":"La r\u00e9daction","@id":"https:\/\/stourm.news\/#\/schema\/person\/c3e1dc65988632e190969234ef046cf9"},"headline":"Culpabilisation : Quimper comm\u00e9more l\u2019abolition de l\u2019esclavage ce vendredi 10 mai","datePublished":"2024-05-10T01:31:48+00:00","dateModified":"2024-05-10T01:32:13+00:00","mainEntityOfPage":{"@id":"https:\/\/stourm.news\/?p=1319"},"wordCount":166,"commentCount":0,"publisher":{"@id":"https:\/\/stourm.news\/#organization"},"image":{"@id":"https:\/\/stourm.news\/?p=1319#primaryimage"},"thumbnailUrl":"https:\/\/stourm.news\/wp-content\/uploads\/2024\/05\/663cfff987decd632a79f82a.jpg","articleSection":["Extr\u00eame-gauche","Finist\u00e8re","Revue de presse"],"inLanguage":"fr-FR","potentialAction":[{"@type":"CommentAction","name":"Comment","target":["https:\/\/stourm.news\/?p=1319#respond"]}]},{"@type":"WebPage","@id":"https:\/\/stourm.news\/?p=1319","url":"https:\/\/stourm.news\/?p=1319","name":"Culpabilisation : Quimper comm\u00e9more l\u2019abolition de l\u2019esclavage ce vendredi 10 mai - STOURM","isPartOf":{"@id":"https:\/\/stourm.news\/#website"},"primaryImageOfPage":{"@id":"https:\/\/stourm.news\/?p=1319#primaryimage"},"image":{"@id":"https:\/\/stourm.news\/?p=1319#primaryimage"},"thumbnailUrl":"https:\/\/stourm.news\/wp-content\/uploads\/2024\/05\/663cfff987decd632a79f82a.jpg","datePublished":"2024-05-10T01:31:48+00:00","dateModified":"2024-05-10T01:32:13+00:00","breadcrumb":{"@id":"https:\/\/stourm.news\/?p=1319#breadcrumb"},"inLanguage":"fr-FR","potentialAction":[{"@type":"ReadAction","target":["https:\/\/stourm.news\/?p=1319"]}]},{"@type":"ImageObject","inLanguage":"fr-FR","@id":"https:\/\/stourm.news\/?p=1319#primaryimage","url":"https:\/\/stourm.news\/wp-content\/uploads\/2024\/05\/663cfff987decd632a79f82a.jpg","contentUrl":"https:\/\/stourm.news\/wp-content\/uploads\/2024\/05\/663cfff987decd632a79f82a.jpg","width":960,"height":600,"caption":"comm\u00e9moration"},{"@type":"BreadcrumbList","@id":"https:\/\/stourm.news\/?p=1319#breadcrumb","itemListElement":[{"@type":"ListItem","position":1,"name":"Accueil","item":"https:\/\/stourm.news\/"},{"@type":"ListItem","position":2,"name":"Culpabilisation : Quimper comm\u00e9more l\u2019abolition de l\u2019esclavage ce vendredi 10 mai"}]},{"@type":"WebSite","@id":"https:\/\/stourm.news\/#website","url":"https:\/\/stourm.news\/","name":"Stourm","description":"Kazetenn Strollad Broadel Breizh","publisher":{"@id":"https:\/\/stourm.news\/#organization"},"potentialAction":[{"@type":"SearchAction","target":{"@type":"EntryPoint","urlTemplate":"https:\/\/stourm.news\/?s={search_term_string}"},"query-input":{"@type":"PropertyValueSpecification","valueRequired":true,"valueName":"search_term_string"}}],"inLanguage":"fr-FR"},{"@type":"Organization","@id":"https:\/\/stourm.news\/#organization","name":"Stourm","url":"https:\/\/stourm.news\/","logo":{"@type":"ImageObject","inLanguage":"fr-FR","@id":"https:\/\/stourm.news\/#\/schema\/logo\/image\/","url":"https:\/\/stourm.news\/wp-content\/uploads\/2025\/11\/cropped-Capture-decran-2025-11-28-a-15.19.07.png","contentUrl":"https:\/\/stourm.news\/wp-content\/uploads\/2025\/11\/cropped-Capture-decran-2025-11-28-a-15.19.07.png","width":1855,"height":383,"caption":"Stourm"},"image":{"@id":"https:\/\/stourm.news\/#\/schema\/logo\/image\/"},"sameAs":["https:\/\/www.facebook.com\/stourmnews\/"]},{"@type":"Person","@id":"https:\/\/stourm.news\/#\/schema\/person\/c3e1dc65988632e190969234ef046cf9","name":"La r\u00e9daction","image":{"@type":"ImageObject","inLanguage":"fr-FR","@id":"https:\/\/stourm.news\/#\/schema\/person\/image\/","url":"https:\/\/secure.gravatar.com\/avatar\/7463443f194b6b5fb706b074ca0ef59a0cfcfd720cb47764b0ec5a952ce422b3?s=96&d=mm&r=g","contentUrl":"https:\/\/secure.gravatar.com\/avatar\/7463443f194b6b5fb706b074ca0ef59a0cfcfd720cb47764b0ec5a952ce422b3?s=96&d=mm&r=g","caption":"La r\u00e9daction"},"sameAs":["https:\/\/stourm.news"],"url":"https:\/\/stourm.news\/?author=1"}]}},"_links":{"self":[{"href":"https:\/\/stourm.news\/index.php?rest_route=\/wp\/v2\/posts\/1319","targetHints":{"allow":["GET"]}}],"collection":[{"href":"https:\/\/stourm.news\/index.php?rest_route=\/wp\/v2\/posts"}],"about":[{"href":"https:\/\/stourm.news\/index.php?rest_route=\/wp\/v2\/types\/post"}],"author":[{"embeddable":true,"href":"https:\/\/stourm.news\/index.php?rest_route=\/wp\/v2\/users\/1"}],"replies":[{"embeddable":true,"href":"https:\/\/stourm.news\/index.php?rest_route=%2Fwp%2Fv2%2Fcomments&post=1319"}],"version-history":[{"count":2,"href":"https:\/\/stourm.news\/index.php?rest_route=\/wp\/v2\/posts\/1319\/revisions"}],"predecessor-version":[{"id":1322,"href":"https:\/\/stourm.news\/index.php?rest_route=\/wp\/v2\/posts\/1319\/revisions\/1322"}],"wp:featuredmedia":[{"embeddable":true,"href":"https:\/\/stourm.news\/index.php?rest_route=\/wp\/v2\/media\/1320"}],"wp:attachment":[{"href":"https:\/\/stourm.news\/index.php?rest_route=%2Fwp%2Fv2%2Fmedia&parent=1319"}],"wp:term":[{"taxonomy":"category","embeddable":true,"href":"https:\/\/stourm.news\/index.php?rest_route=%2Fwp%2Fv2%2Fcategories&post=1319"},{"taxonomy":"post_tag","embeddable":true,"href":"https:\/\/stourm.news\/index.php?rest_route=%2Fwp%2Fv2%2Ftags&post=1319"}],"curies":[{"name":"wp","href":"https:\/\/api.w.org\/{rel}","templated":true}]}}