{"id":1331,"date":"2024-05-10T09:15:38","date_gmt":"2024-05-10T09:15:38","guid":{"rendered":"https:\/\/stourm.news\/?p=1331"},"modified":"2024-05-10T09:15:55","modified_gmt":"2024-05-10T09:15:55","slug":"1331","status":"publish","type":"post","link":"https:\/\/stourm.news\/?p=1331","title":{"rendered":"OQTF confirm\u00e9e : \u00e0 Saint-Malo, Amadou et ses soutiens ne baissent pas les bras"},"content":{"rendered":"<p style=\"text-align: justify;\"><strong>Amadou Bangoura<\/strong>, qui vit depuis quatre ans \u00e0 <strong>Saint-Malo<\/strong>, garde le sourire contre vents et mar\u00e9es. Ce <strong>Guin\u00e9en<\/strong> de 20 ans, pass\u00e9 par le Maroc et l\u2019Espagne, entr\u00e9 en France <strong>sans visa<\/strong> \u00e0 l\u2019\u00e9t\u00e9 2019, est pourtant dans une situation d\u00e9licate. Sa demande de titre de s\u00e9jour a \u00e9t\u00e9 <strong>refus\u00e9e<\/strong>. Le 23 d\u00e9cembre 2023, une <strong>obligation de quitter le territoire fran\u00e7ais (OQTF)<\/strong> lui \u00e9tait signifi\u00e9e par la Pr\u00e9fecture.<\/p>\n<p style=\"text-align: justify;\">Malgr\u00e9 la mobilisation autour de lui, et en premier lieu celle de Natacha et Jo\u00ebl Savy, qui l\u2019ont pris sous leurs ailes (lire notre premier article ici), la d\u00e9cision est tomb\u00e9e le 17 avril : le tribunal administratif de Rennes a confirm\u00e9 l\u2019OQTF.<\/p>\n<p style=\"text-align: justify;\">\u00ab Mais on ne va pas baisser les bras \u00bb, assure le couple malouin, qui h\u00e9berge Amadou dans une d\u00e9pendance de sa maison \u00e0 Roth\u00e9neuf.<\/p>\n<p style=\"text-align: justify;\">D\u2019apr\u00e8s les Savy, l\u2019OQTF avait d\u00e9j\u00e0 \u00ab coup\u00e9 les pattes \u00bb \u00e0 leur prot\u00e9g\u00e9, en l\u2019emp\u00eachant de travailler.<\/p>\n<p style=\"text-align: justify;\">En d\u00e9cembre, il \u0153uvrait encore en int\u00e9rim comme aide-charpentier, gr\u00e2ce au CAP Constructeur bois qu\u2019il avait obtenu en juin 2021 au lyc\u00e9e professionnel Alphonse Pell\u00e9 \u00e0 Dol-de-Bretagne. Il n\u2019a pas pu reprendre son poste apr\u00e8s les vacances de No\u00ebl, comme c\u2019\u00e9tait pr\u00e9vu. Il ne peut pas non plus passer le permis de conduire.<\/p>\n<p style=\"text-align: justify;\">\u00ab C\u2019est une grosse d\u00e9ception. On pensait avoir un bon dossier, tous les clignotants nous paraissaient au vert \u00bb, abonde Natacha Savy. Mais il manquait peut-\u00eatre la perspective d\u2019un contrat stable\u2026 qu\u2019Amadou a d\u00e9sormais : gr\u00e2ce \u00e0 ses liens nou\u00e9s au club de foot de Saint-M\u00e9loir-des-Ondes, mais aussi au voisin des Savy, il assure avoir une promesse de CDI <strong>dans une entreprise de construction \u00e0 Liffr\u00e9<\/strong>.<\/p>\n<p style=\"text-align: justify;\">Source : <a href=\"https:\/\/actu.fr\/bretagne\/saint-malo_35288\/oqtf-confirmee-a-saint-malo-amadou-et-ses-soutiens-ne-baissent-pas-les-bras_61040418.html\">Actu.fr<\/a><\/p>\n","protected":false},"excerpt":{"rendered":"<p>Amadou Bangoura, qui vit depuis quatre ans \u00e0 Saint-Malo, garde le sourire contre vents et mar\u00e9es. Ce Guin\u00e9en de 20 ans, pass\u00e9 par le Maroc et l\u2019Espagne, entr\u00e9 en France sans visa \u00e0 l\u2019\u00e9t\u00e9 2019, est pourtant dans une situation d\u00e9licate. Sa demande de titre de s\u00e9jour a \u00e9t\u00e9 refus\u00e9e. Le 23 d\u00e9cembre 2023, une [&hellip;]<\/p>\n","protected":false},"author":1,"featured_media":1332,"comment_status":"open","ping_status":"open","sticky":false,"template":"","format":"standard","meta":{"sb_editor_width":"","footnotes":""},"categories":[41,33,62],"tags":[],"class_list":["post-1331","post","type-post","status-publish","format-standard","has-post-thumbnail","hentry","category-ille-et-vilaine","category-immigration","category-revue-de-presse"],"relative_dates":{"created":"2 ans ago","modified":"2 ans ago"},"yoast_head":"<!-- This site is optimized with the Yoast SEO plugin v26.3 - https:\/\/yoast.com\/wordpress\/plugins\/seo\/ -->\n<title>OQTF confirm\u00e9e : \u00e0 Saint-Malo, Amadou et ses soutiens ne baissent pas les bras - STOURM<\/title>\n<meta name=\"robots\" content=\"index, follow, max-snippet:-1, max-image-preview:large, max-video-preview:-1\" \/>\n<link rel=\"canonical\" href=\"https:\/\/stourm.news\/?p=1331\" \/>\n<meta property=\"og:locale\" content=\"fr_FR\" \/>\n<meta property=\"og:type\" content=\"article\" \/>\n<meta property=\"og:title\" content=\"OQTF confirm\u00e9e : \u00e0 Saint-Malo, Amadou et ses soutiens ne baissent pas les bras - STOURM\" \/>\n<meta property=\"og:description\" content=\"Amadou Bangoura, qui vit depuis quatre ans \u00e0 Saint-Malo, garde le sourire contre vents et mar\u00e9es. Ce Guin\u00e9en de 20 ans, pass\u00e9 par le Maroc et l\u2019Espagne, entr\u00e9 en France sans visa \u00e0 l\u2019\u00e9t\u00e9 2019, est pourtant dans une situation d\u00e9licate. Sa demande de titre de s\u00e9jour a \u00e9t\u00e9 refus\u00e9e. Le 23 d\u00e9cembre 2023, une [&hellip;]\" \/>\n<meta property=\"og:url\" content=\"https:\/\/stourm.news\/?p=1331\" \/>\n<meta property=\"og:site_name\" content=\"STOURM\" \/>\n<meta property=\"article:publisher\" content=\"https:\/\/www.facebook.com\/stourmnews\/\" \/>\n<meta property=\"article:published_time\" content=\"2024-05-10T09:15:38+00:00\" \/>\n<meta property=\"article:modified_time\" content=\"2024-05-10T09:15:55+00:00\" \/>\n<meta property=\"og:image\" content=\"https:\/\/stourm.news\/wp-content\/uploads\/2024\/05\/bf1cddddd9366e32cddddd936782cdv-960x640-1.jpg\" \/>\n\t<meta property=\"og:image:width\" content=\"960\" \/>\n\t<meta property=\"og:image:height\" content=\"640\" \/>\n\t<meta property=\"og:image:type\" content=\"image\/jpeg\" \/>\n<meta name=\"author\" content=\"La r\u00e9daction\" \/>\n<meta name=\"twitter:card\" content=\"summary_large_image\" \/>\n<meta name=\"twitter:label1\" content=\"\u00c9crit par\" \/>\n\t<meta name=\"twitter:data1\" content=\"La r\u00e9daction\" \/>\n\t<meta name=\"twitter:label2\" content=\"Dur\u00e9e de lecture estim\u00e9e\" \/>\n\t<meta name=\"twitter:data2\" content=\"2 minutes\" \/>\n<script type=\"application\/ld+json\" class=\"yoast-schema-graph\">{\"@context\":\"https:\/\/schema.org\",\"@graph\":[{\"@type\":\"Article\",\"@id\":\"https:\/\/stourm.news\/?p=1331#article\",\"isPartOf\":{\"@id\":\"https:\/\/stourm.news\/?p=1331\"},\"author\":{\"name\":\"La r\u00e9daction\",\"@id\":\"https:\/\/stourm.news\/#\/schema\/person\/c3e1dc65988632e190969234ef046cf9\"},\"headline\":\"OQTF confirm\u00e9e : \u00e0 Saint-Malo, Amadou et ses soutiens ne baissent pas les bras\",\"datePublished\":\"2024-05-10T09:15:38+00:00\",\"dateModified\":\"2024-05-10T09:15:55+00:00\",\"mainEntityOfPage\":{\"@id\":\"https:\/\/stourm.news\/?p=1331\"},\"wordCount\":313,\"commentCount\":0,\"publisher\":{\"@id\":\"https:\/\/stourm.news\/#organization\"},\"image\":{\"@id\":\"https:\/\/stourm.news\/?p=1331#primaryimage\"},\"thumbnailUrl\":\"https:\/\/stourm.news\/wp-content\/uploads\/2024\/05\/bf1cddddd9366e32cddddd936782cdv-960x640-1.jpg\",\"articleSection\":[\"Ille-et-Vilaine\",\"Immigration\",\"Revue de presse\"],\"inLanguage\":\"fr-FR\",\"potentialAction\":[{\"@type\":\"CommentAction\",\"name\":\"Comment\",\"target\":[\"https:\/\/stourm.news\/?p=1331#respond\"]}]},{\"@type\":\"WebPage\",\"@id\":\"https:\/\/stourm.news\/?p=1331\",\"url\":\"https:\/\/stourm.news\/?p=1331\",\"name\":\"OQTF confirm\u00e9e : \u00e0 Saint-Malo, Amadou et ses soutiens ne baissent pas les bras - STOURM\",\"isPartOf\":{\"@id\":\"https:\/\/stourm.news\/#website\"},\"primaryImageOfPage\":{\"@id\":\"https:\/\/stourm.news\/?p=1331#primaryimage\"},\"image\":{\"@id\":\"https:\/\/stourm.news\/?p=1331#primaryimage\"},\"thumbnailUrl\":\"https:\/\/stourm.news\/wp-content\/uploads\/2024\/05\/bf1cddddd9366e32cddddd936782cdv-960x640-1.jpg\",\"datePublished\":\"2024-05-10T09:15:38+00:00\",\"dateModified\":\"2024-05-10T09:15:55+00:00\",\"breadcrumb\":{\"@id\":\"https:\/\/stourm.news\/?p=1331#breadcrumb\"},\"inLanguage\":\"fr-FR\",\"potentialAction\":[{\"@type\":\"ReadAction\",\"target\":[\"https:\/\/stourm.news\/?p=1331\"]}]},{\"@type\":\"ImageObject\",\"inLanguage\":\"fr-FR\",\"@id\":\"https:\/\/stourm.news\/?p=1331#primaryimage\",\"url\":\"https:\/\/stourm.news\/wp-content\/uploads\/2024\/05\/bf1cddddd9366e32cddddd936782cdv-960x640-1.jpg\",\"contentUrl\":\"https:\/\/stourm.news\/wp-content\/uploads\/2024\/05\/bf1cddddd9366e32cddddd936782cdv-960x640-1.jpg\",\"width\":960,\"height\":640},{\"@type\":\"BreadcrumbList\",\"@id\":\"https:\/\/stourm.news\/?p=1331#breadcrumb\",\"itemListElement\":[{\"@type\":\"ListItem\",\"position\":1,\"name\":\"Accueil\",\"item\":\"https:\/\/stourm.news\/\"},{\"@type\":\"ListItem\",\"position\":2,\"name\":\"OQTF confirm\u00e9e : \u00e0 Saint-Malo, Amadou et ses soutiens ne baissent pas les bras\"}]},{\"@type\":\"WebSite\",\"@id\":\"https:\/\/stourm.news\/#website\",\"url\":\"https:\/\/stourm.news\/\",\"name\":\"Stourm\",\"description\":\"Kazetenn Strollad Broadel Breizh\",\"publisher\":{\"@id\":\"https:\/\/stourm.news\/#organization\"},\"potentialAction\":[{\"@type\":\"SearchAction\",\"target\":{\"@type\":\"EntryPoint\",\"urlTemplate\":\"https:\/\/stourm.news\/?s={search_term_string}\"},\"query-input\":{\"@type\":\"PropertyValueSpecification\",\"valueRequired\":true,\"valueName\":\"search_term_string\"}}],\"inLanguage\":\"fr-FR\"},{\"@type\":\"Organization\",\"@id\":\"https:\/\/stourm.news\/#organization\",\"name\":\"Stourm\",\"url\":\"https:\/\/stourm.news\/\",\"logo\":{\"@type\":\"ImageObject\",\"inLanguage\":\"fr-FR\",\"@id\":\"https:\/\/stourm.news\/#\/schema\/logo\/image\/\",\"url\":\"https:\/\/stourm.news\/wp-content\/uploads\/2025\/11\/cropped-Capture-decran-2025-11-28-a-15.19.07.png\",\"contentUrl\":\"https:\/\/stourm.news\/wp-content\/uploads\/2025\/11\/cropped-Capture-decran-2025-11-28-a-15.19.07.png\",\"width\":1855,\"height\":383,\"caption\":\"Stourm\"},\"image\":{\"@id\":\"https:\/\/stourm.news\/#\/schema\/logo\/image\/\"},\"sameAs\":[\"https:\/\/www.facebook.com\/stourmnews\/\"]},{\"@type\":\"Person\",\"@id\":\"https:\/\/stourm.news\/#\/schema\/person\/c3e1dc65988632e190969234ef046cf9\",\"name\":\"La r\u00e9daction\",\"image\":{\"@type\":\"ImageObject\",\"inLanguage\":\"fr-FR\",\"@id\":\"https:\/\/stourm.news\/#\/schema\/person\/image\/\",\"url\":\"https:\/\/secure.gravatar.com\/avatar\/7463443f194b6b5fb706b074ca0ef59a0cfcfd720cb47764b0ec5a952ce422b3?s=96&d=mm&r=g\",\"contentUrl\":\"https:\/\/secure.gravatar.com\/avatar\/7463443f194b6b5fb706b074ca0ef59a0cfcfd720cb47764b0ec5a952ce422b3?s=96&d=mm&r=g\",\"caption\":\"La r\u00e9daction\"},\"sameAs\":[\"https:\/\/stourm.news\"],\"url\":\"https:\/\/stourm.news\/?author=1\"}]}<\/script>\n<!-- \/ Yoast SEO plugin. -->","yoast_head_json":{"title":"OQTF confirm\u00e9e : \u00e0 Saint-Malo, Amadou et ses soutiens ne baissent pas les bras - STOURM","robots":{"index":"index","follow":"follow","max-snippet":"max-snippet:-1","max-image-preview":"max-image-preview:large","max-video-preview":"max-video-preview:-1"},"canonical":"https:\/\/stourm.news\/?p=1331","og_locale":"fr_FR","og_type":"article","og_title":"OQTF confirm\u00e9e : \u00e0 Saint-Malo, Amadou et ses soutiens ne baissent pas les bras - STOURM","og_description":"Amadou Bangoura, qui vit depuis quatre ans \u00e0 Saint-Malo, garde le sourire contre vents et mar\u00e9es. Ce Guin\u00e9en de 20 ans, pass\u00e9 par le Maroc et l\u2019Espagne, entr\u00e9 en France sans visa \u00e0 l\u2019\u00e9t\u00e9 2019, est pourtant dans une situation d\u00e9licate. Sa demande de titre de s\u00e9jour a \u00e9t\u00e9 refus\u00e9e. Le 23 d\u00e9cembre 2023, une [&hellip;]","og_url":"https:\/\/stourm.news\/?p=1331","og_site_name":"STOURM","article_publisher":"https:\/\/www.facebook.com\/stourmnews\/","article_published_time":"2024-05-10T09:15:38+00:00","article_modified_time":"2024-05-10T09:15:55+00:00","og_image":[{"width":960,"height":640,"url":"https:\/\/stourm.news\/wp-content\/uploads\/2024\/05\/bf1cddddd9366e32cddddd936782cdv-960x640-1.jpg","type":"image\/jpeg"}],"author":"La r\u00e9daction","twitter_card":"summary_large_image","twitter_misc":{"\u00c9crit par":"La r\u00e9daction","Dur\u00e9e de lecture estim\u00e9e":"2 minutes"},"schema":{"@context":"https:\/\/schema.org","@graph":[{"@type":"Article","@id":"https:\/\/stourm.news\/?p=1331#article","isPartOf":{"@id":"https:\/\/stourm.news\/?p=1331"},"author":{"name":"La r\u00e9daction","@id":"https:\/\/stourm.news\/#\/schema\/person\/c3e1dc65988632e190969234ef046cf9"},"headline":"OQTF confirm\u00e9e : \u00e0 Saint-Malo, Amadou et ses soutiens ne baissent pas les bras","datePublished":"2024-05-10T09:15:38+00:00","dateModified":"2024-05-10T09:15:55+00:00","mainEntityOfPage":{"@id":"https:\/\/stourm.news\/?p=1331"},"wordCount":313,"commentCount":0,"publisher":{"@id":"https:\/\/stourm.news\/#organization"},"image":{"@id":"https:\/\/stourm.news\/?p=1331#primaryimage"},"thumbnailUrl":"https:\/\/stourm.news\/wp-content\/uploads\/2024\/05\/bf1cddddd9366e32cddddd936782cdv-960x640-1.jpg","articleSection":["Ille-et-Vilaine","Immigration","Revue de presse"],"inLanguage":"fr-FR","potentialAction":[{"@type":"CommentAction","name":"Comment","target":["https:\/\/stourm.news\/?p=1331#respond"]}]},{"@type":"WebPage","@id":"https:\/\/stourm.news\/?p=1331","url":"https:\/\/stourm.news\/?p=1331","name":"OQTF confirm\u00e9e : \u00e0 Saint-Malo, Amadou et ses soutiens ne baissent pas les bras - STOURM","isPartOf":{"@id":"https:\/\/stourm.news\/#website"},"primaryImageOfPage":{"@id":"https:\/\/stourm.news\/?p=1331#primaryimage"},"image":{"@id":"https:\/\/stourm.news\/?p=1331#primaryimage"},"thumbnailUrl":"https:\/\/stourm.news\/wp-content\/uploads\/2024\/05\/bf1cddddd9366e32cddddd936782cdv-960x640-1.jpg","datePublished":"2024-05-10T09:15:38+00:00","dateModified":"2024-05-10T09:15:55+00:00","breadcrumb":{"@id":"https:\/\/stourm.news\/?p=1331#breadcrumb"},"inLanguage":"fr-FR","potentialAction":[{"@type":"ReadAction","target":["https:\/\/stourm.news\/?p=1331"]}]},{"@type":"ImageObject","inLanguage":"fr-FR","@id":"https:\/\/stourm.news\/?p=1331#primaryimage","url":"https:\/\/stourm.news\/wp-content\/uploads\/2024\/05\/bf1cddddd9366e32cddddd936782cdv-960x640-1.jpg","contentUrl":"https:\/\/stourm.news\/wp-content\/uploads\/2024\/05\/bf1cddddd9366e32cddddd936782cdv-960x640-1.jpg","width":960,"height":640},{"@type":"BreadcrumbList","@id":"https:\/\/stourm.news\/?p=1331#breadcrumb","itemListElement":[{"@type":"ListItem","position":1,"name":"Accueil","item":"https:\/\/stourm.news\/"},{"@type":"ListItem","position":2,"name":"OQTF confirm\u00e9e : \u00e0 Saint-Malo, Amadou et ses soutiens ne baissent pas les bras"}]},{"@type":"WebSite","@id":"https:\/\/stourm.news\/#website","url":"https:\/\/stourm.news\/","name":"Stourm","description":"Kazetenn Strollad Broadel Breizh","publisher":{"@id":"https:\/\/stourm.news\/#organization"},"potentialAction":[{"@type":"SearchAction","target":{"@type":"EntryPoint","urlTemplate":"https:\/\/stourm.news\/?s={search_term_string}"},"query-input":{"@type":"PropertyValueSpecification","valueRequired":true,"valueName":"search_term_string"}}],"inLanguage":"fr-FR"},{"@type":"Organization","@id":"https:\/\/stourm.news\/#organization","name":"Stourm","url":"https:\/\/stourm.news\/","logo":{"@type":"ImageObject","inLanguage":"fr-FR","@id":"https:\/\/stourm.news\/#\/schema\/logo\/image\/","url":"https:\/\/stourm.news\/wp-content\/uploads\/2025\/11\/cropped-Capture-decran-2025-11-28-a-15.19.07.png","contentUrl":"https:\/\/stourm.news\/wp-content\/uploads\/2025\/11\/cropped-Capture-decran-2025-11-28-a-15.19.07.png","width":1855,"height":383,"caption":"Stourm"},"image":{"@id":"https:\/\/stourm.news\/#\/schema\/logo\/image\/"},"sameAs":["https:\/\/www.facebook.com\/stourmnews\/"]},{"@type":"Person","@id":"https:\/\/stourm.news\/#\/schema\/person\/c3e1dc65988632e190969234ef046cf9","name":"La r\u00e9daction","image":{"@type":"ImageObject","inLanguage":"fr-FR","@id":"https:\/\/stourm.news\/#\/schema\/person\/image\/","url":"https:\/\/secure.gravatar.com\/avatar\/7463443f194b6b5fb706b074ca0ef59a0cfcfd720cb47764b0ec5a952ce422b3?s=96&d=mm&r=g","contentUrl":"https:\/\/secure.gravatar.com\/avatar\/7463443f194b6b5fb706b074ca0ef59a0cfcfd720cb47764b0ec5a952ce422b3?s=96&d=mm&r=g","caption":"La r\u00e9daction"},"sameAs":["https:\/\/stourm.news"],"url":"https:\/\/stourm.news\/?author=1"}]}},"_links":{"self":[{"href":"https:\/\/stourm.news\/index.php?rest_route=\/wp\/v2\/posts\/1331","targetHints":{"allow":["GET"]}}],"collection":[{"href":"https:\/\/stourm.news\/index.php?rest_route=\/wp\/v2\/posts"}],"about":[{"href":"https:\/\/stourm.news\/index.php?rest_route=\/wp\/v2\/types\/post"}],"author":[{"embeddable":true,"href":"https:\/\/stourm.news\/index.php?rest_route=\/wp\/v2\/users\/1"}],"replies":[{"embeddable":true,"href":"https:\/\/stourm.news\/index.php?rest_route=%2Fwp%2Fv2%2Fcomments&post=1331"}],"version-history":[{"count":2,"href":"https:\/\/stourm.news\/index.php?rest_route=\/wp\/v2\/posts\/1331\/revisions"}],"predecessor-version":[{"id":1334,"href":"https:\/\/stourm.news\/index.php?rest_route=\/wp\/v2\/posts\/1331\/revisions\/1334"}],"wp:featuredmedia":[{"embeddable":true,"href":"https:\/\/stourm.news\/index.php?rest_route=\/wp\/v2\/media\/1332"}],"wp:attachment":[{"href":"https:\/\/stourm.news\/index.php?rest_route=%2Fwp%2Fv2%2Fmedia&parent=1331"}],"wp:term":[{"taxonomy":"category","embeddable":true,"href":"https:\/\/stourm.news\/index.php?rest_route=%2Fwp%2Fv2%2Fcategories&post=1331"},{"taxonomy":"post_tag","embeddable":true,"href":"https:\/\/stourm.news\/index.php?rest_route=%2Fwp%2Fv2%2Ftags&post=1331"}],"curies":[{"name":"wp","href":"https:\/\/api.w.org\/{rel}","templated":true}]}}