{"id":1335,"date":"2024-05-10T15:50:39","date_gmt":"2024-05-10T15:50:39","guid":{"rendered":"https:\/\/stourm.news\/?p=1335"},"modified":"2024-05-10T15:52:53","modified_gmt":"2024-05-10T15:52:53","slug":"1335","status":"publish","type":"post","link":"https:\/\/stourm.news\/?p=1335","title":{"rendered":"L&rsquo;autonomie strat\u00e9gique de la Hongrie : un exemple pour la Bretagne ind\u00e9pendante"},"content":{"rendered":"<p style=\"text-align: justify;\"><span style=\"font-size: 12pt; color: #000000;\">L&rsquo;Institut hongrois pour les affaires \u00e9trang\u00e8res a publi\u00e9 un <a style=\"color: #000000;\" href=\"https:\/\/kki.hu\/wp-content\/uploads\/2024\/05\/0508_Hungary-and-China_v3.pdf\">texte<\/a> qui fixe l&rsquo;attitude de la Hongrie dans le contexte g\u00e9opolitique europ\u00e9en et international. Apr\u00e8s la visite du pr\u00e9sident chinois \u00e0 Budapest, il permet de comprendre l&rsquo;importance de l&rsquo;autonomie strat\u00e9gique d&rsquo;un \u00e9tat europ\u00e9en.<\/span><\/p>\n<blockquote class=\"twitter-tweet\">\n<p dir=\"ltr\" lang=\"fr\"><a href=\"https:\/\/twitter.com\/hashtag\/ChinaEurope2024?src=hash&amp;ref_src=twsrc%5Etfw\">#ChinaEurope2024<\/a> Le pr\u00e9sident Xi Jinping s&rsquo;entretient avec le Premier ministre hongrois Viktor Orban <a href=\"https:\/\/t.co\/PaVbR1hCkU\">pic.twitter.com\/PaVbR1hCkU<\/a><\/p>\n<p>\u2014 CGTN Fran\u00e7ais (@CGTNFrancais) <a href=\"https:\/\/twitter.com\/CGTNFrancais\/status\/1788852363396280772?ref_src=twsrc%5Etfw\">May 10, 2024<\/a><\/p><\/blockquote>\n<p><script async src=\"https:\/\/platform.twitter.com\/widgets.js\" charset=\"utf-8\"><\/script><\/p>\n<p><span style=\"font-size: 12pt; color: #000000;\">On peut lire :<\/span><\/p>\n<blockquote>\n<p style=\"text-align: justify;\"><span style=\"font-size: 12pt; color: #000000;\">Comme il ressort de ce qui pr\u00e9c\u00e8de, les relations entre la Hongrie et la Chine ont connu d&rsquo;importants changements au cours des quinze derni\u00e8res ann\u00e9es.<\/span><\/p>\n<p style=\"text-align: justify;\"><span style=\"font-size: 14pt; color: #000000;\">Aujourd&rsquo;hui, nous pouvons parler d&rsquo;une relation v\u00e9ritablement multidimensionnelle, qui non seulement implique des interactions de plus en plus diverses dans certains domaines de l&rsquo;\u00e9conomie, mais refl\u00e8te \u00e9galement les points de vue similaires des deux pays sur l&rsquo;importance de l&rsquo;\u00e9tablissement de relations internationales et de la connectivit\u00e9.<\/span><\/p>\n<p style=\"text-align: justify;\"><span style=\"font-size: 14pt; color: #000000;\">Dans le m\u00eame temps, l&rsquo;environnement ext\u00e9rieur dans lequel s&rsquo;inscrivent les relations bilat\u00e9rales \u00e9volue \u00e9galement, avec des tensions croissantes entre les \u00c9tats-Unis et leurs alli\u00e9s et la Chine, et le nombre croissant de conflits auxquels notre pays est confront\u00e9 s&rsquo;il souhaite renforcer ses relations avec le pays asiatique dans certains domaines.<\/span><\/p>\n<p style=\"text-align: justify;\"><span style=\"font-size: 14pt; color: #000000;\">Dans cet environnement, les int\u00e9r\u00eats hongrois sont mieux servis en termes de maintien de la connectivit\u00e9 \u00e9conomique, si l&rsquo;UE peut \u00e9viter d&rsquo;\u00eatre contrainte \u00e0 une strat\u00e9gie chinoise qui vise \u00e0 pr\u00e9server la position des \u00c9tats-Unis en tant que puissance mondiale. La politique \u00e9trang\u00e8re hongroise peut mieux promouvoir cet objectif si elle soutient les efforts de Bruxelles, non pas pour pr\u00f4ner id\u00e9ologiquement un d\u00e9couplage avec l&rsquo;\u00e9conomie chinoise, mais pour \u00e9valuer la vuln\u00e9rabilit\u00e9 des cha\u00eenes d&rsquo;approvisionnement <strong>du point de vue de l&rsquo;int\u00e9r\u00eat national<\/strong> et renforcer v\u00e9ritablement la comp\u00e9titivit\u00e9 technologique des entreprises europ\u00e9ennes.<\/span><\/p>\n<\/blockquote>\n<p style=\"text-align: justify;\"><span style=\"font-size: 12pt; color: #000000;\">Le Parti National Breton estime que le pragmatisme qui guide la politique ext\u00e9rieure hongroise est un mod\u00e8le qui doit inspirer la Bretagne ind\u00e9pendante.<\/span><\/p>\n<p style=\"text-align: justify;\"><span style=\"font-size: 12pt; color: #000000;\">Pour pr\u00e9server sa neutralit\u00e9 et son ind\u00e9pendance, la Bretagne doit refuser le principe des alliances et de l&rsquo;alignement, \u00eatre ouverte aux coop\u00e9rations avec tous les \u00e9tats dispos\u00e9s \u00e0 le faire et ce \u00e0 tous les niveaux pertinents pour la nation bretonne, sans a priori culturels ou id\u00e9ologiques.<\/span><\/p>\n<p style=\"text-align: justify;\"><span style=\"font-size: 12pt; color: #000000;\">Une Bretagne lib\u00e9r\u00e9e de l&rsquo;occupation fran\u00e7aise disposera des moyens de ses relations bilat\u00e9rales, ce qui offrira de nouvelles possibilit\u00e9s \u00e0 la nation bretonne. La politique \u00e9trang\u00e8re bretonne sera plac\u00e9e sous le principe du d\u00e9veloppement des moyens de l&rsquo;ind\u00e9pendance bretonne, notamment au plan \u00e9nerg\u00e9tique, technologique et \u00e9conomique.<\/span><\/p>\n<p style=\"text-align: justify;\"><span style=\"font-size: 12pt; color: #000000;\">La Bretagne, en particulier, ne devra pas appartenir \u00e0 l&rsquo;OTAN, ni \u00e0 l&rsquo;ONU, dont l&rsquo;avenir est s\u00e9rieusement remis en question, et \u00e9valuer son maintien dans l&rsquo;Union Europ\u00e9enne en fonction des dispositions de celle-ci \u00e0 reconna\u00eetre ou non la souverainet\u00e9 de l&rsquo;\u00c9tat breton.<\/span><\/p>\n<p style=\"text-align: justify;\"><span style=\"font-size: 12pt; color: #000000;\">Le Parti National Breton, conform\u00e9ment \u00e0 son r\u00f4le de restauration de l&rsquo;\u00c9tat breton, cultivera activement les relations avec toutes les nations qui reconnaissent le droit l\u00e9gitime et fondamental de la nation bretonne \u00e0 l&rsquo;autod\u00e9termination.<\/span><\/p>\n<p style=\"text-align: right;\"><span style=\"font-size: 14pt; color: #000000;\"><strong>Le Kuzul Meur du Parti National Breton<\/strong><\/span><\/p>\n","protected":false},"excerpt":{"rendered":"<p>L&rsquo;Institut hongrois pour les affaires \u00e9trang\u00e8res a publi\u00e9 un texte qui fixe l&rsquo;attitude de la Hongrie dans le contexte g\u00e9opolitique europ\u00e9en et international. Apr\u00e8s la visite du pr\u00e9sident chinois \u00e0 Budapest, il permet de comprendre l&rsquo;importance de l&rsquo;autonomie strat\u00e9gique d&rsquo;un \u00e9tat europ\u00e9en. #ChinaEurope2024 Le pr\u00e9sident Xi Jinping s&rsquo;entretient avec le Premier ministre hongrois Viktor Orban [&hellip;]<\/p>\n","protected":false},"author":1,"featured_media":1337,"comment_status":"open","ping_status":"open","sticky":false,"template":"","format":"standard","meta":{"sb_editor_width":"","footnotes":""},"categories":[65,49],"tags":[],"class_list":["post-1335","post","type-post","status-publish","format-standard","has-post-thumbnail","hentry","category-principale","category-vie-du-parti"],"relative_dates":{"created":"2 ans ago","modified":"2 ans ago"},"yoast_head":"<!-- This site is optimized with the Yoast SEO plugin v26.3 - https:\/\/yoast.com\/wordpress\/plugins\/seo\/ -->\n<title>L&#039;autonomie strat\u00e9gique de la Hongrie : un exemple pour la Bretagne ind\u00e9pendante - STOURM<\/title>\n<meta name=\"robots\" content=\"index, follow, max-snippet:-1, max-image-preview:large, max-video-preview:-1\" \/>\n<link rel=\"canonical\" href=\"https:\/\/stourm.news\/?p=1335\" \/>\n<meta property=\"og:locale\" content=\"fr_FR\" \/>\n<meta property=\"og:type\" content=\"article\" \/>\n<meta property=\"og:title\" content=\"L&#039;autonomie strat\u00e9gique de la Hongrie : un exemple pour la Bretagne ind\u00e9pendante - STOURM\" \/>\n<meta property=\"og:description\" content=\"L&rsquo;Institut hongrois pour les affaires \u00e9trang\u00e8res a publi\u00e9 un texte qui fixe l&rsquo;attitude de la Hongrie dans le contexte g\u00e9opolitique europ\u00e9en et international. Apr\u00e8s la visite du pr\u00e9sident chinois \u00e0 Budapest, il permet de comprendre l&rsquo;importance de l&rsquo;autonomie strat\u00e9gique d&rsquo;un \u00e9tat europ\u00e9en. #ChinaEurope2024 Le pr\u00e9sident Xi Jinping s&rsquo;entretient avec le Premier ministre hongrois Viktor Orban [&hellip;]\" \/>\n<meta property=\"og:url\" content=\"https:\/\/stourm.news\/?p=1335\" \/>\n<meta property=\"og:site_name\" content=\"STOURM\" \/>\n<meta property=\"article:publisher\" content=\"https:\/\/www.facebook.com\/stourmnews\/\" \/>\n<meta property=\"article:published_time\" content=\"2024-05-10T15:50:39+00:00\" \/>\n<meta property=\"article:modified_time\" content=\"2024-05-10T15:52:53+00:00\" \/>\n<meta property=\"og:image\" content=\"https:\/\/stourm.news\/wp-content\/uploads\/2024\/05\/Designer-2024-05-10T190749.735.jpg\" \/>\n\t<meta property=\"og:image:width\" content=\"1024\" \/>\n\t<meta property=\"og:image:height\" content=\"671\" \/>\n\t<meta property=\"og:image:type\" content=\"image\/jpeg\" \/>\n<meta name=\"author\" content=\"La r\u00e9daction\" \/>\n<meta name=\"twitter:card\" content=\"summary_large_image\" \/>\n<meta name=\"twitter:label1\" content=\"\u00c9crit par\" \/>\n\t<meta name=\"twitter:data1\" content=\"La r\u00e9daction\" \/>\n\t<meta name=\"twitter:label2\" content=\"Dur\u00e9e de lecture estim\u00e9e\" \/>\n\t<meta name=\"twitter:data2\" content=\"2 minutes\" \/>\n<script type=\"application\/ld+json\" class=\"yoast-schema-graph\">{\"@context\":\"https:\/\/schema.org\",\"@graph\":[{\"@type\":\"Article\",\"@id\":\"https:\/\/stourm.news\/?p=1335#article\",\"isPartOf\":{\"@id\":\"https:\/\/stourm.news\/?p=1335\"},\"author\":{\"name\":\"La r\u00e9daction\",\"@id\":\"https:\/\/stourm.news\/#\/schema\/person\/c3e1dc65988632e190969234ef046cf9\"},\"headline\":\"L&rsquo;autonomie strat\u00e9gique de la Hongrie : un exemple pour la Bretagne ind\u00e9pendante\",\"datePublished\":\"2024-05-10T15:50:39+00:00\",\"dateModified\":\"2024-05-10T15:52:53+00:00\",\"mainEntityOfPage\":{\"@id\":\"https:\/\/stourm.news\/?p=1335\"},\"wordCount\":569,\"commentCount\":0,\"publisher\":{\"@id\":\"https:\/\/stourm.news\/#organization\"},\"image\":{\"@id\":\"https:\/\/stourm.news\/?p=1335#primaryimage\"},\"thumbnailUrl\":\"https:\/\/stourm.news\/wp-content\/uploads\/2024\/05\/Designer-2024-05-10T190749.735.jpg\",\"articleSection\":[\"Principale\",\"Vie du Parti\"],\"inLanguage\":\"fr-FR\",\"potentialAction\":[{\"@type\":\"CommentAction\",\"name\":\"Comment\",\"target\":[\"https:\/\/stourm.news\/?p=1335#respond\"]}]},{\"@type\":\"WebPage\",\"@id\":\"https:\/\/stourm.news\/?p=1335\",\"url\":\"https:\/\/stourm.news\/?p=1335\",\"name\":\"L'autonomie strat\u00e9gique de la Hongrie : un exemple pour la Bretagne ind\u00e9pendante - STOURM\",\"isPartOf\":{\"@id\":\"https:\/\/stourm.news\/#website\"},\"primaryImageOfPage\":{\"@id\":\"https:\/\/stourm.news\/?p=1335#primaryimage\"},\"image\":{\"@id\":\"https:\/\/stourm.news\/?p=1335#primaryimage\"},\"thumbnailUrl\":\"https:\/\/stourm.news\/wp-content\/uploads\/2024\/05\/Designer-2024-05-10T190749.735.jpg\",\"datePublished\":\"2024-05-10T15:50:39+00:00\",\"dateModified\":\"2024-05-10T15:52:53+00:00\",\"breadcrumb\":{\"@id\":\"https:\/\/stourm.news\/?p=1335#breadcrumb\"},\"inLanguage\":\"fr-FR\",\"potentialAction\":[{\"@type\":\"ReadAction\",\"target\":[\"https:\/\/stourm.news\/?p=1335\"]}]},{\"@type\":\"ImageObject\",\"inLanguage\":\"fr-FR\",\"@id\":\"https:\/\/stourm.news\/?p=1335#primaryimage\",\"url\":\"https:\/\/stourm.news\/wp-content\/uploads\/2024\/05\/Designer-2024-05-10T190749.735.jpg\",\"contentUrl\":\"https:\/\/stourm.news\/wp-content\/uploads\/2024\/05\/Designer-2024-05-10T190749.735.jpg\",\"width\":1024,\"height\":671},{\"@type\":\"BreadcrumbList\",\"@id\":\"https:\/\/stourm.news\/?p=1335#breadcrumb\",\"itemListElement\":[{\"@type\":\"ListItem\",\"position\":1,\"name\":\"Accueil\",\"item\":\"https:\/\/stourm.news\/\"},{\"@type\":\"ListItem\",\"position\":2,\"name\":\"L&rsquo;autonomie strat\u00e9gique de la Hongrie : un exemple pour la Bretagne ind\u00e9pendante\"}]},{\"@type\":\"WebSite\",\"@id\":\"https:\/\/stourm.news\/#website\",\"url\":\"https:\/\/stourm.news\/\",\"name\":\"Stourm\",\"description\":\"Kazetenn Strollad Broadel Breizh\",\"publisher\":{\"@id\":\"https:\/\/stourm.news\/#organization\"},\"potentialAction\":[{\"@type\":\"SearchAction\",\"target\":{\"@type\":\"EntryPoint\",\"urlTemplate\":\"https:\/\/stourm.news\/?s={search_term_string}\"},\"query-input\":{\"@type\":\"PropertyValueSpecification\",\"valueRequired\":true,\"valueName\":\"search_term_string\"}}],\"inLanguage\":\"fr-FR\"},{\"@type\":\"Organization\",\"@id\":\"https:\/\/stourm.news\/#organization\",\"name\":\"Stourm\",\"url\":\"https:\/\/stourm.news\/\",\"logo\":{\"@type\":\"ImageObject\",\"inLanguage\":\"fr-FR\",\"@id\":\"https:\/\/stourm.news\/#\/schema\/logo\/image\/\",\"url\":\"https:\/\/stourm.news\/wp-content\/uploads\/2025\/11\/cropped-Capture-decran-2025-11-28-a-15.19.07.png\",\"contentUrl\":\"https:\/\/stourm.news\/wp-content\/uploads\/2025\/11\/cropped-Capture-decran-2025-11-28-a-15.19.07.png\",\"width\":1855,\"height\":383,\"caption\":\"Stourm\"},\"image\":{\"@id\":\"https:\/\/stourm.news\/#\/schema\/logo\/image\/\"},\"sameAs\":[\"https:\/\/www.facebook.com\/stourmnews\/\"]},{\"@type\":\"Person\",\"@id\":\"https:\/\/stourm.news\/#\/schema\/person\/c3e1dc65988632e190969234ef046cf9\",\"name\":\"La r\u00e9daction\",\"image\":{\"@type\":\"ImageObject\",\"inLanguage\":\"fr-FR\",\"@id\":\"https:\/\/stourm.news\/#\/schema\/person\/image\/\",\"url\":\"https:\/\/secure.gravatar.com\/avatar\/7463443f194b6b5fb706b074ca0ef59a0cfcfd720cb47764b0ec5a952ce422b3?s=96&d=mm&r=g\",\"contentUrl\":\"https:\/\/secure.gravatar.com\/avatar\/7463443f194b6b5fb706b074ca0ef59a0cfcfd720cb47764b0ec5a952ce422b3?s=96&d=mm&r=g\",\"caption\":\"La r\u00e9daction\"},\"sameAs\":[\"https:\/\/stourm.news\"],\"url\":\"https:\/\/stourm.news\/?author=1\"}]}<\/script>\n<!-- \/ Yoast SEO plugin. -->","yoast_head_json":{"title":"L'autonomie strat\u00e9gique de la Hongrie : un exemple pour la Bretagne ind\u00e9pendante - STOURM","robots":{"index":"index","follow":"follow","max-snippet":"max-snippet:-1","max-image-preview":"max-image-preview:large","max-video-preview":"max-video-preview:-1"},"canonical":"https:\/\/stourm.news\/?p=1335","og_locale":"fr_FR","og_type":"article","og_title":"L'autonomie strat\u00e9gique de la Hongrie : un exemple pour la Bretagne ind\u00e9pendante - STOURM","og_description":"L&rsquo;Institut hongrois pour les affaires \u00e9trang\u00e8res a publi\u00e9 un texte qui fixe l&rsquo;attitude de la Hongrie dans le contexte g\u00e9opolitique europ\u00e9en et international. Apr\u00e8s la visite du pr\u00e9sident chinois \u00e0 Budapest, il permet de comprendre l&rsquo;importance de l&rsquo;autonomie strat\u00e9gique d&rsquo;un \u00e9tat europ\u00e9en. #ChinaEurope2024 Le pr\u00e9sident Xi Jinping s&rsquo;entretient avec le Premier ministre hongrois Viktor Orban [&hellip;]","og_url":"https:\/\/stourm.news\/?p=1335","og_site_name":"STOURM","article_publisher":"https:\/\/www.facebook.com\/stourmnews\/","article_published_time":"2024-05-10T15:50:39+00:00","article_modified_time":"2024-05-10T15:52:53+00:00","og_image":[{"width":1024,"height":671,"url":"https:\/\/stourm.news\/wp-content\/uploads\/2024\/05\/Designer-2024-05-10T190749.735.jpg","type":"image\/jpeg"}],"author":"La r\u00e9daction","twitter_card":"summary_large_image","twitter_misc":{"\u00c9crit par":"La r\u00e9daction","Dur\u00e9e de lecture estim\u00e9e":"2 minutes"},"schema":{"@context":"https:\/\/schema.org","@graph":[{"@type":"Article","@id":"https:\/\/stourm.news\/?p=1335#article","isPartOf":{"@id":"https:\/\/stourm.news\/?p=1335"},"author":{"name":"La r\u00e9daction","@id":"https:\/\/stourm.news\/#\/schema\/person\/c3e1dc65988632e190969234ef046cf9"},"headline":"L&rsquo;autonomie strat\u00e9gique de la Hongrie : un exemple pour la Bretagne ind\u00e9pendante","datePublished":"2024-05-10T15:50:39+00:00","dateModified":"2024-05-10T15:52:53+00:00","mainEntityOfPage":{"@id":"https:\/\/stourm.news\/?p=1335"},"wordCount":569,"commentCount":0,"publisher":{"@id":"https:\/\/stourm.news\/#organization"},"image":{"@id":"https:\/\/stourm.news\/?p=1335#primaryimage"},"thumbnailUrl":"https:\/\/stourm.news\/wp-content\/uploads\/2024\/05\/Designer-2024-05-10T190749.735.jpg","articleSection":["Principale","Vie du Parti"],"inLanguage":"fr-FR","potentialAction":[{"@type":"CommentAction","name":"Comment","target":["https:\/\/stourm.news\/?p=1335#respond"]}]},{"@type":"WebPage","@id":"https:\/\/stourm.news\/?p=1335","url":"https:\/\/stourm.news\/?p=1335","name":"L'autonomie strat\u00e9gique de la Hongrie : un exemple pour la Bretagne ind\u00e9pendante - STOURM","isPartOf":{"@id":"https:\/\/stourm.news\/#website"},"primaryImageOfPage":{"@id":"https:\/\/stourm.news\/?p=1335#primaryimage"},"image":{"@id":"https:\/\/stourm.news\/?p=1335#primaryimage"},"thumbnailUrl":"https:\/\/stourm.news\/wp-content\/uploads\/2024\/05\/Designer-2024-05-10T190749.735.jpg","datePublished":"2024-05-10T15:50:39+00:00","dateModified":"2024-05-10T15:52:53+00:00","breadcrumb":{"@id":"https:\/\/stourm.news\/?p=1335#breadcrumb"},"inLanguage":"fr-FR","potentialAction":[{"@type":"ReadAction","target":["https:\/\/stourm.news\/?p=1335"]}]},{"@type":"ImageObject","inLanguage":"fr-FR","@id":"https:\/\/stourm.news\/?p=1335#primaryimage","url":"https:\/\/stourm.news\/wp-content\/uploads\/2024\/05\/Designer-2024-05-10T190749.735.jpg","contentUrl":"https:\/\/stourm.news\/wp-content\/uploads\/2024\/05\/Designer-2024-05-10T190749.735.jpg","width":1024,"height":671},{"@type":"BreadcrumbList","@id":"https:\/\/stourm.news\/?p=1335#breadcrumb","itemListElement":[{"@type":"ListItem","position":1,"name":"Accueil","item":"https:\/\/stourm.news\/"},{"@type":"ListItem","position":2,"name":"L&rsquo;autonomie strat\u00e9gique de la Hongrie : un exemple pour la Bretagne ind\u00e9pendante"}]},{"@type":"WebSite","@id":"https:\/\/stourm.news\/#website","url":"https:\/\/stourm.news\/","name":"Stourm","description":"Kazetenn Strollad Broadel Breizh","publisher":{"@id":"https:\/\/stourm.news\/#organization"},"potentialAction":[{"@type":"SearchAction","target":{"@type":"EntryPoint","urlTemplate":"https:\/\/stourm.news\/?s={search_term_string}"},"query-input":{"@type":"PropertyValueSpecification","valueRequired":true,"valueName":"search_term_string"}}],"inLanguage":"fr-FR"},{"@type":"Organization","@id":"https:\/\/stourm.news\/#organization","name":"Stourm","url":"https:\/\/stourm.news\/","logo":{"@type":"ImageObject","inLanguage":"fr-FR","@id":"https:\/\/stourm.news\/#\/schema\/logo\/image\/","url":"https:\/\/stourm.news\/wp-content\/uploads\/2025\/11\/cropped-Capture-decran-2025-11-28-a-15.19.07.png","contentUrl":"https:\/\/stourm.news\/wp-content\/uploads\/2025\/11\/cropped-Capture-decran-2025-11-28-a-15.19.07.png","width":1855,"height":383,"caption":"Stourm"},"image":{"@id":"https:\/\/stourm.news\/#\/schema\/logo\/image\/"},"sameAs":["https:\/\/www.facebook.com\/stourmnews\/"]},{"@type":"Person","@id":"https:\/\/stourm.news\/#\/schema\/person\/c3e1dc65988632e190969234ef046cf9","name":"La r\u00e9daction","image":{"@type":"ImageObject","inLanguage":"fr-FR","@id":"https:\/\/stourm.news\/#\/schema\/person\/image\/","url":"https:\/\/secure.gravatar.com\/avatar\/7463443f194b6b5fb706b074ca0ef59a0cfcfd720cb47764b0ec5a952ce422b3?s=96&d=mm&r=g","contentUrl":"https:\/\/secure.gravatar.com\/avatar\/7463443f194b6b5fb706b074ca0ef59a0cfcfd720cb47764b0ec5a952ce422b3?s=96&d=mm&r=g","caption":"La r\u00e9daction"},"sameAs":["https:\/\/stourm.news"],"url":"https:\/\/stourm.news\/?author=1"}]}},"_links":{"self":[{"href":"https:\/\/stourm.news\/index.php?rest_route=\/wp\/v2\/posts\/1335","targetHints":{"allow":["GET"]}}],"collection":[{"href":"https:\/\/stourm.news\/index.php?rest_route=\/wp\/v2\/posts"}],"about":[{"href":"https:\/\/stourm.news\/index.php?rest_route=\/wp\/v2\/types\/post"}],"author":[{"embeddable":true,"href":"https:\/\/stourm.news\/index.php?rest_route=\/wp\/v2\/users\/1"}],"replies":[{"embeddable":true,"href":"https:\/\/stourm.news\/index.php?rest_route=%2Fwp%2Fv2%2Fcomments&post=1335"}],"version-history":[{"count":2,"href":"https:\/\/stourm.news\/index.php?rest_route=\/wp\/v2\/posts\/1335\/revisions"}],"predecessor-version":[{"id":1338,"href":"https:\/\/stourm.news\/index.php?rest_route=\/wp\/v2\/posts\/1335\/revisions\/1338"}],"wp:featuredmedia":[{"embeddable":true,"href":"https:\/\/stourm.news\/index.php?rest_route=\/wp\/v2\/media\/1337"}],"wp:attachment":[{"href":"https:\/\/stourm.news\/index.php?rest_route=%2Fwp%2Fv2%2Fmedia&parent=1335"}],"wp:term":[{"taxonomy":"category","embeddable":true,"href":"https:\/\/stourm.news\/index.php?rest_route=%2Fwp%2Fv2%2Fcategories&post=1335"},{"taxonomy":"post_tag","embeddable":true,"href":"https:\/\/stourm.news\/index.php?rest_route=%2Fwp%2Fv2%2Ftags&post=1335"}],"curies":[{"name":"wp","href":"https:\/\/api.w.org\/{rel}","templated":true}]}}