{"id":1339,"date":"2024-05-11T06:50:19","date_gmt":"2024-05-11T06:50:19","guid":{"rendered":"https:\/\/stourm.news\/?p=1339"},"modified":"2024-05-11T06:51:38","modified_gmt":"2024-05-11T06:51:38","slug":"brest-dans-le-quartier-multiculturel-de-keredern-un-litige-de-voisinage-a-propos-dun-vehicule-pourrait-etre-a-lorigine-des-actes-du-suspect-au-lourd-passif-judiciaire","status":"publish","type":"post","link":"https:\/\/stourm.news\/?p=1339","title":{"rendered":"Meurtre \u00e0 Brest : dans le quartier multiculturel de Keredern, un litige de voisinage pourrait \u00eatre \u00e0 l&rsquo;origine de l&rsquo;acte du suspect \u00ab\u00a0au lourd passif judiciaire\u00a0\u00bb"},"content":{"rendered":"<p style=\"text-align: justify;\">Une banale affaire <strong>de d\u00e9gradation d\u2019un v\u00e9hicule<\/strong> est-elle la seule origine de la <strong>mort<\/strong> d\u2019un homme de 51 ans, \u00e0 Brest, mercredi 8 mai 2024 ? Le parquet de Brest n\u2019y r\u00e9pond pas vraiment, ce vendredi soir : \u00ab Si un litige en lien avec les d\u00e9gradations commises sur le v\u00e9hicule de la victime semblait avoir oppos\u00e9 les deux protagonistes, les motifs de ce passage \u00e0 l\u2019acte restent assez \u00e9vasifs \u00bb, indique le procureur Camille Miansoni.<\/p>\n<p style=\"text-align: justify;\">Mercredi, vers 16 h 30, un homme est <strong>poignard\u00e9<\/strong> de plusieurs coups au niveau du thorax, dans le quartier de <strong>K\u00e9r\u00e9dern<\/strong>. Alors qu\u2019il est transport\u00e9 \u00e0 l\u2019h\u00f4pital, o\u00f9 il <strong>d\u00e9c\u00e8dera<\/strong> vers 19 h, l\u2019enqu\u00eate ouverte en flagrance et confi\u00e9e au service local de police judiciaire avance rapidement, gr\u00e2ce notamment aux t\u00e9moignages de riverains ayant vu un homme s\u2019enfuir \u00e0 vive allure apr\u00e8s les faits. D\u00e8s 17 h 10, ce dernier \u00e9tait interpell\u00e9.<\/p>\n<p style=\"text-align: justify;\">Le suspect, \u00e2g\u00e9 de 33 ans et r\u00e9sidant \u00e0 proximit\u00e9 des lieux du drame, a d\u00e9j\u00e0 <strong>un lourd passif judiciaire<\/strong>, avec notamment une condamnation par la cour d\u2019assises du Finist\u00e8re pour des faits<strong> de vol avec arme<\/strong>. Il b\u00e9n\u00e9ficie actuellement d\u2019une mesure de curatelle.<\/p>\n<p style=\"text-align: justify;\">Lors de sa garde \u00e0 vue, il <strong>a reconnu<\/strong> \u00eatre l\u2019auteur<strong> des coups de couteau mortels<\/strong>, et \u00eatre all\u00e9 chercher son couteau avant de commettre les faits. Il a, par ailleurs, indiqu\u00e9 aux enqu\u00eateurs l\u2019endroit o\u00f9 il le conservait, permettant de d\u00e9couvrir une bo\u00eete renfermant sept couteaux, dont potentiellement l\u2019arme du crime, dans l\u2019un des jardins partag\u00e9s du quartier.<\/p>\n<p style=\"text-align: justify;\">\u00ab Une autopsie du corps de la victime sera r\u00e9alis\u00e9e dans les prochains jours. Elle permettra de pr\u00e9ciser les causes m\u00e9dicales du d\u00e9c\u00e8s \u00bb, indique encore le procureur de Brest.<\/p>\n<p>Source : <a href=\"https:\/\/www.letelegramme.fr\/bretagne\/homicide-a-brest-lauteur-des-coups-de-couteau-place-en-detention-provisoire-6581931.php\">Le T\u00e9l\u00e9gramme<\/a><\/p>\n","protected":false},"excerpt":{"rendered":"<p>Une banale affaire de d\u00e9gradation d\u2019un v\u00e9hicule est-elle la seule origine de la mort d\u2019un homme de 51 ans, \u00e0 Brest, mercredi 8 mai 2024 ? Le parquet de Brest n\u2019y r\u00e9pond pas vraiment, ce vendredi soir : \u00ab Si un litige en lien avec les d\u00e9gradations commises sur le v\u00e9hicule de la victime semblait [&hellip;]<\/p>\n","protected":false},"author":1,"featured_media":1340,"comment_status":"open","ping_status":"open","sticky":false,"template":"","format":"standard","meta":{"sb_editor_width":"","footnotes":""},"categories":[38,37,62],"tags":[],"class_list":["post-1339","post","type-post","status-publish","format-standard","has-post-thumbnail","hentry","category-finistere","category-homicide","category-revue-de-presse"],"relative_dates":{"created":"2 ans ago","modified":"2 ans ago"},"yoast_head":"<!-- This site is optimized with the Yoast SEO plugin v26.3 - https:\/\/yoast.com\/wordpress\/plugins\/seo\/ -->\n<title>Meurtre \u00e0 Brest : dans le quartier multiculturel de Keredern, un litige de voisinage pourrait \u00eatre \u00e0 l&#039;origine de l&#039;acte du suspect &quot;au lourd passif judiciaire&quot; - STOURM<\/title>\n<meta name=\"robots\" content=\"index, follow, max-snippet:-1, max-image-preview:large, max-video-preview:-1\" \/>\n<link rel=\"canonical\" href=\"https:\/\/stourm.news\/?p=1339\" \/>\n<meta property=\"og:locale\" content=\"fr_FR\" \/>\n<meta property=\"og:type\" content=\"article\" \/>\n<meta property=\"og:title\" content=\"Meurtre \u00e0 Brest : dans le quartier multiculturel de Keredern, un litige de voisinage pourrait \u00eatre \u00e0 l&#039;origine de l&#039;acte du suspect &quot;au lourd passif judiciaire&quot; - STOURM\" \/>\n<meta property=\"og:description\" content=\"Une banale affaire de d\u00e9gradation d\u2019un v\u00e9hicule est-elle la seule origine de la mort d\u2019un homme de 51 ans, \u00e0 Brest, mercredi 8 mai 2024 ? Le parquet de Brest n\u2019y r\u00e9pond pas vraiment, ce vendredi soir : \u00ab Si un litige en lien avec les d\u00e9gradations commises sur le v\u00e9hicule de la victime semblait [&hellip;]\" \/>\n<meta property=\"og:url\" content=\"https:\/\/stourm.news\/?p=1339\" \/>\n<meta property=\"og:site_name\" content=\"STOURM\" \/>\n<meta property=\"article:publisher\" content=\"https:\/\/www.facebook.com\/stourmnews\/\" \/>\n<meta property=\"article:published_time\" content=\"2024-05-11T06:50:19+00:00\" \/>\n<meta property=\"article:modified_time\" content=\"2024-05-11T06:51:38+00:00\" \/>\n<meta property=\"og:image\" content=\"https:\/\/stourm.news\/wp-content\/uploads\/2024\/05\/663e66aec71be26bd513451b.jpg\" \/>\n\t<meta property=\"og:image:width\" content=\"960\" \/>\n\t<meta property=\"og:image:height\" content=\"600\" \/>\n\t<meta property=\"og:image:type\" content=\"image\/jpeg\" \/>\n<meta name=\"author\" content=\"La r\u00e9daction\" \/>\n<meta name=\"twitter:card\" content=\"summary_large_image\" \/>\n<meta name=\"twitter:label1\" content=\"\u00c9crit par\" \/>\n\t<meta name=\"twitter:data1\" content=\"La r\u00e9daction\" \/>\n\t<meta name=\"twitter:label2\" content=\"Dur\u00e9e de lecture estim\u00e9e\" \/>\n\t<meta name=\"twitter:data2\" content=\"2 minutes\" \/>\n<script type=\"application\/ld+json\" class=\"yoast-schema-graph\">{\"@context\":\"https:\/\/schema.org\",\"@graph\":[{\"@type\":\"Article\",\"@id\":\"https:\/\/stourm.news\/?p=1339#article\",\"isPartOf\":{\"@id\":\"https:\/\/stourm.news\/?p=1339\"},\"author\":{\"name\":\"La r\u00e9daction\",\"@id\":\"https:\/\/stourm.news\/#\/schema\/person\/c3e1dc65988632e190969234ef046cf9\"},\"headline\":\"Meurtre \u00e0 Brest : dans le quartier multiculturel de Keredern, un litige de voisinage pourrait \u00eatre \u00e0 l&rsquo;origine de l&rsquo;acte du suspect \u00ab\u00a0au lourd passif judiciaire\u00a0\u00bb\",\"datePublished\":\"2024-05-11T06:50:19+00:00\",\"dateModified\":\"2024-05-11T06:51:38+00:00\",\"mainEntityOfPage\":{\"@id\":\"https:\/\/stourm.news\/?p=1339\"},\"wordCount\":335,\"commentCount\":0,\"publisher\":{\"@id\":\"https:\/\/stourm.news\/#organization\"},\"image\":{\"@id\":\"https:\/\/stourm.news\/?p=1339#primaryimage\"},\"thumbnailUrl\":\"https:\/\/stourm.news\/wp-content\/uploads\/2024\/05\/663e66aec71be26bd513451b.jpg\",\"articleSection\":[\"Finist\u00e8re\",\"Homicide\",\"Revue de presse\"],\"inLanguage\":\"fr-FR\",\"potentialAction\":[{\"@type\":\"CommentAction\",\"name\":\"Comment\",\"target\":[\"https:\/\/stourm.news\/?p=1339#respond\"]}]},{\"@type\":\"WebPage\",\"@id\":\"https:\/\/stourm.news\/?p=1339\",\"url\":\"https:\/\/stourm.news\/?p=1339\",\"name\":\"Meurtre \u00e0 Brest : dans le quartier multiculturel de Keredern, un litige de voisinage pourrait \u00eatre \u00e0 l'origine de l'acte du suspect \\\"au lourd passif judiciaire\\\" - STOURM\",\"isPartOf\":{\"@id\":\"https:\/\/stourm.news\/#website\"},\"primaryImageOfPage\":{\"@id\":\"https:\/\/stourm.news\/?p=1339#primaryimage\"},\"image\":{\"@id\":\"https:\/\/stourm.news\/?p=1339#primaryimage\"},\"thumbnailUrl\":\"https:\/\/stourm.news\/wp-content\/uploads\/2024\/05\/663e66aec71be26bd513451b.jpg\",\"datePublished\":\"2024-05-11T06:50:19+00:00\",\"dateModified\":\"2024-05-11T06:51:38+00:00\",\"breadcrumb\":{\"@id\":\"https:\/\/stourm.news\/?p=1339#breadcrumb\"},\"inLanguage\":\"fr-FR\",\"potentialAction\":[{\"@type\":\"ReadAction\",\"target\":[\"https:\/\/stourm.news\/?p=1339\"]}]},{\"@type\":\"ImageObject\",\"inLanguage\":\"fr-FR\",\"@id\":\"https:\/\/stourm.news\/?p=1339#primaryimage\",\"url\":\"https:\/\/stourm.news\/wp-content\/uploads\/2024\/05\/663e66aec71be26bd513451b.jpg\",\"contentUrl\":\"https:\/\/stourm.news\/wp-content\/uploads\/2024\/05\/663e66aec71be26bd513451b.jpg\",\"width\":960,\"height\":600},{\"@type\":\"BreadcrumbList\",\"@id\":\"https:\/\/stourm.news\/?p=1339#breadcrumb\",\"itemListElement\":[{\"@type\":\"ListItem\",\"position\":1,\"name\":\"Accueil\",\"item\":\"https:\/\/stourm.news\/\"},{\"@type\":\"ListItem\",\"position\":2,\"name\":\"Meurtre \u00e0 Brest : dans le quartier multiculturel de Keredern, un litige de voisinage pourrait \u00eatre \u00e0 l&rsquo;origine de l&rsquo;acte du suspect \u00ab\u00a0au lourd passif judiciaire\u00a0\u00bb\"}]},{\"@type\":\"WebSite\",\"@id\":\"https:\/\/stourm.news\/#website\",\"url\":\"https:\/\/stourm.news\/\",\"name\":\"Stourm\",\"description\":\"Kazetenn Strollad Broadel Breizh\",\"publisher\":{\"@id\":\"https:\/\/stourm.news\/#organization\"},\"potentialAction\":[{\"@type\":\"SearchAction\",\"target\":{\"@type\":\"EntryPoint\",\"urlTemplate\":\"https:\/\/stourm.news\/?s={search_term_string}\"},\"query-input\":{\"@type\":\"PropertyValueSpecification\",\"valueRequired\":true,\"valueName\":\"search_term_string\"}}],\"inLanguage\":\"fr-FR\"},{\"@type\":\"Organization\",\"@id\":\"https:\/\/stourm.news\/#organization\",\"name\":\"Stourm\",\"url\":\"https:\/\/stourm.news\/\",\"logo\":{\"@type\":\"ImageObject\",\"inLanguage\":\"fr-FR\",\"@id\":\"https:\/\/stourm.news\/#\/schema\/logo\/image\/\",\"url\":\"https:\/\/stourm.news\/wp-content\/uploads\/2025\/11\/cropped-Capture-decran-2025-11-28-a-15.19.07.png\",\"contentUrl\":\"https:\/\/stourm.news\/wp-content\/uploads\/2025\/11\/cropped-Capture-decran-2025-11-28-a-15.19.07.png\",\"width\":1855,\"height\":383,\"caption\":\"Stourm\"},\"image\":{\"@id\":\"https:\/\/stourm.news\/#\/schema\/logo\/image\/\"},\"sameAs\":[\"https:\/\/www.facebook.com\/stourmnews\/\"]},{\"@type\":\"Person\",\"@id\":\"https:\/\/stourm.news\/#\/schema\/person\/c3e1dc65988632e190969234ef046cf9\",\"name\":\"La r\u00e9daction\",\"image\":{\"@type\":\"ImageObject\",\"inLanguage\":\"fr-FR\",\"@id\":\"https:\/\/stourm.news\/#\/schema\/person\/image\/\",\"url\":\"https:\/\/secure.gravatar.com\/avatar\/7463443f194b6b5fb706b074ca0ef59a0cfcfd720cb47764b0ec5a952ce422b3?s=96&d=mm&r=g\",\"contentUrl\":\"https:\/\/secure.gravatar.com\/avatar\/7463443f194b6b5fb706b074ca0ef59a0cfcfd720cb47764b0ec5a952ce422b3?s=96&d=mm&r=g\",\"caption\":\"La r\u00e9daction\"},\"sameAs\":[\"https:\/\/stourm.news\"],\"url\":\"https:\/\/stourm.news\/?author=1\"}]}<\/script>\n<!-- \/ Yoast SEO plugin. -->","yoast_head_json":{"title":"Meurtre \u00e0 Brest : dans le quartier multiculturel de Keredern, un litige de voisinage pourrait \u00eatre \u00e0 l'origine de l'acte du suspect \"au lourd passif judiciaire\" - STOURM","robots":{"index":"index","follow":"follow","max-snippet":"max-snippet:-1","max-image-preview":"max-image-preview:large","max-video-preview":"max-video-preview:-1"},"canonical":"https:\/\/stourm.news\/?p=1339","og_locale":"fr_FR","og_type":"article","og_title":"Meurtre \u00e0 Brest : dans le quartier multiculturel de Keredern, un litige de voisinage pourrait \u00eatre \u00e0 l'origine de l'acte du suspect \"au lourd passif judiciaire\" - STOURM","og_description":"Une banale affaire de d\u00e9gradation d\u2019un v\u00e9hicule est-elle la seule origine de la mort d\u2019un homme de 51 ans, \u00e0 Brest, mercredi 8 mai 2024 ? Le parquet de Brest n\u2019y r\u00e9pond pas vraiment, ce vendredi soir : \u00ab Si un litige en lien avec les d\u00e9gradations commises sur le v\u00e9hicule de la victime semblait [&hellip;]","og_url":"https:\/\/stourm.news\/?p=1339","og_site_name":"STOURM","article_publisher":"https:\/\/www.facebook.com\/stourmnews\/","article_published_time":"2024-05-11T06:50:19+00:00","article_modified_time":"2024-05-11T06:51:38+00:00","og_image":[{"width":960,"height":600,"url":"https:\/\/stourm.news\/wp-content\/uploads\/2024\/05\/663e66aec71be26bd513451b.jpg","type":"image\/jpeg"}],"author":"La r\u00e9daction","twitter_card":"summary_large_image","twitter_misc":{"\u00c9crit par":"La r\u00e9daction","Dur\u00e9e de lecture estim\u00e9e":"2 minutes"},"schema":{"@context":"https:\/\/schema.org","@graph":[{"@type":"Article","@id":"https:\/\/stourm.news\/?p=1339#article","isPartOf":{"@id":"https:\/\/stourm.news\/?p=1339"},"author":{"name":"La r\u00e9daction","@id":"https:\/\/stourm.news\/#\/schema\/person\/c3e1dc65988632e190969234ef046cf9"},"headline":"Meurtre \u00e0 Brest : dans le quartier multiculturel de Keredern, un litige de voisinage pourrait \u00eatre \u00e0 l&rsquo;origine de l&rsquo;acte du suspect \u00ab\u00a0au lourd passif judiciaire\u00a0\u00bb","datePublished":"2024-05-11T06:50:19+00:00","dateModified":"2024-05-11T06:51:38+00:00","mainEntityOfPage":{"@id":"https:\/\/stourm.news\/?p=1339"},"wordCount":335,"commentCount":0,"publisher":{"@id":"https:\/\/stourm.news\/#organization"},"image":{"@id":"https:\/\/stourm.news\/?p=1339#primaryimage"},"thumbnailUrl":"https:\/\/stourm.news\/wp-content\/uploads\/2024\/05\/663e66aec71be26bd513451b.jpg","articleSection":["Finist\u00e8re","Homicide","Revue de presse"],"inLanguage":"fr-FR","potentialAction":[{"@type":"CommentAction","name":"Comment","target":["https:\/\/stourm.news\/?p=1339#respond"]}]},{"@type":"WebPage","@id":"https:\/\/stourm.news\/?p=1339","url":"https:\/\/stourm.news\/?p=1339","name":"Meurtre \u00e0 Brest : dans le quartier multiculturel de Keredern, un litige de voisinage pourrait \u00eatre \u00e0 l'origine de l'acte du suspect \"au lourd passif judiciaire\" - STOURM","isPartOf":{"@id":"https:\/\/stourm.news\/#website"},"primaryImageOfPage":{"@id":"https:\/\/stourm.news\/?p=1339#primaryimage"},"image":{"@id":"https:\/\/stourm.news\/?p=1339#primaryimage"},"thumbnailUrl":"https:\/\/stourm.news\/wp-content\/uploads\/2024\/05\/663e66aec71be26bd513451b.jpg","datePublished":"2024-05-11T06:50:19+00:00","dateModified":"2024-05-11T06:51:38+00:00","breadcrumb":{"@id":"https:\/\/stourm.news\/?p=1339#breadcrumb"},"inLanguage":"fr-FR","potentialAction":[{"@type":"ReadAction","target":["https:\/\/stourm.news\/?p=1339"]}]},{"@type":"ImageObject","inLanguage":"fr-FR","@id":"https:\/\/stourm.news\/?p=1339#primaryimage","url":"https:\/\/stourm.news\/wp-content\/uploads\/2024\/05\/663e66aec71be26bd513451b.jpg","contentUrl":"https:\/\/stourm.news\/wp-content\/uploads\/2024\/05\/663e66aec71be26bd513451b.jpg","width":960,"height":600},{"@type":"BreadcrumbList","@id":"https:\/\/stourm.news\/?p=1339#breadcrumb","itemListElement":[{"@type":"ListItem","position":1,"name":"Accueil","item":"https:\/\/stourm.news\/"},{"@type":"ListItem","position":2,"name":"Meurtre \u00e0 Brest : dans le quartier multiculturel de Keredern, un litige de voisinage pourrait \u00eatre \u00e0 l&rsquo;origine de l&rsquo;acte du suspect \u00ab\u00a0au lourd passif judiciaire\u00a0\u00bb"}]},{"@type":"WebSite","@id":"https:\/\/stourm.news\/#website","url":"https:\/\/stourm.news\/","name":"Stourm","description":"Kazetenn Strollad Broadel Breizh","publisher":{"@id":"https:\/\/stourm.news\/#organization"},"potentialAction":[{"@type":"SearchAction","target":{"@type":"EntryPoint","urlTemplate":"https:\/\/stourm.news\/?s={search_term_string}"},"query-input":{"@type":"PropertyValueSpecification","valueRequired":true,"valueName":"search_term_string"}}],"inLanguage":"fr-FR"},{"@type":"Organization","@id":"https:\/\/stourm.news\/#organization","name":"Stourm","url":"https:\/\/stourm.news\/","logo":{"@type":"ImageObject","inLanguage":"fr-FR","@id":"https:\/\/stourm.news\/#\/schema\/logo\/image\/","url":"https:\/\/stourm.news\/wp-content\/uploads\/2025\/11\/cropped-Capture-decran-2025-11-28-a-15.19.07.png","contentUrl":"https:\/\/stourm.news\/wp-content\/uploads\/2025\/11\/cropped-Capture-decran-2025-11-28-a-15.19.07.png","width":1855,"height":383,"caption":"Stourm"},"image":{"@id":"https:\/\/stourm.news\/#\/schema\/logo\/image\/"},"sameAs":["https:\/\/www.facebook.com\/stourmnews\/"]},{"@type":"Person","@id":"https:\/\/stourm.news\/#\/schema\/person\/c3e1dc65988632e190969234ef046cf9","name":"La r\u00e9daction","image":{"@type":"ImageObject","inLanguage":"fr-FR","@id":"https:\/\/stourm.news\/#\/schema\/person\/image\/","url":"https:\/\/secure.gravatar.com\/avatar\/7463443f194b6b5fb706b074ca0ef59a0cfcfd720cb47764b0ec5a952ce422b3?s=96&d=mm&r=g","contentUrl":"https:\/\/secure.gravatar.com\/avatar\/7463443f194b6b5fb706b074ca0ef59a0cfcfd720cb47764b0ec5a952ce422b3?s=96&d=mm&r=g","caption":"La r\u00e9daction"},"sameAs":["https:\/\/stourm.news"],"url":"https:\/\/stourm.news\/?author=1"}]}},"_links":{"self":[{"href":"https:\/\/stourm.news\/index.php?rest_route=\/wp\/v2\/posts\/1339","targetHints":{"allow":["GET"]}}],"collection":[{"href":"https:\/\/stourm.news\/index.php?rest_route=\/wp\/v2\/posts"}],"about":[{"href":"https:\/\/stourm.news\/index.php?rest_route=\/wp\/v2\/types\/post"}],"author":[{"embeddable":true,"href":"https:\/\/stourm.news\/index.php?rest_route=\/wp\/v2\/users\/1"}],"replies":[{"embeddable":true,"href":"https:\/\/stourm.news\/index.php?rest_route=%2Fwp%2Fv2%2Fcomments&post=1339"}],"version-history":[{"count":2,"href":"https:\/\/stourm.news\/index.php?rest_route=\/wp\/v2\/posts\/1339\/revisions"}],"predecessor-version":[{"id":1342,"href":"https:\/\/stourm.news\/index.php?rest_route=\/wp\/v2\/posts\/1339\/revisions\/1342"}],"wp:featuredmedia":[{"embeddable":true,"href":"https:\/\/stourm.news\/index.php?rest_route=\/wp\/v2\/media\/1340"}],"wp:attachment":[{"href":"https:\/\/stourm.news\/index.php?rest_route=%2Fwp%2Fv2%2Fmedia&parent=1339"}],"wp:term":[{"taxonomy":"category","embeddable":true,"href":"https:\/\/stourm.news\/index.php?rest_route=%2Fwp%2Fv2%2Fcategories&post=1339"},{"taxonomy":"post_tag","embeddable":true,"href":"https:\/\/stourm.news\/index.php?rest_route=%2Fwp%2Fv2%2Ftags&post=1339"}],"curies":[{"name":"wp","href":"https:\/\/api.w.org\/{rel}","templated":true}]}}