{"id":1346,"date":"2024-05-11T07:15:04","date_gmt":"2024-05-11T07:15:04","guid":{"rendered":"https:\/\/stourm.news\/?p=1346"},"modified":"2024-05-11T07:15:04","modified_gmt":"2024-05-11T07:15:04","slug":"ille-et-vilaine-ce-grand-fest-noz-pourra-accueillir-1500-personnes","status":"publish","type":"post","link":"https:\/\/stourm.news\/?p=1346","title":{"rendered":"Ille-et-Vilaine : ce grand fest-noz pourra accueillir 1500 personnes"},"content":{"rendered":"<p style=\"text-align: justify;\">Le 8 juin 2024, Erbr\u00e9e (Ille-et-Vilaine) accueillera la premi\u00e8re \u00e9dition du Show\u2019Breizh, un fest-noz de taille pour lequel l\u2019association cr\u00e9atrice d\u2019\u00e9v\u00e9nements se pr\u00e9pare \u00e0 accueillir public, b\u00e9n\u00e9voles et sponsors.<\/p>\n<p style=\"text-align: justify;\">\u00ab\u2009Les gens ne l\u2019attendent pas comme un simple festival, mais plut\u00f4t comme le fest-noz \u00e0 ne pas manquer\u2009\u00bb, affirme Jean-Marie Horel, pr\u00e9sident de l\u2019association.<\/p>\n<p style=\"text-align: justify;\">Tel est le ton donn\u00e9 \u00e0 cet \u00e9v\u00e9nement qui pourra accueillir jusqu\u2019\u00e0 1500 personnes et dont l\u2019ambition est de \u00ab\u2009casser les codes du fest-noz d\u2019un point de vue technique, en r\u00e9unissant le meilleur de ce genre et en gardant l\u2019esprit convivial qu\u2019on lui conna\u00eet\u2009\u00bb.<\/p>\n<p style=\"text-align: justify;\"><strong>Huit heures de fest-noz en ext\u00e9rieur<\/strong><\/p>\n<p style=\"text-align: justify;\">Forts de l\u2019exp\u00e9rience de leurs deux premiers festivals \u00e0 Mondevert et Taillis, les membres de Show\u2019Breizh souhaitent voir les choses en grand avec ce nouveau projet : Sonerien Du, Bagad Dor Vras, Digresk, Ourawen, Eris, Olmaro Duo et Zic\u2019Nomade sont \u00e0 l\u2019affiche pour plus de huit heures de fest-noz en ext\u00e9rieur.<\/p>\n<p style=\"text-align: justify;\">\u00ab\u2009On n\u2019a pas voulu se priver sur la partie artistique, l\u2019objectif est de se faire plaisir et nous savons que le public se fera aussi plaisir en venant\u2009\u00bb, ajoute Jean-Marie.<\/p>\n<p style=\"text-align: justify;\">Cet \u00e9v\u00e8nement est aussi et avant tout un hommage \u00e0 Pierrot B\u00e9gasse, d\u00e9c\u00e9d\u00e9 en 2023. Figure du monde du fest-noz et ancien pr\u00e9sident du Bagad Dor Vras, il avait notamment fait venir pour la premi\u00e8re fois le groupe Sonerien Du \u00e0 Erbr\u00e9e, il y a plus de 40 ans.<\/p>\n<p style=\"text-align: justify;\">Show\u2019Breizh recherche activement des b\u00e9n\u00e9voles pour pr\u00e9parer l\u2019\u00e9v\u00e8nement, aider \u00e0 la restauration\/buvette et au montage\/d\u00e9montage. Si vous souhaitez participer \u00e0 cet \u00e9v\u00e9nement en tant que b\u00e9n\u00e9vole ou sponsor, l\u2019association vous invite \u00e0 prendre contact par mail ou via les r\u00e9seaux sociaux Facebook et Instagram.<\/p>\n<p style=\"text-align: justify;\">Le rendez-vous est donn\u00e9 samedi 8 juin, \u00e0 16 h pour la balade musicale gratuite et d\u00e8s 17 h pour le fest-noz, sur le terrain de football d\u2019Erbr\u00e9e.<\/p>\n<p style=\"text-align: justify;\">Restauration et buvette sur place. Les pr\u00e9ventes sont ouvertes via la billetterie en ligne sur HelloAsso, visible sur les pages Facebook et Instagram de Show\u2019Breizh et via les points de ventes physiques Pr\u00e8s de chez moi \u00e0 Mondevert et Le Prohib\u00e9 \u00e0 Craon.<\/p>\n<p style=\"text-align: justify;\">Pratique : samedi 8 juin, d\u00e8s 17 h pour le fest-noz, sur le terrain de football d\u2019Erbr\u00e9e. Tarif adulte : 13 \u20ac en pr\u00e9vente et 15 \u20ac sur place, entr\u00e9e gratuite pour les moins de 12 ans.<\/p>\n<p style=\"text-align: justify;\">Contact : show-breizh@outlook.fr.<\/p>\n<p>Source : <a href=\"https:\/\/actu.fr\/bretagne\/erbree_35105\/ille-et-vilaine-ce-grand-fest-noz-pourra-accueillir-1500-personnes_61051160.html\">Actu.fr<\/a><\/p>\n","protected":false},"excerpt":{"rendered":"<p>Le 8 juin 2024, Erbr\u00e9e (Ille-et-Vilaine) accueillera la premi\u00e8re \u00e9dition du Show\u2019Breizh, un fest-noz de taille pour lequel l\u2019association cr\u00e9atrice d\u2019\u00e9v\u00e9nements se pr\u00e9pare \u00e0 accueillir public, b\u00e9n\u00e9voles et sponsors. \u00ab\u2009Les gens ne l\u2019attendent pas comme un simple festival, mais plut\u00f4t comme le fest-noz \u00e0 ne pas manquer\u2009\u00bb, affirme Jean-Marie Horel, pr\u00e9sident de l\u2019association. Tel est [&hellip;]<\/p>\n","protected":false},"author":1,"featured_media":1347,"comment_status":"open","ping_status":"open","sticky":false,"template":"","format":"standard","meta":{"sb_editor_width":"","footnotes":""},"categories":[58,43,41],"tags":[69],"class_list":["post-1346","post","type-post","status-publish","format-standard","has-post-thumbnail","hentry","category-breizh","category-culture-bretonne","category-ille-et-vilaine","tag-culture-bretonne"],"relative_dates":{"created":"2 ans ago","modified":"2 ans ago"},"yoast_head":"<!-- This site is optimized with the Yoast SEO plugin v26.3 - https:\/\/yoast.com\/wordpress\/plugins\/seo\/ -->\n<title>Ille-et-Vilaine : ce grand fest-noz pourra accueillir 1500 personnes - STOURM<\/title>\n<meta name=\"robots\" content=\"index, follow, max-snippet:-1, max-image-preview:large, max-video-preview:-1\" \/>\n<link rel=\"canonical\" href=\"https:\/\/stourm.news\/?p=1346\" \/>\n<meta property=\"og:locale\" content=\"fr_FR\" \/>\n<meta property=\"og:type\" content=\"article\" \/>\n<meta property=\"og:title\" content=\"Ille-et-Vilaine : ce grand fest-noz pourra accueillir 1500 personnes - STOURM\" \/>\n<meta property=\"og:description\" content=\"Le 8 juin 2024, Erbr\u00e9e (Ille-et-Vilaine) accueillera la premi\u00e8re \u00e9dition du Show\u2019Breizh, un fest-noz de taille pour lequel l\u2019association cr\u00e9atrice d\u2019\u00e9v\u00e9nements se pr\u00e9pare \u00e0 accueillir public, b\u00e9n\u00e9voles et sponsors. \u00ab\u2009Les gens ne l\u2019attendent pas comme un simple festival, mais plut\u00f4t comme le fest-noz \u00e0 ne pas manquer\u2009\u00bb, affirme Jean-Marie Horel, pr\u00e9sident de l\u2019association. Tel est [&hellip;]\" \/>\n<meta property=\"og:url\" content=\"https:\/\/stourm.news\/?p=1346\" \/>\n<meta property=\"og:site_name\" content=\"STOURM\" \/>\n<meta property=\"article:publisher\" content=\"https:\/\/www.facebook.com\/stourmnews\/\" \/>\n<meta property=\"article:published_time\" content=\"2024-05-11T07:15:04+00:00\" \/>\n<meta property=\"og:image\" content=\"https:\/\/stourm.news\/wp-content\/uploads\/2024\/05\/fc9fe9b6e836661afe9b6e83675afev-960x640-1.jpg\" \/>\n\t<meta property=\"og:image:width\" content=\"960\" \/>\n\t<meta property=\"og:image:height\" content=\"640\" \/>\n\t<meta property=\"og:image:type\" content=\"image\/jpeg\" \/>\n<meta name=\"author\" content=\"La r\u00e9daction\" \/>\n<meta name=\"twitter:card\" content=\"summary_large_image\" \/>\n<meta name=\"twitter:label1\" content=\"\u00c9crit par\" \/>\n\t<meta name=\"twitter:data1\" content=\"La r\u00e9daction\" \/>\n\t<meta name=\"twitter:label2\" content=\"Dur\u00e9e de lecture estim\u00e9e\" \/>\n\t<meta name=\"twitter:data2\" content=\"2 minutes\" \/>\n<script type=\"application\/ld+json\" class=\"yoast-schema-graph\">{\"@context\":\"https:\/\/schema.org\",\"@graph\":[{\"@type\":\"Article\",\"@id\":\"https:\/\/stourm.news\/?p=1346#article\",\"isPartOf\":{\"@id\":\"https:\/\/stourm.news\/?p=1346\"},\"author\":{\"name\":\"La r\u00e9daction\",\"@id\":\"https:\/\/stourm.news\/#\/schema\/person\/c3e1dc65988632e190969234ef046cf9\"},\"headline\":\"Ille-et-Vilaine : ce grand fest-noz pourra accueillir 1500 personnes\",\"datePublished\":\"2024-05-11T07:15:04+00:00\",\"mainEntityOfPage\":{\"@id\":\"https:\/\/stourm.news\/?p=1346\"},\"wordCount\":430,\"commentCount\":0,\"publisher\":{\"@id\":\"https:\/\/stourm.news\/#organization\"},\"image\":{\"@id\":\"https:\/\/stourm.news\/?p=1346#primaryimage\"},\"thumbnailUrl\":\"https:\/\/stourm.news\/wp-content\/uploads\/2024\/05\/fc9fe9b6e836661afe9b6e83675afev-960x640-1.jpg\",\"keywords\":[\"Culture bretonne\"],\"articleSection\":[\"Breizh\",\"Culture bretonne\",\"Ille-et-Vilaine\"],\"inLanguage\":\"fr-FR\",\"potentialAction\":[{\"@type\":\"CommentAction\",\"name\":\"Comment\",\"target\":[\"https:\/\/stourm.news\/?p=1346#respond\"]}]},{\"@type\":\"WebPage\",\"@id\":\"https:\/\/stourm.news\/?p=1346\",\"url\":\"https:\/\/stourm.news\/?p=1346\",\"name\":\"Ille-et-Vilaine : ce grand fest-noz pourra accueillir 1500 personnes - STOURM\",\"isPartOf\":{\"@id\":\"https:\/\/stourm.news\/#website\"},\"primaryImageOfPage\":{\"@id\":\"https:\/\/stourm.news\/?p=1346#primaryimage\"},\"image\":{\"@id\":\"https:\/\/stourm.news\/?p=1346#primaryimage\"},\"thumbnailUrl\":\"https:\/\/stourm.news\/wp-content\/uploads\/2024\/05\/fc9fe9b6e836661afe9b6e83675afev-960x640-1.jpg\",\"datePublished\":\"2024-05-11T07:15:04+00:00\",\"breadcrumb\":{\"@id\":\"https:\/\/stourm.news\/?p=1346#breadcrumb\"},\"inLanguage\":\"fr-FR\",\"potentialAction\":[{\"@type\":\"ReadAction\",\"target\":[\"https:\/\/stourm.news\/?p=1346\"]}]},{\"@type\":\"ImageObject\",\"inLanguage\":\"fr-FR\",\"@id\":\"https:\/\/stourm.news\/?p=1346#primaryimage\",\"url\":\"https:\/\/stourm.news\/wp-content\/uploads\/2024\/05\/fc9fe9b6e836661afe9b6e83675afev-960x640-1.jpg\",\"contentUrl\":\"https:\/\/stourm.news\/wp-content\/uploads\/2024\/05\/fc9fe9b6e836661afe9b6e83675afev-960x640-1.jpg\",\"width\":960,\"height\":640},{\"@type\":\"BreadcrumbList\",\"@id\":\"https:\/\/stourm.news\/?p=1346#breadcrumb\",\"itemListElement\":[{\"@type\":\"ListItem\",\"position\":1,\"name\":\"Accueil\",\"item\":\"https:\/\/stourm.news\/\"},{\"@type\":\"ListItem\",\"position\":2,\"name\":\"Ille-et-Vilaine : ce grand fest-noz pourra accueillir 1500 personnes\"}]},{\"@type\":\"WebSite\",\"@id\":\"https:\/\/stourm.news\/#website\",\"url\":\"https:\/\/stourm.news\/\",\"name\":\"Stourm\",\"description\":\"Kazetenn Strollad Broadel Breizh\",\"publisher\":{\"@id\":\"https:\/\/stourm.news\/#organization\"},\"potentialAction\":[{\"@type\":\"SearchAction\",\"target\":{\"@type\":\"EntryPoint\",\"urlTemplate\":\"https:\/\/stourm.news\/?s={search_term_string}\"},\"query-input\":{\"@type\":\"PropertyValueSpecification\",\"valueRequired\":true,\"valueName\":\"search_term_string\"}}],\"inLanguage\":\"fr-FR\"},{\"@type\":\"Organization\",\"@id\":\"https:\/\/stourm.news\/#organization\",\"name\":\"Stourm\",\"url\":\"https:\/\/stourm.news\/\",\"logo\":{\"@type\":\"ImageObject\",\"inLanguage\":\"fr-FR\",\"@id\":\"https:\/\/stourm.news\/#\/schema\/logo\/image\/\",\"url\":\"https:\/\/stourm.news\/wp-content\/uploads\/2025\/11\/cropped-Capture-decran-2025-11-28-a-15.19.07.png\",\"contentUrl\":\"https:\/\/stourm.news\/wp-content\/uploads\/2025\/11\/cropped-Capture-decran-2025-11-28-a-15.19.07.png\",\"width\":1855,\"height\":383,\"caption\":\"Stourm\"},\"image\":{\"@id\":\"https:\/\/stourm.news\/#\/schema\/logo\/image\/\"},\"sameAs\":[\"https:\/\/www.facebook.com\/stourmnews\/\"]},{\"@type\":\"Person\",\"@id\":\"https:\/\/stourm.news\/#\/schema\/person\/c3e1dc65988632e190969234ef046cf9\",\"name\":\"La r\u00e9daction\",\"image\":{\"@type\":\"ImageObject\",\"inLanguage\":\"fr-FR\",\"@id\":\"https:\/\/stourm.news\/#\/schema\/person\/image\/\",\"url\":\"https:\/\/secure.gravatar.com\/avatar\/7463443f194b6b5fb706b074ca0ef59a0cfcfd720cb47764b0ec5a952ce422b3?s=96&d=mm&r=g\",\"contentUrl\":\"https:\/\/secure.gravatar.com\/avatar\/7463443f194b6b5fb706b074ca0ef59a0cfcfd720cb47764b0ec5a952ce422b3?s=96&d=mm&r=g\",\"caption\":\"La r\u00e9daction\"},\"sameAs\":[\"https:\/\/stourm.news\"],\"url\":\"https:\/\/stourm.news\/?author=1\"}]}<\/script>\n<!-- \/ Yoast SEO plugin. -->","yoast_head_json":{"title":"Ille-et-Vilaine : ce grand fest-noz pourra accueillir 1500 personnes - STOURM","robots":{"index":"index","follow":"follow","max-snippet":"max-snippet:-1","max-image-preview":"max-image-preview:large","max-video-preview":"max-video-preview:-1"},"canonical":"https:\/\/stourm.news\/?p=1346","og_locale":"fr_FR","og_type":"article","og_title":"Ille-et-Vilaine : ce grand fest-noz pourra accueillir 1500 personnes - STOURM","og_description":"Le 8 juin 2024, Erbr\u00e9e (Ille-et-Vilaine) accueillera la premi\u00e8re \u00e9dition du Show\u2019Breizh, un fest-noz de taille pour lequel l\u2019association cr\u00e9atrice d\u2019\u00e9v\u00e9nements se pr\u00e9pare \u00e0 accueillir public, b\u00e9n\u00e9voles et sponsors. \u00ab\u2009Les gens ne l\u2019attendent pas comme un simple festival, mais plut\u00f4t comme le fest-noz \u00e0 ne pas manquer\u2009\u00bb, affirme Jean-Marie Horel, pr\u00e9sident de l\u2019association. Tel est [&hellip;]","og_url":"https:\/\/stourm.news\/?p=1346","og_site_name":"STOURM","article_publisher":"https:\/\/www.facebook.com\/stourmnews\/","article_published_time":"2024-05-11T07:15:04+00:00","og_image":[{"width":960,"height":640,"url":"https:\/\/stourm.news\/wp-content\/uploads\/2024\/05\/fc9fe9b6e836661afe9b6e83675afev-960x640-1.jpg","type":"image\/jpeg"}],"author":"La r\u00e9daction","twitter_card":"summary_large_image","twitter_misc":{"\u00c9crit par":"La r\u00e9daction","Dur\u00e9e de lecture estim\u00e9e":"2 minutes"},"schema":{"@context":"https:\/\/schema.org","@graph":[{"@type":"Article","@id":"https:\/\/stourm.news\/?p=1346#article","isPartOf":{"@id":"https:\/\/stourm.news\/?p=1346"},"author":{"name":"La r\u00e9daction","@id":"https:\/\/stourm.news\/#\/schema\/person\/c3e1dc65988632e190969234ef046cf9"},"headline":"Ille-et-Vilaine : ce grand fest-noz pourra accueillir 1500 personnes","datePublished":"2024-05-11T07:15:04+00:00","mainEntityOfPage":{"@id":"https:\/\/stourm.news\/?p=1346"},"wordCount":430,"commentCount":0,"publisher":{"@id":"https:\/\/stourm.news\/#organization"},"image":{"@id":"https:\/\/stourm.news\/?p=1346#primaryimage"},"thumbnailUrl":"https:\/\/stourm.news\/wp-content\/uploads\/2024\/05\/fc9fe9b6e836661afe9b6e83675afev-960x640-1.jpg","keywords":["Culture bretonne"],"articleSection":["Breizh","Culture bretonne","Ille-et-Vilaine"],"inLanguage":"fr-FR","potentialAction":[{"@type":"CommentAction","name":"Comment","target":["https:\/\/stourm.news\/?p=1346#respond"]}]},{"@type":"WebPage","@id":"https:\/\/stourm.news\/?p=1346","url":"https:\/\/stourm.news\/?p=1346","name":"Ille-et-Vilaine : ce grand fest-noz pourra accueillir 1500 personnes - STOURM","isPartOf":{"@id":"https:\/\/stourm.news\/#website"},"primaryImageOfPage":{"@id":"https:\/\/stourm.news\/?p=1346#primaryimage"},"image":{"@id":"https:\/\/stourm.news\/?p=1346#primaryimage"},"thumbnailUrl":"https:\/\/stourm.news\/wp-content\/uploads\/2024\/05\/fc9fe9b6e836661afe9b6e83675afev-960x640-1.jpg","datePublished":"2024-05-11T07:15:04+00:00","breadcrumb":{"@id":"https:\/\/stourm.news\/?p=1346#breadcrumb"},"inLanguage":"fr-FR","potentialAction":[{"@type":"ReadAction","target":["https:\/\/stourm.news\/?p=1346"]}]},{"@type":"ImageObject","inLanguage":"fr-FR","@id":"https:\/\/stourm.news\/?p=1346#primaryimage","url":"https:\/\/stourm.news\/wp-content\/uploads\/2024\/05\/fc9fe9b6e836661afe9b6e83675afev-960x640-1.jpg","contentUrl":"https:\/\/stourm.news\/wp-content\/uploads\/2024\/05\/fc9fe9b6e836661afe9b6e83675afev-960x640-1.jpg","width":960,"height":640},{"@type":"BreadcrumbList","@id":"https:\/\/stourm.news\/?p=1346#breadcrumb","itemListElement":[{"@type":"ListItem","position":1,"name":"Accueil","item":"https:\/\/stourm.news\/"},{"@type":"ListItem","position":2,"name":"Ille-et-Vilaine : ce grand fest-noz pourra accueillir 1500 personnes"}]},{"@type":"WebSite","@id":"https:\/\/stourm.news\/#website","url":"https:\/\/stourm.news\/","name":"Stourm","description":"Kazetenn Strollad Broadel Breizh","publisher":{"@id":"https:\/\/stourm.news\/#organization"},"potentialAction":[{"@type":"SearchAction","target":{"@type":"EntryPoint","urlTemplate":"https:\/\/stourm.news\/?s={search_term_string}"},"query-input":{"@type":"PropertyValueSpecification","valueRequired":true,"valueName":"search_term_string"}}],"inLanguage":"fr-FR"},{"@type":"Organization","@id":"https:\/\/stourm.news\/#organization","name":"Stourm","url":"https:\/\/stourm.news\/","logo":{"@type":"ImageObject","inLanguage":"fr-FR","@id":"https:\/\/stourm.news\/#\/schema\/logo\/image\/","url":"https:\/\/stourm.news\/wp-content\/uploads\/2025\/11\/cropped-Capture-decran-2025-11-28-a-15.19.07.png","contentUrl":"https:\/\/stourm.news\/wp-content\/uploads\/2025\/11\/cropped-Capture-decran-2025-11-28-a-15.19.07.png","width":1855,"height":383,"caption":"Stourm"},"image":{"@id":"https:\/\/stourm.news\/#\/schema\/logo\/image\/"},"sameAs":["https:\/\/www.facebook.com\/stourmnews\/"]},{"@type":"Person","@id":"https:\/\/stourm.news\/#\/schema\/person\/c3e1dc65988632e190969234ef046cf9","name":"La r\u00e9daction","image":{"@type":"ImageObject","inLanguage":"fr-FR","@id":"https:\/\/stourm.news\/#\/schema\/person\/image\/","url":"https:\/\/secure.gravatar.com\/avatar\/7463443f194b6b5fb706b074ca0ef59a0cfcfd720cb47764b0ec5a952ce422b3?s=96&d=mm&r=g","contentUrl":"https:\/\/secure.gravatar.com\/avatar\/7463443f194b6b5fb706b074ca0ef59a0cfcfd720cb47764b0ec5a952ce422b3?s=96&d=mm&r=g","caption":"La r\u00e9daction"},"sameAs":["https:\/\/stourm.news"],"url":"https:\/\/stourm.news\/?author=1"}]}},"_links":{"self":[{"href":"https:\/\/stourm.news\/index.php?rest_route=\/wp\/v2\/posts\/1346","targetHints":{"allow":["GET"]}}],"collection":[{"href":"https:\/\/stourm.news\/index.php?rest_route=\/wp\/v2\/posts"}],"about":[{"href":"https:\/\/stourm.news\/index.php?rest_route=\/wp\/v2\/types\/post"}],"author":[{"embeddable":true,"href":"https:\/\/stourm.news\/index.php?rest_route=\/wp\/v2\/users\/1"}],"replies":[{"embeddable":true,"href":"https:\/\/stourm.news\/index.php?rest_route=%2Fwp%2Fv2%2Fcomments&post=1346"}],"version-history":[{"count":1,"href":"https:\/\/stourm.news\/index.php?rest_route=\/wp\/v2\/posts\/1346\/revisions"}],"predecessor-version":[{"id":1348,"href":"https:\/\/stourm.news\/index.php?rest_route=\/wp\/v2\/posts\/1346\/revisions\/1348"}],"wp:featuredmedia":[{"embeddable":true,"href":"https:\/\/stourm.news\/index.php?rest_route=\/wp\/v2\/media\/1347"}],"wp:attachment":[{"href":"https:\/\/stourm.news\/index.php?rest_route=%2Fwp%2Fv2%2Fmedia&parent=1346"}],"wp:term":[{"taxonomy":"category","embeddable":true,"href":"https:\/\/stourm.news\/index.php?rest_route=%2Fwp%2Fv2%2Fcategories&post=1346"},{"taxonomy":"post_tag","embeddable":true,"href":"https:\/\/stourm.news\/index.php?rest_route=%2Fwp%2Fv2%2Ftags&post=1346"}],"curies":[{"name":"wp","href":"https:\/\/api.w.org\/{rel}","templated":true}]}}