{"id":1350,"date":"2024-05-11T11:42:59","date_gmt":"2024-05-11T11:42:59","guid":{"rendered":"https:\/\/stourm.news\/?p=1350"},"modified":"2024-05-11T11:42:59","modified_gmt":"2024-05-11T11:42:59","slug":"lettre-ouverte-du-pnb-a-lassociation-bretagne-reunie","status":"publish","type":"post","link":"https:\/\/stourm.news\/?p=1350","title":{"rendered":"Lettre ouverte du PNB \u00e0 l&rsquo;association \u00ab\u00a0Bretagne R\u00e9unie\u00a0\u00bb"},"content":{"rendered":"<p style=\"text-align: justify;\"><span style=\"color: #000000;\">Le Parti National Breton a adress\u00e9 une lettre ouverte \u00e0 l&rsquo;association patriotique Bretagne R\u00e9unie afin de clarifier la position de l&rsquo;association sur l&rsquo;ouverture de celle-ci aux diverses sensibilit\u00e9s des patriotes bretons.<\/span><\/p>\n<blockquote>\n<p style=\"text-align: justify;\"><span style=\"font-size: 14pt; color: #000000;\">Messieurs les Co-pr\u00e9sidents Cl\u00e9ment, Coraud et Peign\u00e9,<\/span><\/p>\n<p style=\"text-align: justify;\"><span style=\"font-size: 14pt; color: #000000;\">Le 30 avril, l&rsquo;association patriotique \u00ab\u00a0Bretagne R\u00e9unie\u00a0\u00bb a communiqu\u00e9 la liste de son nouveau conseil d&rsquo;administration, lequel compte trois vice-pr\u00e9sidents. L&rsquo;un d&rsquo;entre eux, <strong>Etienne Gruenais<\/strong>, est politique puisqu&rsquo;il appartient au parti r\u00e9gionaliste \u00ab\u00a0Parti Breton\u00a0\u00bb o\u00f9 il exerce des fonctions dirigeantes.<\/span><\/p>\n<p style=\"text-align: justify;\"><span style=\"font-size: 14pt; color: #000000;\">Cette participation \u00e0 caract\u00e8re politique n\u00e9cessite une clarification de la part de l&rsquo;association \u00ab\u00a0Bretagne R\u00e9unie\u00a0\u00bb.<\/span><\/p>\n<p style=\"text-align: justify;\"><span style=\"font-size: 14pt; color: #000000;\">La r\u00e9unification de la Bretagne suppose de rassembler les Bretons en une seule entit\u00e9 politique et administrative, pr\u00e9lude \u00e0 leur \u00e9mancipation nationale. A cet effet, la r\u00e9unification de la patrie ne peut se faire que dans un esprit d&rsquo;union nationale.<\/span><\/p>\n<p style=\"text-align: justify;\"><span style=\"font-size: 14pt; color: #000000;\">Dans cet esprit d&rsquo;union et d&rsquo;\u00e9galit\u00e9 nationales, le Parti National Breton demande \u00e0 l&rsquo;association \u00ab\u00a0Bretagne R\u00e9unie\u00a0\u00bb de confirmer son ouverture \u00e0 toutes les sensibilit\u00e9s exprim\u00e9es par les Bretons \u00e0 travers leurs diff\u00e9rentes organisations politiques afin que les membres du PNB qui en forment le v\u0153u puissent adh\u00e9rer et participer aux activit\u00e9s de l&rsquo;association, en application de ses statuts.<\/span><\/p>\n<p style=\"text-align: right;\"><strong><span style=\"font-size: 14pt; color: #000000;\">Le Kuzul Meur du Parti National Breton<\/span><\/strong><\/p>\n<\/blockquote>\n<p style=\"text-align: justify;\">La l\u00e9gitime demande de clarification de la part de la direction du Parti appelle une r\u00e9ponse claire de la part de l&rsquo;association \u00ab\u00a0Bretagne R\u00e9unie\u00a0\u00bb. La r\u00e9unification de la Bretagne pr\u00e9suppose que les Bretons soient unis, sans exclusive ni esprit de sectarisme.<\/p>\n","protected":false},"excerpt":{"rendered":"<p>Le Parti National Breton a adress\u00e9 une lettre ouverte \u00e0 l&rsquo;association patriotique Bretagne R\u00e9unie afin de clarifier la position de l&rsquo;association sur l&rsquo;ouverture de celle-ci aux diverses sensibilit\u00e9s des patriotes bretons. Messieurs les Co-pr\u00e9sidents Cl\u00e9ment, Coraud et Peign\u00e9, Le 30 avril, l&rsquo;association patriotique \u00ab\u00a0Bretagne R\u00e9unie\u00a0\u00bb a communiqu\u00e9 la liste de son nouveau conseil d&rsquo;administration, lequel [&hellip;]<\/p>\n","protected":false},"author":1,"featured_media":1351,"comment_status":"open","ping_status":"open","sticky":false,"template":"","format":"standard","meta":{"sb_editor_width":"","footnotes":""},"categories":[65,49],"tags":[],"class_list":["post-1350","post","type-post","status-publish","format-standard","has-post-thumbnail","hentry","category-principale","category-vie-du-parti"],"relative_dates":{"created":"2 ans ago","modified":"2 ans ago"},"yoast_head":"<!-- This site is optimized with the Yoast SEO plugin v26.3 - https:\/\/yoast.com\/wordpress\/plugins\/seo\/ -->\n<title>Lettre ouverte du PNB \u00e0 l&#039;association &quot;Bretagne R\u00e9unie&quot; - STOURM<\/title>\n<meta name=\"robots\" content=\"index, follow, max-snippet:-1, max-image-preview:large, max-video-preview:-1\" \/>\n<link rel=\"canonical\" href=\"https:\/\/stourm.news\/?p=1350\" \/>\n<meta property=\"og:locale\" content=\"fr_FR\" \/>\n<meta property=\"og:type\" content=\"article\" \/>\n<meta property=\"og:title\" content=\"Lettre ouverte du PNB \u00e0 l&#039;association &quot;Bretagne R\u00e9unie&quot; - STOURM\" \/>\n<meta property=\"og:description\" content=\"Le Parti National Breton a adress\u00e9 une lettre ouverte \u00e0 l&rsquo;association patriotique Bretagne R\u00e9unie afin de clarifier la position de l&rsquo;association sur l&rsquo;ouverture de celle-ci aux diverses sensibilit\u00e9s des patriotes bretons. Messieurs les Co-pr\u00e9sidents Cl\u00e9ment, Coraud et Peign\u00e9, Le 30 avril, l&rsquo;association patriotique \u00ab\u00a0Bretagne R\u00e9unie\u00a0\u00bb a communiqu\u00e9 la liste de son nouveau conseil d&rsquo;administration, lequel [&hellip;]\" \/>\n<meta property=\"og:url\" content=\"https:\/\/stourm.news\/?p=1350\" \/>\n<meta property=\"og:site_name\" content=\"STOURM\" \/>\n<meta property=\"article:publisher\" content=\"https:\/\/www.facebook.com\/stourmnews\/\" \/>\n<meta property=\"article:published_time\" content=\"2024-05-11T11:42:59+00:00\" \/>\n<meta property=\"og:image\" content=\"https:\/\/stourm.news\/wp-content\/uploads\/2024\/05\/drapeau-nantes-agitant-dans-airs_633872-826.jpg\" \/>\n\t<meta property=\"og:image:width\" content=\"900\" \/>\n\t<meta property=\"og:image:height\" content=\"600\" \/>\n\t<meta property=\"og:image:type\" content=\"image\/jpeg\" \/>\n<meta name=\"author\" content=\"La r\u00e9daction\" \/>\n<meta name=\"twitter:card\" content=\"summary_large_image\" \/>\n<meta name=\"twitter:label1\" content=\"\u00c9crit par\" \/>\n\t<meta name=\"twitter:data1\" content=\"La r\u00e9daction\" \/>\n\t<meta name=\"twitter:label2\" content=\"Dur\u00e9e de lecture estim\u00e9e\" \/>\n\t<meta name=\"twitter:data2\" content=\"1 minute\" \/>\n<script type=\"application\/ld+json\" class=\"yoast-schema-graph\">{\"@context\":\"https:\/\/schema.org\",\"@graph\":[{\"@type\":\"Article\",\"@id\":\"https:\/\/stourm.news\/?p=1350#article\",\"isPartOf\":{\"@id\":\"https:\/\/stourm.news\/?p=1350\"},\"author\":{\"name\":\"La r\u00e9daction\",\"@id\":\"https:\/\/stourm.news\/#\/schema\/person\/c3e1dc65988632e190969234ef046cf9\"},\"headline\":\"Lettre ouverte du PNB \u00e0 l&rsquo;association \u00ab\u00a0Bretagne R\u00e9unie\u00a0\u00bb\",\"datePublished\":\"2024-05-11T11:42:59+00:00\",\"mainEntityOfPage\":{\"@id\":\"https:\/\/stourm.news\/?p=1350\"},\"wordCount\":281,\"commentCount\":0,\"publisher\":{\"@id\":\"https:\/\/stourm.news\/#organization\"},\"image\":{\"@id\":\"https:\/\/stourm.news\/?p=1350#primaryimage\"},\"thumbnailUrl\":\"https:\/\/stourm.news\/wp-content\/uploads\/2024\/05\/drapeau-nantes-agitant-dans-airs_633872-826.jpg\",\"articleSection\":[\"Principale\",\"Vie du Parti\"],\"inLanguage\":\"fr-FR\",\"potentialAction\":[{\"@type\":\"CommentAction\",\"name\":\"Comment\",\"target\":[\"https:\/\/stourm.news\/?p=1350#respond\"]}]},{\"@type\":\"WebPage\",\"@id\":\"https:\/\/stourm.news\/?p=1350\",\"url\":\"https:\/\/stourm.news\/?p=1350\",\"name\":\"Lettre ouverte du PNB \u00e0 l'association \\\"Bretagne R\u00e9unie\\\" - STOURM\",\"isPartOf\":{\"@id\":\"https:\/\/stourm.news\/#website\"},\"primaryImageOfPage\":{\"@id\":\"https:\/\/stourm.news\/?p=1350#primaryimage\"},\"image\":{\"@id\":\"https:\/\/stourm.news\/?p=1350#primaryimage\"},\"thumbnailUrl\":\"https:\/\/stourm.news\/wp-content\/uploads\/2024\/05\/drapeau-nantes-agitant-dans-airs_633872-826.jpg\",\"datePublished\":\"2024-05-11T11:42:59+00:00\",\"breadcrumb\":{\"@id\":\"https:\/\/stourm.news\/?p=1350#breadcrumb\"},\"inLanguage\":\"fr-FR\",\"potentialAction\":[{\"@type\":\"ReadAction\",\"target\":[\"https:\/\/stourm.news\/?p=1350\"]}]},{\"@type\":\"ImageObject\",\"inLanguage\":\"fr-FR\",\"@id\":\"https:\/\/stourm.news\/?p=1350#primaryimage\",\"url\":\"https:\/\/stourm.news\/wp-content\/uploads\/2024\/05\/drapeau-nantes-agitant-dans-airs_633872-826.jpg\",\"contentUrl\":\"https:\/\/stourm.news\/wp-content\/uploads\/2024\/05\/drapeau-nantes-agitant-dans-airs_633872-826.jpg\",\"width\":900,\"height\":600},{\"@type\":\"BreadcrumbList\",\"@id\":\"https:\/\/stourm.news\/?p=1350#breadcrumb\",\"itemListElement\":[{\"@type\":\"ListItem\",\"position\":1,\"name\":\"Accueil\",\"item\":\"https:\/\/stourm.news\/\"},{\"@type\":\"ListItem\",\"position\":2,\"name\":\"Lettre ouverte du PNB \u00e0 l&rsquo;association \u00ab\u00a0Bretagne R\u00e9unie\u00a0\u00bb\"}]},{\"@type\":\"WebSite\",\"@id\":\"https:\/\/stourm.news\/#website\",\"url\":\"https:\/\/stourm.news\/\",\"name\":\"Stourm\",\"description\":\"Kazetenn Strollad Broadel Breizh\",\"publisher\":{\"@id\":\"https:\/\/stourm.news\/#organization\"},\"potentialAction\":[{\"@type\":\"SearchAction\",\"target\":{\"@type\":\"EntryPoint\",\"urlTemplate\":\"https:\/\/stourm.news\/?s={search_term_string}\"},\"query-input\":{\"@type\":\"PropertyValueSpecification\",\"valueRequired\":true,\"valueName\":\"search_term_string\"}}],\"inLanguage\":\"fr-FR\"},{\"@type\":\"Organization\",\"@id\":\"https:\/\/stourm.news\/#organization\",\"name\":\"Stourm\",\"url\":\"https:\/\/stourm.news\/\",\"logo\":{\"@type\":\"ImageObject\",\"inLanguage\":\"fr-FR\",\"@id\":\"https:\/\/stourm.news\/#\/schema\/logo\/image\/\",\"url\":\"https:\/\/stourm.news\/wp-content\/uploads\/2025\/11\/cropped-Capture-decran-2025-11-28-a-15.19.07.png\",\"contentUrl\":\"https:\/\/stourm.news\/wp-content\/uploads\/2025\/11\/cropped-Capture-decran-2025-11-28-a-15.19.07.png\",\"width\":1855,\"height\":383,\"caption\":\"Stourm\"},\"image\":{\"@id\":\"https:\/\/stourm.news\/#\/schema\/logo\/image\/\"},\"sameAs\":[\"https:\/\/www.facebook.com\/stourmnews\/\"]},{\"@type\":\"Person\",\"@id\":\"https:\/\/stourm.news\/#\/schema\/person\/c3e1dc65988632e190969234ef046cf9\",\"name\":\"La r\u00e9daction\",\"image\":{\"@type\":\"ImageObject\",\"inLanguage\":\"fr-FR\",\"@id\":\"https:\/\/stourm.news\/#\/schema\/person\/image\/\",\"url\":\"https:\/\/secure.gravatar.com\/avatar\/7463443f194b6b5fb706b074ca0ef59a0cfcfd720cb47764b0ec5a952ce422b3?s=96&d=mm&r=g\",\"contentUrl\":\"https:\/\/secure.gravatar.com\/avatar\/7463443f194b6b5fb706b074ca0ef59a0cfcfd720cb47764b0ec5a952ce422b3?s=96&d=mm&r=g\",\"caption\":\"La r\u00e9daction\"},\"sameAs\":[\"https:\/\/stourm.news\"],\"url\":\"https:\/\/stourm.news\/?author=1\"}]}<\/script>\n<!-- \/ Yoast SEO plugin. -->","yoast_head_json":{"title":"Lettre ouverte du PNB \u00e0 l'association \"Bretagne R\u00e9unie\" - STOURM","robots":{"index":"index","follow":"follow","max-snippet":"max-snippet:-1","max-image-preview":"max-image-preview:large","max-video-preview":"max-video-preview:-1"},"canonical":"https:\/\/stourm.news\/?p=1350","og_locale":"fr_FR","og_type":"article","og_title":"Lettre ouverte du PNB \u00e0 l'association \"Bretagne R\u00e9unie\" - STOURM","og_description":"Le Parti National Breton a adress\u00e9 une lettre ouverte \u00e0 l&rsquo;association patriotique Bretagne R\u00e9unie afin de clarifier la position de l&rsquo;association sur l&rsquo;ouverture de celle-ci aux diverses sensibilit\u00e9s des patriotes bretons. Messieurs les Co-pr\u00e9sidents Cl\u00e9ment, Coraud et Peign\u00e9, Le 30 avril, l&rsquo;association patriotique \u00ab\u00a0Bretagne R\u00e9unie\u00a0\u00bb a communiqu\u00e9 la liste de son nouveau conseil d&rsquo;administration, lequel [&hellip;]","og_url":"https:\/\/stourm.news\/?p=1350","og_site_name":"STOURM","article_publisher":"https:\/\/www.facebook.com\/stourmnews\/","article_published_time":"2024-05-11T11:42:59+00:00","og_image":[{"width":900,"height":600,"url":"https:\/\/stourm.news\/wp-content\/uploads\/2024\/05\/drapeau-nantes-agitant-dans-airs_633872-826.jpg","type":"image\/jpeg"}],"author":"La r\u00e9daction","twitter_card":"summary_large_image","twitter_misc":{"\u00c9crit par":"La r\u00e9daction","Dur\u00e9e de lecture estim\u00e9e":"1 minute"},"schema":{"@context":"https:\/\/schema.org","@graph":[{"@type":"Article","@id":"https:\/\/stourm.news\/?p=1350#article","isPartOf":{"@id":"https:\/\/stourm.news\/?p=1350"},"author":{"name":"La r\u00e9daction","@id":"https:\/\/stourm.news\/#\/schema\/person\/c3e1dc65988632e190969234ef046cf9"},"headline":"Lettre ouverte du PNB \u00e0 l&rsquo;association \u00ab\u00a0Bretagne R\u00e9unie\u00a0\u00bb","datePublished":"2024-05-11T11:42:59+00:00","mainEntityOfPage":{"@id":"https:\/\/stourm.news\/?p=1350"},"wordCount":281,"commentCount":0,"publisher":{"@id":"https:\/\/stourm.news\/#organization"},"image":{"@id":"https:\/\/stourm.news\/?p=1350#primaryimage"},"thumbnailUrl":"https:\/\/stourm.news\/wp-content\/uploads\/2024\/05\/drapeau-nantes-agitant-dans-airs_633872-826.jpg","articleSection":["Principale","Vie du Parti"],"inLanguage":"fr-FR","potentialAction":[{"@type":"CommentAction","name":"Comment","target":["https:\/\/stourm.news\/?p=1350#respond"]}]},{"@type":"WebPage","@id":"https:\/\/stourm.news\/?p=1350","url":"https:\/\/stourm.news\/?p=1350","name":"Lettre ouverte du PNB \u00e0 l'association \"Bretagne R\u00e9unie\" - STOURM","isPartOf":{"@id":"https:\/\/stourm.news\/#website"},"primaryImageOfPage":{"@id":"https:\/\/stourm.news\/?p=1350#primaryimage"},"image":{"@id":"https:\/\/stourm.news\/?p=1350#primaryimage"},"thumbnailUrl":"https:\/\/stourm.news\/wp-content\/uploads\/2024\/05\/drapeau-nantes-agitant-dans-airs_633872-826.jpg","datePublished":"2024-05-11T11:42:59+00:00","breadcrumb":{"@id":"https:\/\/stourm.news\/?p=1350#breadcrumb"},"inLanguage":"fr-FR","potentialAction":[{"@type":"ReadAction","target":["https:\/\/stourm.news\/?p=1350"]}]},{"@type":"ImageObject","inLanguage":"fr-FR","@id":"https:\/\/stourm.news\/?p=1350#primaryimage","url":"https:\/\/stourm.news\/wp-content\/uploads\/2024\/05\/drapeau-nantes-agitant-dans-airs_633872-826.jpg","contentUrl":"https:\/\/stourm.news\/wp-content\/uploads\/2024\/05\/drapeau-nantes-agitant-dans-airs_633872-826.jpg","width":900,"height":600},{"@type":"BreadcrumbList","@id":"https:\/\/stourm.news\/?p=1350#breadcrumb","itemListElement":[{"@type":"ListItem","position":1,"name":"Accueil","item":"https:\/\/stourm.news\/"},{"@type":"ListItem","position":2,"name":"Lettre ouverte du PNB \u00e0 l&rsquo;association \u00ab\u00a0Bretagne R\u00e9unie\u00a0\u00bb"}]},{"@type":"WebSite","@id":"https:\/\/stourm.news\/#website","url":"https:\/\/stourm.news\/","name":"Stourm","description":"Kazetenn Strollad Broadel Breizh","publisher":{"@id":"https:\/\/stourm.news\/#organization"},"potentialAction":[{"@type":"SearchAction","target":{"@type":"EntryPoint","urlTemplate":"https:\/\/stourm.news\/?s={search_term_string}"},"query-input":{"@type":"PropertyValueSpecification","valueRequired":true,"valueName":"search_term_string"}}],"inLanguage":"fr-FR"},{"@type":"Organization","@id":"https:\/\/stourm.news\/#organization","name":"Stourm","url":"https:\/\/stourm.news\/","logo":{"@type":"ImageObject","inLanguage":"fr-FR","@id":"https:\/\/stourm.news\/#\/schema\/logo\/image\/","url":"https:\/\/stourm.news\/wp-content\/uploads\/2025\/11\/cropped-Capture-decran-2025-11-28-a-15.19.07.png","contentUrl":"https:\/\/stourm.news\/wp-content\/uploads\/2025\/11\/cropped-Capture-decran-2025-11-28-a-15.19.07.png","width":1855,"height":383,"caption":"Stourm"},"image":{"@id":"https:\/\/stourm.news\/#\/schema\/logo\/image\/"},"sameAs":["https:\/\/www.facebook.com\/stourmnews\/"]},{"@type":"Person","@id":"https:\/\/stourm.news\/#\/schema\/person\/c3e1dc65988632e190969234ef046cf9","name":"La r\u00e9daction","image":{"@type":"ImageObject","inLanguage":"fr-FR","@id":"https:\/\/stourm.news\/#\/schema\/person\/image\/","url":"https:\/\/secure.gravatar.com\/avatar\/7463443f194b6b5fb706b074ca0ef59a0cfcfd720cb47764b0ec5a952ce422b3?s=96&d=mm&r=g","contentUrl":"https:\/\/secure.gravatar.com\/avatar\/7463443f194b6b5fb706b074ca0ef59a0cfcfd720cb47764b0ec5a952ce422b3?s=96&d=mm&r=g","caption":"La r\u00e9daction"},"sameAs":["https:\/\/stourm.news"],"url":"https:\/\/stourm.news\/?author=1"}]}},"_links":{"self":[{"href":"https:\/\/stourm.news\/index.php?rest_route=\/wp\/v2\/posts\/1350","targetHints":{"allow":["GET"]}}],"collection":[{"href":"https:\/\/stourm.news\/index.php?rest_route=\/wp\/v2\/posts"}],"about":[{"href":"https:\/\/stourm.news\/index.php?rest_route=\/wp\/v2\/types\/post"}],"author":[{"embeddable":true,"href":"https:\/\/stourm.news\/index.php?rest_route=\/wp\/v2\/users\/1"}],"replies":[{"embeddable":true,"href":"https:\/\/stourm.news\/index.php?rest_route=%2Fwp%2Fv2%2Fcomments&post=1350"}],"version-history":[{"count":1,"href":"https:\/\/stourm.news\/index.php?rest_route=\/wp\/v2\/posts\/1350\/revisions"}],"predecessor-version":[{"id":1352,"href":"https:\/\/stourm.news\/index.php?rest_route=\/wp\/v2\/posts\/1350\/revisions\/1352"}],"wp:featuredmedia":[{"embeddable":true,"href":"https:\/\/stourm.news\/index.php?rest_route=\/wp\/v2\/media\/1351"}],"wp:attachment":[{"href":"https:\/\/stourm.news\/index.php?rest_route=%2Fwp%2Fv2%2Fmedia&parent=1350"}],"wp:term":[{"taxonomy":"category","embeddable":true,"href":"https:\/\/stourm.news\/index.php?rest_route=%2Fwp%2Fv2%2Fcategories&post=1350"},{"taxonomy":"post_tag","embeddable":true,"href":"https:\/\/stourm.news\/index.php?rest_route=%2Fwp%2Fv2%2Ftags&post=1350"}],"curies":[{"name":"wp","href":"https:\/\/api.w.org\/{rel}","templated":true}]}}