{"id":1353,"date":"2024-05-13T06:47:02","date_gmt":"2024-05-13T06:47:02","guid":{"rendered":"https:\/\/stourm.news\/?p=1353"},"modified":"2024-05-13T06:47:02","modified_gmt":"2024-05-13T06:47:02","slug":"rennes-sur-563-migrants-clandestins-places-en-centre-de-retention-75-ont-ete-liberes","status":"publish","type":"post","link":"https:\/\/stourm.news\/?p=1353","title":{"rendered":"Rennes : sur 563 migrants clandestins plac\u00e9s en centre de r\u00e9tention, 75% ont \u00e9t\u00e9 lib\u00e9r\u00e9s"},"content":{"rendered":"<p style=\"text-align: justify;\">\u00ab Des strat\u00e9gies pr\u00e9fectorales contre l\u2019acc\u00e8s aux droits \u00bb : c\u2019est ce qu\u2019on peut lire sous la plume de la <strong>Cimade<\/strong> dans son dernier rapport sur les Centres de r\u00e9tention administrative (CRA). Dans le passage consacr\u00e9 \u00e0 celui de Rennes, l\u2019association de soutien aux <strong>exil\u00e9s<\/strong> (immigr\u00e9s clandestins, ndlr) accuse notamment l\u2019administration de pratiques destin\u00e9es \u00e0 emp\u00eacher les migrants de contester leur <strong>expulsion<\/strong>.<\/p>\n<p style=\"text-align: justify;\">Sans \u00eatre un \u00e9tablissement p\u00e9nitentiaire, un CRA n\u2019en est pas moins un lieu privatif de libert\u00e9. Les <strong>\u00e9trangers<\/strong>, dont la majorit\u00e9 est sous<strong> Obligation de quitter le territoire fran\u00e7ais (OQTF)<\/strong>, y sont plac\u00e9s en vue de leur \u00e9loignement forc\u00e9. Ainsi, \u00e0 Rennes,<strong> 565 migrants<\/strong> ont \u00e9t\u00e9 retenus en 2023, d\u2019apr\u00e8s la Cimade, apr\u00e8s un contr\u00f4le de police (46 % des cas) <strong>ou \u00e0 leur sortie de prison<\/strong> (40,9 %). <strong>Un quart d\u2019entre eux<\/strong> a r\u00e9ellement \u00e9t\u00e9 \u00e9loign\u00e9, le plus souvent vers l\u2019Alg\u00e9rie, le Maroc, la Tunisie ou encore la G\u00e9orgie. <strong>Les autres ont \u00e9t\u00e9 lib\u00e9r\u00e9s.<\/strong><\/p>\n<p>Source : <a href=\"https:\/\/www.letelegramme.fr\/ille-et-vilaine\/rennes-35000\/a-rennes-la-cimade-denonce-des-atteintes-aux-droits-des-migrants-retenus-au-cra-6581888.php\">Le T\u00e9l\u00e9gramme<\/a><\/p>\n","protected":false},"excerpt":{"rendered":"<p>\u00ab Des strat\u00e9gies pr\u00e9fectorales contre l\u2019acc\u00e8s aux droits \u00bb : c\u2019est ce qu\u2019on peut lire sous la plume de la Cimade dans son dernier rapport sur les Centres de r\u00e9tention administrative (CRA). Dans le passage consacr\u00e9 \u00e0 celui de Rennes, l\u2019association de soutien aux exil\u00e9s (immigr\u00e9s clandestins, ndlr) accuse notamment l\u2019administration de pratiques destin\u00e9es \u00e0 [&hellip;]<\/p>\n","protected":false},"author":1,"featured_media":1354,"comment_status":"open","ping_status":"open","sticky":false,"template":"","format":"standard","meta":{"sb_editor_width":"","footnotes":""},"categories":[41,33,62],"tags":[],"class_list":["post-1353","post","type-post","status-publish","format-standard","has-post-thumbnail","hentry","category-ille-et-vilaine","category-immigration","category-revue-de-presse"],"relative_dates":{"created":"2 ans ago","modified":"2 ans ago"},"yoast_head":"<!-- This site is optimized with the Yoast SEO plugin v26.3 - https:\/\/yoast.com\/wordpress\/plugins\/seo\/ -->\n<title>Rennes : sur 563 migrants clandestins plac\u00e9s en centre de r\u00e9tention, 75% ont \u00e9t\u00e9 lib\u00e9r\u00e9s - STOURM<\/title>\n<meta name=\"robots\" content=\"index, follow, max-snippet:-1, max-image-preview:large, max-video-preview:-1\" \/>\n<link rel=\"canonical\" href=\"https:\/\/stourm.news\/?p=1353\" \/>\n<meta property=\"og:locale\" content=\"fr_FR\" \/>\n<meta property=\"og:type\" content=\"article\" \/>\n<meta property=\"og:title\" content=\"Rennes : sur 563 migrants clandestins plac\u00e9s en centre de r\u00e9tention, 75% ont \u00e9t\u00e9 lib\u00e9r\u00e9s - STOURM\" \/>\n<meta property=\"og:description\" content=\"\u00ab Des strat\u00e9gies pr\u00e9fectorales contre l\u2019acc\u00e8s aux droits \u00bb : c\u2019est ce qu\u2019on peut lire sous la plume de la Cimade dans son dernier rapport sur les Centres de r\u00e9tention administrative (CRA). Dans le passage consacr\u00e9 \u00e0 celui de Rennes, l\u2019association de soutien aux exil\u00e9s (immigr\u00e9s clandestins, ndlr) accuse notamment l\u2019administration de pratiques destin\u00e9es \u00e0 [&hellip;]\" \/>\n<meta property=\"og:url\" content=\"https:\/\/stourm.news\/?p=1353\" \/>\n<meta property=\"og:site_name\" content=\"STOURM\" \/>\n<meta property=\"article:publisher\" content=\"https:\/\/www.facebook.com\/stourmnews\/\" \/>\n<meta property=\"article:published_time\" content=\"2024-05-13T06:47:02+00:00\" \/>\n<meta property=\"og:image\" content=\"https:\/\/stourm.news\/wp-content\/uploads\/2024\/05\/663e52dfbdd02046110b6f3a.jpg\" \/>\n\t<meta property=\"og:image:width\" content=\"960\" \/>\n\t<meta property=\"og:image:height\" content=\"600\" \/>\n\t<meta property=\"og:image:type\" content=\"image\/jpeg\" \/>\n<meta name=\"author\" content=\"La r\u00e9daction\" \/>\n<meta name=\"twitter:card\" content=\"summary_large_image\" \/>\n<meta name=\"twitter:label1\" content=\"\u00c9crit par\" \/>\n\t<meta name=\"twitter:data1\" content=\"La r\u00e9daction\" \/>\n\t<meta name=\"twitter:label2\" content=\"Dur\u00e9e de lecture estim\u00e9e\" \/>\n\t<meta name=\"twitter:data2\" content=\"1 minute\" \/>\n<script type=\"application\/ld+json\" class=\"yoast-schema-graph\">{\"@context\":\"https:\/\/schema.org\",\"@graph\":[{\"@type\":\"Article\",\"@id\":\"https:\/\/stourm.news\/?p=1353#article\",\"isPartOf\":{\"@id\":\"https:\/\/stourm.news\/?p=1353\"},\"author\":{\"name\":\"La r\u00e9daction\",\"@id\":\"https:\/\/stourm.news\/#\/schema\/person\/c3e1dc65988632e190969234ef046cf9\"},\"headline\":\"Rennes : sur 563 migrants clandestins plac\u00e9s en centre de r\u00e9tention, 75% ont \u00e9t\u00e9 lib\u00e9r\u00e9s\",\"datePublished\":\"2024-05-13T06:47:02+00:00\",\"mainEntityOfPage\":{\"@id\":\"https:\/\/stourm.news\/?p=1353\"},\"wordCount\":193,\"commentCount\":0,\"publisher\":{\"@id\":\"https:\/\/stourm.news\/#organization\"},\"image\":{\"@id\":\"https:\/\/stourm.news\/?p=1353#primaryimage\"},\"thumbnailUrl\":\"https:\/\/stourm.news\/wp-content\/uploads\/2024\/05\/663e52dfbdd02046110b6f3a.jpg\",\"articleSection\":[\"Ille-et-Vilaine\",\"Immigration\",\"Revue de presse\"],\"inLanguage\":\"fr-FR\",\"potentialAction\":[{\"@type\":\"CommentAction\",\"name\":\"Comment\",\"target\":[\"https:\/\/stourm.news\/?p=1353#respond\"]}]},{\"@type\":\"WebPage\",\"@id\":\"https:\/\/stourm.news\/?p=1353\",\"url\":\"https:\/\/stourm.news\/?p=1353\",\"name\":\"Rennes : sur 563 migrants clandestins plac\u00e9s en centre de r\u00e9tention, 75% ont \u00e9t\u00e9 lib\u00e9r\u00e9s - STOURM\",\"isPartOf\":{\"@id\":\"https:\/\/stourm.news\/#website\"},\"primaryImageOfPage\":{\"@id\":\"https:\/\/stourm.news\/?p=1353#primaryimage\"},\"image\":{\"@id\":\"https:\/\/stourm.news\/?p=1353#primaryimage\"},\"thumbnailUrl\":\"https:\/\/stourm.news\/wp-content\/uploads\/2024\/05\/663e52dfbdd02046110b6f3a.jpg\",\"datePublished\":\"2024-05-13T06:47:02+00:00\",\"breadcrumb\":{\"@id\":\"https:\/\/stourm.news\/?p=1353#breadcrumb\"},\"inLanguage\":\"fr-FR\",\"potentialAction\":[{\"@type\":\"ReadAction\",\"target\":[\"https:\/\/stourm.news\/?p=1353\"]}]},{\"@type\":\"ImageObject\",\"inLanguage\":\"fr-FR\",\"@id\":\"https:\/\/stourm.news\/?p=1353#primaryimage\",\"url\":\"https:\/\/stourm.news\/wp-content\/uploads\/2024\/05\/663e52dfbdd02046110b6f3a.jpg\",\"contentUrl\":\"https:\/\/stourm.news\/wp-content\/uploads\/2024\/05\/663e52dfbdd02046110b6f3a.jpg\",\"width\":960,\"height\":600},{\"@type\":\"BreadcrumbList\",\"@id\":\"https:\/\/stourm.news\/?p=1353#breadcrumb\",\"itemListElement\":[{\"@type\":\"ListItem\",\"position\":1,\"name\":\"Accueil\",\"item\":\"https:\/\/stourm.news\/\"},{\"@type\":\"ListItem\",\"position\":2,\"name\":\"Rennes : sur 563 migrants clandestins plac\u00e9s en centre de r\u00e9tention, 75% ont \u00e9t\u00e9 lib\u00e9r\u00e9s\"}]},{\"@type\":\"WebSite\",\"@id\":\"https:\/\/stourm.news\/#website\",\"url\":\"https:\/\/stourm.news\/\",\"name\":\"Stourm\",\"description\":\"Kazetenn Strollad Broadel Breizh\",\"publisher\":{\"@id\":\"https:\/\/stourm.news\/#organization\"},\"potentialAction\":[{\"@type\":\"SearchAction\",\"target\":{\"@type\":\"EntryPoint\",\"urlTemplate\":\"https:\/\/stourm.news\/?s={search_term_string}\"},\"query-input\":{\"@type\":\"PropertyValueSpecification\",\"valueRequired\":true,\"valueName\":\"search_term_string\"}}],\"inLanguage\":\"fr-FR\"},{\"@type\":\"Organization\",\"@id\":\"https:\/\/stourm.news\/#organization\",\"name\":\"Stourm\",\"url\":\"https:\/\/stourm.news\/\",\"logo\":{\"@type\":\"ImageObject\",\"inLanguage\":\"fr-FR\",\"@id\":\"https:\/\/stourm.news\/#\/schema\/logo\/image\/\",\"url\":\"https:\/\/stourm.news\/wp-content\/uploads\/2025\/11\/cropped-Capture-decran-2025-11-28-a-15.19.07.png\",\"contentUrl\":\"https:\/\/stourm.news\/wp-content\/uploads\/2025\/11\/cropped-Capture-decran-2025-11-28-a-15.19.07.png\",\"width\":1855,\"height\":383,\"caption\":\"Stourm\"},\"image\":{\"@id\":\"https:\/\/stourm.news\/#\/schema\/logo\/image\/\"},\"sameAs\":[\"https:\/\/www.facebook.com\/stourmnews\/\"]},{\"@type\":\"Person\",\"@id\":\"https:\/\/stourm.news\/#\/schema\/person\/c3e1dc65988632e190969234ef046cf9\",\"name\":\"La r\u00e9daction\",\"image\":{\"@type\":\"ImageObject\",\"inLanguage\":\"fr-FR\",\"@id\":\"https:\/\/stourm.news\/#\/schema\/person\/image\/\",\"url\":\"https:\/\/secure.gravatar.com\/avatar\/7463443f194b6b5fb706b074ca0ef59a0cfcfd720cb47764b0ec5a952ce422b3?s=96&d=mm&r=g\",\"contentUrl\":\"https:\/\/secure.gravatar.com\/avatar\/7463443f194b6b5fb706b074ca0ef59a0cfcfd720cb47764b0ec5a952ce422b3?s=96&d=mm&r=g\",\"caption\":\"La r\u00e9daction\"},\"sameAs\":[\"https:\/\/stourm.news\"],\"url\":\"https:\/\/stourm.news\/?author=1\"}]}<\/script>\n<!-- \/ Yoast SEO plugin. -->","yoast_head_json":{"title":"Rennes : sur 563 migrants clandestins plac\u00e9s en centre de r\u00e9tention, 75% ont \u00e9t\u00e9 lib\u00e9r\u00e9s - STOURM","robots":{"index":"index","follow":"follow","max-snippet":"max-snippet:-1","max-image-preview":"max-image-preview:large","max-video-preview":"max-video-preview:-1"},"canonical":"https:\/\/stourm.news\/?p=1353","og_locale":"fr_FR","og_type":"article","og_title":"Rennes : sur 563 migrants clandestins plac\u00e9s en centre de r\u00e9tention, 75% ont \u00e9t\u00e9 lib\u00e9r\u00e9s - STOURM","og_description":"\u00ab Des strat\u00e9gies pr\u00e9fectorales contre l\u2019acc\u00e8s aux droits \u00bb : c\u2019est ce qu\u2019on peut lire sous la plume de la Cimade dans son dernier rapport sur les Centres de r\u00e9tention administrative (CRA). Dans le passage consacr\u00e9 \u00e0 celui de Rennes, l\u2019association de soutien aux exil\u00e9s (immigr\u00e9s clandestins, ndlr) accuse notamment l\u2019administration de pratiques destin\u00e9es \u00e0 [&hellip;]","og_url":"https:\/\/stourm.news\/?p=1353","og_site_name":"STOURM","article_publisher":"https:\/\/www.facebook.com\/stourmnews\/","article_published_time":"2024-05-13T06:47:02+00:00","og_image":[{"width":960,"height":600,"url":"https:\/\/stourm.news\/wp-content\/uploads\/2024\/05\/663e52dfbdd02046110b6f3a.jpg","type":"image\/jpeg"}],"author":"La r\u00e9daction","twitter_card":"summary_large_image","twitter_misc":{"\u00c9crit par":"La r\u00e9daction","Dur\u00e9e de lecture estim\u00e9e":"1 minute"},"schema":{"@context":"https:\/\/schema.org","@graph":[{"@type":"Article","@id":"https:\/\/stourm.news\/?p=1353#article","isPartOf":{"@id":"https:\/\/stourm.news\/?p=1353"},"author":{"name":"La r\u00e9daction","@id":"https:\/\/stourm.news\/#\/schema\/person\/c3e1dc65988632e190969234ef046cf9"},"headline":"Rennes : sur 563 migrants clandestins plac\u00e9s en centre de r\u00e9tention, 75% ont \u00e9t\u00e9 lib\u00e9r\u00e9s","datePublished":"2024-05-13T06:47:02+00:00","mainEntityOfPage":{"@id":"https:\/\/stourm.news\/?p=1353"},"wordCount":193,"commentCount":0,"publisher":{"@id":"https:\/\/stourm.news\/#organization"},"image":{"@id":"https:\/\/stourm.news\/?p=1353#primaryimage"},"thumbnailUrl":"https:\/\/stourm.news\/wp-content\/uploads\/2024\/05\/663e52dfbdd02046110b6f3a.jpg","articleSection":["Ille-et-Vilaine","Immigration","Revue de presse"],"inLanguage":"fr-FR","potentialAction":[{"@type":"CommentAction","name":"Comment","target":["https:\/\/stourm.news\/?p=1353#respond"]}]},{"@type":"WebPage","@id":"https:\/\/stourm.news\/?p=1353","url":"https:\/\/stourm.news\/?p=1353","name":"Rennes : sur 563 migrants clandestins plac\u00e9s en centre de r\u00e9tention, 75% ont \u00e9t\u00e9 lib\u00e9r\u00e9s - STOURM","isPartOf":{"@id":"https:\/\/stourm.news\/#website"},"primaryImageOfPage":{"@id":"https:\/\/stourm.news\/?p=1353#primaryimage"},"image":{"@id":"https:\/\/stourm.news\/?p=1353#primaryimage"},"thumbnailUrl":"https:\/\/stourm.news\/wp-content\/uploads\/2024\/05\/663e52dfbdd02046110b6f3a.jpg","datePublished":"2024-05-13T06:47:02+00:00","breadcrumb":{"@id":"https:\/\/stourm.news\/?p=1353#breadcrumb"},"inLanguage":"fr-FR","potentialAction":[{"@type":"ReadAction","target":["https:\/\/stourm.news\/?p=1353"]}]},{"@type":"ImageObject","inLanguage":"fr-FR","@id":"https:\/\/stourm.news\/?p=1353#primaryimage","url":"https:\/\/stourm.news\/wp-content\/uploads\/2024\/05\/663e52dfbdd02046110b6f3a.jpg","contentUrl":"https:\/\/stourm.news\/wp-content\/uploads\/2024\/05\/663e52dfbdd02046110b6f3a.jpg","width":960,"height":600},{"@type":"BreadcrumbList","@id":"https:\/\/stourm.news\/?p=1353#breadcrumb","itemListElement":[{"@type":"ListItem","position":1,"name":"Accueil","item":"https:\/\/stourm.news\/"},{"@type":"ListItem","position":2,"name":"Rennes : sur 563 migrants clandestins plac\u00e9s en centre de r\u00e9tention, 75% ont \u00e9t\u00e9 lib\u00e9r\u00e9s"}]},{"@type":"WebSite","@id":"https:\/\/stourm.news\/#website","url":"https:\/\/stourm.news\/","name":"Stourm","description":"Kazetenn Strollad Broadel Breizh","publisher":{"@id":"https:\/\/stourm.news\/#organization"},"potentialAction":[{"@type":"SearchAction","target":{"@type":"EntryPoint","urlTemplate":"https:\/\/stourm.news\/?s={search_term_string}"},"query-input":{"@type":"PropertyValueSpecification","valueRequired":true,"valueName":"search_term_string"}}],"inLanguage":"fr-FR"},{"@type":"Organization","@id":"https:\/\/stourm.news\/#organization","name":"Stourm","url":"https:\/\/stourm.news\/","logo":{"@type":"ImageObject","inLanguage":"fr-FR","@id":"https:\/\/stourm.news\/#\/schema\/logo\/image\/","url":"https:\/\/stourm.news\/wp-content\/uploads\/2025\/11\/cropped-Capture-decran-2025-11-28-a-15.19.07.png","contentUrl":"https:\/\/stourm.news\/wp-content\/uploads\/2025\/11\/cropped-Capture-decran-2025-11-28-a-15.19.07.png","width":1855,"height":383,"caption":"Stourm"},"image":{"@id":"https:\/\/stourm.news\/#\/schema\/logo\/image\/"},"sameAs":["https:\/\/www.facebook.com\/stourmnews\/"]},{"@type":"Person","@id":"https:\/\/stourm.news\/#\/schema\/person\/c3e1dc65988632e190969234ef046cf9","name":"La r\u00e9daction","image":{"@type":"ImageObject","inLanguage":"fr-FR","@id":"https:\/\/stourm.news\/#\/schema\/person\/image\/","url":"https:\/\/secure.gravatar.com\/avatar\/7463443f194b6b5fb706b074ca0ef59a0cfcfd720cb47764b0ec5a952ce422b3?s=96&d=mm&r=g","contentUrl":"https:\/\/secure.gravatar.com\/avatar\/7463443f194b6b5fb706b074ca0ef59a0cfcfd720cb47764b0ec5a952ce422b3?s=96&d=mm&r=g","caption":"La r\u00e9daction"},"sameAs":["https:\/\/stourm.news"],"url":"https:\/\/stourm.news\/?author=1"}]}},"_links":{"self":[{"href":"https:\/\/stourm.news\/index.php?rest_route=\/wp\/v2\/posts\/1353","targetHints":{"allow":["GET"]}}],"collection":[{"href":"https:\/\/stourm.news\/index.php?rest_route=\/wp\/v2\/posts"}],"about":[{"href":"https:\/\/stourm.news\/index.php?rest_route=\/wp\/v2\/types\/post"}],"author":[{"embeddable":true,"href":"https:\/\/stourm.news\/index.php?rest_route=\/wp\/v2\/users\/1"}],"replies":[{"embeddable":true,"href":"https:\/\/stourm.news\/index.php?rest_route=%2Fwp%2Fv2%2Fcomments&post=1353"}],"version-history":[{"count":1,"href":"https:\/\/stourm.news\/index.php?rest_route=\/wp\/v2\/posts\/1353\/revisions"}],"predecessor-version":[{"id":1355,"href":"https:\/\/stourm.news\/index.php?rest_route=\/wp\/v2\/posts\/1353\/revisions\/1355"}],"wp:featuredmedia":[{"embeddable":true,"href":"https:\/\/stourm.news\/index.php?rest_route=\/wp\/v2\/media\/1354"}],"wp:attachment":[{"href":"https:\/\/stourm.news\/index.php?rest_route=%2Fwp%2Fv2%2Fmedia&parent=1353"}],"wp:term":[{"taxonomy":"category","embeddable":true,"href":"https:\/\/stourm.news\/index.php?rest_route=%2Fwp%2Fv2%2Fcategories&post=1353"},{"taxonomy":"post_tag","embeddable":true,"href":"https:\/\/stourm.news\/index.php?rest_route=%2Fwp%2Fv2%2Ftags&post=1353"}],"curies":[{"name":"wp","href":"https:\/\/api.w.org\/{rel}","templated":true}]}}