{"id":1356,"date":"2024-05-13T07:02:27","date_gmt":"2024-05-13T07:02:27","guid":{"rendered":"https:\/\/stourm.news\/?p=1356"},"modified":"2024-05-13T07:02:27","modified_gmt":"2024-05-13T07:02:27","slug":"brest-deja-sous-oqtf-un-clandestin-ivoirien-arrete-apres-avoir-agresse-sexuellement-une-automobiliste","status":"publish","type":"post","link":"https:\/\/stourm.news\/?p=1356","title":{"rendered":"Brest : d\u00e9j\u00e0 sous OQTF, un clandestin ivoirien arr\u00eat\u00e9 apr\u00e8s avoir agress\u00e9 sexuellement une automobiliste"},"content":{"rendered":"<p style=\"text-align: justify;\">Un <strong>Ivoirien<\/strong> \u00e2g\u00e9 de 20 ans a \u00e9t\u00e9 interpell\u00e9 sur le parking de Kerfautras \u00e0 Brest, samedi soir, apr\u00e8s s\u2019\u00eatre <strong>exhib\u00e9<\/strong> devant une automobiliste qui a r\u00e9ussi \u00e0 appeler la police et \u00e0 le photographier en action.<\/p>\n<p style=\"text-align: justify;\">L\u2019automobiliste \u00e9tait gar\u00e9e sur le parking de Kerfautras, samedi 11 mai, vers 18 h 10, lorsqu\u2019un jeune homme s\u2019est port\u00e9 \u00e0 hauteur de son v\u00e9hicule <strong>en lui exhibant son sexe<\/strong>. La conductrice a gard\u00e9 son sang-froid et a eu le r\u00e9flexe de photographier le jeune homme. Elle a eu la pr\u00e9sence d\u2019esprit d\u2019appeler aussit\u00f4t la police. Tr\u00e8s rapidement, les policiers brestois sont arriv\u00e9s sur les lieux et ont interpell\u00e9 le jeune homme, un <strong>Ivoirien<\/strong> de 20 ans qui, en garde \u00e0 vue au commissariat, a continu\u00e9 de nier les faits. La photographie permettra d\u2019appuyer l\u2019enqu\u00eate de police pour une pr\u00e9sentation au tribunal judiciaire de Brest en juin prochain. En <strong>situation irr\u00e9guli\u00e8re<\/strong> sur le territoire, le jeune homme a d\u2019ores et d\u00e9j\u00e0 fait l\u2019objet <strong>d\u2019une obligation de quitter le territoire fran\u00e7ais<\/strong>.<\/p>\n<p>Source : <a href=\"https:\/\/www.letelegramme.fr\/finistere\/brest-29200\/a-brest-un-exhibitionniste-interpelle-sur-le-parking-de-kerfautras-6582691.php\">Le T\u00e9l\u00e9gramme<\/a><\/p>\n","protected":false},"excerpt":{"rendered":"<p>Un Ivoirien \u00e2g\u00e9 de 20 ans a \u00e9t\u00e9 interpell\u00e9 sur le parking de Kerfautras \u00e0 Brest, samedi soir, apr\u00e8s s\u2019\u00eatre exhib\u00e9 devant une automobiliste qui a r\u00e9ussi \u00e0 appeler la police et \u00e0 le photographier en action. L\u2019automobiliste \u00e9tait gar\u00e9e sur le parking de Kerfautras, samedi 11 mai, vers 18 h 10, lorsqu\u2019un jeune homme [&hellip;]<\/p>\n","protected":false},"author":1,"featured_media":1357,"comment_status":"open","ping_status":"open","sticky":false,"template":"","format":"standard","meta":{"sb_editor_width":"","footnotes":""},"categories":[34,38,33,62],"tags":[],"class_list":["post-1356","post","type-post","status-publish","format-standard","has-post-thumbnail","hentry","category-agression-sexuelle","category-finistere","category-immigration","category-revue-de-presse"],"relative_dates":{"created":"2 ans ago","modified":"2 ans ago"},"yoast_head":"<!-- This site is optimized with the Yoast SEO plugin v26.3 - https:\/\/yoast.com\/wordpress\/plugins\/seo\/ -->\n<title>Brest : d\u00e9j\u00e0 sous OQTF, un clandestin ivoirien arr\u00eat\u00e9 apr\u00e8s avoir agress\u00e9 sexuellement une automobiliste - STOURM<\/title>\n<meta name=\"robots\" content=\"index, follow, max-snippet:-1, max-image-preview:large, max-video-preview:-1\" \/>\n<link rel=\"canonical\" href=\"https:\/\/stourm.news\/?p=1356\" \/>\n<meta property=\"og:locale\" content=\"fr_FR\" \/>\n<meta property=\"og:type\" content=\"article\" \/>\n<meta property=\"og:title\" content=\"Brest : d\u00e9j\u00e0 sous OQTF, un clandestin ivoirien arr\u00eat\u00e9 apr\u00e8s avoir agress\u00e9 sexuellement une automobiliste - STOURM\" \/>\n<meta property=\"og:description\" content=\"Un Ivoirien \u00e2g\u00e9 de 20 ans a \u00e9t\u00e9 interpell\u00e9 sur le parking de Kerfautras \u00e0 Brest, samedi soir, apr\u00e8s s\u2019\u00eatre exhib\u00e9 devant une automobiliste qui a r\u00e9ussi \u00e0 appeler la police et \u00e0 le photographier en action. L\u2019automobiliste \u00e9tait gar\u00e9e sur le parking de Kerfautras, samedi 11 mai, vers 18 h 10, lorsqu\u2019un jeune homme [&hellip;]\" \/>\n<meta property=\"og:url\" content=\"https:\/\/stourm.news\/?p=1356\" \/>\n<meta property=\"og:site_name\" content=\"STOURM\" \/>\n<meta property=\"article:publisher\" content=\"https:\/\/www.facebook.com\/stourmnews\/\" \/>\n<meta property=\"article:published_time\" content=\"2024-05-13T07:02:27+00:00\" \/>\n<meta property=\"og:image\" content=\"https:\/\/stourm.news\/wp-content\/uploads\/2024\/05\/6641195ec84db459134ce08c.jpg\" \/>\n\t<meta property=\"og:image:width\" content=\"960\" \/>\n\t<meta property=\"og:image:height\" content=\"600\" \/>\n\t<meta property=\"og:image:type\" content=\"image\/jpeg\" \/>\n<meta name=\"author\" content=\"La r\u00e9daction\" \/>\n<meta name=\"twitter:card\" content=\"summary_large_image\" \/>\n<meta name=\"twitter:label1\" content=\"\u00c9crit par\" \/>\n\t<meta name=\"twitter:data1\" content=\"La r\u00e9daction\" \/>\n\t<meta name=\"twitter:label2\" content=\"Dur\u00e9e de lecture estim\u00e9e\" \/>\n\t<meta name=\"twitter:data2\" content=\"1 minute\" \/>\n<script type=\"application\/ld+json\" class=\"yoast-schema-graph\">{\"@context\":\"https:\/\/schema.org\",\"@graph\":[{\"@type\":\"Article\",\"@id\":\"https:\/\/stourm.news\/?p=1356#article\",\"isPartOf\":{\"@id\":\"https:\/\/stourm.news\/?p=1356\"},\"author\":{\"name\":\"La r\u00e9daction\",\"@id\":\"https:\/\/stourm.news\/#\/schema\/person\/c3e1dc65988632e190969234ef046cf9\"},\"headline\":\"Brest : d\u00e9j\u00e0 sous OQTF, un clandestin ivoirien arr\u00eat\u00e9 apr\u00e8s avoir agress\u00e9 sexuellement une automobiliste\",\"datePublished\":\"2024-05-13T07:02:27+00:00\",\"mainEntityOfPage\":{\"@id\":\"https:\/\/stourm.news\/?p=1356\"},\"wordCount\":205,\"commentCount\":0,\"publisher\":{\"@id\":\"https:\/\/stourm.news\/#organization\"},\"image\":{\"@id\":\"https:\/\/stourm.news\/?p=1356#primaryimage\"},\"thumbnailUrl\":\"https:\/\/stourm.news\/wp-content\/uploads\/2024\/05\/6641195ec84db459134ce08c.jpg\",\"articleSection\":[\"Agression sexuelle\",\"Finist\u00e8re\",\"Immigration\",\"Revue de presse\"],\"inLanguage\":\"fr-FR\",\"potentialAction\":[{\"@type\":\"CommentAction\",\"name\":\"Comment\",\"target\":[\"https:\/\/stourm.news\/?p=1356#respond\"]}]},{\"@type\":\"WebPage\",\"@id\":\"https:\/\/stourm.news\/?p=1356\",\"url\":\"https:\/\/stourm.news\/?p=1356\",\"name\":\"Brest : d\u00e9j\u00e0 sous OQTF, un clandestin ivoirien arr\u00eat\u00e9 apr\u00e8s avoir agress\u00e9 sexuellement une automobiliste - STOURM\",\"isPartOf\":{\"@id\":\"https:\/\/stourm.news\/#website\"},\"primaryImageOfPage\":{\"@id\":\"https:\/\/stourm.news\/?p=1356#primaryimage\"},\"image\":{\"@id\":\"https:\/\/stourm.news\/?p=1356#primaryimage\"},\"thumbnailUrl\":\"https:\/\/stourm.news\/wp-content\/uploads\/2024\/05\/6641195ec84db459134ce08c.jpg\",\"datePublished\":\"2024-05-13T07:02:27+00:00\",\"breadcrumb\":{\"@id\":\"https:\/\/stourm.news\/?p=1356#breadcrumb\"},\"inLanguage\":\"fr-FR\",\"potentialAction\":[{\"@type\":\"ReadAction\",\"target\":[\"https:\/\/stourm.news\/?p=1356\"]}]},{\"@type\":\"ImageObject\",\"inLanguage\":\"fr-FR\",\"@id\":\"https:\/\/stourm.news\/?p=1356#primaryimage\",\"url\":\"https:\/\/stourm.news\/wp-content\/uploads\/2024\/05\/6641195ec84db459134ce08c.jpg\",\"contentUrl\":\"https:\/\/stourm.news\/wp-content\/uploads\/2024\/05\/6641195ec84db459134ce08c.jpg\",\"width\":960,\"height\":600,\"caption\":\"PHOTO Vincent Michel \/ Le Mensuel de Rennes.RENNES (35) : Illustration Police Nationale \/ Securite Publique\"},{\"@type\":\"BreadcrumbList\",\"@id\":\"https:\/\/stourm.news\/?p=1356#breadcrumb\",\"itemListElement\":[{\"@type\":\"ListItem\",\"position\":1,\"name\":\"Accueil\",\"item\":\"https:\/\/stourm.news\/\"},{\"@type\":\"ListItem\",\"position\":2,\"name\":\"Brest : d\u00e9j\u00e0 sous OQTF, un clandestin ivoirien arr\u00eat\u00e9 apr\u00e8s avoir agress\u00e9 sexuellement une automobiliste\"}]},{\"@type\":\"WebSite\",\"@id\":\"https:\/\/stourm.news\/#website\",\"url\":\"https:\/\/stourm.news\/\",\"name\":\"Stourm\",\"description\":\"Kazetenn Strollad Broadel Breizh\",\"publisher\":{\"@id\":\"https:\/\/stourm.news\/#organization\"},\"potentialAction\":[{\"@type\":\"SearchAction\",\"target\":{\"@type\":\"EntryPoint\",\"urlTemplate\":\"https:\/\/stourm.news\/?s={search_term_string}\"},\"query-input\":{\"@type\":\"PropertyValueSpecification\",\"valueRequired\":true,\"valueName\":\"search_term_string\"}}],\"inLanguage\":\"fr-FR\"},{\"@type\":\"Organization\",\"@id\":\"https:\/\/stourm.news\/#organization\",\"name\":\"Stourm\",\"url\":\"https:\/\/stourm.news\/\",\"logo\":{\"@type\":\"ImageObject\",\"inLanguage\":\"fr-FR\",\"@id\":\"https:\/\/stourm.news\/#\/schema\/logo\/image\/\",\"url\":\"https:\/\/stourm.news\/wp-content\/uploads\/2025\/11\/cropped-Capture-decran-2025-11-28-a-15.19.07.png\",\"contentUrl\":\"https:\/\/stourm.news\/wp-content\/uploads\/2025\/11\/cropped-Capture-decran-2025-11-28-a-15.19.07.png\",\"width\":1855,\"height\":383,\"caption\":\"Stourm\"},\"image\":{\"@id\":\"https:\/\/stourm.news\/#\/schema\/logo\/image\/\"},\"sameAs\":[\"https:\/\/www.facebook.com\/stourmnews\/\"]},{\"@type\":\"Person\",\"@id\":\"https:\/\/stourm.news\/#\/schema\/person\/c3e1dc65988632e190969234ef046cf9\",\"name\":\"La r\u00e9daction\",\"image\":{\"@type\":\"ImageObject\",\"inLanguage\":\"fr-FR\",\"@id\":\"https:\/\/stourm.news\/#\/schema\/person\/image\/\",\"url\":\"https:\/\/secure.gravatar.com\/avatar\/7463443f194b6b5fb706b074ca0ef59a0cfcfd720cb47764b0ec5a952ce422b3?s=96&d=mm&r=g\",\"contentUrl\":\"https:\/\/secure.gravatar.com\/avatar\/7463443f194b6b5fb706b074ca0ef59a0cfcfd720cb47764b0ec5a952ce422b3?s=96&d=mm&r=g\",\"caption\":\"La r\u00e9daction\"},\"sameAs\":[\"https:\/\/stourm.news\"],\"url\":\"https:\/\/stourm.news\/?author=1\"}]}<\/script>\n<!-- \/ Yoast SEO plugin. -->","yoast_head_json":{"title":"Brest : d\u00e9j\u00e0 sous OQTF, un clandestin ivoirien arr\u00eat\u00e9 apr\u00e8s avoir agress\u00e9 sexuellement une automobiliste - STOURM","robots":{"index":"index","follow":"follow","max-snippet":"max-snippet:-1","max-image-preview":"max-image-preview:large","max-video-preview":"max-video-preview:-1"},"canonical":"https:\/\/stourm.news\/?p=1356","og_locale":"fr_FR","og_type":"article","og_title":"Brest : d\u00e9j\u00e0 sous OQTF, un clandestin ivoirien arr\u00eat\u00e9 apr\u00e8s avoir agress\u00e9 sexuellement une automobiliste - STOURM","og_description":"Un Ivoirien \u00e2g\u00e9 de 20 ans a \u00e9t\u00e9 interpell\u00e9 sur le parking de Kerfautras \u00e0 Brest, samedi soir, apr\u00e8s s\u2019\u00eatre exhib\u00e9 devant une automobiliste qui a r\u00e9ussi \u00e0 appeler la police et \u00e0 le photographier en action. L\u2019automobiliste \u00e9tait gar\u00e9e sur le parking de Kerfautras, samedi 11 mai, vers 18 h 10, lorsqu\u2019un jeune homme [&hellip;]","og_url":"https:\/\/stourm.news\/?p=1356","og_site_name":"STOURM","article_publisher":"https:\/\/www.facebook.com\/stourmnews\/","article_published_time":"2024-05-13T07:02:27+00:00","og_image":[{"width":960,"height":600,"url":"https:\/\/stourm.news\/wp-content\/uploads\/2024\/05\/6641195ec84db459134ce08c.jpg","type":"image\/jpeg"}],"author":"La r\u00e9daction","twitter_card":"summary_large_image","twitter_misc":{"\u00c9crit par":"La r\u00e9daction","Dur\u00e9e de lecture estim\u00e9e":"1 minute"},"schema":{"@context":"https:\/\/schema.org","@graph":[{"@type":"Article","@id":"https:\/\/stourm.news\/?p=1356#article","isPartOf":{"@id":"https:\/\/stourm.news\/?p=1356"},"author":{"name":"La r\u00e9daction","@id":"https:\/\/stourm.news\/#\/schema\/person\/c3e1dc65988632e190969234ef046cf9"},"headline":"Brest : d\u00e9j\u00e0 sous OQTF, un clandestin ivoirien arr\u00eat\u00e9 apr\u00e8s avoir agress\u00e9 sexuellement une automobiliste","datePublished":"2024-05-13T07:02:27+00:00","mainEntityOfPage":{"@id":"https:\/\/stourm.news\/?p=1356"},"wordCount":205,"commentCount":0,"publisher":{"@id":"https:\/\/stourm.news\/#organization"},"image":{"@id":"https:\/\/stourm.news\/?p=1356#primaryimage"},"thumbnailUrl":"https:\/\/stourm.news\/wp-content\/uploads\/2024\/05\/6641195ec84db459134ce08c.jpg","articleSection":["Agression sexuelle","Finist\u00e8re","Immigration","Revue de presse"],"inLanguage":"fr-FR","potentialAction":[{"@type":"CommentAction","name":"Comment","target":["https:\/\/stourm.news\/?p=1356#respond"]}]},{"@type":"WebPage","@id":"https:\/\/stourm.news\/?p=1356","url":"https:\/\/stourm.news\/?p=1356","name":"Brest : d\u00e9j\u00e0 sous OQTF, un clandestin ivoirien arr\u00eat\u00e9 apr\u00e8s avoir agress\u00e9 sexuellement une automobiliste - STOURM","isPartOf":{"@id":"https:\/\/stourm.news\/#website"},"primaryImageOfPage":{"@id":"https:\/\/stourm.news\/?p=1356#primaryimage"},"image":{"@id":"https:\/\/stourm.news\/?p=1356#primaryimage"},"thumbnailUrl":"https:\/\/stourm.news\/wp-content\/uploads\/2024\/05\/6641195ec84db459134ce08c.jpg","datePublished":"2024-05-13T07:02:27+00:00","breadcrumb":{"@id":"https:\/\/stourm.news\/?p=1356#breadcrumb"},"inLanguage":"fr-FR","potentialAction":[{"@type":"ReadAction","target":["https:\/\/stourm.news\/?p=1356"]}]},{"@type":"ImageObject","inLanguage":"fr-FR","@id":"https:\/\/stourm.news\/?p=1356#primaryimage","url":"https:\/\/stourm.news\/wp-content\/uploads\/2024\/05\/6641195ec84db459134ce08c.jpg","contentUrl":"https:\/\/stourm.news\/wp-content\/uploads\/2024\/05\/6641195ec84db459134ce08c.jpg","width":960,"height":600,"caption":"PHOTO Vincent Michel \/ Le Mensuel de Rennes.RENNES (35) : Illustration Police Nationale \/ Securite Publique"},{"@type":"BreadcrumbList","@id":"https:\/\/stourm.news\/?p=1356#breadcrumb","itemListElement":[{"@type":"ListItem","position":1,"name":"Accueil","item":"https:\/\/stourm.news\/"},{"@type":"ListItem","position":2,"name":"Brest : d\u00e9j\u00e0 sous OQTF, un clandestin ivoirien arr\u00eat\u00e9 apr\u00e8s avoir agress\u00e9 sexuellement une automobiliste"}]},{"@type":"WebSite","@id":"https:\/\/stourm.news\/#website","url":"https:\/\/stourm.news\/","name":"Stourm","description":"Kazetenn Strollad Broadel Breizh","publisher":{"@id":"https:\/\/stourm.news\/#organization"},"potentialAction":[{"@type":"SearchAction","target":{"@type":"EntryPoint","urlTemplate":"https:\/\/stourm.news\/?s={search_term_string}"},"query-input":{"@type":"PropertyValueSpecification","valueRequired":true,"valueName":"search_term_string"}}],"inLanguage":"fr-FR"},{"@type":"Organization","@id":"https:\/\/stourm.news\/#organization","name":"Stourm","url":"https:\/\/stourm.news\/","logo":{"@type":"ImageObject","inLanguage":"fr-FR","@id":"https:\/\/stourm.news\/#\/schema\/logo\/image\/","url":"https:\/\/stourm.news\/wp-content\/uploads\/2025\/11\/cropped-Capture-decran-2025-11-28-a-15.19.07.png","contentUrl":"https:\/\/stourm.news\/wp-content\/uploads\/2025\/11\/cropped-Capture-decran-2025-11-28-a-15.19.07.png","width":1855,"height":383,"caption":"Stourm"},"image":{"@id":"https:\/\/stourm.news\/#\/schema\/logo\/image\/"},"sameAs":["https:\/\/www.facebook.com\/stourmnews\/"]},{"@type":"Person","@id":"https:\/\/stourm.news\/#\/schema\/person\/c3e1dc65988632e190969234ef046cf9","name":"La r\u00e9daction","image":{"@type":"ImageObject","inLanguage":"fr-FR","@id":"https:\/\/stourm.news\/#\/schema\/person\/image\/","url":"https:\/\/secure.gravatar.com\/avatar\/7463443f194b6b5fb706b074ca0ef59a0cfcfd720cb47764b0ec5a952ce422b3?s=96&d=mm&r=g","contentUrl":"https:\/\/secure.gravatar.com\/avatar\/7463443f194b6b5fb706b074ca0ef59a0cfcfd720cb47764b0ec5a952ce422b3?s=96&d=mm&r=g","caption":"La r\u00e9daction"},"sameAs":["https:\/\/stourm.news"],"url":"https:\/\/stourm.news\/?author=1"}]}},"_links":{"self":[{"href":"https:\/\/stourm.news\/index.php?rest_route=\/wp\/v2\/posts\/1356","targetHints":{"allow":["GET"]}}],"collection":[{"href":"https:\/\/stourm.news\/index.php?rest_route=\/wp\/v2\/posts"}],"about":[{"href":"https:\/\/stourm.news\/index.php?rest_route=\/wp\/v2\/types\/post"}],"author":[{"embeddable":true,"href":"https:\/\/stourm.news\/index.php?rest_route=\/wp\/v2\/users\/1"}],"replies":[{"embeddable":true,"href":"https:\/\/stourm.news\/index.php?rest_route=%2Fwp%2Fv2%2Fcomments&post=1356"}],"version-history":[{"count":1,"href":"https:\/\/stourm.news\/index.php?rest_route=\/wp\/v2\/posts\/1356\/revisions"}],"predecessor-version":[{"id":1358,"href":"https:\/\/stourm.news\/index.php?rest_route=\/wp\/v2\/posts\/1356\/revisions\/1358"}],"wp:featuredmedia":[{"embeddable":true,"href":"https:\/\/stourm.news\/index.php?rest_route=\/wp\/v2\/media\/1357"}],"wp:attachment":[{"href":"https:\/\/stourm.news\/index.php?rest_route=%2Fwp%2Fv2%2Fmedia&parent=1356"}],"wp:term":[{"taxonomy":"category","embeddable":true,"href":"https:\/\/stourm.news\/index.php?rest_route=%2Fwp%2Fv2%2Fcategories&post=1356"},{"taxonomy":"post_tag","embeddable":true,"href":"https:\/\/stourm.news\/index.php?rest_route=%2Fwp%2Fv2%2Ftags&post=1356"}],"curies":[{"name":"wp","href":"https:\/\/api.w.org\/{rel}","templated":true}]}}