{"id":1359,"date":"2024-05-14T01:14:04","date_gmt":"2024-05-14T01:14:04","guid":{"rendered":"https:\/\/stourm.news\/?p=1359"},"modified":"2024-05-14T01:14:04","modified_gmt":"2024-05-14T01:14:04","slug":"face-au-coup-de-force-colonialiste-la-kanaky-se-revolte-contre-loccupation-francaise","status":"publish","type":"post","link":"https:\/\/stourm.news\/?p=1359","title":{"rendered":"Face au coup de force colonialiste, la Kanaky se r\u00e9volte contre l&rsquo;occupation fran\u00e7aise"},"content":{"rendered":"<p style=\"text-align: justify;\">La r\u00e9pression coloniale s&rsquo;abat sur la Kanaky occup\u00e9e par les Fran\u00e7ais. Face aux patriotes canaques mobilis\u00e9s contre le projet de d\u00e9gel du corps \u00e9lectoral au profit de nouveaux colons fran\u00e7ais, le r\u00e9gime de Paris a fait le choix de la violence.<\/p>\n<blockquote class=\"twitter-tweet\">\n<p dir=\"ltr\" lang=\"fr\">r\u00e9volte cette nuit en Nouvelle Cal\u00e9donie &#8211; Kanaky \ud83c\uddf3\ud83c\udde8<\/p>\n<p>routes bloqu\u00e9es, commerces incendi\u00e9s, affrontements apr\u00e8s une journ\u00e9e rythm\u00e9e par les mobilisations contre le d\u00e9gel du corps \u00e9lectoral <a href=\"https:\/\/t.co\/l2HuETjqxf\">pic.twitter.com\/l2HuETjqxf<\/a><\/p>\n<p>\u2014 Charli\u2600\ufe0f\ud83e\udd8e (@CharliB97783485) <a href=\"https:\/\/twitter.com\/CharliB97783485\/status\/1790057696453886379?ref_src=twsrc%5Etfw\">May 13, 2024<\/a><\/p><\/blockquote>\n<blockquote class=\"twitter-tweet\">\n<p dir=\"ltr\" lang=\"fr\">Nuit d&rsquo; <a href=\"https:\/\/twitter.com\/hashtag\/%C3%A9meutes?src=hash&amp;ref_src=twsrc%5Etfw\">#\u00e9meutes<\/a> \u00e0 Noum\u00e9a, l&rsquo;usine <a href=\"https:\/\/twitter.com\/hashtag\/LeFroid?src=hash&amp;ref_src=twsrc%5Etfw\">#LeFroid<\/a> a \u00e9t\u00e9 enti\u00e8rement d\u00e9truite par les flammes.<br \/>\nDe nouveau pillages signal\u00e9s, deux concessionnaires automobiles incendi\u00e9s \u00e9galement. <a href=\"https:\/\/t.co\/thSNcenv8i\">pic.twitter.com\/thSNcenv8i<\/a><\/p>\n<p>\u2014 Charlotte Mannevy (@CMannevy) <a href=\"https:\/\/twitter.com\/CMannevy\/status\/1790003875769897283?ref_src=twsrc%5Etfw\">May 13, 2024<\/a><\/p><\/blockquote>\n<p style=\"text-align: justify;\">Le repr\u00e9sentant de l&rsquo;autorit\u00e9 coloniale en Nouvelle-Cal\u00e9donie a annonc\u00e9 un couvre-feu pour faciliter la r\u00e9pression de la r\u00e9sistance canaque.<\/p>\n<blockquote class=\"twitter-tweet\">\n<p dir=\"ltr\" lang=\"fr\">\ud83d\udd35 Point de situation sur les graves troubles \u00e0 l\u2019ordre public. <a href=\"https:\/\/t.co\/sXiHXI4RDY\">pic.twitter.com\/sXiHXI4RDY<\/a><\/p>\n<p>\u2014 Haut-commissariat en Nouvelle-Cal\u00e9donie \ud83c\uddeb\ud83c\uddf7 (@HC98800) <a href=\"https:\/\/twitter.com\/HC98800\/status\/1790127663484391741?ref_src=twsrc%5Etfw\">May 13, 2024<\/a><\/p><\/blockquote>\n<p style=\"text-align: justify;\"><script async src=\"https:\/\/platform.twitter.com\/widgets.js\" charset=\"utf-8\"><\/script>De son c\u00f4t\u00e9, le r\u00e9gime de Paris annonce une nouvelle vague de terreur contre la population canaque.<\/p>\n<blockquote class=\"twitter-tweet\">\n<p dir=\"ltr\" lang=\"fr\">Nouvelle-Cal\u00e9donie : G\u00e9rald Darmanin annonce l&rsquo;envoi de renforts sur l&rsquo;archipel, apr\u00e8s de vives tensions li\u00e9es \u00e0 une r\u00e9forme constitutionnelle examin\u00e9e par l&rsquo;Assembl\u00e9e nationale<br \/>\n\u27a1\ufe0f <a href=\"https:\/\/t.co\/Gtk6jloipi\">https:\/\/t.co\/Gtk6jloipi<\/a> <a href=\"https:\/\/t.co\/VnJ5BMdd60\">pic.twitter.com\/VnJ5BMdd60<\/a><\/p>\n<p>\u2014 franceinfo (@franceinfo) <a href=\"https:\/\/twitter.com\/franceinfo\/status\/1790098427117756851?ref_src=twsrc%5Etfw\">May 13, 2024<\/a><\/p><\/blockquote>\n<p style=\"text-align: justify;\"><script async src=\"https:\/\/platform.twitter.com\/widgets.js\" charset=\"utf-8\"><\/script>Les autorit\u00e9s coloniales fran\u00e7aises invoquent bien entendu le respect de l&rsquo;ordre \u00e9tabli, donc du statu quo colonial, discours qui est celui du parti des colons de Cal\u00e9donie. Cette invocation du respect des lois dict\u00e9es par l&rsquo;occupation ne permettra pas de pr\u00e9server la paix civile.<\/p>\n<p style=\"text-align: justify;\">En sabotant le processus d&rsquo;ind\u00e9pendance cons\u00e9cutif aux accords de Noum\u00e9a, Macron et le r\u00e9gime fran\u00e7ais ont cr\u00e9\u00e9 les conditions de la reprise de la lutte arm\u00e9e pour la lib\u00e9ration de l&rsquo;\u00eele. Esp\u00e9rer que la nation canaque accepte sans riposter l&rsquo;ouverture \u00e0 la colonisation de peuplement de leur pays, y compris politique, est une illusion.<\/p>\n<p style=\"text-align: justify;\">Ce jusqu&rsquo;au-boutisme fran\u00e7ais est caract\u00e9ristique : c&rsquo;est lui qui a men\u00e9 aux guerres d&rsquo;Indochine et d&rsquo;Alg\u00e9rie. Guid\u00e9e par son arrogance historique, la France ne recule que face \u00e0 la d\u00e9termination des peuples qu&rsquo;elle opprime.<\/p>\n<blockquote class=\"twitter-tweet\">\n<p dir=\"ltr\" lang=\"fr\"><a href=\"https:\/\/twitter.com\/hashtag\/DirectAN?src=hash&amp;ref_src=twsrc%5Etfw\">#DirectAN<\/a> Nous avons vot\u00e9 pour le du rejet texte gouvernemental pr\u00e9voyant le d\u00e9gel du corps \u00e9lectoral en <a href=\"https:\/\/twitter.com\/hashtag\/NouvelleCaledonie?src=hash&amp;ref_src=twsrc%5Etfw\">#NouvelleCaledonie<\/a>.<\/p>\n<p>\u00ab\u00a0La moiti\u00e9 de la population de la Nouvelle-Cal\u00e9donie sont n\u00e9s pour \u00eatre libres et ind\u00e9pendants. Que faites-vous de cette fiert\u00e9 d&rsquo;\u00eatre Kanak ?\u00a0\u00bb <a href=\"https:\/\/t.co\/KBa8B23RJq\">pic.twitter.com\/KBa8B23RJq<\/a><\/p>\n<p>\u2014 D\u00e9put\u00e9s GDR-Nupes (@deputesGDR) <a href=\"https:\/\/twitter.com\/deputesGDR\/status\/1790061057068720633?ref_src=twsrc%5Etfw\">May 13, 2024<\/a><\/p><\/blockquote>\n<p style=\"text-align: justify;\">L&rsquo;imp\u00e9rialisme fran\u00e7ais est en crise terminale. R\u00e9cemment \u00e9vinc\u00e9 d&rsquo;une large partie de l&rsquo;Afrique de l&rsquo;Ouest, marginalis\u00e9 ailleurs, il tente de s&rsquo;accrocher partout \u00e0 ses derni\u00e8res positions.<\/p>\n<p style=\"text-align: justify;\">Pour la Bretagne et les autres nations encore occup\u00e9es par l&rsquo;Etat fran\u00e7ais, les \u00e9v\u00e8nements de Cal\u00e9donie sont un tournant : ils d\u00e9montrent que le r\u00e9gime fran\u00e7ais est incapable de reconna\u00eetre l&rsquo;existence des peuples ainsi que leurs droits nationaux inali\u00e9nables. Ses propos l\u00e9nifiants sur \u00ab\u00a0la d\u00e9mocratie\u00a0\u00bb ou le droit international ne masquent pas la nature invariable du r\u00e9gime colonial fran\u00e7ais.<\/p>\n<p style=\"text-align: justify;\">Le front cal\u00e9donien est celui de toutes les nations qui veulent en finir avec l&rsquo;imp\u00e9rialisme fran\u00e7ais. Le soutenir, par tous les moyens, est la position d&rsquo;\u00e9vidence, y compris pour les Bretons qui font face \u00e0 la m\u00eame occupation. Les succ\u00e8s de la Kanaky contre la France sont des succ\u00e8s de Breizh contre la France.<\/p>\n<p style=\"text-align: right;\"><strong>Ewen Broc&rsquo;han<\/strong><\/p>\n","protected":false},"excerpt":{"rendered":"<p>La r\u00e9pression coloniale s&rsquo;abat sur la Kanaky occup\u00e9e par les Fran\u00e7ais. Face aux patriotes canaques mobilis\u00e9s contre le projet de d\u00e9gel du corps \u00e9lectoral au profit de nouveaux colons fran\u00e7ais, le r\u00e9gime de Paris a fait le choix de la violence. r\u00e9volte cette nuit en Nouvelle Cal\u00e9donie &#8211; Kanaky \ud83c\uddf3\ud83c\udde8 routes bloqu\u00e9es, commerces incendi\u00e9s, affrontements [&hellip;]<\/p>\n","protected":false},"author":1,"featured_media":1361,"comment_status":"open","ping_status":"open","sticky":false,"template":"","format":"standard","meta":{"sb_editor_width":"","footnotes":""},"categories":[63,66,65],"tags":[],"class_list":["post-1359","post","type-post","status-publish","format-standard","has-post-thumbnail","hentry","category-editorial","category-international","category-principale"],"relative_dates":{"created":"2 ans ago","modified":"2 ans ago"},"yoast_head":"<!-- This site is optimized with the Yoast SEO plugin v26.3 - https:\/\/yoast.com\/wordpress\/plugins\/seo\/ -->\n<title>Face au coup de force colonialiste, la Kanaky se r\u00e9volte contre l&#039;occupation fran\u00e7aise - STOURM<\/title>\n<meta name=\"robots\" content=\"index, follow, max-snippet:-1, max-image-preview:large, max-video-preview:-1\" \/>\n<link rel=\"canonical\" href=\"https:\/\/stourm.news\/?p=1359\" \/>\n<meta property=\"og:locale\" content=\"fr_FR\" \/>\n<meta property=\"og:type\" content=\"article\" \/>\n<meta property=\"og:title\" content=\"Face au coup de force colonialiste, la Kanaky se r\u00e9volte contre l&#039;occupation fran\u00e7aise - STOURM\" \/>\n<meta property=\"og:description\" content=\"La r\u00e9pression coloniale s&rsquo;abat sur la Kanaky occup\u00e9e par les Fran\u00e7ais. Face aux patriotes canaques mobilis\u00e9s contre le projet de d\u00e9gel du corps \u00e9lectoral au profit de nouveaux colons fran\u00e7ais, le r\u00e9gime de Paris a fait le choix de la violence. r\u00e9volte cette nuit en Nouvelle Cal\u00e9donie &#8211; Kanaky \ud83c\uddf3\ud83c\udde8 routes bloqu\u00e9es, commerces incendi\u00e9s, affrontements [&hellip;]\" \/>\n<meta property=\"og:url\" content=\"https:\/\/stourm.news\/?p=1359\" \/>\n<meta property=\"og:site_name\" content=\"STOURM\" \/>\n<meta property=\"article:publisher\" content=\"https:\/\/www.facebook.com\/stourmnews\/\" \/>\n<meta property=\"article:published_time\" content=\"2024-05-14T01:14:04+00:00\" \/>\n<meta property=\"og:image\" content=\"https:\/\/stourm.news\/wp-content\/uploads\/2024\/05\/34RE6LG.jpg\" \/>\n\t<meta property=\"og:image:width\" content=\"1368\" \/>\n\t<meta property=\"og:image:height\" content=\"912\" \/>\n\t<meta property=\"og:image:type\" content=\"image\/jpeg\" \/>\n<meta name=\"author\" content=\"La r\u00e9daction\" \/>\n<meta name=\"twitter:card\" content=\"summary_large_image\" \/>\n<meta name=\"twitter:label1\" content=\"\u00c9crit par\" \/>\n\t<meta name=\"twitter:data1\" content=\"La r\u00e9daction\" \/>\n\t<meta name=\"twitter:label2\" content=\"Dur\u00e9e de lecture estim\u00e9e\" \/>\n\t<meta name=\"twitter:data2\" content=\"2 minutes\" \/>\n<script type=\"application\/ld+json\" class=\"yoast-schema-graph\">{\"@context\":\"https:\/\/schema.org\",\"@graph\":[{\"@type\":\"Article\",\"@id\":\"https:\/\/stourm.news\/?p=1359#article\",\"isPartOf\":{\"@id\":\"https:\/\/stourm.news\/?p=1359\"},\"author\":{\"name\":\"La r\u00e9daction\",\"@id\":\"https:\/\/stourm.news\/#\/schema\/person\/c3e1dc65988632e190969234ef046cf9\"},\"headline\":\"Face au coup de force colonialiste, la Kanaky se r\u00e9volte contre l&rsquo;occupation fran\u00e7aise\",\"datePublished\":\"2024-05-14T01:14:04+00:00\",\"mainEntityOfPage\":{\"@id\":\"https:\/\/stourm.news\/?p=1359\"},\"wordCount\":638,\"commentCount\":0,\"publisher\":{\"@id\":\"https:\/\/stourm.news\/#organization\"},\"image\":{\"@id\":\"https:\/\/stourm.news\/?p=1359#primaryimage\"},\"thumbnailUrl\":\"https:\/\/stourm.news\/wp-content\/uploads\/2024\/05\/34RE6LG.jpg\",\"articleSection\":[\"Editorial\",\"International\",\"Principale\"],\"inLanguage\":\"fr-FR\",\"potentialAction\":[{\"@type\":\"CommentAction\",\"name\":\"Comment\",\"target\":[\"https:\/\/stourm.news\/?p=1359#respond\"]}]},{\"@type\":\"WebPage\",\"@id\":\"https:\/\/stourm.news\/?p=1359\",\"url\":\"https:\/\/stourm.news\/?p=1359\",\"name\":\"Face au coup de force colonialiste, la Kanaky se r\u00e9volte contre l'occupation fran\u00e7aise - STOURM\",\"isPartOf\":{\"@id\":\"https:\/\/stourm.news\/#website\"},\"primaryImageOfPage\":{\"@id\":\"https:\/\/stourm.news\/?p=1359#primaryimage\"},\"image\":{\"@id\":\"https:\/\/stourm.news\/?p=1359#primaryimage\"},\"thumbnailUrl\":\"https:\/\/stourm.news\/wp-content\/uploads\/2024\/05\/34RE6LG.jpg\",\"datePublished\":\"2024-05-14T01:14:04+00:00\",\"breadcrumb\":{\"@id\":\"https:\/\/stourm.news\/?p=1359#breadcrumb\"},\"inLanguage\":\"fr-FR\",\"potentialAction\":[{\"@type\":\"ReadAction\",\"target\":[\"https:\/\/stourm.news\/?p=1359\"]}]},{\"@type\":\"ImageObject\",\"inLanguage\":\"fr-FR\",\"@id\":\"https:\/\/stourm.news\/?p=1359#primaryimage\",\"url\":\"https:\/\/stourm.news\/wp-content\/uploads\/2024\/05\/34RE6LG.jpg\",\"contentUrl\":\"https:\/\/stourm.news\/wp-content\/uploads\/2024\/05\/34RE6LG.jpg\",\"width\":1368,\"height\":912},{\"@type\":\"BreadcrumbList\",\"@id\":\"https:\/\/stourm.news\/?p=1359#breadcrumb\",\"itemListElement\":[{\"@type\":\"ListItem\",\"position\":1,\"name\":\"Accueil\",\"item\":\"https:\/\/stourm.news\/\"},{\"@type\":\"ListItem\",\"position\":2,\"name\":\"Face au coup de force colonialiste, la Kanaky se r\u00e9volte contre l&rsquo;occupation fran\u00e7aise\"}]},{\"@type\":\"WebSite\",\"@id\":\"https:\/\/stourm.news\/#website\",\"url\":\"https:\/\/stourm.news\/\",\"name\":\"Stourm\",\"description\":\"Kazetenn Strollad Broadel Breizh\",\"publisher\":{\"@id\":\"https:\/\/stourm.news\/#organization\"},\"potentialAction\":[{\"@type\":\"SearchAction\",\"target\":{\"@type\":\"EntryPoint\",\"urlTemplate\":\"https:\/\/stourm.news\/?s={search_term_string}\"},\"query-input\":{\"@type\":\"PropertyValueSpecification\",\"valueRequired\":true,\"valueName\":\"search_term_string\"}}],\"inLanguage\":\"fr-FR\"},{\"@type\":\"Organization\",\"@id\":\"https:\/\/stourm.news\/#organization\",\"name\":\"Stourm\",\"url\":\"https:\/\/stourm.news\/\",\"logo\":{\"@type\":\"ImageObject\",\"inLanguage\":\"fr-FR\",\"@id\":\"https:\/\/stourm.news\/#\/schema\/logo\/image\/\",\"url\":\"https:\/\/stourm.news\/wp-content\/uploads\/2025\/11\/cropped-Capture-decran-2025-11-28-a-15.19.07.png\",\"contentUrl\":\"https:\/\/stourm.news\/wp-content\/uploads\/2025\/11\/cropped-Capture-decran-2025-11-28-a-15.19.07.png\",\"width\":1855,\"height\":383,\"caption\":\"Stourm\"},\"image\":{\"@id\":\"https:\/\/stourm.news\/#\/schema\/logo\/image\/\"},\"sameAs\":[\"https:\/\/www.facebook.com\/stourmnews\/\"]},{\"@type\":\"Person\",\"@id\":\"https:\/\/stourm.news\/#\/schema\/person\/c3e1dc65988632e190969234ef046cf9\",\"name\":\"La r\u00e9daction\",\"image\":{\"@type\":\"ImageObject\",\"inLanguage\":\"fr-FR\",\"@id\":\"https:\/\/stourm.news\/#\/schema\/person\/image\/\",\"url\":\"https:\/\/secure.gravatar.com\/avatar\/7463443f194b6b5fb706b074ca0ef59a0cfcfd720cb47764b0ec5a952ce422b3?s=96&d=mm&r=g\",\"contentUrl\":\"https:\/\/secure.gravatar.com\/avatar\/7463443f194b6b5fb706b074ca0ef59a0cfcfd720cb47764b0ec5a952ce422b3?s=96&d=mm&r=g\",\"caption\":\"La r\u00e9daction\"},\"sameAs\":[\"https:\/\/stourm.news\"],\"url\":\"https:\/\/stourm.news\/?author=1\"}]}<\/script>\n<!-- \/ Yoast SEO plugin. -->","yoast_head_json":{"title":"Face au coup de force colonialiste, la Kanaky se r\u00e9volte contre l'occupation fran\u00e7aise - STOURM","robots":{"index":"index","follow":"follow","max-snippet":"max-snippet:-1","max-image-preview":"max-image-preview:large","max-video-preview":"max-video-preview:-1"},"canonical":"https:\/\/stourm.news\/?p=1359","og_locale":"fr_FR","og_type":"article","og_title":"Face au coup de force colonialiste, la Kanaky se r\u00e9volte contre l'occupation fran\u00e7aise - STOURM","og_description":"La r\u00e9pression coloniale s&rsquo;abat sur la Kanaky occup\u00e9e par les Fran\u00e7ais. Face aux patriotes canaques mobilis\u00e9s contre le projet de d\u00e9gel du corps \u00e9lectoral au profit de nouveaux colons fran\u00e7ais, le r\u00e9gime de Paris a fait le choix de la violence. r\u00e9volte cette nuit en Nouvelle Cal\u00e9donie &#8211; Kanaky \ud83c\uddf3\ud83c\udde8 routes bloqu\u00e9es, commerces incendi\u00e9s, affrontements [&hellip;]","og_url":"https:\/\/stourm.news\/?p=1359","og_site_name":"STOURM","article_publisher":"https:\/\/www.facebook.com\/stourmnews\/","article_published_time":"2024-05-14T01:14:04+00:00","og_image":[{"width":1368,"height":912,"url":"https:\/\/stourm.news\/wp-content\/uploads\/2024\/05\/34RE6LG.jpg","type":"image\/jpeg"}],"author":"La r\u00e9daction","twitter_card":"summary_large_image","twitter_misc":{"\u00c9crit par":"La r\u00e9daction","Dur\u00e9e de lecture estim\u00e9e":"2 minutes"},"schema":{"@context":"https:\/\/schema.org","@graph":[{"@type":"Article","@id":"https:\/\/stourm.news\/?p=1359#article","isPartOf":{"@id":"https:\/\/stourm.news\/?p=1359"},"author":{"name":"La r\u00e9daction","@id":"https:\/\/stourm.news\/#\/schema\/person\/c3e1dc65988632e190969234ef046cf9"},"headline":"Face au coup de force colonialiste, la Kanaky se r\u00e9volte contre l&rsquo;occupation fran\u00e7aise","datePublished":"2024-05-14T01:14:04+00:00","mainEntityOfPage":{"@id":"https:\/\/stourm.news\/?p=1359"},"wordCount":638,"commentCount":0,"publisher":{"@id":"https:\/\/stourm.news\/#organization"},"image":{"@id":"https:\/\/stourm.news\/?p=1359#primaryimage"},"thumbnailUrl":"https:\/\/stourm.news\/wp-content\/uploads\/2024\/05\/34RE6LG.jpg","articleSection":["Editorial","International","Principale"],"inLanguage":"fr-FR","potentialAction":[{"@type":"CommentAction","name":"Comment","target":["https:\/\/stourm.news\/?p=1359#respond"]}]},{"@type":"WebPage","@id":"https:\/\/stourm.news\/?p=1359","url":"https:\/\/stourm.news\/?p=1359","name":"Face au coup de force colonialiste, la Kanaky se r\u00e9volte contre l'occupation fran\u00e7aise - STOURM","isPartOf":{"@id":"https:\/\/stourm.news\/#website"},"primaryImageOfPage":{"@id":"https:\/\/stourm.news\/?p=1359#primaryimage"},"image":{"@id":"https:\/\/stourm.news\/?p=1359#primaryimage"},"thumbnailUrl":"https:\/\/stourm.news\/wp-content\/uploads\/2024\/05\/34RE6LG.jpg","datePublished":"2024-05-14T01:14:04+00:00","breadcrumb":{"@id":"https:\/\/stourm.news\/?p=1359#breadcrumb"},"inLanguage":"fr-FR","potentialAction":[{"@type":"ReadAction","target":["https:\/\/stourm.news\/?p=1359"]}]},{"@type":"ImageObject","inLanguage":"fr-FR","@id":"https:\/\/stourm.news\/?p=1359#primaryimage","url":"https:\/\/stourm.news\/wp-content\/uploads\/2024\/05\/34RE6LG.jpg","contentUrl":"https:\/\/stourm.news\/wp-content\/uploads\/2024\/05\/34RE6LG.jpg","width":1368,"height":912},{"@type":"BreadcrumbList","@id":"https:\/\/stourm.news\/?p=1359#breadcrumb","itemListElement":[{"@type":"ListItem","position":1,"name":"Accueil","item":"https:\/\/stourm.news\/"},{"@type":"ListItem","position":2,"name":"Face au coup de force colonialiste, la Kanaky se r\u00e9volte contre l&rsquo;occupation fran\u00e7aise"}]},{"@type":"WebSite","@id":"https:\/\/stourm.news\/#website","url":"https:\/\/stourm.news\/","name":"Stourm","description":"Kazetenn Strollad Broadel Breizh","publisher":{"@id":"https:\/\/stourm.news\/#organization"},"potentialAction":[{"@type":"SearchAction","target":{"@type":"EntryPoint","urlTemplate":"https:\/\/stourm.news\/?s={search_term_string}"},"query-input":{"@type":"PropertyValueSpecification","valueRequired":true,"valueName":"search_term_string"}}],"inLanguage":"fr-FR"},{"@type":"Organization","@id":"https:\/\/stourm.news\/#organization","name":"Stourm","url":"https:\/\/stourm.news\/","logo":{"@type":"ImageObject","inLanguage":"fr-FR","@id":"https:\/\/stourm.news\/#\/schema\/logo\/image\/","url":"https:\/\/stourm.news\/wp-content\/uploads\/2025\/11\/cropped-Capture-decran-2025-11-28-a-15.19.07.png","contentUrl":"https:\/\/stourm.news\/wp-content\/uploads\/2025\/11\/cropped-Capture-decran-2025-11-28-a-15.19.07.png","width":1855,"height":383,"caption":"Stourm"},"image":{"@id":"https:\/\/stourm.news\/#\/schema\/logo\/image\/"},"sameAs":["https:\/\/www.facebook.com\/stourmnews\/"]},{"@type":"Person","@id":"https:\/\/stourm.news\/#\/schema\/person\/c3e1dc65988632e190969234ef046cf9","name":"La r\u00e9daction","image":{"@type":"ImageObject","inLanguage":"fr-FR","@id":"https:\/\/stourm.news\/#\/schema\/person\/image\/","url":"https:\/\/secure.gravatar.com\/avatar\/7463443f194b6b5fb706b074ca0ef59a0cfcfd720cb47764b0ec5a952ce422b3?s=96&d=mm&r=g","contentUrl":"https:\/\/secure.gravatar.com\/avatar\/7463443f194b6b5fb706b074ca0ef59a0cfcfd720cb47764b0ec5a952ce422b3?s=96&d=mm&r=g","caption":"La r\u00e9daction"},"sameAs":["https:\/\/stourm.news"],"url":"https:\/\/stourm.news\/?author=1"}]}},"_links":{"self":[{"href":"https:\/\/stourm.news\/index.php?rest_route=\/wp\/v2\/posts\/1359","targetHints":{"allow":["GET"]}}],"collection":[{"href":"https:\/\/stourm.news\/index.php?rest_route=\/wp\/v2\/posts"}],"about":[{"href":"https:\/\/stourm.news\/index.php?rest_route=\/wp\/v2\/types\/post"}],"author":[{"embeddable":true,"href":"https:\/\/stourm.news\/index.php?rest_route=\/wp\/v2\/users\/1"}],"replies":[{"embeddable":true,"href":"https:\/\/stourm.news\/index.php?rest_route=%2Fwp%2Fv2%2Fcomments&post=1359"}],"version-history":[{"count":1,"href":"https:\/\/stourm.news\/index.php?rest_route=\/wp\/v2\/posts\/1359\/revisions"}],"predecessor-version":[{"id":1362,"href":"https:\/\/stourm.news\/index.php?rest_route=\/wp\/v2\/posts\/1359\/revisions\/1362"}],"wp:featuredmedia":[{"embeddable":true,"href":"https:\/\/stourm.news\/index.php?rest_route=\/wp\/v2\/media\/1361"}],"wp:attachment":[{"href":"https:\/\/stourm.news\/index.php?rest_route=%2Fwp%2Fv2%2Fmedia&parent=1359"}],"wp:term":[{"taxonomy":"category","embeddable":true,"href":"https:\/\/stourm.news\/index.php?rest_route=%2Fwp%2Fv2%2Fcategories&post=1359"},{"taxonomy":"post_tag","embeddable":true,"href":"https:\/\/stourm.news\/index.php?rest_route=%2Fwp%2Fv2%2Ftags&post=1359"}],"curies":[{"name":"wp","href":"https:\/\/api.w.org\/{rel}","templated":true}]}}